{"id":181,"date":"2017-05-15T22:00:00","date_gmt":"2017-05-15T20:00:00","guid":{"rendered":"https:\/\/hoyre.no\/baerum\/aktuelt\/undervis-de-unge-til\/"},"modified":"2017-05-15T22:00:00","modified_gmt":"2017-05-15T20:00:00","slug":"undervis-de-unge-til","status":"publish","type":"post","link":"https:\/\/hoyre.no\/baerum\/aktuelt\/undervis-de-unge-til\/","title":{"rendered":"Undervis de unge til jobb!"},"content":{"rendered":"<p class=\"preamble\">Vi trenger tettere samarbeid mellom skole og n\u00e6ringsliv. Blir det undervist i yrkesfag som er etterspurt, kan de unge g\u00e5 rett ut i jobb.<\/p>\t\t\t<div class=\"post-meta wp-block teft-byline-wrapper\">\n\t\t\t\t<div class=\"top\">\n\t\t\t\t\t<div class=\"signature\">\n\t\t\t\t\t\t<div class=\"teft-byline\">\n\t\t\t\t\t\t\t\t\t\t\t\t\t\t<div>\n\t\t\t\t\t\t\t\t<h3>H\u00f8yres redaksjon<\/h3>\t\t\t\t\t\t\t\t\n\t\t\t\t\t\t\t\t\t\t\t\t\t\t\t\t\t<span class=\"date\">Sist oppdatert: 15. mai 2017<\/span>\n\t\t\t\t\t\t\t\t\t\t\t\t\t\t\t\t\t\t\t\t\t\t\t\t\t<span class=\"reading-time\" itemprop=\"timeRequired\" content=\"PT2M\"><em>Ca. 2 minutter lesetid<\/em><\/span>\n\t\t\t\t\t\t\t\t\t\t\t\t\t\t\t<\/div>\n\t\t\t\t\t\t<\/div>\n\t\t\t\t\t<\/div>\n\t\t\t\t\t\t<div class=\"sharing\">\n\t\t<a class=\"share-button share-link copy-link\" data-copy=\"https:\/\/hoyre.no\/baerum\/aktuelt\/undervis-de-unge-til\/\" target=\"_blank\"><span class=\"screen-reader-text\">Del link<\/span><\/a>\n\t\t<a class=\"share-button share-twitter\" href=\"http:\/\/twitter.com\/share?text=Undervis de unge til jobb!&#038;url=https:\/\/hoyre.no\/baerum\/aktuelt\/undervis-de-unge-til\/&#038;hashtags=Hoyre\" target=\"_blank\"><span class=\"screen-reader-text\">Del p\u00e5 twitter<\/span><\/a>\n\t\t<a class=\"share-button share-facebook\" href=\"https:\/\/www.facebook.com\/sharer\/sharer.php?u=https:\/\/hoyre.no\/baerum\/aktuelt\/undervis-de-unge-til\/\" target=\"_blank\"><span class=\"screen-reader-text\">Del p\u00e5 facebook<\/span><\/a>\n\t<\/div>\n\t\t\t\t\t<\/div>\n\t\t\t<\/div>\n\n\t\t\t<figure class=\"hoyre-image-wrapper\"><div class=\"hoyre-image\"><img loading=\"lazy\" decoding=\"async\" width=\"790\" height=\"526\" src=\"https:\/\/hoyre.no\/content\/uploads\/sites\/200\/2020\/11\/bente-15x10-2.jpg\" class=\"attachment-scaled size-scaled\" alt=\"\" style=\"object-position: 50% 50%\" srcset=\"https:\/\/hoyre.no\/content\/uploads\/sites\/200\/2020\/11\/bente-15x10-2.jpg 790w, https:\/\/hoyre.no\/content\/uploads\/sites\/200\/2020\/11\/bente-15x10-2-300x200.jpg 300w, https:\/\/hoyre.no\/content\/uploads\/sites\/200\/2020\/11\/bente-15x10-2-768x511.jpg 768w\" sizes=\"auto, (max-width: 790px) 100vw, 790px\" \/><\/div><\/figure><div id=\"hoyre-old-article-content-wrapper\"><p> Hvert \u00e5r starter 30 000 elever p\u00e5 en yrkesutdanning. Noen velger yrkesutdanninger som ikke lenger er etterspurt i arbeidslivet, og mange fullf\u00f8rer ikke fordi de ikke f\u00e5r en l\u00e6rlingeplass. Regjeringen vil fornye yrkesfagene og tilby elevene l\u00e6refag og kompetanse som n\u00e6ringslivet trenger. Nylig ble et forslag sendt p\u00e5 h\u00f8ring. Dette blir den st\u00f8rste endringen i yrkesfagutdanningen siden Kunnskapsl\u00f8ftet i 2006. <\/p><p><b>En t\u00f8mrer trenger t\u00f8mrerfag<\/b><\/p><p>I dagens yrkesfagutdanning kommer elevene for sent i gang med det praktiske faget. Elever som har valgt yrkesfag bruker mye tid p\u00e5 fag som ikke oppleves som relevante. Mange har ikke nok praktisk trening f\u00f8r de skal ut i l\u00e6rebedrift. Regjeringen \u00f8nsker en opprydding i yrkesfagene. Elevene skal f\u00e5 fordype seg tidligere i det praktiske yrkesfaget. Hvis man har valgt \u00e5 bli t\u00f8mrer, skal en f\u00e5 mer av t\u00f8mrerfaget og mindre av andre ting. Det vil f\u00f8re til mer motiverende oppl\u00e6ring og kanskje ogs\u00e5 bidra til at flere fullf\u00f8rer utdanningsl\u00f8pet.<\/p><p>NHO i Oslo og Akershus arrangerte sist uke,\u00ab G\u00e5 for n\u00e6ringslivet i Oslo og Akershus\u00bb. Politikere og n\u00e6ringslivsfolk tok morgenkaffen sammen p\u00e5 en rusletur i Frognerparken. Kontakter ble opprettet og ideer ble utvekslet. En av anbefalingene var en tettere kontakt mellom utdanning og arbeidsliv.<\/p><p><b>Spesialisering fra starten<\/b><\/p><p>Opprydding i yrkesfagutdanningen er et resultat av en tettere kontakt mellom utdanning og arbeidsliv. Regjeringen f\u00f8lger opp anbefalinger som er kommet fra partene i arbeidslivet. Et av tiltakene er \u00e5 fornye yrkesfagene og legge ned l\u00e6refag som ikke f\u00f8rer til jobb. Yrkesfagutdanninger som tilbys, m\u00e5 v\u00e6re etterspurt i arbeidslivet og elevene m\u00e5 f\u00e5 tilbud om l\u00e6rlingeplass. Derfor l\u00f8ftes tradisjonsh\u00e5ndverk og handel frem som to nye utdanningsprogram. Tradisjonsh\u00e5ndverksfag som gullsmed, skomaker, treskj\u00e6rer samles i et utdanningsprogram hvor elevene kommer i gang med spesialisering helt fra starten av.  Handel blir et nytt utdanningsprogram som skal tilpasses bransjens behov hvor matvarekjedene vil bli invitert til \u00e5 v\u00e6re med p\u00e5 samarbeid.<\/p><p>Tett kontakt mellom utdanning og arbeidsliv vil motivere flere til \u00e5 velge de yrkesfagene som er etterspurt. Bedrifter og bransjer vil se viktigheten av \u00e5 samarbeide og stille opp med praksisplasser og l\u00e6rlingeplasser. Det vil gi tilgang til kvalifisert arbeidskraft som bedriftene trenger. Det blir en vinn-vinn-situasjon for alle parter.<\/p><p>Jeg tror flere unge vil f\u00e5 \u00f8ynene opp og velge en yrkesfaglig utdanning. I en tid med mye usikkerhet i arbeidsmarkedet er ettersp\u00f8rsel viktigere enn noen gang. <\/p><p><b>Bente Stein Mathisen, H\u00f8yre<\/b><\/p><p><b>Stortingsrepresentant Akershus<\/b><\/p><p><b>Arbeids- og sosialkomiteen<\/b><\/p><p>Innspillet var f\u00f8rst publisert i Budstikka 16. mai 2017 <\/p><\/div>\n<div class=\"tags\">\n\t<\/div>\n<div class=\"post-footer alignfull has-background block-editor-block-list__block\" data-align=full>\n\t<div class=\"post-footer-inner\">\n\t\t<h3>Relaterte artikler<\/h3>\n\t\t<div class=\"related-content\"><div class=\"is-card-hoyre\">\n\t<div class=\"teft-card hoyre-teft-card post-teft-card\">\n\t\t<a href=\"https:\/\/hoyre.no\/baerum\/aktuelt\/nominasjon-i-baerum-hoyre-3\/\" class=\"teft-card__primary-action\">\n\n\t\t\t\t\t<div class=\"teft-card__media teft-card__media--16-9\">\n\t\t\t\t\t\t<img loading=\"lazy\" decoding=\"async\" width=\"768\" height=\"512\" src=\"https:\/\/hoyre.no\/content\/uploads\/sites\/200\/2025\/11\/Trine-Lise-Foto-CF-Wesenberg-red-768x512.jpg\" class=\"attachment-medium_large size-medium_large\" alt=\"\" srcset=\"https:\/\/hoyre.no\/content\/uploads\/sites\/200\/2025\/11\/Trine-Lise-Foto-CF-Wesenberg-red-768x512.jpg 768w, https:\/\/hoyre.no\/content\/uploads\/sites\/200\/2025\/11\/Trine-Lise-Foto-CF-Wesenberg-red-300x200.jpg 300w, https:\/\/hoyre.no\/content\/uploads\/sites\/200\/2025\/11\/Trine-Lise-Foto-CF-Wesenberg-red-1024x683.jpg 1024w, https:\/\/hoyre.no\/content\/uploads\/sites\/200\/2025\/11\/Trine-Lise-Foto-CF-Wesenberg-red.jpg 1200w\" sizes=\"auto, (max-width: 768px) 100vw, 768px\" \/>\t\t<\/div>\n\t\t\n\t\t\t<div class=\"teft-card__content-wrapper\">\n\t\t\t\t<div class=\"teft-card__secondary\">\n\t\t\t\t\t\n\t\t\t\t\t\t\t\t<div class=\"teft-card__meta\">\n\t\t\t\t\t\t\t\t\t<span class=\"post-date\">9. apr 2026<\/span>\n\n\t\t\t\t\t\t\t\t\t<span class=\"post-category\">Nyheter<\/span>\t\t\t\t\t\t\t\t<\/div>\n\t\t\t\t\t\t\t\t\t\t\t<\/div>\n\n\t\t\t\t<div class=\"teft-card__primary\">\n\t\t\t\t\t<h2 class=\"teft-card__title\">Nominasjon i B\u00e6rum H\u00f8yre&nbsp;<span class=\"teft-card__primary-title-append\"><\/span><\/h2>\t\t\t\t<\/div>\n\t\t\t<\/div>\n\t\t<\/a>\n\t<\/div>\n\n\t<\/div><div class=\"is-card-hoyre\">\n\t<div class=\"teft-card hoyre-teft-card post-teft-card\">\n\t\t<a href=\"https:\/\/hoyre.no\/baerum\/aktuelt\/dagtilbudet-skal-vaere-trygt-godt-og-meningsfullt\/\" class=\"teft-card__primary-action\">\n\n\t\t\t\t\t<div class=\"teft-card__media teft-card__media--16-9\">\n\t\t\t\t\t\t<img loading=\"lazy\" decoding=\"async\" width=\"768\" height=\"511\" src=\"https:\/\/hoyre.no\/content\/uploads\/sites\/200\/2025\/12\/Wenche-Steen-og-Haakon-Sandven-768x511.jpg\" class=\"attachment-medium_large size-medium_large\" alt=\"\" srcset=\"https:\/\/hoyre.no\/content\/uploads\/sites\/200\/2025\/12\/Wenche-Steen-og-Haakon-Sandven-768x511.jpg 768w, https:\/\/hoyre.no\/content\/uploads\/sites\/200\/2025\/12\/Wenche-Steen-og-Haakon-Sandven-300x200.jpg 300w, https:\/\/hoyre.no\/content\/uploads\/sites\/200\/2025\/12\/Wenche-Steen-og-Haakon-Sandven.jpg 944w\" sizes=\"auto, (max-width: 768px) 100vw, 768px\" \/>\t\t<\/div>\n\t\t\n\t\t\t<div class=\"teft-card__content-wrapper\">\n\t\t\t\t<div class=\"teft-card__secondary\">\n\t\t\t\t\t\n\t\t\t\t\t\t\t\t<div class=\"teft-card__meta\">\n\t\t\t\t\t\t\t\t\t<span class=\"post-date\">25. apr 2026<\/span>\n\n\t\t\t\t\t\t\t\t\t<span class=\"post-category\">Nyheter<\/span>\t\t\t\t\t\t\t\t<\/div>\n\t\t\t\t\t\t\t\t\t\t\t<\/div>\n\n\t\t\t\t<div class=\"teft-card__primary\">\n\t\t\t\t\t<h2 class=\"teft-card__title\">Dagtilbudet skal v\u00e6re trygt, godt og meningsfullt&nbsp;<span class=\"teft-card__primary-title-append\"><\/span><\/h2>\t\t\t\t<\/div>\n\t\t\t<\/div>\n\t\t<\/a>\n\t<\/div>\n\n\t<\/div><div class=\"is-card-hoyre\">\n\t<div class=\"teft-card hoyre-teft-card post-teft-card\">\n\t\t<a href=\"https:\/\/hoyre.no\/baerum\/aktuelt\/mer-idrettsglede-til-barn-og-unge\/\" class=\"teft-card__primary-action\">\n\n\t\t\t\t\t<div class=\"teft-card__media teft-card__media--16-9\">\n\t\t\t\t\t\t<img loading=\"lazy\" decoding=\"async\" width=\"768\" height=\"1024\" src=\"https:\/\/hoyre.no\/content\/uploads\/sites\/200\/2026\/04\/Trine-Lise-Ostlund-Blime-idrett-privat-768x1024.jpg\" class=\"attachment-medium_large size-medium_large\" alt=\"\" srcset=\"https:\/\/hoyre.no\/content\/uploads\/sites\/200\/2026\/04\/Trine-Lise-Ostlund-Blime-idrett-privat-768x1024.jpg 768w, https:\/\/hoyre.no\/content\/uploads\/sites\/200\/2026\/04\/Trine-Lise-Ostlund-Blime-idrett-privat-225x300.jpg 225w, https:\/\/hoyre.no\/content\/uploads\/sites\/200\/2026\/04\/Trine-Lise-Ostlund-Blime-idrett-privat.jpg 900w\" sizes=\"auto, (max-width: 768px) 100vw, 768px\" \/>\t\t<\/div>\n\t\t\n\t\t\t<div class=\"teft-card__content-wrapper\">\n\t\t\t\t<div class=\"teft-card__secondary\">\n\t\t\t\t\t\n\t\t\t\t\t\t\t\t<div class=\"teft-card__meta\">\n\t\t\t\t\t\t\t\t\t<span class=\"post-date\">20. apr 2026<\/span>\n\n\t\t\t\t\t\t\t\t\t<span class=\"post-category\">Nyheter<\/span>\t\t\t\t\t\t\t\t<\/div>\n\t\t\t\t\t\t\t\t\t\t\t<\/div>\n\n\t\t\t\t<div class=\"teft-card__primary\">\n\t\t\t\t\t<h2 class=\"teft-card__title\">Mer idrettsglede til barn og unge&nbsp;<span class=\"teft-card__primary-title-append\"><\/span><\/h2>\t\t\t\t<\/div>\n\t\t\t<\/div>\n\t\t<\/a>\n\t<\/div>\n\n\t<\/div><\/div>\t<\/div>\n<\/div>\n","protected":false},"excerpt":{"rendered":"","protected":false},"author":0,"featured_media":0,"comment_status":"closed","ping_status":"closed","sticky":false,"template":"","format":"standard","meta":{"teft_cards_image_url":"https:\/\/hoyre.no\/content\/uploads\/sites\/200\/2020\/11\/bente-15x10-2.jpg","teft_cards_custom_pretitle":"","teft_cards_image_id":180,"teft_cards_image_focal_point_x":0,"teft_cards_image_focal_point_y":0,"teft_cards_title":"","teft_cards_excerpt":"","teft_show_chapters":false,"author_display_name":"Bente Stein Mathisen, stortingsrepresentant, medlem av Arbeids- og sosialkomiteen","footnotes":""},"category":[1],"post_tag":[],"hoyre-visibility":[],"article-type":[],"politician":[],"class_list":["post-181","post","type-post","status-publish","format-standard","hentry","category-ukategorisert"],"yoast_head":"<!-- This site is optimized with the Yoast SEO plugin v26.6 - https:\/\/yoast.com\/wordpress\/plugins\/seo\/ -->\n<title>Undervis de unge til jobb! - B\u00e6rum H\u00f8yre<\/title>\n<meta name=\"robots\" content=\"index, follow, max-snippet:-1, max-image-preview:large, max-video-preview:-1\" \/>\n<link rel=\"canonical\" href=\"https:\/\/hoyre.no\/baerum\/aktuelt\/undervis-de-unge-til\/\" \/>\n<meta property=\"og:locale\" content=\"nb_NO\" \/>\n<meta property=\"og:type\" content=\"article\" \/>\n<meta property=\"og:title\" content=\"Undervis de unge til jobb! - B\u00e6rum H\u00f8yre\" \/>\n<meta property=\"og:url\" content=\"https:\/\/hoyre.no\/baerum\/aktuelt\/undervis-de-unge-til\/\" \/>\n<meta property=\"og:site_name\" content=\"B\u00e6rum H\u00f8yre\" \/>\n<meta property=\"article:published_time\" content=\"2017-05-15T20:00:00+00:00\" \/>\n<meta property=\"og:image\" content=\"https:\/\/hoyre.no\/content\/uploads\/sites\/200\/2026\/04\/Trine-Lise-Ostlund-Blime-priv-red.jpg\" \/>\n<meta name=\"twitter:card\" content=\"summary_large_image\" \/>\n<meta name=\"twitter:label1\" content=\"Ansl. lesetid\" \/>\n\t<meta name=\"twitter:data1\" content=\"2 minutter\" \/>\n<script type=\"application\/ld+json\" class=\"yoast-schema-graph\">{\"@context\":\"https:\/\/schema.org\",\"@graph\":[{\"@type\":\"NewsArticle\",\"@id\":\"https:\/\/hoyre.no\/baerum\/aktuelt\/undervis-de-unge-til\/\",\"url\":\"https:\/\/hoyre.no\/baerum\/aktuelt\/undervis-de-unge-til\/\",\"name\":\"Undervis de unge til jobb! - B\u00e6rum H\u00f8yre\",\"isPartOf\":{\"@id\":\"https:\/\/hoyre.no\/baerum\/#website\"},\"datePublished\":\"2017-05-15T20:00:00+00:00\",\"author\":{\"@id\":\"\"},\"breadcrumb\":{\"@id\":\"https:\/\/hoyre.no\/baerum\/aktuelt\/undervis-de-unge-til\/#breadcrumb\"},\"inLanguage\":\"nb-NO\",\"potentialAction\":[{\"@type\":\"ReadAction\",\"target\":[\"https:\/\/hoyre.no\/baerum\/aktuelt\/undervis-de-unge-til\/\"]}]},{\"@type\":\"BreadcrumbList\",\"@id\":\"https:\/\/hoyre.no\/baerum\/aktuelt\/undervis-de-unge-til\/#breadcrumb\",\"itemListElement\":[{\"@type\":\"ListItem\",\"position\":1,\"name\":\"Til hoyre.no\",\"item\":\"https:\/\/hoyre.no\"},{\"@type\":\"ListItem\",\"position\":2,\"name\":\"Hjem\",\"item\":\"https:\/\/hoyre.no\/baerum\/\"},{\"@type\":\"ListItem\",\"position\":3,\"name\":\"Undervis de unge til jobb!\"}]},{\"@type\":\"WebSite\",\"@id\":\"https:\/\/hoyre.no\/baerum\/#website\",\"url\":\"https:\/\/hoyre.no\/baerum\/\",\"name\":\"B\u00e6rum H\u00f8yre\",\"description\":\"Bare enda et H\u00f8yres nettsteder-nettsted\",\"inLanguage\":\"nb-NO\"}]}<\/script>\n<!-- \/ Yoast SEO plugin. -->","yoast_head_json":{"title":"Undervis de unge til jobb! - B\u00e6rum H\u00f8yre","robots":{"index":"index","follow":"follow","max-snippet":"max-snippet:-1","max-image-preview":"max-image-preview:large","max-video-preview":"max-video-preview:-1"},"canonical":"https:\/\/hoyre.no\/baerum\/aktuelt\/undervis-de-unge-til\/","og_locale":"nb_NO","og_type":"article","og_title":"Undervis de unge til jobb! - B\u00e6rum H\u00f8yre","og_url":"https:\/\/hoyre.no\/baerum\/aktuelt\/undervis-de-unge-til\/","og_site_name":"B\u00e6rum H\u00f8yre","article_published_time":"2017-05-15T20:00:00+00:00","og_image":[{"url":"https:\/\/hoyre.no\/content\/uploads\/sites\/200\/2026\/04\/Trine-Lise-Ostlund-Blime-priv-red.jpg","width":"","height":"","type":""}],"twitter_card":"summary_large_image","twitter_misc":{"Ansl. lesetid":"2 minutter"},"schema":{"@context":"https:\/\/schema.org","@graph":[{"@type":"NewsArticle","@id":"https:\/\/hoyre.no\/baerum\/aktuelt\/undervis-de-unge-til\/","url":"https:\/\/hoyre.no\/baerum\/aktuelt\/undervis-de-unge-til\/","name":"Undervis de unge til jobb! - B\u00e6rum H\u00f8yre","isPartOf":{"@id":"https:\/\/hoyre.no\/baerum\/#website"},"datePublished":"2017-05-15T20:00:00+00:00","author":{"@id":""},"breadcrumb":{"@id":"https:\/\/hoyre.no\/baerum\/aktuelt\/undervis-de-unge-til\/#breadcrumb"},"inLanguage":"nb-NO","potentialAction":[{"@type":"ReadAction","target":["https:\/\/hoyre.no\/baerum\/aktuelt\/undervis-de-unge-til\/"]}]},{"@type":"BreadcrumbList","@id":"https:\/\/hoyre.no\/baerum\/aktuelt\/undervis-de-unge-til\/#breadcrumb","itemListElement":[{"@type":"ListItem","position":1,"name":"Til hoyre.no","item":"https:\/\/hoyre.no"},{"@type":"ListItem","position":2,"name":"Hjem","item":"https:\/\/hoyre.no\/baerum\/"},{"@type":"ListItem","position":3,"name":"Undervis de unge til jobb!"}]},{"@type":"WebSite","@id":"https:\/\/hoyre.no\/baerum\/#website","url":"https:\/\/hoyre.no\/baerum\/","name":"B\u00e6rum H\u00f8yre","description":"Bare enda et H\u00f8yres nettsteder-nettsted","inLanguage":"nb-NO"}]}},"distributor_meta":false,"distributor_terms":false,"distributor_media":false,"distributor_original_site_name":"B\u00e6rum H\u00f8yre","distributor_original_site_url":"https:\/\/hoyre.no\/baerum","push-errors":false,"_links":{"self":[{"href":"https:\/\/hoyre.no\/baerum\/wp-json\/wp\/v2\/posts\/181","targetHints":{"allow":["GET"]}}],"collection":[{"href":"https:\/\/hoyre.no\/baerum\/wp-json\/wp\/v2\/posts"}],"about":[{"href":"https:\/\/hoyre.no\/baerum\/wp-json\/wp\/v2\/types\/post"}],"replies":[{"embeddable":true,"href":"https:\/\/hoyre.no\/baerum\/wp-json\/wp\/v2\/comments?post=181"}],"version-history":[{"count":0,"href":"https:\/\/hoyre.no\/baerum\/wp-json\/wp\/v2\/posts\/181\/revisions"}],"wp:attachment":[{"href":"https:\/\/hoyre.no\/baerum\/wp-json\/wp\/v2\/media?parent=181"}],"wp:term":[{"taxonomy":"category","embeddable":true,"href":"https:\/\/hoyre.no\/baerum\/wp-json\/wp\/v2\/category?post=181"},{"taxonomy":"post_tag","embeddable":true,"href":"https:\/\/hoyre.no\/baerum\/wp-json\/wp\/v2\/post_tag?post=181"},{"taxonomy":"hoyre-visibility","embeddable":true,"href":"https:\/\/hoyre.no\/baerum\/wp-json\/wp\/v2\/hoyre-visibility?post=181"},{"taxonomy":"article-type","embeddable":true,"href":"https:\/\/hoyre.no\/baerum\/wp-json\/wp\/v2\/article-type?post=181"},{"taxonomy":"politician","embeddable":true,"href":"https:\/\/hoyre.no\/baerum\/wp-json\/wp\/v2\/politician?post=181"}],"curies":[{"name":"wp","href":"https:\/\/api.w.org\/{rel}","templated":true}]}}