{"id":189,"date":"2017-04-26T22:00:00","date_gmt":"2017-04-26T20:00:00","guid":{"rendered":"https:\/\/hoyre.no\/baerum\/aktuelt\/vi-trenger-en-nasjon\/"},"modified":"2017-04-26T22:00:00","modified_gmt":"2017-04-26T20:00:00","slug":"vi-trenger-en-nasjon","status":"publish","type":"post","link":"https:\/\/hoyre.no\/baerum\/aktuelt\/vi-trenger-en-nasjon\/","title":{"rendered":"Vi trenger en nasjonal dugnad mot sexovergrep"},"content":{"rendered":"<p class=\"preamble\">Ungdataunders\u00f8kelsen har avdekket at 11 prosent av jentene i B\u00e6rum og 13 prosent av jentene i Asker har blitt presset til seksuelle handlinger mot sin vilje!Unders\u00f8kelsen viser ogs\u00e5 at en fjerdedel av jentene rapporterer at de mot sin vilje har blitt bef\u00f8lt p\u00e5 en seksuell m\u00e5te det siste \u00e5ret. Dette er ikke greit! Her m\u00e5 vi har en skikkelig dugnad for \u00e5 f\u00e5 bukt med denne alvorlige situasjonen.<\/p>\t\t\t<div class=\"post-meta wp-block teft-byline-wrapper\">\n\t\t\t\t<div class=\"top\">\n\t\t\t\t\t<div class=\"signature\">\n\t\t\t\t\t\t<div class=\"teft-byline\">\n\t\t\t\t\t\t\t\t\t\t\t\t\t\t<div>\n\t\t\t\t\t\t\t\t<h3>H\u00f8yres redaksjon<\/h3>\t\t\t\t\t\t\t\t\n\t\t\t\t\t\t\t\t\t\t\t\t\t\t\t\t\t<span class=\"date\">Sist oppdatert: 26. april 2017<\/span>\n\t\t\t\t\t\t\t\t\t\t\t\t\t\t\t\t\t\t\t\t\t\t\t\t\t<span class=\"reading-time\" itemprop=\"timeRequired\" content=\"PT4M\"><em>Ca. 4 minutter lesetid<\/em><\/span>\n\t\t\t\t\t\t\t\t\t\t\t\t\t\t\t<\/div>\n\t\t\t\t\t\t<\/div>\n\t\t\t\t\t<\/div>\n\t\t\t\t\t\t<div class=\"sharing\">\n\t\t<a class=\"share-button share-link copy-link\" data-copy=\"https:\/\/hoyre.no\/baerum\/aktuelt\/vi-trenger-en-nasjon\/\" target=\"_blank\"><span class=\"screen-reader-text\">Del link<\/span><\/a>\n\t\t<a class=\"share-button share-twitter\" href=\"http:\/\/twitter.com\/share?text=Vi trenger en nasjonal dugnad mot sexovergrep&#038;url=https:\/\/hoyre.no\/baerum\/aktuelt\/vi-trenger-en-nasjon\/&#038;hashtags=Hoyre\" target=\"_blank\"><span class=\"screen-reader-text\">Del p\u00e5 twitter<\/span><\/a>\n\t\t<a class=\"share-button share-facebook\" href=\"https:\/\/www.facebook.com\/sharer\/sharer.php?u=https:\/\/hoyre.no\/baerum\/aktuelt\/vi-trenger-en-nasjon\/\" target=\"_blank\"><span class=\"screen-reader-text\">Del p\u00e5 facebook<\/span><\/a>\n\t<\/div>\n\t\t\t\t\t<\/div>\n\t\t\t<\/div>\n\n\t\t\t<figure class=\"hoyre-image-wrapper\"><div class=\"hoyre-image\"><img loading=\"lazy\" decoding=\"async\" width=\"853\" height=\"600\" src=\"https:\/\/hoyre.no\/content\/uploads\/sites\/200\/2020\/11\/sexovergrep-dugnad-w.jpg\" class=\"attachment-scaled size-scaled\" alt=\"\" style=\"object-position: 50% 50%\" srcset=\"https:\/\/hoyre.no\/content\/uploads\/sites\/200\/2020\/11\/sexovergrep-dugnad-w.jpg 853w, https:\/\/hoyre.no\/content\/uploads\/sites\/200\/2020\/11\/sexovergrep-dugnad-w-300x211.jpg 300w, https:\/\/hoyre.no\/content\/uploads\/sites\/200\/2020\/11\/sexovergrep-dugnad-w-768x540.jpg 768w\" sizes=\"auto, (max-width: 853px) 100vw, 853px\" \/><\/div><\/figure><div id=\"hoyre-old-article-content-wrapper\"><p> Barn som utsettes for vold, overgrep eller omsorgssvikt, er blant de mest s\u00e5rbare i v\u00e5rt samfunn. Jeg tok derfor opp dette temaet i Hovedutvalg for barn og unge tidligere i \u00e5r. Det har resultert i et meget grundig og utfyllende notat utarbeidet av administrasjonen. Det gir nemlig et godt innblikk i alt det gode arbeidet som allerede gj\u00f8res.<\/p><p>Flere av barnehagene i B\u00e6rum bruker UNICEF Norge sine rettighetskort med bilder som omhandler barns menneskerettigheter, samt et ressurshefte med informasjon, tips og r\u00e5d for de voksne. P\u00e5 et av kortene st\u00e5r det for eksempel \u00aballe barn har rett til \u00e5 bestemme over sin egen kropp\u00bb. <\/p><p>I b\u00e6rumsskolen gis det spesiell oppmerksomhet til digital dannelse for \u00e5 motarbeide og forhindre seksuelle krenkelser og overgrep p\u00e5 nett. Politiet har ved flere anledninger blitt invitert med for \u00e5 understreke alvor og ansvar.<\/p><p>Det har blitt utviklet en digital ressursperm for Psykisk helse i b\u00e6rumsskolen som inneholder informasjon rettet mot l\u00e6rere og andre ansatte om hva man skal se etter og hva man skal gj\u00f8re ved bekymring om blant annet seksuelle overgrep.<\/p><p>Det siste \u00e5ret har det blitt jobbet mye med kompetansehevning blant helses\u00f8strene. Det har dreid seg om vold og seksuelle overgrep. Her har helses\u00f8strene i tjenesten blitt kurset og begynt \u00e5 implementere forebyggende tiltak.<\/p><p>For \u00e5 m\u00f8te dagens utfordringsbilde, og s\u00f8rge for et mest mulig likt tilbud til ungdom p\u00e5 skolene skal undervisningstilbudet oppdateres og kvalitetssikres. Det trekkes frem at undervisning om kropp blant annet b\u00f8r inkludere grensesetting, holdninger og adferd. <\/p><p>Et annet godt initiativ er at alle ungdomsskoleelever bes\u00f8ker helsestasjon for ungdom. Form\u00e5let er at de f\u00e5r informasjon om tilbudet og gj\u00f8re det enklere \u00e5 ta kontakt n\u00e5r de trenger det. Samtalen med ungdommene kan blant annet dreie seg om: hvordan forhindre vonde seksuelle erfaringer og hva er overgrep og voldtekt. Det tilbys ogs\u00e5 informasjon til russen hvert \u00e5r som omhandler ivaretagelse av egen seksuell helse og det \u00e5 forebygge overgrep.<\/p><p>Jeg vil ogs\u00e5 trekke frem den utrolig viktig jobben SLT (Samordning av Lokale kriminalitetsforebyggende Tiltak)-teamet st\u00e5r for. To av innsatsomr\u00e5dene deres for 2017 er \u00abUngdom, seksualitet og grenser\u00bb og \u00abBarn og unge som opplever vold i n\u00e6re relasjoner\u00bb.<\/p><p>Men selv med alle disse gode tiltakene forekommer det overgrep, og et overgrep er et for mye. Ingen barn skal m\u00e5tte oppleve misbruk. Jeg er derfor glad for at vi i H\u00f8yre og i BAUN jobber aktivit med dette. Jeg vil ogs\u00e5 komme med en oppfordring til alle foreldre, og spesielt til alle guttemammaer og guttepappaer \u2013 snakk med guttene deres om holdninger. Sett klarer forventninger til hvordan dere \u00f8nsker at de oppf\u00f8rer seg. Skal vi f\u00e5 bukt med denne alvorlige situasjonen m\u00e5 vi jobbe med problemstillingen p\u00e5 flere arenaer. <\/p><p>Vi i H\u00f8yre skal gj\u00f8re det vi kan for at arbeidet med \u00e5 bekjempe overgrep mot barn blir ytligere styrket. Vi g\u00e5r blant annet til valg p\u00e5 at vi skal ha et enda tettere samarbeid mellom kommunene og politiet s\u00e6rlig innen forebygging, gjennom forpliktende SLT-samarbeid og politir\u00e5dsarbeid, og en fast politikontakt i alle kommuner. <\/p><p>For oss i H\u00f8yre er det viktig at vi fortsetter det god arbeidet, og at vi ogs\u00e5 i neste periode vil forsterke arbeidet for \u00e5 sikre at alle barn og unge f\u00e5r en god oppvekst.<\/p><p><\/p><p>Hilde Hvaal Durban<\/p><p>Kommunestyremedlem for H\u00f8yre og medlem av Hovedutvalg barn og unge<\/p><p>Stortingskandidat for Akershus H\u00f8yre <\/p><p><\/p><p><br \/><\/p><\/div>\n<div class=\"tags\">\n\t<\/div>\n<div class=\"post-footer alignfull has-background block-editor-block-list__block\" data-align=full>\n\t<div class=\"post-footer-inner\">\n\t\t<h3>Relaterte artikler<\/h3>\n\t\t<div class=\"related-content\"><div class=\"is-card-hoyre\">\n\t<div class=\"teft-card hoyre-teft-card post-teft-card\">\n\t\t<a href=\"https:\/\/hoyre.no\/baerum\/aktuelt\/nominasjon-i-baerum-hoyre-3\/\" class=\"teft-card__primary-action\">\n\n\t\t\t\t\t<div class=\"teft-card__media teft-card__media--16-9\">\n\t\t\t\t\t\t<img loading=\"lazy\" decoding=\"async\" width=\"768\" height=\"512\" src=\"https:\/\/hoyre.no\/content\/uploads\/sites\/200\/2025\/11\/Trine-Lise-Foto-CF-Wesenberg-red-768x512.jpg\" class=\"attachment-medium_large size-medium_large\" alt=\"\" srcset=\"https:\/\/hoyre.no\/content\/uploads\/sites\/200\/2025\/11\/Trine-Lise-Foto-CF-Wesenberg-red-768x512.jpg 768w, https:\/\/hoyre.no\/content\/uploads\/sites\/200\/2025\/11\/Trine-Lise-Foto-CF-Wesenberg-red-300x200.jpg 300w, https:\/\/hoyre.no\/content\/uploads\/sites\/200\/2025\/11\/Trine-Lise-Foto-CF-Wesenberg-red-1024x683.jpg 1024w, https:\/\/hoyre.no\/content\/uploads\/sites\/200\/2025\/11\/Trine-Lise-Foto-CF-Wesenberg-red.jpg 1200w\" sizes=\"auto, (max-width: 768px) 100vw, 768px\" \/>\t\t<\/div>\n\t\t\n\t\t\t<div class=\"teft-card__content-wrapper\">\n\t\t\t\t<div class=\"teft-card__secondary\">\n\t\t\t\t\t\n\t\t\t\t\t\t\t\t<div class=\"teft-card__meta\">\n\t\t\t\t\t\t\t\t\t<span class=\"post-date\">9. apr 2026<\/span>\n\n\t\t\t\t\t\t\t\t\t<span class=\"post-category\">Nyheter<\/span>\t\t\t\t\t\t\t\t<\/div>\n\t\t\t\t\t\t\t\t\t\t\t<\/div>\n\n\t\t\t\t<div class=\"teft-card__primary\">\n\t\t\t\t\t<h2 class=\"teft-card__title\">Nominasjon i B\u00e6rum H\u00f8yre&nbsp;<span class=\"teft-card__primary-title-append\"><\/span><\/h2>\t\t\t\t<\/div>\n\t\t\t<\/div>\n\t\t<\/a>\n\t<\/div>\n\n\t<\/div><div class=\"is-card-hoyre\">\n\t<div class=\"teft-card hoyre-teft-card post-teft-card\">\n\t\t<a href=\"https:\/\/hoyre.no\/baerum\/aktuelt\/dagtilbudet-skal-vaere-trygt-godt-og-meningsfullt\/\" class=\"teft-card__primary-action\">\n\n\t\t\t\t\t<div class=\"teft-card__media teft-card__media--16-9\">\n\t\t\t\t\t\t<img loading=\"lazy\" decoding=\"async\" width=\"768\" height=\"511\" src=\"https:\/\/hoyre.no\/content\/uploads\/sites\/200\/2025\/12\/Wenche-Steen-og-Haakon-Sandven-768x511.jpg\" class=\"attachment-medium_large size-medium_large\" alt=\"\" srcset=\"https:\/\/hoyre.no\/content\/uploads\/sites\/200\/2025\/12\/Wenche-Steen-og-Haakon-Sandven-768x511.jpg 768w, https:\/\/hoyre.no\/content\/uploads\/sites\/200\/2025\/12\/Wenche-Steen-og-Haakon-Sandven-300x200.jpg 300w, https:\/\/hoyre.no\/content\/uploads\/sites\/200\/2025\/12\/Wenche-Steen-og-Haakon-Sandven.jpg 944w\" sizes=\"auto, (max-width: 768px) 100vw, 768px\" \/>\t\t<\/div>\n\t\t\n\t\t\t<div class=\"teft-card__content-wrapper\">\n\t\t\t\t<div class=\"teft-card__secondary\">\n\t\t\t\t\t\n\t\t\t\t\t\t\t\t<div class=\"teft-card__meta\">\n\t\t\t\t\t\t\t\t\t<span class=\"post-date\">25. apr 2026<\/span>\n\n\t\t\t\t\t\t\t\t\t<span class=\"post-category\">Nyheter<\/span>\t\t\t\t\t\t\t\t<\/div>\n\t\t\t\t\t\t\t\t\t\t\t<\/div>\n\n\t\t\t\t<div class=\"teft-card__primary\">\n\t\t\t\t\t<h2 class=\"teft-card__title\">Dagtilbudet skal v\u00e6re trygt, godt og meningsfullt&nbsp;<span class=\"teft-card__primary-title-append\"><\/span><\/h2>\t\t\t\t<\/div>\n\t\t\t<\/div>\n\t\t<\/a>\n\t<\/div>\n\n\t<\/div><div class=\"is-card-hoyre\">\n\t<div class=\"teft-card hoyre-teft-card post-teft-card\">\n\t\t<a href=\"https:\/\/hoyre.no\/baerum\/aktuelt\/mer-idrettsglede-til-barn-og-unge\/\" class=\"teft-card__primary-action\">\n\n\t\t\t\t\t<div class=\"teft-card__media teft-card__media--16-9\">\n\t\t\t\t\t\t<img loading=\"lazy\" decoding=\"async\" width=\"768\" height=\"1024\" src=\"https:\/\/hoyre.no\/content\/uploads\/sites\/200\/2026\/04\/Trine-Lise-Ostlund-Blime-idrett-privat-768x1024.jpg\" class=\"attachment-medium_large size-medium_large\" alt=\"\" srcset=\"https:\/\/hoyre.no\/content\/uploads\/sites\/200\/2026\/04\/Trine-Lise-Ostlund-Blime-idrett-privat-768x1024.jpg 768w, https:\/\/hoyre.no\/content\/uploads\/sites\/200\/2026\/04\/Trine-Lise-Ostlund-Blime-idrett-privat-225x300.jpg 225w, https:\/\/hoyre.no\/content\/uploads\/sites\/200\/2026\/04\/Trine-Lise-Ostlund-Blime-idrett-privat.jpg 900w\" sizes=\"auto, (max-width: 768px) 100vw, 768px\" \/>\t\t<\/div>\n\t\t\n\t\t\t<div class=\"teft-card__content-wrapper\">\n\t\t\t\t<div class=\"teft-card__secondary\">\n\t\t\t\t\t\n\t\t\t\t\t\t\t\t<div class=\"teft-card__meta\">\n\t\t\t\t\t\t\t\t\t<span class=\"post-date\">20. apr 2026<\/span>\n\n\t\t\t\t\t\t\t\t\t<span class=\"post-category\">Nyheter<\/span>\t\t\t\t\t\t\t\t<\/div>\n\t\t\t\t\t\t\t\t\t\t\t<\/div>\n\n\t\t\t\t<div class=\"teft-card__primary\">\n\t\t\t\t\t<h2 class=\"teft-card__title\">Mer idrettsglede til barn og unge&nbsp;<span class=\"teft-card__primary-title-append\"><\/span><\/h2>\t\t\t\t<\/div>\n\t\t\t<\/div>\n\t\t<\/a>\n\t<\/div>\n\n\t<\/div><\/div>\t<\/div>\n<\/div>\n","protected":false},"excerpt":{"rendered":"","protected":false},"author":0,"featured_media":0,"comment_status":"closed","ping_status":"closed","sticky":false,"template":"","format":"standard","meta":{"teft_cards_image_url":"https:\/\/hoyre.no\/content\/uploads\/sites\/200\/2020\/11\/sexovergrep-dugnad-w.jpg","teft_cards_custom_pretitle":"","teft_cards_image_id":188,"teft_cards_image_focal_point_x":0,"teft_cards_image_focal_point_y":0,"teft_cards_title":"","teft_cards_excerpt":"","teft_show_chapters":false,"author_display_name":"Hilde Hvaal Durban,  kommunestyremedlem, medlem av Hovedutvalg barn og unge og stortingskandidat","footnotes":""},"category":[1],"post_tag":[],"hoyre-visibility":[],"article-type":[],"politician":[],"class_list":["post-189","post","type-post","status-publish","format-standard","hentry","category-ukategorisert"],"yoast_head":"<!-- This site is optimized with the Yoast SEO plugin v26.6 - https:\/\/yoast.com\/wordpress\/plugins\/seo\/ -->\n<title>Vi trenger en nasjonal dugnad mot sexovergrep - B\u00e6rum H\u00f8yre<\/title>\n<meta name=\"robots\" content=\"index, follow, max-snippet:-1, max-image-preview:large, max-video-preview:-1\" \/>\n<link rel=\"canonical\" href=\"https:\/\/hoyre.no\/baerum\/aktuelt\/vi-trenger-en-nasjon\/\" \/>\n<meta property=\"og:locale\" content=\"nb_NO\" \/>\n<meta property=\"og:type\" content=\"article\" \/>\n<meta property=\"og:title\" content=\"Vi trenger en nasjonal dugnad mot sexovergrep - B\u00e6rum H\u00f8yre\" \/>\n<meta property=\"og:url\" content=\"https:\/\/hoyre.no\/baerum\/aktuelt\/vi-trenger-en-nasjon\/\" \/>\n<meta property=\"og:site_name\" content=\"B\u00e6rum H\u00f8yre\" \/>\n<meta property=\"article:published_time\" content=\"2017-04-26T20:00:00+00:00\" \/>\n<meta property=\"og:image\" content=\"https:\/\/hoyre.no\/content\/uploads\/sites\/200\/2026\/04\/Trine-Lise-Ostlund-Blime-priv-red.jpg\" \/>\n<meta name=\"twitter:card\" content=\"summary_large_image\" \/>\n<meta name=\"twitter:label1\" content=\"Ansl. lesetid\" \/>\n\t<meta name=\"twitter:data1\" content=\"3 minutter\" \/>\n<script type=\"application\/ld+json\" class=\"yoast-schema-graph\">{\"@context\":\"https:\/\/schema.org\",\"@graph\":[{\"@type\":\"NewsArticle\",\"@id\":\"https:\/\/hoyre.no\/baerum\/aktuelt\/vi-trenger-en-nasjon\/\",\"url\":\"https:\/\/hoyre.no\/baerum\/aktuelt\/vi-trenger-en-nasjon\/\",\"name\":\"Vi trenger en nasjonal dugnad mot sexovergrep - B\u00e6rum H\u00f8yre\",\"isPartOf\":{\"@id\":\"https:\/\/hoyre.no\/baerum\/#website\"},\"datePublished\":\"2017-04-26T20:00:00+00:00\",\"author\":{\"@id\":\"\"},\"breadcrumb\":{\"@id\":\"https:\/\/hoyre.no\/baerum\/aktuelt\/vi-trenger-en-nasjon\/#breadcrumb\"},\"inLanguage\":\"nb-NO\",\"potentialAction\":[{\"@type\":\"ReadAction\",\"target\":[\"https:\/\/hoyre.no\/baerum\/aktuelt\/vi-trenger-en-nasjon\/\"]}]},{\"@type\":\"BreadcrumbList\",\"@id\":\"https:\/\/hoyre.no\/baerum\/aktuelt\/vi-trenger-en-nasjon\/#breadcrumb\",\"itemListElement\":[{\"@type\":\"ListItem\",\"position\":1,\"name\":\"Til hoyre.no\",\"item\":\"https:\/\/hoyre.no\"},{\"@type\":\"ListItem\",\"position\":2,\"name\":\"Hjem\",\"item\":\"https:\/\/hoyre.no\/baerum\/\"},{\"@type\":\"ListItem\",\"position\":3,\"name\":\"Vi trenger en nasjonal dugnad mot sexovergrep\"}]},{\"@type\":\"WebSite\",\"@id\":\"https:\/\/hoyre.no\/baerum\/#website\",\"url\":\"https:\/\/hoyre.no\/baerum\/\",\"name\":\"B\u00e6rum H\u00f8yre\",\"description\":\"Bare enda et H\u00f8yres nettsteder-nettsted\",\"inLanguage\":\"nb-NO\"}]}<\/script>\n<!-- \/ Yoast SEO plugin. -->","yoast_head_json":{"title":"Vi trenger en nasjonal dugnad mot sexovergrep - B\u00e6rum H\u00f8yre","robots":{"index":"index","follow":"follow","max-snippet":"max-snippet:-1","max-image-preview":"max-image-preview:large","max-video-preview":"max-video-preview:-1"},"canonical":"https:\/\/hoyre.no\/baerum\/aktuelt\/vi-trenger-en-nasjon\/","og_locale":"nb_NO","og_type":"article","og_title":"Vi trenger en nasjonal dugnad mot sexovergrep - B\u00e6rum H\u00f8yre","og_url":"https:\/\/hoyre.no\/baerum\/aktuelt\/vi-trenger-en-nasjon\/","og_site_name":"B\u00e6rum H\u00f8yre","article_published_time":"2017-04-26T20:00:00+00:00","og_image":[{"url":"https:\/\/hoyre.no\/content\/uploads\/sites\/200\/2026\/04\/Trine-Lise-Ostlund-Blime-priv-red.jpg","width":"","height":"","type":""}],"twitter_card":"summary_large_image","twitter_misc":{"Ansl. lesetid":"3 minutter"},"schema":{"@context":"https:\/\/schema.org","@graph":[{"@type":"NewsArticle","@id":"https:\/\/hoyre.no\/baerum\/aktuelt\/vi-trenger-en-nasjon\/","url":"https:\/\/hoyre.no\/baerum\/aktuelt\/vi-trenger-en-nasjon\/","name":"Vi trenger en nasjonal dugnad mot sexovergrep - B\u00e6rum H\u00f8yre","isPartOf":{"@id":"https:\/\/hoyre.no\/baerum\/#website"},"datePublished":"2017-04-26T20:00:00+00:00","author":{"@id":""},"breadcrumb":{"@id":"https:\/\/hoyre.no\/baerum\/aktuelt\/vi-trenger-en-nasjon\/#breadcrumb"},"inLanguage":"nb-NO","potentialAction":[{"@type":"ReadAction","target":["https:\/\/hoyre.no\/baerum\/aktuelt\/vi-trenger-en-nasjon\/"]}]},{"@type":"BreadcrumbList","@id":"https:\/\/hoyre.no\/baerum\/aktuelt\/vi-trenger-en-nasjon\/#breadcrumb","itemListElement":[{"@type":"ListItem","position":1,"name":"Til hoyre.no","item":"https:\/\/hoyre.no"},{"@type":"ListItem","position":2,"name":"Hjem","item":"https:\/\/hoyre.no\/baerum\/"},{"@type":"ListItem","position":3,"name":"Vi trenger en nasjonal dugnad mot sexovergrep"}]},{"@type":"WebSite","@id":"https:\/\/hoyre.no\/baerum\/#website","url":"https:\/\/hoyre.no\/baerum\/","name":"B\u00e6rum H\u00f8yre","description":"Bare enda et H\u00f8yres nettsteder-nettsted","inLanguage":"nb-NO"}]}},"distributor_meta":false,"distributor_terms":false,"distributor_media":false,"distributor_original_site_name":"B\u00e6rum H\u00f8yre","distributor_original_site_url":"https:\/\/hoyre.no\/baerum","push-errors":false,"_links":{"self":[{"href":"https:\/\/hoyre.no\/baerum\/wp-json\/wp\/v2\/posts\/189","targetHints":{"allow":["GET"]}}],"collection":[{"href":"https:\/\/hoyre.no\/baerum\/wp-json\/wp\/v2\/posts"}],"about":[{"href":"https:\/\/hoyre.no\/baerum\/wp-json\/wp\/v2\/types\/post"}],"replies":[{"embeddable":true,"href":"https:\/\/hoyre.no\/baerum\/wp-json\/wp\/v2\/comments?post=189"}],"version-history":[{"count":0,"href":"https:\/\/hoyre.no\/baerum\/wp-json\/wp\/v2\/posts\/189\/revisions"}],"wp:attachment":[{"href":"https:\/\/hoyre.no\/baerum\/wp-json\/wp\/v2\/media?parent=189"}],"wp:term":[{"taxonomy":"category","embeddable":true,"href":"https:\/\/hoyre.no\/baerum\/wp-json\/wp\/v2\/category?post=189"},{"taxonomy":"post_tag","embeddable":true,"href":"https:\/\/hoyre.no\/baerum\/wp-json\/wp\/v2\/post_tag?post=189"},{"taxonomy":"hoyre-visibility","embeddable":true,"href":"https:\/\/hoyre.no\/baerum\/wp-json\/wp\/v2\/hoyre-visibility?post=189"},{"taxonomy":"article-type","embeddable":true,"href":"https:\/\/hoyre.no\/baerum\/wp-json\/wp\/v2\/article-type?post=189"},{"taxonomy":"politician","embeddable":true,"href":"https:\/\/hoyre.no\/baerum\/wp-json\/wp\/v2\/politician?post=189"}],"curies":[{"name":"wp","href":"https:\/\/api.w.org\/{rel}","templated":true}]}}