{"id":195,"date":"2018-05-15T22:00:00","date_gmt":"2018-05-15T20:00:00","guid":{"rendered":"https:\/\/hoyre.no\/baerum\/aktuelt\/49_hoyre_representanter_onsker_renominasjon_til_nye_viken\/"},"modified":"2018-05-15T22:00:00","modified_gmt":"2018-05-15T20:00:00","slug":"49_hoyre_representanter_onsker_renominasjon_til_nye_viken","status":"publish","type":"post","link":"https:\/\/hoyre.no\/baerum\/aktuelt\/49_hoyre_representanter_onsker_renominasjon_til_nye_viken\/","title":{"rendered":"49 H\u00f8yre-representanter \u00f8nsker renominasjon til nye Viken!"},"content":{"rendered":"<p class=\"preamble\">Alle sittende fylkestingsrepresentanter og vararepresentanter i Akershus, Buskerud og \u00d8stfold har blitt kontaktet med sp\u00f8rsm\u00e5l om de \u00f8nsker \u00e5 stille seg til disposisjon for renominasjon til H\u00f8yres valgliste ved fylkestingsvalget 2019 i Viken. S\u00e5 mange som 49 har takket ja, og kun 28 av 77 totalt har takket nei. Dette gir nominasjonskomiteen et veldig godt utgangspunkt for nominasjonsarbeidet som n\u00e5 har startet.<\/p>\t\t\t<div class=\"post-meta wp-block teft-byline-wrapper\">\n\t\t\t\t<div class=\"top\">\n\t\t\t\t\t<div class=\"signature\">\n\t\t\t\t\t\t<div class=\"teft-byline\">\n\t\t\t\t\t\t\t\t\t\t\t\t\t\t<div>\n\t\t\t\t\t\t\t\t<h3>H\u00f8yres redaksjon<\/h3>\t\t\t\t\t\t\t\t\n\t\t\t\t\t\t\t\t\t\t\t\t\t\t\t\t\t<span class=\"date\">Sist oppdatert: 15. mai 2018<\/span>\n\t\t\t\t\t\t\t\t\t\t\t\t\t\t\t\t\t\t\t\t\t\t\t\t\t<span class=\"reading-time\" itemprop=\"timeRequired\" content=\"PT3M\"><em>Ca. 3 minutter lesetid<\/em><\/span>\n\t\t\t\t\t\t\t\t\t\t\t\t\t\t\t<\/div>\n\t\t\t\t\t\t<\/div>\n\t\t\t\t\t<\/div>\n\t\t\t\t\t\t<div class=\"sharing\">\n\t\t<a class=\"share-button share-link copy-link\" data-copy=\"https:\/\/hoyre.no\/baerum\/aktuelt\/49_hoyre_representanter_onsker_renominasjon_til_nye_viken\/\" target=\"_blank\"><span class=\"screen-reader-text\">Del link<\/span><\/a>\n\t\t<a class=\"share-button share-twitter\" href=\"http:\/\/twitter.com\/share?text=49 H\u00f8yre-representanter \u00f8nsker renominasjon til nye Viken!&#038;url=https:\/\/hoyre.no\/baerum\/aktuelt\/49_hoyre_representanter_onsker_renominasjon_til_nye_viken\/&#038;hashtags=Hoyre\" target=\"_blank\"><span class=\"screen-reader-text\">Del p\u00e5 twitter<\/span><\/a>\n\t\t<a class=\"share-button share-facebook\" href=\"https:\/\/www.facebook.com\/sharer\/sharer.php?u=https:\/\/hoyre.no\/baerum\/aktuelt\/49_hoyre_representanter_onsker_renominasjon_til_nye_viken\/\" target=\"_blank\"><span class=\"screen-reader-text\">Del p\u00e5 facebook<\/span><\/a>\n\t<\/div>\n\t\t\t\t\t<\/div>\n\t\t\t<\/div>\n\n\t\t\t<figure class=\"hoyre-image-wrapper\"><div class=\"hoyre-image\"><img loading=\"lazy\" decoding=\"async\" width=\"770\" height=\"513\" src=\"https:\/\/hoyre.no\/content\/uploads\/sites\/200\/2020\/11\/viken_er_best_med_ho.jpg\" class=\"attachment-scaled size-scaled\" alt=\"\" style=\"object-position: 50% 50%\" srcset=\"https:\/\/hoyre.no\/content\/uploads\/sites\/200\/2020\/11\/viken_er_best_med_ho.jpg 770w, https:\/\/hoyre.no\/content\/uploads\/sites\/200\/2020\/11\/viken_er_best_med_ho-300x200.jpg 300w, https:\/\/hoyre.no\/content\/uploads\/sites\/200\/2020\/11\/viken_er_best_med_ho-768x512.jpg 768w\" sizes=\"auto, (max-width: 770px) 100vw, 770px\" \/><\/div><\/figure><div id=\"hoyre-old-article-content-wrapper\"><div>Komiteen \u00f8nsker seg enda flere forslag, og v\u00e5rt m\u00e5l er \u00e5 vinne valget med de beste kandidater og de beste sakene. Da trenger vi ditt forslag p\u00e5 de kandidatene du mener b\u00f8r representere Viken H\u00f8yre. Bruk gjerne dette skjemaet for \u00e5 sende inn ditt forslag: <a href=\"https:\/\/bit.ly\/2K68QaT\">https:\/\/bit.ly\/2K68QaT<\/a> Nominasjonskomiteen s\u00f8rger for \u00e5 kontakte hver kandidat for \u00e5 sikre at vedkommende \u00f8nsker \u00e5 st\u00e5 p\u00e5 listen, s\u00e5 du trenger ikke \u00e5 ha gjort dette i forkant.<\/div><div><\/div><div><strong>Her er den alfabetiske listen over de som allerede har stilt seg til disposisjon for renominasjon:<\/strong><\/div><div><p><em>(Navn, f\u00f8dsels\u00e5r, kommune, fylke)<\/em><\/p><\/div><div><ul><li>Erik Adland, 1957, Nesodden, Akershus<\/li><li><p>Egil Ax, 1982, Drammen, Buskerud<\/p><\/li><li><p>Christian Bendz, 1966, Nannestad, Akershus<\/p><\/li><li><p>Lars Berge, 1972, Ullensaker, Akershus<\/p><\/li><li><p>Trine-Lise \u00d8stlund Blime, 1988, L\u00f8renskog, Akershus<\/p><\/li><li><p>Olav Breivik, 1952, Hob\u00f8l, \u00d8stfold<\/p><\/li><li><p>Sandra Bruflot, 1991, Hole, Buskerud<\/p><\/li><li><p>Dag Fjeld Edvardsen, 1970, Drammen, Buskerud<\/p><\/li><li><p>Morten Eriksr\u00f8d, 1956, Kongsberg, Buskerud<\/p><\/li><li><p>May-Ann Fagerheim, 1944, Sarpsborg, \u00d8stfold<\/p><\/li><li><p>Hallstein Flesland, 1954, Fet, Akershus<\/p><\/li><li><p>Thomas Fosen, 1957, Flesberg, Buskerud<\/p><\/li><li><p>Bjarte T Engen Grost\u00f8l, 1969, R\u00f8yken, Buskerud<\/p><\/li><li><p>Monica Carmen G\u00e5svatn, 1968, Sarpsborg, \u00d8stfold<\/p><\/li><li><p>Thor Hals, 1967, Askim, \u00d8stfold<\/p><\/li><li><p>Iselin Haugo, 1988, \u00c5l, Buskerud<\/p><\/li><li><p>Dag \u00d8ivind Henriksen, 1968, Ringerike, Buskerud<\/p><\/li><li><p>Nils Holm, 1945, Asker, Akershus<\/p><\/li><li><p>Britt Homstvedt, 1942, Drammen, Buskerud<\/p><\/li><li><p>Jon Hovland, 1960, Modum, Buskerud<\/p><\/li><li><p>Mette H\u00f8yem, 1959, Drammen, Buskerud<\/p><\/li><li><p>Cathrine Jensen, 1961, Asker, Akershus<\/p><\/li><li><p>Arne J\u00f8rstad, 1945, Lier, Buskerud<\/p><\/li><li><p>Gretha Kant, 1945, Moss, \u00d8stfold<\/p><\/li><li><p>Kirsti Kierulf, 1962, Asker, Akershus<\/p><\/li><li><p>Rune Kj\u00f8lstad, 1962, R\u00f8yken, Buskerud<\/p><\/li><li><p>Jon Andreas Kolderup, 1940, Hol, Buskerud<\/p><\/li><li><p>Synn\u00f8ve Kongsrud, 1967, Oppeg\u00e5rd, Akershus<\/p><\/li><li><p>Terje Vegard Kopperud, 1958, Drammen, Buskerud<\/p><\/li><li><p>Sebastian N\u00e6ss Langaas, 1986, B\u00e6rum, Akershus<\/p><\/li><li><p>Lise Nyg\u00e5rd Lund, 1962, Kongsberg, Buskerud<\/p><\/li><li><p>Roar Lund, 1965, Halden, \u00d8stfold<\/p><\/li><li><p>Gunnar Melgaard, 1947, Oppeg\u00e5rd, Akershus<\/p><\/li><li><p>Christina H\u00f8jer M\u00f8rkve, 1993, Drammen, Buskerud<\/p><\/li><li><p>Simen Nord, 1989, Moss, \u00d8stfold<\/p><\/li><li><p>Ketil Nordengen, 1963, Ullensaker, Akershus<\/p><\/li><li><p>Stein Ramberg, 1953, Nedre Eiker, Buskerud<\/p><\/li><li><p>Lise Hagen Rebbestad, 1965, Skedsmo, Akershus<\/p><\/li><li><p>Halvor Rennehvammen, 1951, Nore og Uvdal, Buskerud<\/p><\/li><li><p>\u00d8yvind Rideng, 1970, B\u00e6rum, Akershus<\/p><\/li><li><p>Ana-Maria Silva-Harper, 1960, Drammen, Buskerud<\/p><\/li><li><p>Anita Skretteberg, 1963, Modum, Buskerud<\/p><\/li><li><p>Anette Marie Solli, 1962, B\u00e6rum, Akershus<\/p><\/li><li><p>Dag Egil Str\u00f8mme, 1968, B\u00e6rum, Akershus<\/p><\/li><li><p>Sigrid Marie Thielemann, 1948, Drammen, Buskerud<\/p><\/li><li><p>Terje Torsteinson, 1955, Rygge, \u00d8stfold<\/p><\/li><li><p>Alf Ulven, 1960, Aremark, \u00d8stfold<\/p><\/li><li><p>Gunnar Helge Wiik, 1958, Ski, Akershus<\/p><\/li><li>Dag Ivar Winding-S\u00f8rensen, 1942, S\u00f8rum, Akershus<\/li><\/ul><\/div><div><\/div><div><\/div><div><p><strong>Dette er nominasjonskomiteen for Viken H\u00f8yre:<\/strong><\/p><\/div><div><ul><li>Kristin \u00d8rmen Johnsen (leder), Buskerud<\/li><li><p>Ren\u00e9 Rafshol (nestleder), \u00d8stfold<\/p><\/li><li><p>Thomas Sj\u00f8vold, Akershus<\/p><\/li><li><p>Mette T\u00f8nder, Akershus<\/p><\/li><li><p>Siw Wikan, Akershus<\/p><\/li><li><p>Maria Barstad Sanner, Akershus<\/p><\/li><li><p>Helge Evju, Buskerud<\/p><\/li><li><p>Runar Johansen, Buskerud<\/p><\/li><li><p>Victoria Elisabeth Cavallini Fevik, Buskerud<\/p><\/li><li><p>Bj\u00f8rg Kristin Lund, \u00d8stfold<\/p><\/li><li><p>Erik Unaas, \u00d8stfold<\/p><\/li><li>Else-Kathrine Hveding, \u00d8stfold<\/li><\/ul><\/div><div><\/div><div><p><\/p><\/div><div><p><strong>Kontaktopplysninger<\/strong><\/p><\/div><div><p>Leder av nominasjonskomiteen: Kristin \u00d8rmen Johnsen, kristin-ormen.johnsen@stortinget.no, 41515188<\/p><p>Sekret\u00e6r for nominasjonskomiteen: Dag-Egil Bull Sletholt, dag-egil@hoyre.no, 90969511<\/p><\/div><p><br \/><\/p><\/div>\n<div class=\"tags\">\n\t<\/div>\n<div class=\"post-footer alignfull has-background block-editor-block-list__block\" data-align=full>\n\t<div class=\"post-footer-inner\">\n\t\t<h3>Relaterte artikler<\/h3>\n\t\t<div class=\"related-content\"><div class=\"is-card-hoyre\">\n\t<div class=\"teft-card hoyre-teft-card post-teft-card\">\n\t\t<a href=\"https:\/\/hoyre.no\/baerum\/aktuelt\/nominasjon-i-baerum-hoyre-3\/\" class=\"teft-card__primary-action\">\n\n\t\t\t\t\t<div class=\"teft-card__media teft-card__media--16-9\">\n\t\t\t\t\t\t<img loading=\"lazy\" decoding=\"async\" width=\"768\" height=\"512\" src=\"https:\/\/hoyre.no\/content\/uploads\/sites\/200\/2025\/11\/Trine-Lise-Foto-CF-Wesenberg-red-768x512.jpg\" class=\"attachment-medium_large size-medium_large\" alt=\"\" srcset=\"https:\/\/hoyre.no\/content\/uploads\/sites\/200\/2025\/11\/Trine-Lise-Foto-CF-Wesenberg-red-768x512.jpg 768w, https:\/\/hoyre.no\/content\/uploads\/sites\/200\/2025\/11\/Trine-Lise-Foto-CF-Wesenberg-red-300x200.jpg 300w, https:\/\/hoyre.no\/content\/uploads\/sites\/200\/2025\/11\/Trine-Lise-Foto-CF-Wesenberg-red-1024x683.jpg 1024w, https:\/\/hoyre.no\/content\/uploads\/sites\/200\/2025\/11\/Trine-Lise-Foto-CF-Wesenberg-red.jpg 1200w\" sizes=\"auto, (max-width: 768px) 100vw, 768px\" \/>\t\t<\/div>\n\t\t\n\t\t\t<div class=\"teft-card__content-wrapper\">\n\t\t\t\t<div class=\"teft-card__secondary\">\n\t\t\t\t\t\n\t\t\t\t\t\t\t\t<div class=\"teft-card__meta\">\n\t\t\t\t\t\t\t\t\t<span class=\"post-date\">9. apr 2026<\/span>\n\n\t\t\t\t\t\t\t\t\t<span class=\"post-category\">Nyheter<\/span>\t\t\t\t\t\t\t\t<\/div>\n\t\t\t\t\t\t\t\t\t\t\t<\/div>\n\n\t\t\t\t<div class=\"teft-card__primary\">\n\t\t\t\t\t<h2 class=\"teft-card__title\">Nominasjon i B\u00e6rum H\u00f8yre&nbsp;<span class=\"teft-card__primary-title-append\"><\/span><\/h2>\t\t\t\t<\/div>\n\t\t\t<\/div>\n\t\t<\/a>\n\t<\/div>\n\n\t<\/div><div class=\"is-card-hoyre\">\n\t<div class=\"teft-card hoyre-teft-card post-teft-card\">\n\t\t<a href=\"https:\/\/hoyre.no\/baerum\/aktuelt\/mer-idrettsglede-til-barn-og-unge\/\" class=\"teft-card__primary-action\">\n\n\t\t\t\t\t<div class=\"teft-card__media teft-card__media--16-9\">\n\t\t\t\t\t\t<img loading=\"lazy\" decoding=\"async\" width=\"768\" height=\"1024\" src=\"https:\/\/hoyre.no\/content\/uploads\/sites\/200\/2026\/04\/Trine-Lise-Ostlund-Blime-idrett-privat-768x1024.jpg\" class=\"attachment-medium_large size-medium_large\" alt=\"\" srcset=\"https:\/\/hoyre.no\/content\/uploads\/sites\/200\/2026\/04\/Trine-Lise-Ostlund-Blime-idrett-privat-768x1024.jpg 768w, https:\/\/hoyre.no\/content\/uploads\/sites\/200\/2026\/04\/Trine-Lise-Ostlund-Blime-idrett-privat-225x300.jpg 225w, https:\/\/hoyre.no\/content\/uploads\/sites\/200\/2026\/04\/Trine-Lise-Ostlund-Blime-idrett-privat.jpg 900w\" sizes=\"auto, (max-width: 768px) 100vw, 768px\" \/>\t\t<\/div>\n\t\t\n\t\t\t<div class=\"teft-card__content-wrapper\">\n\t\t\t\t<div class=\"teft-card__secondary\">\n\t\t\t\t\t\n\t\t\t\t\t\t\t\t<div class=\"teft-card__meta\">\n\t\t\t\t\t\t\t\t\t<span class=\"post-date\">20. apr 2026<\/span>\n\n\t\t\t\t\t\t\t\t\t<span class=\"post-category\">Nyheter<\/span>\t\t\t\t\t\t\t\t<\/div>\n\t\t\t\t\t\t\t\t\t\t\t<\/div>\n\n\t\t\t\t<div class=\"teft-card__primary\">\n\t\t\t\t\t<h2 class=\"teft-card__title\">Mer idrettsglede til barn og unge&nbsp;<span class=\"teft-card__primary-title-append\"><\/span><\/h2>\t\t\t\t<\/div>\n\t\t\t<\/div>\n\t\t<\/a>\n\t<\/div>\n\n\t<\/div><div class=\"is-card-hoyre\">\n\t<div class=\"teft-card hoyre-teft-card post-teft-card\">\n\t\t<a href=\"https:\/\/hoyre.no\/baerum\/aktuelt\/en-borgerlig-satsing-pa-god-kortreist-mat-fra-akershus\/\" class=\"teft-card__primary-action\">\n\n\t\t\t\t\t<div class=\"teft-card__media teft-card__media--16-9\">\n\t\t\t\t\t\t<img loading=\"lazy\" decoding=\"async\" width=\"768\" height=\"580\" src=\"https:\/\/hoyre.no\/content\/uploads\/sites\/200\/2026\/04\/Trine-Lise-Ostlund-Blime-priv-red-768x580.jpg\" class=\"attachment-medium_large size-medium_large\" alt=\"\" srcset=\"https:\/\/hoyre.no\/content\/uploads\/sites\/200\/2026\/04\/Trine-Lise-Ostlund-Blime-priv-red-768x580.jpg 768w, https:\/\/hoyre.no\/content\/uploads\/sites\/200\/2026\/04\/Trine-Lise-Ostlund-Blime-priv-red-300x227.jpg 300w, https:\/\/hoyre.no\/content\/uploads\/sites\/200\/2026\/04\/Trine-Lise-Ostlund-Blime-priv-red.jpg 973w\" sizes=\"auto, (max-width: 768px) 100vw, 768px\" \/>\t\t<\/div>\n\t\t\n\t\t\t<div class=\"teft-card__content-wrapper\">\n\t\t\t\t<div class=\"teft-card__secondary\">\n\t\t\t\t\t\n\t\t\t\t\t\t\t\t<div class=\"teft-card__meta\">\n\t\t\t\t\t\t\t\t\t<span class=\"post-date\">10. apr 2026<\/span>\n\n\t\t\t\t\t\t\t\t\t<span class=\"post-category\">Nyheter<\/span>\t\t\t\t\t\t\t\t<\/div>\n\t\t\t\t\t\t\t\t\t\t\t<\/div>\n\n\t\t\t\t<div class=\"teft-card__primary\">\n\t\t\t\t\t<h2 class=\"teft-card__title\">En borgerlig satsing p\u00e5 god kortreist mat fra Akershus&nbsp;<span class=\"teft-card__primary-title-append\"><\/span><\/h2>\t\t\t\t<\/div>\n\t\t\t<\/div>\n\t\t<\/a>\n\t<\/div>\n\n\t<\/div><\/div>\t<\/div>\n<\/div>\n","protected":false},"excerpt":{"rendered":"","protected":false},"author":0,"featured_media":0,"comment_status":"closed","ping_status":"closed","sticky":false,"template":"","format":"standard","meta":{"teft_cards_image_url":"https:\/\/hoyre.no\/content\/uploads\/sites\/200\/2020\/11\/viken_er_best_med_ho.jpg","teft_cards_custom_pretitle":"","teft_cards_image_id":194,"teft_cards_image_focal_point_x":0,"teft_cards_image_focal_point_y":0,"teft_cards_title":"","teft_cards_excerpt":"","teft_show_chapters":false,"author_display_name":"Akershus H\u00f8yre","footnotes":""},"category":[1],"post_tag":[],"hoyre-visibility":[],"article-type":[],"politician":[],"class_list":["post-195","post","type-post","status-publish","format-standard","hentry","category-ukategorisert"],"yoast_head":"<!-- This site is optimized with the Yoast SEO plugin v26.6 - https:\/\/yoast.com\/wordpress\/plugins\/seo\/ -->\n<title>49 H\u00f8yre-representanter \u00f8nsker renominasjon til nye Viken! - B\u00e6rum H\u00f8yre<\/title>\n<meta name=\"robots\" content=\"index, follow, max-snippet:-1, max-image-preview:large, max-video-preview:-1\" \/>\n<link rel=\"canonical\" href=\"https:\/\/hoyre.no\/baerum\/aktuelt\/49_hoyre_representanter_onsker_renominasjon_til_nye_viken\/\" \/>\n<meta property=\"og:locale\" content=\"nb_NO\" \/>\n<meta property=\"og:type\" content=\"article\" \/>\n<meta property=\"og:title\" content=\"49 H\u00f8yre-representanter \u00f8nsker renominasjon til nye Viken! - B\u00e6rum H\u00f8yre\" \/>\n<meta property=\"og:url\" content=\"https:\/\/hoyre.no\/baerum\/aktuelt\/49_hoyre_representanter_onsker_renominasjon_til_nye_viken\/\" \/>\n<meta property=\"og:site_name\" content=\"B\u00e6rum H\u00f8yre\" \/>\n<meta property=\"article:published_time\" content=\"2018-05-15T20:00:00+00:00\" \/>\n<meta property=\"og:image\" content=\"https:\/\/hoyre.no\/content\/uploads\/sites\/200\/2026\/04\/Trine-Lise-Ostlund-Blime-priv-red.jpg\" \/>\n<meta name=\"twitter:card\" content=\"summary_large_image\" \/>\n<meta name=\"twitter:label1\" content=\"Ansl. lesetid\" \/>\n\t<meta name=\"twitter:data1\" content=\"2 minutter\" \/>\n<script type=\"application\/ld+json\" class=\"yoast-schema-graph\">{\"@context\":\"https:\/\/schema.org\",\"@graph\":[{\"@type\":\"NewsArticle\",\"@id\":\"https:\/\/hoyre.no\/baerum\/aktuelt\/49_hoyre_representanter_onsker_renominasjon_til_nye_viken\/\",\"url\":\"https:\/\/hoyre.no\/baerum\/aktuelt\/49_hoyre_representanter_onsker_renominasjon_til_nye_viken\/\",\"name\":\"49 H\u00f8yre-representanter \u00f8nsker renominasjon til nye Viken! - B\u00e6rum H\u00f8yre\",\"isPartOf\":{\"@id\":\"https:\/\/hoyre.no\/baerum\/#website\"},\"datePublished\":\"2018-05-15T20:00:00+00:00\",\"author\":{\"@id\":\"\"},\"breadcrumb\":{\"@id\":\"https:\/\/hoyre.no\/baerum\/aktuelt\/49_hoyre_representanter_onsker_renominasjon_til_nye_viken\/#breadcrumb\"},\"inLanguage\":\"nb-NO\",\"potentialAction\":[{\"@type\":\"ReadAction\",\"target\":[\"https:\/\/hoyre.no\/baerum\/aktuelt\/49_hoyre_representanter_onsker_renominasjon_til_nye_viken\/\"]}]},{\"@type\":\"BreadcrumbList\",\"@id\":\"https:\/\/hoyre.no\/baerum\/aktuelt\/49_hoyre_representanter_onsker_renominasjon_til_nye_viken\/#breadcrumb\",\"itemListElement\":[{\"@type\":\"ListItem\",\"position\":1,\"name\":\"Til hoyre.no\",\"item\":\"https:\/\/hoyre.no\"},{\"@type\":\"ListItem\",\"position\":2,\"name\":\"Hjem\",\"item\":\"https:\/\/hoyre.no\/baerum\/\"},{\"@type\":\"ListItem\",\"position\":3,\"name\":\"49 H\u00f8yre-representanter \u00f8nsker renominasjon til nye Viken!\"}]},{\"@type\":\"WebSite\",\"@id\":\"https:\/\/hoyre.no\/baerum\/#website\",\"url\":\"https:\/\/hoyre.no\/baerum\/\",\"name\":\"B\u00e6rum H\u00f8yre\",\"description\":\"Bare enda et H\u00f8yres nettsteder-nettsted\",\"inLanguage\":\"nb-NO\"}]}<\/script>\n<!-- \/ Yoast SEO plugin. -->","yoast_head_json":{"title":"49 H\u00f8yre-representanter \u00f8nsker renominasjon til nye Viken! - B\u00e6rum H\u00f8yre","robots":{"index":"index","follow":"follow","max-snippet":"max-snippet:-1","max-image-preview":"max-image-preview:large","max-video-preview":"max-video-preview:-1"},"canonical":"https:\/\/hoyre.no\/baerum\/aktuelt\/49_hoyre_representanter_onsker_renominasjon_til_nye_viken\/","og_locale":"nb_NO","og_type":"article","og_title":"49 H\u00f8yre-representanter \u00f8nsker renominasjon til nye Viken! - B\u00e6rum H\u00f8yre","og_url":"https:\/\/hoyre.no\/baerum\/aktuelt\/49_hoyre_representanter_onsker_renominasjon_til_nye_viken\/","og_site_name":"B\u00e6rum H\u00f8yre","article_published_time":"2018-05-15T20:00:00+00:00","og_image":[{"url":"https:\/\/hoyre.no\/content\/uploads\/sites\/200\/2026\/04\/Trine-Lise-Ostlund-Blime-priv-red.jpg","width":"","height":"","type":""}],"twitter_card":"summary_large_image","twitter_misc":{"Ansl. lesetid":"2 minutter"},"schema":{"@context":"https:\/\/schema.org","@graph":[{"@type":"NewsArticle","@id":"https:\/\/hoyre.no\/baerum\/aktuelt\/49_hoyre_representanter_onsker_renominasjon_til_nye_viken\/","url":"https:\/\/hoyre.no\/baerum\/aktuelt\/49_hoyre_representanter_onsker_renominasjon_til_nye_viken\/","name":"49 H\u00f8yre-representanter \u00f8nsker renominasjon til nye Viken! - B\u00e6rum H\u00f8yre","isPartOf":{"@id":"https:\/\/hoyre.no\/baerum\/#website"},"datePublished":"2018-05-15T20:00:00+00:00","author":{"@id":""},"breadcrumb":{"@id":"https:\/\/hoyre.no\/baerum\/aktuelt\/49_hoyre_representanter_onsker_renominasjon_til_nye_viken\/#breadcrumb"},"inLanguage":"nb-NO","potentialAction":[{"@type":"ReadAction","target":["https:\/\/hoyre.no\/baerum\/aktuelt\/49_hoyre_representanter_onsker_renominasjon_til_nye_viken\/"]}]},{"@type":"BreadcrumbList","@id":"https:\/\/hoyre.no\/baerum\/aktuelt\/49_hoyre_representanter_onsker_renominasjon_til_nye_viken\/#breadcrumb","itemListElement":[{"@type":"ListItem","position":1,"name":"Til hoyre.no","item":"https:\/\/hoyre.no"},{"@type":"ListItem","position":2,"name":"Hjem","item":"https:\/\/hoyre.no\/baerum\/"},{"@type":"ListItem","position":3,"name":"49 H\u00f8yre-representanter \u00f8nsker renominasjon til nye Viken!"}]},{"@type":"WebSite","@id":"https:\/\/hoyre.no\/baerum\/#website","url":"https:\/\/hoyre.no\/baerum\/","name":"B\u00e6rum H\u00f8yre","description":"Bare enda et H\u00f8yres nettsteder-nettsted","inLanguage":"nb-NO"}]}},"distributor_meta":false,"distributor_terms":false,"distributor_media":false,"distributor_original_site_name":"B\u00e6rum H\u00f8yre","distributor_original_site_url":"https:\/\/hoyre.no\/baerum","push-errors":false,"_links":{"self":[{"href":"https:\/\/hoyre.no\/baerum\/wp-json\/wp\/v2\/posts\/195","targetHints":{"allow":["GET"]}}],"collection":[{"href":"https:\/\/hoyre.no\/baerum\/wp-json\/wp\/v2\/posts"}],"about":[{"href":"https:\/\/hoyre.no\/baerum\/wp-json\/wp\/v2\/types\/post"}],"replies":[{"embeddable":true,"href":"https:\/\/hoyre.no\/baerum\/wp-json\/wp\/v2\/comments?post=195"}],"version-history":[{"count":0,"href":"https:\/\/hoyre.no\/baerum\/wp-json\/wp\/v2\/posts\/195\/revisions"}],"wp:attachment":[{"href":"https:\/\/hoyre.no\/baerum\/wp-json\/wp\/v2\/media?parent=195"}],"wp:term":[{"taxonomy":"category","embeddable":true,"href":"https:\/\/hoyre.no\/baerum\/wp-json\/wp\/v2\/category?post=195"},{"taxonomy":"post_tag","embeddable":true,"href":"https:\/\/hoyre.no\/baerum\/wp-json\/wp\/v2\/post_tag?post=195"},{"taxonomy":"hoyre-visibility","embeddable":true,"href":"https:\/\/hoyre.no\/baerum\/wp-json\/wp\/v2\/hoyre-visibility?post=195"},{"taxonomy":"article-type","embeddable":true,"href":"https:\/\/hoyre.no\/baerum\/wp-json\/wp\/v2\/article-type?post=195"},{"taxonomy":"politician","embeddable":true,"href":"https:\/\/hoyre.no\/baerum\/wp-json\/wp\/v2\/politician?post=195"}],"curies":[{"name":"wp","href":"https:\/\/api.w.org\/{rel}","templated":true}]}}