{"id":215,"date":"2018-05-12T22:00:00","date_gmt":"2018-05-12T20:00:00","guid":{"rendered":"https:\/\/hoyre.no\/baerum\/aktuelt\/ap_bruker_mer_raskere\/"},"modified":"2018-05-12T22:00:00","modified_gmt":"2018-05-12T20:00:00","slug":"ap_bruker_mer_raskere","status":"publish","type":"post","link":"https:\/\/hoyre.no\/baerum\/aktuelt\/ap_bruker_mer_raskere\/","title":{"rendered":"Ap bruker mer penger, raskere"},"content":{"rendered":"<p class=\"preamble\">Etter at Kjell Maartmann-Moe tok over som Arbeiderpartiets gruppeleder i 2015, merket vi et klart skifte i Ap\u2019s \u00f8konomiske politikk. Dette skiftet g\u00e5r ut p\u00e5 \u00e5 bruke mer penger, raskere. Vi som har v\u00e6rt med i B\u00e6rumspolitikken noen \u00e5r, da den mer ansvarlige Halvdan Skard var gruppeleder, merker endringen tydelig.<\/p>\t\t\t<div class=\"post-meta wp-block teft-byline-wrapper\">\n\t\t\t\t<div class=\"top\">\n\t\t\t\t\t<div class=\"signature\">\n\t\t\t\t\t\t<div class=\"teft-byline\">\n\t\t\t\t\t\t\t\t\t\t\t\t\t\t<div>\n\t\t\t\t\t\t\t\t<h3>H\u00f8yres redaksjon<\/h3>\t\t\t\t\t\t\t\t\n\t\t\t\t\t\t\t\t\t\t\t\t\t\t\t\t\t<span class=\"date\">Sist oppdatert: 12. mai 2018<\/span>\n\t\t\t\t\t\t\t\t\t\t\t\t\t\t\t\t\t\t\t\t\t\t\t\t\t<span class=\"reading-time\" itemprop=\"timeRequired\" content=\"PT3M\"><em>Ca. 3 minutter lesetid<\/em><\/span>\n\t\t\t\t\t\t\t\t\t\t\t\t\t\t\t<\/div>\n\t\t\t\t\t\t<\/div>\n\t\t\t\t\t<\/div>\n\t\t\t\t\t\t<div class=\"sharing\">\n\t\t<a class=\"share-button share-link copy-link\" data-copy=\"https:\/\/hoyre.no\/baerum\/aktuelt\/ap_bruker_mer_raskere\/\" target=\"_blank\"><span class=\"screen-reader-text\">Del link<\/span><\/a>\n\t\t<a class=\"share-button share-twitter\" href=\"http:\/\/twitter.com\/share?text=Ap bruker mer penger, raskere&#038;url=https:\/\/hoyre.no\/baerum\/aktuelt\/ap_bruker_mer_raskere\/&#038;hashtags=Hoyre\" target=\"_blank\"><span class=\"screen-reader-text\">Del p\u00e5 twitter<\/span><\/a>\n\t\t<a class=\"share-button share-facebook\" href=\"https:\/\/www.facebook.com\/sharer\/sharer.php?u=https:\/\/hoyre.no\/baerum\/aktuelt\/ap_bruker_mer_raskere\/\" target=\"_blank\"><span class=\"screen-reader-text\">Del p\u00e5 facebook<\/span><\/a>\n\t<\/div>\n\t\t\t\t\t<\/div>\n\t\t\t<\/div>\n\n\t\t\t<figure class=\"hoyre-image-wrapper\"><div class=\"hoyre-image\"><img loading=\"lazy\" decoding=\"async\" width=\"850\" height=\"642\" src=\"https:\/\/hoyre.no\/content\/uploads\/sites\/200\/2020\/11\/ole_kristian_udnes-1.jpg\" class=\"attachment-scaled size-scaled\" alt=\"\" style=\"object-position: 50% 50%\" srcset=\"https:\/\/hoyre.no\/content\/uploads\/sites\/200\/2020\/11\/ole_kristian_udnes-1.jpg 850w, https:\/\/hoyre.no\/content\/uploads\/sites\/200\/2020\/11\/ole_kristian_udnes-1-300x227.jpg 300w, https:\/\/hoyre.no\/content\/uploads\/sites\/200\/2020\/11\/ole_kristian_udnes-1-768x580.jpg 768w\" sizes=\"auto, (max-width: 850px) 100vw, 850px\" \/><\/div><\/figure><div id=\"hoyre-old-article-content-wrapper\"><p>  Og i kommunestyrets siste m\u00f8te 2. mai gjaldt det for Maartmann-Moe \u00e5 omdisponere 50 millioner kroner av regnskapsoverskuddet umiddelbart, som r\u00e5dmannen hadde foresl\u00e5tt til skattereguleringsfond. Det heter i forslaget at &laquo;pengene kan benyttes i 2018 og \u00e5rene etter&raquo;. Vi kan glemme de tre siste ordene. Det ville nok blitt i 2018, om forslaget hadde blitt vedtatt. Han hadde nemlig ikke tid til \u00e5 vente verken p\u00e5 budsjettrevisjonen n\u00e5 i juni eller budsjettbehandlingen i desember. Omdisponeringen m\u00e5tte tas allerede ved godkjennelsen av kommuneregnskapet for 2017. <\/p><p>Opp mot en slik linje st\u00e5r den ansvarlige kursen H, FrP og KrF systematisk har fulgt gjennom flere kommunestyreperioder. B\u00e5de gjennom \u00e5rlige budsjettforlik og i den l\u00f8pende oppf\u00f8lgingen har disse tre partier sikret B\u00e6rums \u00f8konomiske soliditet &#8211; og handlefrihet. Det er denne handlefriheten Maartmann-Moe n\u00e5 misbruker. <\/p><p>Etter budsjettbehandlingen i 2015 skrev jeg at B\u00e6rum Ap gikk imot \u00e5 ruste kommunen til n\u00f8dvendige velferdsinvesteringer i fremtiden, og heller ville \u00f8ke dagens pengebruk p\u00e5 bekostning av morgensdagens velferdstjenester til en stadig voksende befolkning. Ap foreslo \u00f8kte driftsutgifter med 465 mill. kroner de neste fire \u00e5rene, ut over r\u00e5dmannens forslag. Det var et helt annet niv\u00e5 enn vi hadde v\u00e6rt vant til i budsjettforhandlinger i B\u00e6rum. Forslaget br\u00f8t med de viktigste n\u00f8kkeltallene for sunn \u00f8konomistyring som partiene til da hadde v\u00e6rt enige om.<\/p><p>Det samme budskapet ble gjentatt fra min side h\u00f8sten 2016. Da ville Ap \u00f8ke risikoen i B\u00e6rumsbudsjettet til et helt uforsvarlig niv\u00e5: 2\/3 av bufferfondet skulle t\u00f8mmes, 2\/3 av skattereguleringsfondet brukes opp, avsetningene til investeringsfond nulles ut og det samme med risikopotten. H\u00f8yres unge kommunestyrerepresentant H\u00e5kon Kvenna Veum kalte dette budsjettet \u00abet veikart til ROBEK-listen\u00bb.<\/p><p>Og n\u00e5 \u00f8nsker Ap alts\u00e5 \u00e5 svekke skattereguleringsfondet, til tross for usikkerheten som alltid hefter ved skatteinngangen. Og s\u00e6rlig de n\u00e6rmeste \u00e5r, fordi B\u00e6rums skatteinngang har v\u00e6rt atypisk god i forhold til landet under ett.<\/p><p>I \u00e5rene som kommer m\u00e5 B\u00e6rum investere stort i nye skoler og barnehager. Deretter vil det kreves store investeringer i pleie og omsorg. \u00c5 svekke driftsresultatet og kommunens reserver betyr at kommunens fremtidige investeringsevne svekkes tilsvarende, krone for krone. &#8211; Hvis Ap\u2019s svar p\u00e5 dette er \u00e5 si at vi kan l\u00e5ne mer til investeringsprosjektene, har partiet tatt fra oss de midlene som trengs for \u00e5 tilbakebetale de samme l\u00e5nene.<\/p><p>Vi lever fortsatt i en \u00f8konomisk usikker tid, ogs\u00e5 for B\u00e6rum. Det gjelder ikke minst skatteinntektene. Samtidig som statens rammebetingelser vil bli strammere, ligger B\u00e6rums fremtidige investeringsbehov godt over tidligere \u00e5rs niv\u00e5er. Dette krever omstillingsevne og budsjetter for fremtidig b\u00e6rekraft. Eller popul\u00e6rt sagt: \u00c5 avsette mer penger til fremtidige investeringer.<\/p><p>Vi er flere som \u00f8nsker oss tilbake til den tiden da Halvdan Skard var leder for Ap&#8217;s kommunestyregruppe. Riktignok var vi vant med at Ap alltid foreslo h\u00f8yere budsjettbevilgninger enn de borgerlige samarbeids-partiene. Men det skjedde i det minste gjennom de \u00e5rlige budsjettbehandlingene, og kunne dermed vurderes i en total \u00f8konomisk sammenheng. Vi er flere kommunestyrerepresentanter som satte pris p\u00e5 den systematikk og respekt for budsjettprosessene dette innebar, og den forutsigbarhet som Ap den gang viste. &#8211; Det er synd at Ap\u2019s n\u00e5v\u00e6rende gruppeleder ikke er blant dem.<\/p><p><br \/><\/p><\/div>\n<div class=\"tags\">\n\t<\/div>\n<div class=\"post-footer alignfull has-background block-editor-block-list__block\" data-align=full>\n\t<div class=\"post-footer-inner\">\n\t\t<h3>Relaterte artikler<\/h3>\n\t\t<div class=\"related-content\"><div class=\"is-card-hoyre\">\n\t<div class=\"teft-card hoyre-teft-card post-teft-card\">\n\t\t<a href=\"https:\/\/hoyre.no\/baerum\/aktuelt\/nominasjon-i-baerum-hoyre-3\/\" class=\"teft-card__primary-action\">\n\n\t\t\t\t\t<div class=\"teft-card__media teft-card__media--16-9\">\n\t\t\t\t\t\t<img loading=\"lazy\" decoding=\"async\" width=\"768\" height=\"512\" src=\"https:\/\/hoyre.no\/content\/uploads\/sites\/200\/2025\/11\/Trine-Lise-Foto-CF-Wesenberg-red-768x512.jpg\" class=\"attachment-medium_large size-medium_large\" alt=\"\" srcset=\"https:\/\/hoyre.no\/content\/uploads\/sites\/200\/2025\/11\/Trine-Lise-Foto-CF-Wesenberg-red-768x512.jpg 768w, https:\/\/hoyre.no\/content\/uploads\/sites\/200\/2025\/11\/Trine-Lise-Foto-CF-Wesenberg-red-300x200.jpg 300w, https:\/\/hoyre.no\/content\/uploads\/sites\/200\/2025\/11\/Trine-Lise-Foto-CF-Wesenberg-red-1024x683.jpg 1024w, https:\/\/hoyre.no\/content\/uploads\/sites\/200\/2025\/11\/Trine-Lise-Foto-CF-Wesenberg-red.jpg 1200w\" sizes=\"auto, (max-width: 768px) 100vw, 768px\" \/>\t\t<\/div>\n\t\t\n\t\t\t<div class=\"teft-card__content-wrapper\">\n\t\t\t\t<div class=\"teft-card__secondary\">\n\t\t\t\t\t\n\t\t\t\t\t\t\t\t<div class=\"teft-card__meta\">\n\t\t\t\t\t\t\t\t\t<span class=\"post-date\">9. apr 2026<\/span>\n\n\t\t\t\t\t\t\t\t\t<span class=\"post-category\">Nyheter<\/span>\t\t\t\t\t\t\t\t<\/div>\n\t\t\t\t\t\t\t\t\t\t\t<\/div>\n\n\t\t\t\t<div class=\"teft-card__primary\">\n\t\t\t\t\t<h2 class=\"teft-card__title\">Nominasjon i B\u00e6rum H\u00f8yre&nbsp;<span class=\"teft-card__primary-title-append\"><\/span><\/h2>\t\t\t\t<\/div>\n\t\t\t<\/div>\n\t\t<\/a>\n\t<\/div>\n\n\t<\/div><div class=\"is-card-hoyre\">\n\t<div class=\"teft-card hoyre-teft-card post-teft-card\">\n\t\t<a href=\"https:\/\/hoyre.no\/baerum\/aktuelt\/mer-idrettsglede-til-barn-og-unge\/\" class=\"teft-card__primary-action\">\n\n\t\t\t\t\t<div class=\"teft-card__media teft-card__media--16-9\">\n\t\t\t\t\t\t<img loading=\"lazy\" decoding=\"async\" width=\"768\" height=\"1024\" src=\"https:\/\/hoyre.no\/content\/uploads\/sites\/200\/2026\/04\/Trine-Lise-Ostlund-Blime-idrett-privat-768x1024.jpg\" class=\"attachment-medium_large size-medium_large\" alt=\"\" srcset=\"https:\/\/hoyre.no\/content\/uploads\/sites\/200\/2026\/04\/Trine-Lise-Ostlund-Blime-idrett-privat-768x1024.jpg 768w, https:\/\/hoyre.no\/content\/uploads\/sites\/200\/2026\/04\/Trine-Lise-Ostlund-Blime-idrett-privat-225x300.jpg 225w, https:\/\/hoyre.no\/content\/uploads\/sites\/200\/2026\/04\/Trine-Lise-Ostlund-Blime-idrett-privat.jpg 900w\" sizes=\"auto, (max-width: 768px) 100vw, 768px\" \/>\t\t<\/div>\n\t\t\n\t\t\t<div class=\"teft-card__content-wrapper\">\n\t\t\t\t<div class=\"teft-card__secondary\">\n\t\t\t\t\t\n\t\t\t\t\t\t\t\t<div class=\"teft-card__meta\">\n\t\t\t\t\t\t\t\t\t<span class=\"post-date\">20. apr 2026<\/span>\n\n\t\t\t\t\t\t\t\t\t<span class=\"post-category\">Nyheter<\/span>\t\t\t\t\t\t\t\t<\/div>\n\t\t\t\t\t\t\t\t\t\t\t<\/div>\n\n\t\t\t\t<div class=\"teft-card__primary\">\n\t\t\t\t\t<h2 class=\"teft-card__title\">Mer idrettsglede til barn og unge&nbsp;<span class=\"teft-card__primary-title-append\"><\/span><\/h2>\t\t\t\t<\/div>\n\t\t\t<\/div>\n\t\t<\/a>\n\t<\/div>\n\n\t<\/div><div class=\"is-card-hoyre\">\n\t<div class=\"teft-card hoyre-teft-card post-teft-card\">\n\t\t<a href=\"https:\/\/hoyre.no\/baerum\/aktuelt\/en-borgerlig-satsing-pa-god-kortreist-mat-fra-akershus\/\" class=\"teft-card__primary-action\">\n\n\t\t\t\t\t<div class=\"teft-card__media teft-card__media--16-9\">\n\t\t\t\t\t\t<img loading=\"lazy\" decoding=\"async\" width=\"768\" height=\"580\" src=\"https:\/\/hoyre.no\/content\/uploads\/sites\/200\/2026\/04\/Trine-Lise-Ostlund-Blime-priv-red-768x580.jpg\" class=\"attachment-medium_large size-medium_large\" alt=\"\" srcset=\"https:\/\/hoyre.no\/content\/uploads\/sites\/200\/2026\/04\/Trine-Lise-Ostlund-Blime-priv-red-768x580.jpg 768w, https:\/\/hoyre.no\/content\/uploads\/sites\/200\/2026\/04\/Trine-Lise-Ostlund-Blime-priv-red-300x227.jpg 300w, https:\/\/hoyre.no\/content\/uploads\/sites\/200\/2026\/04\/Trine-Lise-Ostlund-Blime-priv-red.jpg 973w\" sizes=\"auto, (max-width: 768px) 100vw, 768px\" \/>\t\t<\/div>\n\t\t\n\t\t\t<div class=\"teft-card__content-wrapper\">\n\t\t\t\t<div class=\"teft-card__secondary\">\n\t\t\t\t\t\n\t\t\t\t\t\t\t\t<div class=\"teft-card__meta\">\n\t\t\t\t\t\t\t\t\t<span class=\"post-date\">10. apr 2026<\/span>\n\n\t\t\t\t\t\t\t\t\t<span class=\"post-category\">Nyheter<\/span>\t\t\t\t\t\t\t\t<\/div>\n\t\t\t\t\t\t\t\t\t\t\t<\/div>\n\n\t\t\t\t<div class=\"teft-card__primary\">\n\t\t\t\t\t<h2 class=\"teft-card__title\">En borgerlig satsing p\u00e5 god kortreist mat fra Akershus&nbsp;<span class=\"teft-card__primary-title-append\"><\/span><\/h2>\t\t\t\t<\/div>\n\t\t\t<\/div>\n\t\t<\/a>\n\t<\/div>\n\n\t<\/div><\/div>\t<\/div>\n<\/div>\n","protected":false},"excerpt":{"rendered":"","protected":false},"author":0,"featured_media":0,"comment_status":"closed","ping_status":"closed","sticky":false,"template":"","format":"standard","meta":{"teft_cards_image_url":"https:\/\/hoyre.no\/content\/uploads\/sites\/200\/2020\/11\/ole_kristian_udnes-1.jpg","teft_cards_custom_pretitle":"","teft_cards_image_id":214,"teft_cards_image_focal_point_x":0,"teft_cards_image_focal_point_y":0,"teft_cards_title":"","teft_cards_excerpt":"","teft_show_chapters":false,"author_display_name":"Ole Kristian Udnes, varaordf\u00f8rer og leder for Planutvalget","footnotes":""},"category":[1],"post_tag":[],"hoyre-visibility":[],"article-type":[],"politician":[],"class_list":["post-215","post","type-post","status-publish","format-standard","hentry","category-ukategorisert"],"yoast_head":"<!-- This site is optimized with the Yoast SEO plugin v26.6 - https:\/\/yoast.com\/wordpress\/plugins\/seo\/ -->\n<title>Ap bruker mer penger, raskere - B\u00e6rum H\u00f8yre<\/title>\n<meta name=\"robots\" content=\"index, follow, max-snippet:-1, max-image-preview:large, max-video-preview:-1\" \/>\n<link rel=\"canonical\" href=\"https:\/\/hoyre.no\/baerum\/aktuelt\/ap_bruker_mer_raskere\/\" \/>\n<meta property=\"og:locale\" content=\"nb_NO\" \/>\n<meta property=\"og:type\" content=\"article\" \/>\n<meta property=\"og:title\" content=\"Ap bruker mer penger, raskere - B\u00e6rum H\u00f8yre\" \/>\n<meta property=\"og:url\" content=\"https:\/\/hoyre.no\/baerum\/aktuelt\/ap_bruker_mer_raskere\/\" \/>\n<meta property=\"og:site_name\" content=\"B\u00e6rum H\u00f8yre\" \/>\n<meta property=\"article:published_time\" content=\"2018-05-12T20:00:00+00:00\" \/>\n<meta property=\"og:image\" content=\"https:\/\/hoyre.no\/content\/uploads\/sites\/200\/2026\/04\/Trine-Lise-Ostlund-Blime-priv-red.jpg\" \/>\n<meta name=\"twitter:card\" content=\"summary_large_image\" \/>\n<meta name=\"twitter:label1\" content=\"Ansl. lesetid\" \/>\n\t<meta name=\"twitter:data1\" content=\"3 minutter\" \/>\n<script type=\"application\/ld+json\" class=\"yoast-schema-graph\">{\"@context\":\"https:\/\/schema.org\",\"@graph\":[{\"@type\":\"NewsArticle\",\"@id\":\"https:\/\/hoyre.no\/baerum\/aktuelt\/ap_bruker_mer_raskere\/\",\"url\":\"https:\/\/hoyre.no\/baerum\/aktuelt\/ap_bruker_mer_raskere\/\",\"name\":\"Ap bruker mer penger, raskere - B\u00e6rum H\u00f8yre\",\"isPartOf\":{\"@id\":\"https:\/\/hoyre.no\/baerum\/#website\"},\"datePublished\":\"2018-05-12T20:00:00+00:00\",\"author\":{\"@id\":\"\"},\"breadcrumb\":{\"@id\":\"https:\/\/hoyre.no\/baerum\/aktuelt\/ap_bruker_mer_raskere\/#breadcrumb\"},\"inLanguage\":\"nb-NO\",\"potentialAction\":[{\"@type\":\"ReadAction\",\"target\":[\"https:\/\/hoyre.no\/baerum\/aktuelt\/ap_bruker_mer_raskere\/\"]}]},{\"@type\":\"BreadcrumbList\",\"@id\":\"https:\/\/hoyre.no\/baerum\/aktuelt\/ap_bruker_mer_raskere\/#breadcrumb\",\"itemListElement\":[{\"@type\":\"ListItem\",\"position\":1,\"name\":\"Til hoyre.no\",\"item\":\"https:\/\/hoyre.no\"},{\"@type\":\"ListItem\",\"position\":2,\"name\":\"Hjem\",\"item\":\"https:\/\/hoyre.no\/baerum\/\"},{\"@type\":\"ListItem\",\"position\":3,\"name\":\"Ap bruker mer penger, raskere\"}]},{\"@type\":\"WebSite\",\"@id\":\"https:\/\/hoyre.no\/baerum\/#website\",\"url\":\"https:\/\/hoyre.no\/baerum\/\",\"name\":\"B\u00e6rum H\u00f8yre\",\"description\":\"Bare enda et H\u00f8yres nettsteder-nettsted\",\"inLanguage\":\"nb-NO\"}]}<\/script>\n<!-- \/ Yoast SEO plugin. -->","yoast_head_json":{"title":"Ap bruker mer penger, raskere - B\u00e6rum H\u00f8yre","robots":{"index":"index","follow":"follow","max-snippet":"max-snippet:-1","max-image-preview":"max-image-preview:large","max-video-preview":"max-video-preview:-1"},"canonical":"https:\/\/hoyre.no\/baerum\/aktuelt\/ap_bruker_mer_raskere\/","og_locale":"nb_NO","og_type":"article","og_title":"Ap bruker mer penger, raskere - B\u00e6rum H\u00f8yre","og_url":"https:\/\/hoyre.no\/baerum\/aktuelt\/ap_bruker_mer_raskere\/","og_site_name":"B\u00e6rum H\u00f8yre","article_published_time":"2018-05-12T20:00:00+00:00","og_image":[{"url":"https:\/\/hoyre.no\/content\/uploads\/sites\/200\/2026\/04\/Trine-Lise-Ostlund-Blime-priv-red.jpg","width":"","height":"","type":""}],"twitter_card":"summary_large_image","twitter_misc":{"Ansl. lesetid":"3 minutter"},"schema":{"@context":"https:\/\/schema.org","@graph":[{"@type":"NewsArticle","@id":"https:\/\/hoyre.no\/baerum\/aktuelt\/ap_bruker_mer_raskere\/","url":"https:\/\/hoyre.no\/baerum\/aktuelt\/ap_bruker_mer_raskere\/","name":"Ap bruker mer penger, raskere - B\u00e6rum H\u00f8yre","isPartOf":{"@id":"https:\/\/hoyre.no\/baerum\/#website"},"datePublished":"2018-05-12T20:00:00+00:00","author":{"@id":""},"breadcrumb":{"@id":"https:\/\/hoyre.no\/baerum\/aktuelt\/ap_bruker_mer_raskere\/#breadcrumb"},"inLanguage":"nb-NO","potentialAction":[{"@type":"ReadAction","target":["https:\/\/hoyre.no\/baerum\/aktuelt\/ap_bruker_mer_raskere\/"]}]},{"@type":"BreadcrumbList","@id":"https:\/\/hoyre.no\/baerum\/aktuelt\/ap_bruker_mer_raskere\/#breadcrumb","itemListElement":[{"@type":"ListItem","position":1,"name":"Til hoyre.no","item":"https:\/\/hoyre.no"},{"@type":"ListItem","position":2,"name":"Hjem","item":"https:\/\/hoyre.no\/baerum\/"},{"@type":"ListItem","position":3,"name":"Ap bruker mer penger, raskere"}]},{"@type":"WebSite","@id":"https:\/\/hoyre.no\/baerum\/#website","url":"https:\/\/hoyre.no\/baerum\/","name":"B\u00e6rum H\u00f8yre","description":"Bare enda et H\u00f8yres nettsteder-nettsted","inLanguage":"nb-NO"}]}},"distributor_meta":false,"distributor_terms":false,"distributor_media":false,"distributor_original_site_name":"B\u00e6rum H\u00f8yre","distributor_original_site_url":"https:\/\/hoyre.no\/baerum","push-errors":false,"_links":{"self":[{"href":"https:\/\/hoyre.no\/baerum\/wp-json\/wp\/v2\/posts\/215","targetHints":{"allow":["GET"]}}],"collection":[{"href":"https:\/\/hoyre.no\/baerum\/wp-json\/wp\/v2\/posts"}],"about":[{"href":"https:\/\/hoyre.no\/baerum\/wp-json\/wp\/v2\/types\/post"}],"replies":[{"embeddable":true,"href":"https:\/\/hoyre.no\/baerum\/wp-json\/wp\/v2\/comments?post=215"}],"version-history":[{"count":0,"href":"https:\/\/hoyre.no\/baerum\/wp-json\/wp\/v2\/posts\/215\/revisions"}],"wp:attachment":[{"href":"https:\/\/hoyre.no\/baerum\/wp-json\/wp\/v2\/media?parent=215"}],"wp:term":[{"taxonomy":"category","embeddable":true,"href":"https:\/\/hoyre.no\/baerum\/wp-json\/wp\/v2\/category?post=215"},{"taxonomy":"post_tag","embeddable":true,"href":"https:\/\/hoyre.no\/baerum\/wp-json\/wp\/v2\/post_tag?post=215"},{"taxonomy":"hoyre-visibility","embeddable":true,"href":"https:\/\/hoyre.no\/baerum\/wp-json\/wp\/v2\/hoyre-visibility?post=215"},{"taxonomy":"article-type","embeddable":true,"href":"https:\/\/hoyre.no\/baerum\/wp-json\/wp\/v2\/article-type?post=215"},{"taxonomy":"politician","embeddable":true,"href":"https:\/\/hoyre.no\/baerum\/wp-json\/wp\/v2\/politician?post=215"}],"curies":[{"name":"wp","href":"https:\/\/api.w.org\/{rel}","templated":true}]}}