{"id":27,"date":"2016-07-06T12:07:01","date_gmt":"2016-07-06T10:07:01","guid":{"rendered":"https:\/\/hoyre.no\/baerum\/aktuelt\/asker-og-brum-norges-powerhouse\/"},"modified":"2016-07-06T12:07:01","modified_gmt":"2016-07-06T10:07:01","slug":"asker-og-brum-norges-powerhouse","status":"publish","type":"post","link":"https:\/\/hoyre.no\/baerum\/aktuelt\/asker-og-brum-norges-powerhouse\/","title":{"rendered":"Asker og B\u00e6rum: Norges powerhouse"},"content":{"rendered":"<p class=\"preamble\">Fremtiden ligger i v\u00e5r hender. Denne klisjeen har vi alle h\u00f8rt utallige mange ganger f\u00f8r, men uttrykket har f\u00e5tt en spesiell betydning n\u00e5 som oljeprisen er lav og lokale arbeidsplasser er truet. Asker og B\u00e6rum m\u00e5 utforme en visjon, ikke bare for hvordan det skal v\u00e6re \u00e5 bo og vokse opp i kommunene, men ogs\u00e5 for hvordan det skal v\u00e6re \u00e5 jobbe og \u00e5 drive n\u00e6ring her. Vi mener vi har den visjonen. AvSebastian Otterhals, kandidat for H\u00f8yre i B\u00e6rum, ogDidrik Dewan, kandidat for H\u00f8yre i Asker<\/p>\t\t\t<div class=\"post-meta wp-block teft-byline-wrapper\">\n\t\t\t\t<div class=\"top\">\n\t\t\t\t\t<div class=\"signature\">\n\t\t\t\t\t\t<div class=\"teft-byline\">\n\t\t\t\t\t\t\t\t\t\t\t\t\t\t<div>\n\t\t\t\t\t\t\t\t<h3>H\u00f8yres redaksjon<\/h3>\t\t\t\t\t\t\t\t\n\t\t\t\t\t\t\t\t\t\t\t\t\t\t\t\t\t<span class=\"date\">Sist oppdatert: 6. juli 2016<\/span>\n\t\t\t\t\t\t\t\t\t\t\t\t\t\t\t\t\t\t\t\t\t\t\t\t\t<span class=\"reading-time\" itemprop=\"timeRequired\" content=\"PT3M\"><em>Ca. 3 minutter lesetid<\/em><\/span>\n\t\t\t\t\t\t\t\t\t\t\t\t\t\t\t<\/div>\n\t\t\t\t\t\t<\/div>\n\t\t\t\t\t<\/div>\n\t\t\t\t\t\t<div class=\"sharing\">\n\t\t<a class=\"share-button share-link copy-link\" data-copy=\"https:\/\/hoyre.no\/baerum\/aktuelt\/asker-og-brum-norges-powerhouse\/\" target=\"_blank\"><span class=\"screen-reader-text\">Del link<\/span><\/a>\n\t\t<a class=\"share-button share-twitter\" href=\"http:\/\/twitter.com\/share?text=Asker og B\u00e6rum: Norges powerhouse&#038;url=https:\/\/hoyre.no\/baerum\/aktuelt\/asker-og-brum-norges-powerhouse\/&#038;hashtags=Hoyre\" target=\"_blank\"><span class=\"screen-reader-text\">Del p\u00e5 twitter<\/span><\/a>\n\t\t<a class=\"share-button share-facebook\" href=\"https:\/\/www.facebook.com\/sharer\/sharer.php?u=https:\/\/hoyre.no\/baerum\/aktuelt\/asker-og-brum-norges-powerhouse\/\" target=\"_blank\"><span class=\"screen-reader-text\">Del p\u00e5 facebook<\/span><\/a>\n\t<\/div>\n\t\t\t\t\t<\/div>\n\t\t\t<\/div>\n\n\t\t\t<figure class=\"hoyre-image-wrapper\"><div class=\"hoyre-image\"><img loading=\"lazy\" decoding=\"async\" width=\"552\" height=\"408\" src=\"https:\/\/hoyre.no\/content\/uploads\/sites\/200\/2020\/11\/sebastian-og-didrik.jpg\" class=\"attachment-scaled size-scaled\" alt=\"\" style=\"object-position: 50% 50%\" srcset=\"https:\/\/hoyre.no\/content\/uploads\/sites\/200\/2020\/11\/sebastian-og-didrik.jpg 552w, https:\/\/hoyre.no\/content\/uploads\/sites\/200\/2020\/11\/sebastian-og-didrik-300x222.jpg 300w\" sizes=\"auto, (max-width: 552px) 100vw, 552px\" \/><\/div><\/figure><div id=\"hoyre-old-article-content-wrapper\"><p>Da vi satte v\u00e5re hoder sammen for \u00e5 tenke ut denne visjonene s\u00e5 vi f\u00f8rst etter hvilke styrker v\u00e5re kommuner har. Den fant vi i menneskene som bor her. Befolkningen i Asker og B\u00e6rum er ressurssterke og kunnskapsrike mennesker. Det mener vi har lagt grunnlaget for at regionen kan bli Norges ledende teknologikommuner. Asker og B\u00e6rum m\u00e5 ha en visjon om \u00e5 bli et &laquo;Powerhouse&raquo; for innovasjon og nyskapning. Bare da kan vi forlate fortidens oljebaserte \u00f8konomi, og tre inn i fremtidens gr\u00f8nne og kunnskapsbaserte samfunn.<strong><em><\/em><\/strong><\/p><p>Som ungdomspolitikere og kandidater til h\u00f8stens kommunevalg er vi opptatt av at de unge som reiser ut for \u00e5 studere har arbeidsplasser \u00e5 komme tilbake til. Da vi s\u00e5 ut i verden etter eksempler p\u00e5 gode l\u00f8sninger ble vi inspirert av utviklingen man har sett i den s\u00e5kalte &laquo;Silicon Valley&raquo; i USA. Her har en rekke teknologi- og kunnskapsbaserte bedrifter etablert seg, og det fortsetter \u00e5 v\u00e6re en f\u00f8destue for nyskapende og innoverende selskaper. Vi mener det samme er mulig \u00e5 gj\u00f8re i Asker og B\u00e6rum. Dette vil l\u00f8fte kommunene v\u00e5re til nye h\u00f8yder, og dermed sikre fremtidens velferd i flere generasjoner.<\/p><p>En forutsetning for \u00e5 f\u00e5 til et slikt prosjekt er \u00e5 etablere et godt samarbeid mellom utdanningsinstitusjonene og bedriftene i omr\u00e5det. Slik kan vi s\u00f8rge for at kunnskapen som finnes blir utnyttet og skaper lokale arbeidsplasser. Kunnskapssenteret i Sandvika er et godt eksempel p\u00e5 at regionen er attraktiv for universiteter og h\u00f8yskoler. Slike prosjekter trengs, og derfor \u00f8nsker vi \u00e5 tilrettelegge for etableringen av flere slike institusjoner i Asker og B\u00e6rum. Hvis kunnskapen utvikles i regionen finnes det ingen grenser for hvor langt man kan n\u00e5. Videre er det ogs\u00e5 viktig \u00e5 involvere de videreg\u00e5ende skolene. Disse, sammen med institusjoner for h\u00f8yere utdanning, som UiO, HiOA, og NMBU, m\u00e5 trekkes inn i samarbeidet med lokale bedrifter slik at vi kan skape et kunnskapsmilj\u00f8.<\/p><p><strong><em><\/em><\/strong>M\u00e5 tenke milj\u00f8<\/p><p>Hvis denne visjonen skal realiseres m\u00e5 vi overkomme enkelte utfordringer. Dersom flere skal jobbe, studere og bo i regionen vil dette sette enda st\u00f8rre press p\u00e5 infrastrukturen. For at prosjektet skal v\u00e6re mulig m\u00e5 dagens infrastruktur oppgraderes. Vi m\u00e5 ha bedre veier og flere sykkelveier. Fremtidens \u00f8konomi er gr\u00f8nn, og da m\u00e5 s\u00f8rge for at samferdsel i v\u00e5r region er det samme. For \u00e5 n\u00e5 v\u00e5re m\u00e5l for utslippsreduksjon m\u00e5 vi ha flere togavganger og bedre kollektivtilbud. Utviklingen m\u00e5 skje i n\u00e6rheten av knutepunktene og tettstedene.  Samtidig m\u00e5 vi satse p\u00e5 \u00e5 bygge flere boliger for unge i kommunene. Hvis unge og andre i oppstartfasen skal kunne etablere seg her s\u00e5 m\u00e5 boligprisene ligge innenfor rimelighetens grenser. <strong><em><\/em><\/strong><\/p><p>De unges fremtid<\/p><p>Asker og B\u00e6rum har potensialet til \u00e5 bli Norges ledende kommuner for innovasjon og nyskapning. Vi har kunnskapen og vi har midlene. N\u00e5 har vi ogs\u00e5 visjonen. Som ungdomspolitikere tar vi opp kampen for \u00e5 n\u00e5 disse m\u00e5lene hver eneste dag. Fremtidens gr\u00f8nne og kunnskapsbaserte \u00f8konomi vil skape flere lokale arbeidsplasser i alle sektorer og gagner hele samfunnet. Dette er en viktig sak. Det er tross alt de unges fremtid det er snakk om.<em><\/em><\/p><br \/><\/div>\n<div class=\"tags\">\n\t<\/div>\n<div class=\"post-footer alignfull has-background block-editor-block-list__block\" data-align=full>\n\t<div class=\"post-footer-inner\">\n\t\t<h3>Relaterte artikler<\/h3>\n\t\t<div class=\"related-content\"><div class=\"is-card-hoyre\">\n\t<div class=\"teft-card hoyre-teft-card post-teft-card\">\n\t\t<a href=\"https:\/\/hoyre.no\/baerum\/aktuelt\/nominasjon-i-baerum-hoyre-3\/\" class=\"teft-card__primary-action\">\n\n\t\t\t\t\t<div class=\"teft-card__media teft-card__media--16-9\">\n\t\t\t\t\t\t<img loading=\"lazy\" decoding=\"async\" width=\"768\" height=\"512\" src=\"https:\/\/hoyre.no\/content\/uploads\/sites\/200\/2025\/11\/Trine-Lise-Foto-CF-Wesenberg-red-768x512.jpg\" class=\"attachment-medium_large size-medium_large\" alt=\"\" srcset=\"https:\/\/hoyre.no\/content\/uploads\/sites\/200\/2025\/11\/Trine-Lise-Foto-CF-Wesenberg-red-768x512.jpg 768w, https:\/\/hoyre.no\/content\/uploads\/sites\/200\/2025\/11\/Trine-Lise-Foto-CF-Wesenberg-red-300x200.jpg 300w, https:\/\/hoyre.no\/content\/uploads\/sites\/200\/2025\/11\/Trine-Lise-Foto-CF-Wesenberg-red-1024x683.jpg 1024w, https:\/\/hoyre.no\/content\/uploads\/sites\/200\/2025\/11\/Trine-Lise-Foto-CF-Wesenberg-red.jpg 1200w\" sizes=\"auto, (max-width: 768px) 100vw, 768px\" \/>\t\t<\/div>\n\t\t\n\t\t\t<div class=\"teft-card__content-wrapper\">\n\t\t\t\t<div class=\"teft-card__secondary\">\n\t\t\t\t\t\n\t\t\t\t\t\t\t\t<div class=\"teft-card__meta\">\n\t\t\t\t\t\t\t\t\t<span class=\"post-date\">9. apr 2026<\/span>\n\n\t\t\t\t\t\t\t\t\t<span class=\"post-category\">Nyheter<\/span>\t\t\t\t\t\t\t\t<\/div>\n\t\t\t\t\t\t\t\t\t\t\t<\/div>\n\n\t\t\t\t<div class=\"teft-card__primary\">\n\t\t\t\t\t<h2 class=\"teft-card__title\">Nominasjon i B\u00e6rum H\u00f8yre&nbsp;<span class=\"teft-card__primary-title-append\"><\/span><\/h2>\t\t\t\t<\/div>\n\t\t\t<\/div>\n\t\t<\/a>\n\t<\/div>\n\n\t<\/div><div class=\"is-card-hoyre\">\n\t<div class=\"teft-card hoyre-teft-card post-teft-card\">\n\t\t<a href=\"https:\/\/hoyre.no\/baerum\/aktuelt\/dagtilbudet-skal-vaere-trygt-godt-og-meningsfullt\/\" class=\"teft-card__primary-action\">\n\n\t\t\t\t\t<div class=\"teft-card__media teft-card__media--16-9\">\n\t\t\t\t\t\t<img loading=\"lazy\" decoding=\"async\" width=\"768\" height=\"511\" src=\"https:\/\/hoyre.no\/content\/uploads\/sites\/200\/2025\/12\/Wenche-Steen-og-Haakon-Sandven-768x511.jpg\" class=\"attachment-medium_large size-medium_large\" alt=\"\" srcset=\"https:\/\/hoyre.no\/content\/uploads\/sites\/200\/2025\/12\/Wenche-Steen-og-Haakon-Sandven-768x511.jpg 768w, https:\/\/hoyre.no\/content\/uploads\/sites\/200\/2025\/12\/Wenche-Steen-og-Haakon-Sandven-300x200.jpg 300w, https:\/\/hoyre.no\/content\/uploads\/sites\/200\/2025\/12\/Wenche-Steen-og-Haakon-Sandven.jpg 944w\" sizes=\"auto, (max-width: 768px) 100vw, 768px\" \/>\t\t<\/div>\n\t\t\n\t\t\t<div class=\"teft-card__content-wrapper\">\n\t\t\t\t<div class=\"teft-card__secondary\">\n\t\t\t\t\t\n\t\t\t\t\t\t\t\t<div class=\"teft-card__meta\">\n\t\t\t\t\t\t\t\t\t<span class=\"post-date\">25. apr 2026<\/span>\n\n\t\t\t\t\t\t\t\t\t<span class=\"post-category\">Nyheter<\/span>\t\t\t\t\t\t\t\t<\/div>\n\t\t\t\t\t\t\t\t\t\t\t<\/div>\n\n\t\t\t\t<div class=\"teft-card__primary\">\n\t\t\t\t\t<h2 class=\"teft-card__title\">Dagtilbudet skal v\u00e6re trygt, godt og meningsfullt&nbsp;<span class=\"teft-card__primary-title-append\"><\/span><\/h2>\t\t\t\t<\/div>\n\t\t\t<\/div>\n\t\t<\/a>\n\t<\/div>\n\n\t<\/div><div class=\"is-card-hoyre\">\n\t<div class=\"teft-card hoyre-teft-card post-teft-card\">\n\t\t<a href=\"https:\/\/hoyre.no\/baerum\/aktuelt\/mer-idrettsglede-til-barn-og-unge\/\" class=\"teft-card__primary-action\">\n\n\t\t\t\t\t<div class=\"teft-card__media teft-card__media--16-9\">\n\t\t\t\t\t\t<img loading=\"lazy\" decoding=\"async\" width=\"768\" height=\"1024\" src=\"https:\/\/hoyre.no\/content\/uploads\/sites\/200\/2026\/04\/Trine-Lise-Ostlund-Blime-idrett-privat-768x1024.jpg\" class=\"attachment-medium_large size-medium_large\" alt=\"\" srcset=\"https:\/\/hoyre.no\/content\/uploads\/sites\/200\/2026\/04\/Trine-Lise-Ostlund-Blime-idrett-privat-768x1024.jpg 768w, https:\/\/hoyre.no\/content\/uploads\/sites\/200\/2026\/04\/Trine-Lise-Ostlund-Blime-idrett-privat-225x300.jpg 225w, https:\/\/hoyre.no\/content\/uploads\/sites\/200\/2026\/04\/Trine-Lise-Ostlund-Blime-idrett-privat.jpg 900w\" sizes=\"auto, (max-width: 768px) 100vw, 768px\" \/>\t\t<\/div>\n\t\t\n\t\t\t<div class=\"teft-card__content-wrapper\">\n\t\t\t\t<div class=\"teft-card__secondary\">\n\t\t\t\t\t\n\t\t\t\t\t\t\t\t<div class=\"teft-card__meta\">\n\t\t\t\t\t\t\t\t\t<span class=\"post-date\">20. apr 2026<\/span>\n\n\t\t\t\t\t\t\t\t\t<span class=\"post-category\">Nyheter<\/span>\t\t\t\t\t\t\t\t<\/div>\n\t\t\t\t\t\t\t\t\t\t\t<\/div>\n\n\t\t\t\t<div class=\"teft-card__primary\">\n\t\t\t\t\t<h2 class=\"teft-card__title\">Mer idrettsglede til barn og unge&nbsp;<span class=\"teft-card__primary-title-append\"><\/span><\/h2>\t\t\t\t<\/div>\n\t\t\t<\/div>\n\t\t<\/a>\n\t<\/div>\n\n\t<\/div><\/div>\t<\/div>\n<\/div>\n","protected":false},"excerpt":{"rendered":"","protected":false},"author":0,"featured_media":0,"comment_status":"closed","ping_status":"closed","sticky":false,"template":"","format":"standard","meta":{"teft_cards_image_url":"https:\/\/hoyre.no\/content\/uploads\/sites\/200\/2020\/11\/sebastian-og-didrik.jpg","teft_cards_custom_pretitle":"","teft_cards_image_id":26,"teft_cards_image_focal_point_x":0,"teft_cards_image_focal_point_y":0,"teft_cards_title":"","teft_cards_excerpt":"","teft_show_chapters":false,"author_display_name":"Karin \u00d8deg\u00e5rd Monsen","footnotes":""},"category":[1],"post_tag":[],"hoyre-visibility":[],"article-type":[],"politician":[],"class_list":["post-27","post","type-post","status-publish","format-standard","hentry","category-ukategorisert"],"yoast_head":"<!-- This site is optimized with the Yoast SEO plugin v26.6 - https:\/\/yoast.com\/wordpress\/plugins\/seo\/ -->\n<title>Asker og B\u00e6rum: Norges powerhouse - B\u00e6rum H\u00f8yre<\/title>\n<meta name=\"robots\" content=\"index, follow, max-snippet:-1, max-image-preview:large, max-video-preview:-1\" \/>\n<link rel=\"canonical\" href=\"https:\/\/hoyre.no\/baerum\/aktuelt\/asker-og-brum-norges-powerhouse\/\" \/>\n<meta property=\"og:locale\" content=\"nb_NO\" \/>\n<meta property=\"og:type\" content=\"article\" \/>\n<meta property=\"og:title\" content=\"Asker og B\u00e6rum: Norges powerhouse - B\u00e6rum H\u00f8yre\" \/>\n<meta property=\"og:url\" content=\"https:\/\/hoyre.no\/baerum\/aktuelt\/asker-og-brum-norges-powerhouse\/\" \/>\n<meta property=\"og:site_name\" content=\"B\u00e6rum H\u00f8yre\" \/>\n<meta property=\"article:published_time\" content=\"2016-07-06T10:07:01+00:00\" \/>\n<meta property=\"og:image\" content=\"https:\/\/hoyre.no\/content\/uploads\/sites\/200\/2026\/04\/Trine-Lise-Ostlund-Blime-priv-red.jpg\" \/>\n<meta name=\"twitter:card\" content=\"summary_large_image\" \/>\n<meta name=\"twitter:label1\" content=\"Ansl. lesetid\" \/>\n\t<meta name=\"twitter:data1\" content=\"3 minutter\" \/>\n<script type=\"application\/ld+json\" class=\"yoast-schema-graph\">{\"@context\":\"https:\/\/schema.org\",\"@graph\":[{\"@type\":\"NewsArticle\",\"@id\":\"https:\/\/hoyre.no\/baerum\/aktuelt\/asker-og-brum-norges-powerhouse\/\",\"url\":\"https:\/\/hoyre.no\/baerum\/aktuelt\/asker-og-brum-norges-powerhouse\/\",\"name\":\"Asker og B\u00e6rum: Norges powerhouse - B\u00e6rum H\u00f8yre\",\"isPartOf\":{\"@id\":\"https:\/\/hoyre.no\/baerum\/#website\"},\"datePublished\":\"2016-07-06T10:07:01+00:00\",\"author\":{\"@id\":\"\"},\"breadcrumb\":{\"@id\":\"https:\/\/hoyre.no\/baerum\/aktuelt\/asker-og-brum-norges-powerhouse\/#breadcrumb\"},\"inLanguage\":\"nb-NO\",\"potentialAction\":[{\"@type\":\"ReadAction\",\"target\":[\"https:\/\/hoyre.no\/baerum\/aktuelt\/asker-og-brum-norges-powerhouse\/\"]}]},{\"@type\":\"BreadcrumbList\",\"@id\":\"https:\/\/hoyre.no\/baerum\/aktuelt\/asker-og-brum-norges-powerhouse\/#breadcrumb\",\"itemListElement\":[{\"@type\":\"ListItem\",\"position\":1,\"name\":\"Til hoyre.no\",\"item\":\"https:\/\/hoyre.no\"},{\"@type\":\"ListItem\",\"position\":2,\"name\":\"Hjem\",\"item\":\"https:\/\/hoyre.no\/baerum\/\"},{\"@type\":\"ListItem\",\"position\":3,\"name\":\"Asker og B\u00e6rum: Norges powerhouse\"}]},{\"@type\":\"WebSite\",\"@id\":\"https:\/\/hoyre.no\/baerum\/#website\",\"url\":\"https:\/\/hoyre.no\/baerum\/\",\"name\":\"B\u00e6rum H\u00f8yre\",\"description\":\"Bare enda et H\u00f8yres nettsteder-nettsted\",\"inLanguage\":\"nb-NO\"}]}<\/script>\n<!-- \/ Yoast SEO plugin. -->","yoast_head_json":{"title":"Asker og B\u00e6rum: Norges powerhouse - B\u00e6rum H\u00f8yre","robots":{"index":"index","follow":"follow","max-snippet":"max-snippet:-1","max-image-preview":"max-image-preview:large","max-video-preview":"max-video-preview:-1"},"canonical":"https:\/\/hoyre.no\/baerum\/aktuelt\/asker-og-brum-norges-powerhouse\/","og_locale":"nb_NO","og_type":"article","og_title":"Asker og B\u00e6rum: Norges powerhouse - B\u00e6rum H\u00f8yre","og_url":"https:\/\/hoyre.no\/baerum\/aktuelt\/asker-og-brum-norges-powerhouse\/","og_site_name":"B\u00e6rum H\u00f8yre","article_published_time":"2016-07-06T10:07:01+00:00","og_image":[{"url":"https:\/\/hoyre.no\/content\/uploads\/sites\/200\/2026\/04\/Trine-Lise-Ostlund-Blime-priv-red.jpg","width":"","height":"","type":""}],"twitter_card":"summary_large_image","twitter_misc":{"Ansl. lesetid":"3 minutter"},"schema":{"@context":"https:\/\/schema.org","@graph":[{"@type":"NewsArticle","@id":"https:\/\/hoyre.no\/baerum\/aktuelt\/asker-og-brum-norges-powerhouse\/","url":"https:\/\/hoyre.no\/baerum\/aktuelt\/asker-og-brum-norges-powerhouse\/","name":"Asker og B\u00e6rum: Norges powerhouse - B\u00e6rum H\u00f8yre","isPartOf":{"@id":"https:\/\/hoyre.no\/baerum\/#website"},"datePublished":"2016-07-06T10:07:01+00:00","author":{"@id":""},"breadcrumb":{"@id":"https:\/\/hoyre.no\/baerum\/aktuelt\/asker-og-brum-norges-powerhouse\/#breadcrumb"},"inLanguage":"nb-NO","potentialAction":[{"@type":"ReadAction","target":["https:\/\/hoyre.no\/baerum\/aktuelt\/asker-og-brum-norges-powerhouse\/"]}]},{"@type":"BreadcrumbList","@id":"https:\/\/hoyre.no\/baerum\/aktuelt\/asker-og-brum-norges-powerhouse\/#breadcrumb","itemListElement":[{"@type":"ListItem","position":1,"name":"Til hoyre.no","item":"https:\/\/hoyre.no"},{"@type":"ListItem","position":2,"name":"Hjem","item":"https:\/\/hoyre.no\/baerum\/"},{"@type":"ListItem","position":3,"name":"Asker og B\u00e6rum: Norges powerhouse"}]},{"@type":"WebSite","@id":"https:\/\/hoyre.no\/baerum\/#website","url":"https:\/\/hoyre.no\/baerum\/","name":"B\u00e6rum H\u00f8yre","description":"Bare enda et H\u00f8yres nettsteder-nettsted","inLanguage":"nb-NO"}]}},"distributor_meta":false,"distributor_terms":false,"distributor_media":false,"distributor_original_site_name":"B\u00e6rum H\u00f8yre","distributor_original_site_url":"https:\/\/hoyre.no\/baerum","push-errors":false,"_links":{"self":[{"href":"https:\/\/hoyre.no\/baerum\/wp-json\/wp\/v2\/posts\/27","targetHints":{"allow":["GET"]}}],"collection":[{"href":"https:\/\/hoyre.no\/baerum\/wp-json\/wp\/v2\/posts"}],"about":[{"href":"https:\/\/hoyre.no\/baerum\/wp-json\/wp\/v2\/types\/post"}],"replies":[{"embeddable":true,"href":"https:\/\/hoyre.no\/baerum\/wp-json\/wp\/v2\/comments?post=27"}],"version-history":[{"count":0,"href":"https:\/\/hoyre.no\/baerum\/wp-json\/wp\/v2\/posts\/27\/revisions"}],"wp:attachment":[{"href":"https:\/\/hoyre.no\/baerum\/wp-json\/wp\/v2\/media?parent=27"}],"wp:term":[{"taxonomy":"category","embeddable":true,"href":"https:\/\/hoyre.no\/baerum\/wp-json\/wp\/v2\/category?post=27"},{"taxonomy":"post_tag","embeddable":true,"href":"https:\/\/hoyre.no\/baerum\/wp-json\/wp\/v2\/post_tag?post=27"},{"taxonomy":"hoyre-visibility","embeddable":true,"href":"https:\/\/hoyre.no\/baerum\/wp-json\/wp\/v2\/hoyre-visibility?post=27"},{"taxonomy":"article-type","embeddable":true,"href":"https:\/\/hoyre.no\/baerum\/wp-json\/wp\/v2\/article-type?post=27"},{"taxonomy":"politician","embeddable":true,"href":"https:\/\/hoyre.no\/baerum\/wp-json\/wp\/v2\/politician?post=27"}],"curies":[{"name":"wp","href":"https:\/\/api.w.org\/{rel}","templated":true}]}}