{"id":35,"date":"2016-08-19T22:00:00","date_gmt":"2016-08-19T20:00:00","guid":{"rendered":"https:\/\/hoyre.no\/baerum\/aktuelt\/barumsskolen\/"},"modified":"2016-08-19T22:00:00","modified_gmt":"2016-08-19T20:00:00","slug":"barumsskolen","status":"publish","type":"post","link":"https:\/\/hoyre.no\/baerum\/aktuelt\/barumsskolen\/","title":{"rendered":"B\u00e6rumsskolen"},"content":{"rendered":"<p class=\"preamble\">I disse dager st\u00e5r b\u00e6rumsskolen klar til \u00e5 ta imot rekordmange 1700 nye og spente f\u00f8rsteklassinger. Alle er de sv\u00e6rt spente og klare for \u00e5 l\u00e6re \u2013 b\u00e5de \u00e5 skrive og lese og til \u00e5 f\u00e5 nye venner.<\/p>\t\t\t<div class=\"post-meta wp-block teft-byline-wrapper\">\n\t\t\t\t<div class=\"top\">\n\t\t\t\t\t<div class=\"signature\">\n\t\t\t\t\t\t<div class=\"teft-byline\">\n\t\t\t\t\t\t\t\t\t\t\t\t\t\t<div>\n\t\t\t\t\t\t\t\t<h3>H\u00f8yres redaksjon<\/h3>\t\t\t\t\t\t\t\t\n\t\t\t\t\t\t\t\t\t\t\t\t\t\t\t\t\t<span class=\"date\">Sist oppdatert: 19. august 2016<\/span>\n\t\t\t\t\t\t\t\t\t\t\t\t\t\t\t\t\t\t\t\t\t\t\t\t\t<span class=\"reading-time\" itemprop=\"timeRequired\" content=\"PT3M\"><em>Ca. 3 minutter lesetid<\/em><\/span>\n\t\t\t\t\t\t\t\t\t\t\t\t\t\t\t<\/div>\n\t\t\t\t\t\t<\/div>\n\t\t\t\t\t<\/div>\n\t\t\t\t\t\t<div class=\"sharing\">\n\t\t<a class=\"share-button share-link copy-link\" data-copy=\"https:\/\/hoyre.no\/baerum\/aktuelt\/barumsskolen\/\" target=\"_blank\"><span class=\"screen-reader-text\">Del link<\/span><\/a>\n\t\t<a class=\"share-button share-twitter\" href=\"http:\/\/twitter.com\/share?text=B\u00e6rumsskolen&#038;url=https:\/\/hoyre.no\/baerum\/aktuelt\/barumsskolen\/&#038;hashtags=Hoyre\" target=\"_blank\"><span class=\"screen-reader-text\">Del p\u00e5 twitter<\/span><\/a>\n\t\t<a class=\"share-button share-facebook\" href=\"https:\/\/www.facebook.com\/sharer\/sharer.php?u=https:\/\/hoyre.no\/baerum\/aktuelt\/barumsskolen\/\" target=\"_blank\"><span class=\"screen-reader-text\">Del p\u00e5 facebook<\/span><\/a>\n\t<\/div>\n\t\t\t\t\t<\/div>\n\t\t\t<\/div>\n\n\t\t\t<figure class=\"hoyre-image-wrapper\"><div class=\"hoyre-image\"><img loading=\"lazy\" decoding=\"async\" width=\"1509\" height=\"2268\" src=\"https:\/\/hoyre.no\/content\/uploads\/sites\/200\/2020\/11\/150427b-rum-103-edit.jpg\" class=\"attachment-scaled size-scaled\" alt=\"\" style=\"object-position: 50% 50%\" srcset=\"https:\/\/hoyre.no\/content\/uploads\/sites\/200\/2020\/11\/150427b-rum-103-edit.jpg 1509w, https:\/\/hoyre.no\/content\/uploads\/sites\/200\/2020\/11\/150427b-rum-103-edit-200x300.jpg 200w, https:\/\/hoyre.no\/content\/uploads\/sites\/200\/2020\/11\/150427b-rum-103-edit-681x1024.jpg 681w, https:\/\/hoyre.no\/content\/uploads\/sites\/200\/2020\/11\/150427b-rum-103-edit-768x1154.jpg 768w, https:\/\/hoyre.no\/content\/uploads\/sites\/200\/2020\/11\/150427b-rum-103-edit-1022x1536.jpg 1022w, https:\/\/hoyre.no\/content\/uploads\/sites\/200\/2020\/11\/150427b-rum-103-edit-1363x2048.jpg 1363w\" sizes=\"auto, (max-width: 1509px) 100vw, 1509px\" \/><\/div><\/figure><div id=\"hoyre-old-article-content-wrapper\"><p> V\u00e5re 2160 l\u00e6rere har hatt en velfortjent ferie, som jeg h\u00e5per har v\u00e6rt god. Jeg h\u00e5per ogs\u00e5 alle elever er klare til \u00e5 gyve l\u00f8s p\u00e5 et nytt skole\u00e5r etter en lang god ferie.  <\/p><p><\/p><p>Vi har grunn til \u00e5 v\u00e6re stolte av b\u00e6rumsskolen og de faglige resultatene v\u00e5re elever oppn\u00e5r. Stadig f\u00e5r vi bekreftet gjennom ulike unders\u00f8kelser at vi er i landstoppen. Men det holder ikke med kun de nasjonale m\u00e5lene. I en verden som stadig blir \u00abmindre\u00bb er det viktig at vi i b\u00e6rumsskolen setter oss internasjonale m\u00e5l. V\u00e5re elever skal ut i verden og konkurrere om de samme jobbene og studiestedene som elevene fra Hong Kong og San Fransisco. Vi skal gi dem ballasten!<\/p><p><\/p><p>Det er mange dyktige l\u00e6rere i B\u00e6rum, og sv\u00e6rt mange \u00f8nsker \u00e5 benytte seg av kommunens eget \u00abl\u00e6rerl\u00f8ft\u00bb og regjeringens satsing p\u00e5 etter- og videreutdanning. I \u00e5r f\u00e5r 147 av v\u00e5re l\u00e6rere denne muligheten.  Dette kommer i tillegg til de som allerede er i full gang med sin etter- og videreutdanning. 11 starter i \u00e5r p\u00e5 rektorskolen og 4 tar master i ledelse!<\/p><p><\/p><p>\u00abIt takes a village to raise a child\u00bb, sier et gammelt afrikansk ordtak. Alle elever har krav p\u00e5 en trygg skolehverdag. Skolen har et ansvar de aldri kan abdisere fra, men lykkes i langt st\u00f8rre grad n\u00e5r samspillet med FAU og foreldre er solid. N\u00e5 ansettes det ogs\u00e5 ytterligere en spesialr\u00e5dgiver som skal bist\u00e5 skolene i det forebyggende arbeidet mot mobbing og ivareta elevenes rettigheter. Det skal aldri tas hvileskj\u00e6r i dette arbeidet!<\/p><p><\/p><p>Alle elevene i b\u00e6rumsskolen skal f\u00e5 maksimalt utbytte av sin skolegang uansett behov, evner og talent. Satsingen p\u00e5 basisfagene norsk, engelsk og matematikk fortsetter.  I \u00e5r starter vi ogs\u00e5 en forsterket innsats for kreative og praktiske fag p\u00e5 ungdomstrinnet. <\/p><p><\/p><p>Digital undervisning er kommet for \u00e5 bli, ikke minst her i B\u00e6rum hvor vi er landsledende i arbeidet med \u00e5 innf\u00f8re en digital skolehverdag.  M\u00e5let er \u00e5 \u00f8ke elevenes faglige og personlige utbytte. Ikke minst via v\u00e5re egne l\u00e6rere ser og h\u00f8rer vi at de nye digitale undervisningsmetodene f\u00f8rer til bedre tilpasset undervisning for alle elever, og sosiale ulikheter utjevner seg raskere og bedre. <\/p><p><\/p><p>Den digitale skolehverdagen inneb\u00e6rer en omfattende endring i l\u00e6ring og l\u00e6ringsomgivelser, og   fra skolestart vil elever ved ti barneskoler og fem ungdomsskoler ha hvert sitt nettbrett som skal brukes i alle l\u00e6ringssituasjoner hvor det bidrar til bedre l\u00e6ring. Teknologien skal utnyttes i gode l\u00e6ringsprosesser hvor m\u00e5let er at elevene skal f\u00e5 maksimalt l\u00e6ringsutbytte med utgangspunkt i egne forutsetninger. N\u00e5 skal satsingen f\u00f8lges opp av uavhengig forskning som vil gi oss kunnskap om l\u00e6ring i teknologirike omgivelser og bidra til videre utvikling. I tillegg starter vi opp \u00abKidsa koder\u00bb p\u00e5 ti skoler og programmering som valgfag p\u00e5 fire ungdomsskoler.<\/p><p><\/p><p>Det gode samarbeidet mellom n\u00e6ringsliv og skoler skal videreutvikles slik at elevene f\u00e5r et tidlig innblikk i hvordan skolefagene brukes i praksis, og ikke minst alle mulighetene som \u00e5pner seg etter ferdig skolegang. <\/p><p><\/p><p>Om noen \u00e5r reiser dagens f\u00f8rsteklassinger ut i verden p\u00e5 vei til universiteter, h\u00f8yskoler og andre utdannelsesinstitusjoner i inn- og utland for \u00e5 bli gode l\u00e6rere, snekkere, r\u00f8rleggere, leger, ingeni\u00f8rer, jurister, arkitekter og skuespillere. I et levende og godt samfunn har vi behov for all den kunnskapen de allerede har, og fortsatt vil tilegne seg.<\/p><p><\/p><p>Jeg \u00f8nsker alle elever og l\u00e6rere velkommen tilbake til ett nytt og spennende skole\u00e5r. Alle nye f\u00f8rsteklassinger \u00f8nskes spesielt velkommen til b\u00e6rumsskolen.<\/p><p><\/p><p>Anne Lene W. Hojem (H)<\/p><p>Leder, Hovedutvalg barn og unge<\/p><p><\/p><p><\/p><p><\/p><p><\/p><p><br \/><\/p><\/div>\n<div class=\"tags\">\n\t<\/div>\n<div class=\"post-footer alignfull has-background block-editor-block-list__block\" data-align=full>\n\t<div class=\"post-footer-inner\">\n\t\t<h3>Relaterte artikler<\/h3>\n\t\t<div class=\"related-content\"><div class=\"is-card-hoyre\">\n\t<div class=\"teft-card hoyre-teft-card post-teft-card\">\n\t\t<a href=\"https:\/\/hoyre.no\/baerum\/aktuelt\/nominasjon-i-baerum-hoyre-3\/\" class=\"teft-card__primary-action\">\n\n\t\t\t\t\t<div class=\"teft-card__media teft-card__media--16-9\">\n\t\t\t\t\t\t<img loading=\"lazy\" decoding=\"async\" width=\"768\" height=\"512\" src=\"https:\/\/hoyre.no\/content\/uploads\/sites\/200\/2025\/11\/Trine-Lise-Foto-CF-Wesenberg-red-768x512.jpg\" class=\"attachment-medium_large size-medium_large\" alt=\"\" srcset=\"https:\/\/hoyre.no\/content\/uploads\/sites\/200\/2025\/11\/Trine-Lise-Foto-CF-Wesenberg-red-768x512.jpg 768w, https:\/\/hoyre.no\/content\/uploads\/sites\/200\/2025\/11\/Trine-Lise-Foto-CF-Wesenberg-red-300x200.jpg 300w, https:\/\/hoyre.no\/content\/uploads\/sites\/200\/2025\/11\/Trine-Lise-Foto-CF-Wesenberg-red-1024x683.jpg 1024w, https:\/\/hoyre.no\/content\/uploads\/sites\/200\/2025\/11\/Trine-Lise-Foto-CF-Wesenberg-red.jpg 1200w\" sizes=\"auto, (max-width: 768px) 100vw, 768px\" \/>\t\t<\/div>\n\t\t\n\t\t\t<div class=\"teft-card__content-wrapper\">\n\t\t\t\t<div class=\"teft-card__secondary\">\n\t\t\t\t\t\n\t\t\t\t\t\t\t\t<div class=\"teft-card__meta\">\n\t\t\t\t\t\t\t\t\t<span class=\"post-date\">9. apr 2026<\/span>\n\n\t\t\t\t\t\t\t\t\t<span class=\"post-category\">Nyheter<\/span>\t\t\t\t\t\t\t\t<\/div>\n\t\t\t\t\t\t\t\t\t\t\t<\/div>\n\n\t\t\t\t<div class=\"teft-card__primary\">\n\t\t\t\t\t<h2 class=\"teft-card__title\">Nominasjon i B\u00e6rum H\u00f8yre&nbsp;<span class=\"teft-card__primary-title-append\"><\/span><\/h2>\t\t\t\t<\/div>\n\t\t\t<\/div>\n\t\t<\/a>\n\t<\/div>\n\n\t<\/div><div class=\"is-card-hoyre\">\n\t<div class=\"teft-card hoyre-teft-card post-teft-card\">\n\t\t<a href=\"https:\/\/hoyre.no\/baerum\/aktuelt\/dagtilbudet-skal-vaere-trygt-godt-og-meningsfullt\/\" class=\"teft-card__primary-action\">\n\n\t\t\t\t\t<div class=\"teft-card__media teft-card__media--16-9\">\n\t\t\t\t\t\t<img loading=\"lazy\" decoding=\"async\" width=\"768\" height=\"511\" src=\"https:\/\/hoyre.no\/content\/uploads\/sites\/200\/2025\/12\/Wenche-Steen-og-Haakon-Sandven-768x511.jpg\" class=\"attachment-medium_large size-medium_large\" alt=\"\" srcset=\"https:\/\/hoyre.no\/content\/uploads\/sites\/200\/2025\/12\/Wenche-Steen-og-Haakon-Sandven-768x511.jpg 768w, https:\/\/hoyre.no\/content\/uploads\/sites\/200\/2025\/12\/Wenche-Steen-og-Haakon-Sandven-300x200.jpg 300w, https:\/\/hoyre.no\/content\/uploads\/sites\/200\/2025\/12\/Wenche-Steen-og-Haakon-Sandven.jpg 944w\" sizes=\"auto, (max-width: 768px) 100vw, 768px\" \/>\t\t<\/div>\n\t\t\n\t\t\t<div class=\"teft-card__content-wrapper\">\n\t\t\t\t<div class=\"teft-card__secondary\">\n\t\t\t\t\t\n\t\t\t\t\t\t\t\t<div class=\"teft-card__meta\">\n\t\t\t\t\t\t\t\t\t<span class=\"post-date\">25. apr 2026<\/span>\n\n\t\t\t\t\t\t\t\t\t<span class=\"post-category\">Nyheter<\/span>\t\t\t\t\t\t\t\t<\/div>\n\t\t\t\t\t\t\t\t\t\t\t<\/div>\n\n\t\t\t\t<div class=\"teft-card__primary\">\n\t\t\t\t\t<h2 class=\"teft-card__title\">Dagtilbudet skal v\u00e6re trygt, godt og meningsfullt&nbsp;<span class=\"teft-card__primary-title-append\"><\/span><\/h2>\t\t\t\t<\/div>\n\t\t\t<\/div>\n\t\t<\/a>\n\t<\/div>\n\n\t<\/div><div class=\"is-card-hoyre\">\n\t<div class=\"teft-card hoyre-teft-card post-teft-card\">\n\t\t<a href=\"https:\/\/hoyre.no\/baerum\/aktuelt\/mer-idrettsglede-til-barn-og-unge\/\" class=\"teft-card__primary-action\">\n\n\t\t\t\t\t<div class=\"teft-card__media teft-card__media--16-9\">\n\t\t\t\t\t\t<img loading=\"lazy\" decoding=\"async\" width=\"768\" height=\"1024\" src=\"https:\/\/hoyre.no\/content\/uploads\/sites\/200\/2026\/04\/Trine-Lise-Ostlund-Blime-idrett-privat-768x1024.jpg\" class=\"attachment-medium_large size-medium_large\" alt=\"\" srcset=\"https:\/\/hoyre.no\/content\/uploads\/sites\/200\/2026\/04\/Trine-Lise-Ostlund-Blime-idrett-privat-768x1024.jpg 768w, https:\/\/hoyre.no\/content\/uploads\/sites\/200\/2026\/04\/Trine-Lise-Ostlund-Blime-idrett-privat-225x300.jpg 225w, https:\/\/hoyre.no\/content\/uploads\/sites\/200\/2026\/04\/Trine-Lise-Ostlund-Blime-idrett-privat.jpg 900w\" sizes=\"auto, (max-width: 768px) 100vw, 768px\" \/>\t\t<\/div>\n\t\t\n\t\t\t<div class=\"teft-card__content-wrapper\">\n\t\t\t\t<div class=\"teft-card__secondary\">\n\t\t\t\t\t\n\t\t\t\t\t\t\t\t<div class=\"teft-card__meta\">\n\t\t\t\t\t\t\t\t\t<span class=\"post-date\">20. apr 2026<\/span>\n\n\t\t\t\t\t\t\t\t\t<span class=\"post-category\">Nyheter<\/span>\t\t\t\t\t\t\t\t<\/div>\n\t\t\t\t\t\t\t\t\t\t\t<\/div>\n\n\t\t\t\t<div class=\"teft-card__primary\">\n\t\t\t\t\t<h2 class=\"teft-card__title\">Mer idrettsglede til barn og unge&nbsp;<span class=\"teft-card__primary-title-append\"><\/span><\/h2>\t\t\t\t<\/div>\n\t\t\t<\/div>\n\t\t<\/a>\n\t<\/div>\n\n\t<\/div><\/div>\t<\/div>\n<\/div>\n","protected":false},"excerpt":{"rendered":"","protected":false},"author":0,"featured_media":0,"comment_status":"closed","ping_status":"closed","sticky":false,"template":"","format":"standard","meta":{"teft_cards_image_url":"https:\/\/hoyre.no\/content\/uploads\/sites\/200\/2020\/11\/150427b-rum-103-edit.jpg","teft_cards_custom_pretitle":"","teft_cards_image_id":34,"teft_cards_image_focal_point_x":0,"teft_cards_image_focal_point_y":0,"teft_cards_title":"","teft_cards_excerpt":"","teft_show_chapters":false,"author_display_name":"Anne Lene Hojem, leder Hovedutvalg barn og unge","footnotes":""},"category":[1],"post_tag":[],"hoyre-visibility":[],"article-type":[],"politician":[],"class_list":["post-35","post","type-post","status-publish","format-standard","hentry","category-ukategorisert"],"yoast_head":"<!-- This site is optimized with the Yoast SEO plugin v26.6 - https:\/\/yoast.com\/wordpress\/plugins\/seo\/ -->\n<title>B\u00e6rumsskolen - B\u00e6rum H\u00f8yre<\/title>\n<meta name=\"robots\" content=\"index, follow, max-snippet:-1, max-image-preview:large, max-video-preview:-1\" \/>\n<link rel=\"canonical\" href=\"https:\/\/hoyre.no\/baerum\/aktuelt\/barumsskolen\/\" \/>\n<meta property=\"og:locale\" content=\"nb_NO\" \/>\n<meta property=\"og:type\" content=\"article\" \/>\n<meta property=\"og:title\" content=\"B\u00e6rumsskolen - B\u00e6rum H\u00f8yre\" \/>\n<meta property=\"og:url\" content=\"https:\/\/hoyre.no\/baerum\/aktuelt\/barumsskolen\/\" \/>\n<meta property=\"og:site_name\" content=\"B\u00e6rum H\u00f8yre\" \/>\n<meta property=\"article:published_time\" content=\"2016-08-19T20:00:00+00:00\" \/>\n<meta property=\"og:image\" content=\"https:\/\/hoyre.no\/content\/uploads\/sites\/200\/2026\/04\/Trine-Lise-Ostlund-Blime-priv-red.jpg\" \/>\n<meta name=\"twitter:card\" content=\"summary_large_image\" \/>\n<meta name=\"twitter:label1\" content=\"Ansl. lesetid\" \/>\n\t<meta name=\"twitter:data1\" content=\"3 minutter\" \/>\n<script type=\"application\/ld+json\" class=\"yoast-schema-graph\">{\"@context\":\"https:\/\/schema.org\",\"@graph\":[{\"@type\":\"NewsArticle\",\"@id\":\"https:\/\/hoyre.no\/baerum\/aktuelt\/barumsskolen\/\",\"url\":\"https:\/\/hoyre.no\/baerum\/aktuelt\/barumsskolen\/\",\"name\":\"B\u00e6rumsskolen - B\u00e6rum H\u00f8yre\",\"isPartOf\":{\"@id\":\"https:\/\/hoyre.no\/baerum\/#website\"},\"datePublished\":\"2016-08-19T20:00:00+00:00\",\"author\":{\"@id\":\"\"},\"breadcrumb\":{\"@id\":\"https:\/\/hoyre.no\/baerum\/aktuelt\/barumsskolen\/#breadcrumb\"},\"inLanguage\":\"nb-NO\",\"potentialAction\":[{\"@type\":\"ReadAction\",\"target\":[\"https:\/\/hoyre.no\/baerum\/aktuelt\/barumsskolen\/\"]}]},{\"@type\":\"BreadcrumbList\",\"@id\":\"https:\/\/hoyre.no\/baerum\/aktuelt\/barumsskolen\/#breadcrumb\",\"itemListElement\":[{\"@type\":\"ListItem\",\"position\":1,\"name\":\"Til hoyre.no\",\"item\":\"https:\/\/hoyre.no\"},{\"@type\":\"ListItem\",\"position\":2,\"name\":\"Hjem\",\"item\":\"https:\/\/hoyre.no\/baerum\/\"},{\"@type\":\"ListItem\",\"position\":3,\"name\":\"B\u00e6rumsskolen\"}]},{\"@type\":\"WebSite\",\"@id\":\"https:\/\/hoyre.no\/baerum\/#website\",\"url\":\"https:\/\/hoyre.no\/baerum\/\",\"name\":\"B\u00e6rum H\u00f8yre\",\"description\":\"Bare enda et H\u00f8yres nettsteder-nettsted\",\"inLanguage\":\"nb-NO\"}]}<\/script>\n<!-- \/ Yoast SEO plugin. -->","yoast_head_json":{"title":"B\u00e6rumsskolen - B\u00e6rum H\u00f8yre","robots":{"index":"index","follow":"follow","max-snippet":"max-snippet:-1","max-image-preview":"max-image-preview:large","max-video-preview":"max-video-preview:-1"},"canonical":"https:\/\/hoyre.no\/baerum\/aktuelt\/barumsskolen\/","og_locale":"nb_NO","og_type":"article","og_title":"B\u00e6rumsskolen - B\u00e6rum H\u00f8yre","og_url":"https:\/\/hoyre.no\/baerum\/aktuelt\/barumsskolen\/","og_site_name":"B\u00e6rum H\u00f8yre","article_published_time":"2016-08-19T20:00:00+00:00","og_image":[{"url":"https:\/\/hoyre.no\/content\/uploads\/sites\/200\/2026\/04\/Trine-Lise-Ostlund-Blime-priv-red.jpg","width":"","height":"","type":""}],"twitter_card":"summary_large_image","twitter_misc":{"Ansl. lesetid":"3 minutter"},"schema":{"@context":"https:\/\/schema.org","@graph":[{"@type":"NewsArticle","@id":"https:\/\/hoyre.no\/baerum\/aktuelt\/barumsskolen\/","url":"https:\/\/hoyre.no\/baerum\/aktuelt\/barumsskolen\/","name":"B\u00e6rumsskolen - B\u00e6rum H\u00f8yre","isPartOf":{"@id":"https:\/\/hoyre.no\/baerum\/#website"},"datePublished":"2016-08-19T20:00:00+00:00","author":{"@id":""},"breadcrumb":{"@id":"https:\/\/hoyre.no\/baerum\/aktuelt\/barumsskolen\/#breadcrumb"},"inLanguage":"nb-NO","potentialAction":[{"@type":"ReadAction","target":["https:\/\/hoyre.no\/baerum\/aktuelt\/barumsskolen\/"]}]},{"@type":"BreadcrumbList","@id":"https:\/\/hoyre.no\/baerum\/aktuelt\/barumsskolen\/#breadcrumb","itemListElement":[{"@type":"ListItem","position":1,"name":"Til hoyre.no","item":"https:\/\/hoyre.no"},{"@type":"ListItem","position":2,"name":"Hjem","item":"https:\/\/hoyre.no\/baerum\/"},{"@type":"ListItem","position":3,"name":"B\u00e6rumsskolen"}]},{"@type":"WebSite","@id":"https:\/\/hoyre.no\/baerum\/#website","url":"https:\/\/hoyre.no\/baerum\/","name":"B\u00e6rum H\u00f8yre","description":"Bare enda et H\u00f8yres nettsteder-nettsted","inLanguage":"nb-NO"}]}},"distributor_meta":false,"distributor_terms":false,"distributor_media":false,"distributor_original_site_name":"B\u00e6rum H\u00f8yre","distributor_original_site_url":"https:\/\/hoyre.no\/baerum","push-errors":false,"_links":{"self":[{"href":"https:\/\/hoyre.no\/baerum\/wp-json\/wp\/v2\/posts\/35","targetHints":{"allow":["GET"]}}],"collection":[{"href":"https:\/\/hoyre.no\/baerum\/wp-json\/wp\/v2\/posts"}],"about":[{"href":"https:\/\/hoyre.no\/baerum\/wp-json\/wp\/v2\/types\/post"}],"replies":[{"embeddable":true,"href":"https:\/\/hoyre.no\/baerum\/wp-json\/wp\/v2\/comments?post=35"}],"version-history":[{"count":0,"href":"https:\/\/hoyre.no\/baerum\/wp-json\/wp\/v2\/posts\/35\/revisions"}],"wp:attachment":[{"href":"https:\/\/hoyre.no\/baerum\/wp-json\/wp\/v2\/media?parent=35"}],"wp:term":[{"taxonomy":"category","embeddable":true,"href":"https:\/\/hoyre.no\/baerum\/wp-json\/wp\/v2\/category?post=35"},{"taxonomy":"post_tag","embeddable":true,"href":"https:\/\/hoyre.no\/baerum\/wp-json\/wp\/v2\/post_tag?post=35"},{"taxonomy":"hoyre-visibility","embeddable":true,"href":"https:\/\/hoyre.no\/baerum\/wp-json\/wp\/v2\/hoyre-visibility?post=35"},{"taxonomy":"article-type","embeddable":true,"href":"https:\/\/hoyre.no\/baerum\/wp-json\/wp\/v2\/article-type?post=35"},{"taxonomy":"politician","embeddable":true,"href":"https:\/\/hoyre.no\/baerum\/wp-json\/wp\/v2\/politician?post=35"}],"curies":[{"name":"wp","href":"https:\/\/api.w.org\/{rel}","templated":true}]}}