{"id":535,"date":"2018-05-15T22:00:00","date_gmt":"2018-05-15T20:00:00","guid":{"rendered":"https:\/\/hoyre.no\/baerum\/aktuelt\/handlingsplan_mot_seksuell_trakassering\/"},"modified":"2018-05-15T22:00:00","modified_gmt":"2018-05-15T20:00:00","slug":"handlingsplan_mot_seksuell_trakassering","status":"publish","type":"post","link":"https:\/\/hoyre.no\/baerum\/aktuelt\/handlingsplan_mot_seksuell_trakassering\/","title":{"rendered":"Handlingsplan mot seksuell trakassering"},"content":{"rendered":"<p class=\"preamble\">Seksuelltrakassering og overgrep har alltid v\u00e6rt alvorlig og galt, men #metoo-kampanjenhar endret oss i en grad de f\u00e6rreste av oss kunne fatte. Vi skylder hverandre,og f\u00f8rst og fremst v\u00e5re barn og unge \u00e5 sikre at tryggheten for \u00e5 varsle blirholdt i hevd. Alle som blir utsatt for trakassering m\u00e5 v\u00e5ge \u00e5 si fra \u2013 sistopp.<\/p>\t\t\t<div class=\"post-meta wp-block teft-byline-wrapper\">\n\t\t\t\t<div class=\"top\">\n\t\t\t\t\t<div class=\"signature\">\n\t\t\t\t\t\t<div class=\"teft-byline\">\n\t\t\t\t\t\t\t\t\t\t\t\t\t\t<div>\n\t\t\t\t\t\t\t\t<h3>H\u00f8yres redaksjon<\/h3>\t\t\t\t\t\t\t\t\n\t\t\t\t\t\t\t\t\t\t\t\t\t\t\t\t\t<span class=\"date\">Sist oppdatert: 15. mai 2018<\/span>\n\t\t\t\t\t\t\t\t\t\t\t\t\t\t\t\t\t\t\t\t\t\t\t\t\t<span class=\"reading-time\" itemprop=\"timeRequired\" content=\"PT3M\"><em>Ca. 3 minutter lesetid<\/em><\/span>\n\t\t\t\t\t\t\t\t\t\t\t\t\t\t\t<\/div>\n\t\t\t\t\t\t<\/div>\n\t\t\t\t\t<\/div>\n\t\t\t\t\t\t<div class=\"sharing\">\n\t\t<a class=\"share-button share-link copy-link\" data-copy=\"https:\/\/hoyre.no\/baerum\/aktuelt\/handlingsplan_mot_seksuell_trakassering\/\" target=\"_blank\"><span class=\"screen-reader-text\">Del link<\/span><\/a>\n\t\t<a class=\"share-button share-twitter\" href=\"http:\/\/twitter.com\/share?text=Handlingsplan mot seksuell trakassering&#038;url=https:\/\/hoyre.no\/baerum\/aktuelt\/handlingsplan_mot_seksuell_trakassering\/&#038;hashtags=Hoyre\" target=\"_blank\"><span class=\"screen-reader-text\">Del p\u00e5 twitter<\/span><\/a>\n\t\t<a class=\"share-button share-facebook\" href=\"https:\/\/www.facebook.com\/sharer\/sharer.php?u=https:\/\/hoyre.no\/baerum\/aktuelt\/handlingsplan_mot_seksuell_trakassering\/\" target=\"_blank\"><span class=\"screen-reader-text\">Del p\u00e5 facebook<\/span><\/a>\n\t<\/div>\n\t\t\t\t\t<\/div>\n\t\t\t<\/div>\n\n\t\t\t<figure class=\"hoyre-image-wrapper\"><div class=\"hoyre-image\"><img loading=\"lazy\" decoding=\"async\" width=\"770\" height=\"567\" src=\"https:\/\/hoyre.no\/content\/uploads\/sites\/200\/2020\/11\/anne_lene_og_skoleba-1.jpg\" class=\"attachment-scaled size-scaled\" alt=\"\" style=\"object-position: 50% 50%\" srcset=\"https:\/\/hoyre.no\/content\/uploads\/sites\/200\/2020\/11\/anne_lene_og_skoleba-1.jpg 770w, https:\/\/hoyre.no\/content\/uploads\/sites\/200\/2020\/11\/anne_lene_og_skoleba-1-300x221.jpg 300w, https:\/\/hoyre.no\/content\/uploads\/sites\/200\/2020\/11\/anne_lene_og_skoleba-1-768x566.jpg 768w\" sizes=\"auto, (max-width: 770px) 100vw, 770px\" \/><\/div><\/figure><div id=\"hoyre-old-article-content-wrapper\"><p>  Seksuell trakassering arter seg p\u00e5 forskjellige m\u00e5ter. <\/p><ul><li>direkte bruk av ord som \u201dhore\u201d og \u201dhomse\u201d, kommentarer om kropp, utseende eller privatliv, samt forslag\/krav om seksuelle tjenester.<\/li><li>visning av pornografiske bilder, ryktespredning og spredning av bilder med seksuelt innhold p\u00e5 internett eller mobiltelefon.<\/li><li>u\u00f8nsket og ufrivillig seksuell kontakt som klemming, bef\u00f8ling og kyssing. Disse formene for trakassering grenser opp mot seksuelle overgrep\/krenkelser og kan straffes.<\/li><\/ul><p>V\u00e5r egen ungdataunders\u00f8kelse viser at 18 prosent av elevene i f\u00f8rste- og andreklasse p\u00e5 VGS og 12 prosent i tredjeklasse har opplevd seksuell trakassering. Av disse er det dobbelt s\u00e5 mange jenter som gutter. I tillegg viser unders\u00f8kelser at det er stor uvitenhet om temaet blant unge. <\/p><p>Resultatene understreker alvoret. Hovedutvalg barn og unge har derfor fattet vedtak om at det skal gjennomf\u00f8res kompetanseheving av ansatte i barnehager og p\u00e5 barne- og ungdomsskoler. Det skal utarbeides b\u00e5de handlingsplan og strategi for et forebyggende arbeid mot seksuelle overgrep beg\u00e5tt mot barn og unge, og gis tilstrekkelig informasjon og kunnskap om vold og seksuelle overgrep samt rettigheter om hjelpeapparatets tilbud.<\/p><p>Gjennom politiske vedtak prioriterer vi og setter fokus p\u00e5 viktige omr\u00e5der. Men, vi kan ikke vedta at folk skal bry seg. Vi m\u00e5 derfor arbeide med bevisstgj\u00f8ring p\u00e5 flere m\u00e5ter slik at naboer, familie og venner t\u00f8r melde fra om bekymringer. Vi kan ikke risikere at barn og unge blir misbrukt uten at de f\u00e5r hjelp, fordi vi ikke t\u00f8r si ifra.  <\/p><p>Mye gj\u00f8res:<\/p><ul><li>Barnehagens rammeplan og skolens l\u00e6replan inneholder f\u00f8ringer som legger til rette for \u00e5 \u00f8ke kunnskapen om vold og overgrep blant barn og unge, og hva de skal gj\u00f8re dersom de bli utsatt for dette.<\/li><li>Barn og unge f\u00e5r oppl\u00e6ring som skal gj\u00f8re at de har mer kunnskap om vold og overgrep og hvor de kan s\u00f8ke hjelp.  Dette er tema i barnehagen, ved skolestartsamtale, i 3. trinn, 5. trinn og 8. trinn. Oppl\u00e6ringen gj\u00f8res i samarbeid med skolehelsetjenesten, barnevernet, politiet og organisasjoner som UNICEF, Redd barna og St\u00f8ttesenter mot incest.<\/li><li>Helse- og livstilssamtale med helses\u00f8ster gjennomf\u00f8res med alle \u00e5ttendeklassinger. Alle elever blir spurt om hjemmesituasjon, fysisk- og psykisk helse og om de har opplevd eller sett fysisk og eller psykisk vold.<\/li><li>Noen skoler bruker programmet \u00abmitt valg\u00bb, et program som hjelper elevene med \u00e5 sette grenser og se seg selv i samspill med andre.<\/li><\/ul><p>N\u00e5 m\u00e5 arbeidet utvides og forbedres.  Varslingsrutinene m\u00e5 bedres. Alle skolene har i dag en elektronisk \u00abmobbeknapp\u00bb p\u00e5 sine hjemmesider. Denne b\u00f8r utvides til \u00e5 kunne ta i mot varsler fra elever som opplever andre former for trakassering\/overgrep.<br \/><\/p><p>Vi har bevilget ekstra ressurser til helses\u00f8stre p\u00e5 skolene. Helses\u00f8ster skal v\u00e6re en trygg og tilgjengelig varslingsarena. Det jobbes ogs\u00e5 med \u00e5 gj\u00f8re helses\u00f8ster tilgjengelig p\u00e5 nett. Det har blitt opprettet en ambulerende helses\u00f8sterstilling som skal jobbe ute p\u00e5 fritidshusene for \u00e5 m\u00f8te ungdom der de er. Helsestasjon for ungdom har utvidede \u00e5pningstider og det skal etableres en helsestasjon for gutter.<br \/><\/p><p>Arbeidet med kompetanseheving for ansatte, foreldre og barn er viktig. P\u00e5 v\u00e5re skoler og barnehager skal vi ha kompetente voksne som t\u00f8r varsle, og som vet hva de skal gj\u00f8re n\u00e5r de fatter mistanke eller f\u00e5r opplysninger om vold, seksuell overgrep og seksuelle krenkelser.<br \/><\/p><p>I tillegg har regjeringen varslet at de er i gang med fornyelse av alle l\u00e6replanene i skolen, med sikte p\u00e5 at seksualundervisning skal v\u00e6re et bredt tema som inkluderes i flere av skolefagene gjennom temaet \u00abfolkehelse og livsmestring\u00bb. <\/p><p>Dette arbeidet fortjener v\u00e5re barn og unge! <\/p><p><br \/><\/p><\/div>\n<div class=\"tags\">\n\t<\/div>\n<div class=\"post-footer alignfull has-background block-editor-block-list__block\" data-align=full>\n\t<div class=\"post-footer-inner\">\n\t\t<h3>Relaterte artikler<\/h3>\n\t\t<div class=\"related-content\"><div class=\"is-card-hoyre\">\n\t<div class=\"teft-card hoyre-teft-card post-teft-card\">\n\t\t<a href=\"https:\/\/hoyre.no\/baerum\/aktuelt\/nominasjon-i-baerum-hoyre-3\/\" class=\"teft-card__primary-action\">\n\n\t\t\t\t\t<div class=\"teft-card__media teft-card__media--16-9\">\n\t\t\t\t\t\t<img loading=\"lazy\" decoding=\"async\" width=\"768\" height=\"512\" src=\"https:\/\/hoyre.no\/content\/uploads\/sites\/200\/2025\/11\/Trine-Lise-Foto-CF-Wesenberg-red-768x512.jpg\" class=\"attachment-medium_large size-medium_large\" alt=\"\" srcset=\"https:\/\/hoyre.no\/content\/uploads\/sites\/200\/2025\/11\/Trine-Lise-Foto-CF-Wesenberg-red-768x512.jpg 768w, https:\/\/hoyre.no\/content\/uploads\/sites\/200\/2025\/11\/Trine-Lise-Foto-CF-Wesenberg-red-300x200.jpg 300w, https:\/\/hoyre.no\/content\/uploads\/sites\/200\/2025\/11\/Trine-Lise-Foto-CF-Wesenberg-red-1024x683.jpg 1024w, https:\/\/hoyre.no\/content\/uploads\/sites\/200\/2025\/11\/Trine-Lise-Foto-CF-Wesenberg-red.jpg 1200w\" sizes=\"auto, (max-width: 768px) 100vw, 768px\" \/>\t\t<\/div>\n\t\t\n\t\t\t<div class=\"teft-card__content-wrapper\">\n\t\t\t\t<div class=\"teft-card__secondary\">\n\t\t\t\t\t\n\t\t\t\t\t\t\t\t<div class=\"teft-card__meta\">\n\t\t\t\t\t\t\t\t\t<span class=\"post-date\">9. apr 2026<\/span>\n\n\t\t\t\t\t\t\t\t\t<span class=\"post-category\">Nyheter<\/span>\t\t\t\t\t\t\t\t<\/div>\n\t\t\t\t\t\t\t\t\t\t\t<\/div>\n\n\t\t\t\t<div class=\"teft-card__primary\">\n\t\t\t\t\t<h2 class=\"teft-card__title\">Nominasjon i B\u00e6rum H\u00f8yre&nbsp;<span class=\"teft-card__primary-title-append\"><\/span><\/h2>\t\t\t\t<\/div>\n\t\t\t<\/div>\n\t\t<\/a>\n\t<\/div>\n\n\t<\/div><div class=\"is-card-hoyre\">\n\t<div class=\"teft-card hoyre-teft-card post-teft-card\">\n\t\t<a href=\"https:\/\/hoyre.no\/baerum\/aktuelt\/mer-idrettsglede-til-barn-og-unge\/\" class=\"teft-card__primary-action\">\n\n\t\t\t\t\t<div class=\"teft-card__media teft-card__media--16-9\">\n\t\t\t\t\t\t<img loading=\"lazy\" decoding=\"async\" width=\"768\" height=\"1024\" src=\"https:\/\/hoyre.no\/content\/uploads\/sites\/200\/2026\/04\/Trine-Lise-Ostlund-Blime-idrett-privat-768x1024.jpg\" class=\"attachment-medium_large size-medium_large\" alt=\"\" srcset=\"https:\/\/hoyre.no\/content\/uploads\/sites\/200\/2026\/04\/Trine-Lise-Ostlund-Blime-idrett-privat-768x1024.jpg 768w, https:\/\/hoyre.no\/content\/uploads\/sites\/200\/2026\/04\/Trine-Lise-Ostlund-Blime-idrett-privat-225x300.jpg 225w, https:\/\/hoyre.no\/content\/uploads\/sites\/200\/2026\/04\/Trine-Lise-Ostlund-Blime-idrett-privat.jpg 900w\" sizes=\"auto, (max-width: 768px) 100vw, 768px\" \/>\t\t<\/div>\n\t\t\n\t\t\t<div class=\"teft-card__content-wrapper\">\n\t\t\t\t<div class=\"teft-card__secondary\">\n\t\t\t\t\t\n\t\t\t\t\t\t\t\t<div class=\"teft-card__meta\">\n\t\t\t\t\t\t\t\t\t<span class=\"post-date\">20. apr 2026<\/span>\n\n\t\t\t\t\t\t\t\t\t<span class=\"post-category\">Nyheter<\/span>\t\t\t\t\t\t\t\t<\/div>\n\t\t\t\t\t\t\t\t\t\t\t<\/div>\n\n\t\t\t\t<div class=\"teft-card__primary\">\n\t\t\t\t\t<h2 class=\"teft-card__title\">Mer idrettsglede til barn og unge&nbsp;<span class=\"teft-card__primary-title-append\"><\/span><\/h2>\t\t\t\t<\/div>\n\t\t\t<\/div>\n\t\t<\/a>\n\t<\/div>\n\n\t<\/div><div class=\"is-card-hoyre\">\n\t<div class=\"teft-card hoyre-teft-card post-teft-card\">\n\t\t<a href=\"https:\/\/hoyre.no\/baerum\/aktuelt\/en-borgerlig-satsing-pa-god-kortreist-mat-fra-akershus\/\" class=\"teft-card__primary-action\">\n\n\t\t\t\t\t<div class=\"teft-card__media teft-card__media--16-9\">\n\t\t\t\t\t\t<img loading=\"lazy\" decoding=\"async\" width=\"768\" height=\"580\" src=\"https:\/\/hoyre.no\/content\/uploads\/sites\/200\/2026\/04\/Trine-Lise-Ostlund-Blime-priv-red-768x580.jpg\" class=\"attachment-medium_large size-medium_large\" alt=\"\" srcset=\"https:\/\/hoyre.no\/content\/uploads\/sites\/200\/2026\/04\/Trine-Lise-Ostlund-Blime-priv-red-768x580.jpg 768w, https:\/\/hoyre.no\/content\/uploads\/sites\/200\/2026\/04\/Trine-Lise-Ostlund-Blime-priv-red-300x227.jpg 300w, https:\/\/hoyre.no\/content\/uploads\/sites\/200\/2026\/04\/Trine-Lise-Ostlund-Blime-priv-red.jpg 973w\" sizes=\"auto, (max-width: 768px) 100vw, 768px\" \/>\t\t<\/div>\n\t\t\n\t\t\t<div class=\"teft-card__content-wrapper\">\n\t\t\t\t<div class=\"teft-card__secondary\">\n\t\t\t\t\t\n\t\t\t\t\t\t\t\t<div class=\"teft-card__meta\">\n\t\t\t\t\t\t\t\t\t<span class=\"post-date\">10. apr 2026<\/span>\n\n\t\t\t\t\t\t\t\t\t<span class=\"post-category\">Nyheter<\/span>\t\t\t\t\t\t\t\t<\/div>\n\t\t\t\t\t\t\t\t\t\t\t<\/div>\n\n\t\t\t\t<div class=\"teft-card__primary\">\n\t\t\t\t\t<h2 class=\"teft-card__title\">En borgerlig satsing p\u00e5 god kortreist mat fra Akershus&nbsp;<span class=\"teft-card__primary-title-append\"><\/span><\/h2>\t\t\t\t<\/div>\n\t\t\t<\/div>\n\t\t<\/a>\n\t<\/div>\n\n\t<\/div><\/div>\t<\/div>\n<\/div>\n","protected":false},"excerpt":{"rendered":"","protected":false},"author":0,"featured_media":0,"comment_status":"closed","ping_status":"closed","sticky":false,"template":"","format":"standard","meta":{"teft_cards_image_url":"https:\/\/hoyre.no\/content\/uploads\/sites\/200\/2020\/11\/anne_lene_og_skoleba-1.jpg","teft_cards_custom_pretitle":"","teft_cards_image_id":534,"teft_cards_image_focal_point_x":0,"teft_cards_image_focal_point_y":0,"teft_cards_title":"","teft_cards_excerpt":"","teft_show_chapters":false,"author_display_name":"Anne Lene Hojem, leder Hovedutvalg for barn og unge","footnotes":""},"category":[1],"post_tag":[],"hoyre-visibility":[],"article-type":[],"politician":[],"class_list":["post-535","post","type-post","status-publish","format-standard","hentry","category-ukategorisert"],"yoast_head":"<!-- This site is optimized with the Yoast SEO plugin v26.6 - https:\/\/yoast.com\/wordpress\/plugins\/seo\/ -->\n<title>Handlingsplan mot seksuell trakassering - B\u00e6rum H\u00f8yre<\/title>\n<meta name=\"robots\" content=\"index, follow, max-snippet:-1, max-image-preview:large, max-video-preview:-1\" \/>\n<link rel=\"canonical\" href=\"https:\/\/hoyre.no\/baerum\/aktuelt\/handlingsplan_mot_seksuell_trakassering\/\" \/>\n<meta property=\"og:locale\" content=\"nb_NO\" \/>\n<meta property=\"og:type\" content=\"article\" \/>\n<meta property=\"og:title\" content=\"Handlingsplan mot seksuell trakassering - B\u00e6rum H\u00f8yre\" \/>\n<meta property=\"og:url\" content=\"https:\/\/hoyre.no\/baerum\/aktuelt\/handlingsplan_mot_seksuell_trakassering\/\" \/>\n<meta property=\"og:site_name\" content=\"B\u00e6rum H\u00f8yre\" \/>\n<meta property=\"article:published_time\" content=\"2018-05-15T20:00:00+00:00\" \/>\n<meta property=\"og:image\" content=\"https:\/\/hoyre.no\/content\/uploads\/sites\/200\/2026\/04\/Trine-Lise-Ostlund-Blime-priv-red.jpg\" \/>\n<meta name=\"twitter:card\" content=\"summary_large_image\" \/>\n<meta name=\"twitter:label1\" content=\"Ansl. lesetid\" \/>\n\t<meta name=\"twitter:data1\" content=\"3 minutter\" \/>\n<script type=\"application\/ld+json\" class=\"yoast-schema-graph\">{\"@context\":\"https:\/\/schema.org\",\"@graph\":[{\"@type\":\"NewsArticle\",\"@id\":\"https:\/\/hoyre.no\/baerum\/aktuelt\/handlingsplan_mot_seksuell_trakassering\/\",\"url\":\"https:\/\/hoyre.no\/baerum\/aktuelt\/handlingsplan_mot_seksuell_trakassering\/\",\"name\":\"Handlingsplan mot seksuell trakassering - B\u00e6rum H\u00f8yre\",\"isPartOf\":{\"@id\":\"https:\/\/hoyre.no\/baerum\/#website\"},\"datePublished\":\"2018-05-15T20:00:00+00:00\",\"author\":{\"@id\":\"\"},\"breadcrumb\":{\"@id\":\"https:\/\/hoyre.no\/baerum\/aktuelt\/handlingsplan_mot_seksuell_trakassering\/#breadcrumb\"},\"inLanguage\":\"nb-NO\",\"potentialAction\":[{\"@type\":\"ReadAction\",\"target\":[\"https:\/\/hoyre.no\/baerum\/aktuelt\/handlingsplan_mot_seksuell_trakassering\/\"]}]},{\"@type\":\"BreadcrumbList\",\"@id\":\"https:\/\/hoyre.no\/baerum\/aktuelt\/handlingsplan_mot_seksuell_trakassering\/#breadcrumb\",\"itemListElement\":[{\"@type\":\"ListItem\",\"position\":1,\"name\":\"Til hoyre.no\",\"item\":\"https:\/\/hoyre.no\"},{\"@type\":\"ListItem\",\"position\":2,\"name\":\"Hjem\",\"item\":\"https:\/\/hoyre.no\/baerum\/\"},{\"@type\":\"ListItem\",\"position\":3,\"name\":\"Handlingsplan mot seksuell trakassering\"}]},{\"@type\":\"WebSite\",\"@id\":\"https:\/\/hoyre.no\/baerum\/#website\",\"url\":\"https:\/\/hoyre.no\/baerum\/\",\"name\":\"B\u00e6rum H\u00f8yre\",\"description\":\"Bare enda et H\u00f8yres nettsteder-nettsted\",\"inLanguage\":\"nb-NO\"}]}<\/script>\n<!-- \/ Yoast SEO plugin. -->","yoast_head_json":{"title":"Handlingsplan mot seksuell trakassering - B\u00e6rum H\u00f8yre","robots":{"index":"index","follow":"follow","max-snippet":"max-snippet:-1","max-image-preview":"max-image-preview:large","max-video-preview":"max-video-preview:-1"},"canonical":"https:\/\/hoyre.no\/baerum\/aktuelt\/handlingsplan_mot_seksuell_trakassering\/","og_locale":"nb_NO","og_type":"article","og_title":"Handlingsplan mot seksuell trakassering - B\u00e6rum H\u00f8yre","og_url":"https:\/\/hoyre.no\/baerum\/aktuelt\/handlingsplan_mot_seksuell_trakassering\/","og_site_name":"B\u00e6rum H\u00f8yre","article_published_time":"2018-05-15T20:00:00+00:00","og_image":[{"url":"https:\/\/hoyre.no\/content\/uploads\/sites\/200\/2026\/04\/Trine-Lise-Ostlund-Blime-priv-red.jpg","width":"","height":"","type":""}],"twitter_card":"summary_large_image","twitter_misc":{"Ansl. lesetid":"3 minutter"},"schema":{"@context":"https:\/\/schema.org","@graph":[{"@type":"NewsArticle","@id":"https:\/\/hoyre.no\/baerum\/aktuelt\/handlingsplan_mot_seksuell_trakassering\/","url":"https:\/\/hoyre.no\/baerum\/aktuelt\/handlingsplan_mot_seksuell_trakassering\/","name":"Handlingsplan mot seksuell trakassering - B\u00e6rum H\u00f8yre","isPartOf":{"@id":"https:\/\/hoyre.no\/baerum\/#website"},"datePublished":"2018-05-15T20:00:00+00:00","author":{"@id":""},"breadcrumb":{"@id":"https:\/\/hoyre.no\/baerum\/aktuelt\/handlingsplan_mot_seksuell_trakassering\/#breadcrumb"},"inLanguage":"nb-NO","potentialAction":[{"@type":"ReadAction","target":["https:\/\/hoyre.no\/baerum\/aktuelt\/handlingsplan_mot_seksuell_trakassering\/"]}]},{"@type":"BreadcrumbList","@id":"https:\/\/hoyre.no\/baerum\/aktuelt\/handlingsplan_mot_seksuell_trakassering\/#breadcrumb","itemListElement":[{"@type":"ListItem","position":1,"name":"Til hoyre.no","item":"https:\/\/hoyre.no"},{"@type":"ListItem","position":2,"name":"Hjem","item":"https:\/\/hoyre.no\/baerum\/"},{"@type":"ListItem","position":3,"name":"Handlingsplan mot seksuell trakassering"}]},{"@type":"WebSite","@id":"https:\/\/hoyre.no\/baerum\/#website","url":"https:\/\/hoyre.no\/baerum\/","name":"B\u00e6rum H\u00f8yre","description":"Bare enda et H\u00f8yres nettsteder-nettsted","inLanguage":"nb-NO"}]}},"distributor_meta":false,"distributor_terms":false,"distributor_media":false,"distributor_original_site_name":"B\u00e6rum H\u00f8yre","distributor_original_site_url":"https:\/\/hoyre.no\/baerum","push-errors":false,"_links":{"self":[{"href":"https:\/\/hoyre.no\/baerum\/wp-json\/wp\/v2\/posts\/535","targetHints":{"allow":["GET"]}}],"collection":[{"href":"https:\/\/hoyre.no\/baerum\/wp-json\/wp\/v2\/posts"}],"about":[{"href":"https:\/\/hoyre.no\/baerum\/wp-json\/wp\/v2\/types\/post"}],"replies":[{"embeddable":true,"href":"https:\/\/hoyre.no\/baerum\/wp-json\/wp\/v2\/comments?post=535"}],"version-history":[{"count":0,"href":"https:\/\/hoyre.no\/baerum\/wp-json\/wp\/v2\/posts\/535\/revisions"}],"wp:attachment":[{"href":"https:\/\/hoyre.no\/baerum\/wp-json\/wp\/v2\/media?parent=535"}],"wp:term":[{"taxonomy":"category","embeddable":true,"href":"https:\/\/hoyre.no\/baerum\/wp-json\/wp\/v2\/category?post=535"},{"taxonomy":"post_tag","embeddable":true,"href":"https:\/\/hoyre.no\/baerum\/wp-json\/wp\/v2\/post_tag?post=535"},{"taxonomy":"hoyre-visibility","embeddable":true,"href":"https:\/\/hoyre.no\/baerum\/wp-json\/wp\/v2\/hoyre-visibility?post=535"},{"taxonomy":"article-type","embeddable":true,"href":"https:\/\/hoyre.no\/baerum\/wp-json\/wp\/v2\/article-type?post=535"},{"taxonomy":"politician","embeddable":true,"href":"https:\/\/hoyre.no\/baerum\/wp-json\/wp\/v2\/politician?post=535"}],"curies":[{"name":"wp","href":"https:\/\/api.w.org\/{rel}","templated":true}]}}