{"id":61,"date":"2017-01-23T23:00:00","date_gmt":"2017-01-23T22:00:00","guid":{"rendered":"https:\/\/hoyre.no\/baerum\/aktuelt\/elevene-skal-rustes\/"},"modified":"2017-01-23T23:00:00","modified_gmt":"2017-01-23T22:00:00","slug":"elevene-skal-rustes","status":"publish","type":"post","link":"https:\/\/hoyre.no\/baerum\/aktuelt\/elevene-skal-rustes\/","title":{"rendered":"Elevene skal rustes til fremtiden"},"content":{"rendered":"<p class=\"preamble\">Det er til enhver tid 16.000 elever i b\u00e6rumsskolen. V\u00e5rt m\u00e5l for hver og en av disse er at de skal v\u00e6re rustet til \u00e5 m\u00f8te den verden de skal leve i.<\/p>\t\t\t<div class=\"post-meta wp-block teft-byline-wrapper\">\n\t\t\t\t<div class=\"top\">\n\t\t\t\t\t<div class=\"signature\">\n\t\t\t\t\t\t<div class=\"teft-byline\">\n\t\t\t\t\t\t\t\t\t\t\t\t\t\t<div>\n\t\t\t\t\t\t\t\t<h3>H\u00f8yres redaksjon<\/h3>\t\t\t\t\t\t\t\t\n\t\t\t\t\t\t\t\t\t\t\t\t\t\t\t\t\t<span class=\"date\">Sist oppdatert: 23. januar 2017<\/span>\n\t\t\t\t\t\t\t\t\t\t\t\t\t\t\t\t\t\t\t\t\t\t\t\t\t<span class=\"reading-time\" itemprop=\"timeRequired\" content=\"PT3M\"><em>Ca. 3 minutter lesetid<\/em><\/span>\n\t\t\t\t\t\t\t\t\t\t\t\t\t\t\t<\/div>\n\t\t\t\t\t\t<\/div>\n\t\t\t\t\t<\/div>\n\t\t\t\t\t\t<div class=\"sharing\">\n\t\t<a class=\"share-button share-link copy-link\" data-copy=\"https:\/\/hoyre.no\/baerum\/aktuelt\/elevene-skal-rustes\/\" target=\"_blank\"><span class=\"screen-reader-text\">Del link<\/span><\/a>\n\t\t<a class=\"share-button share-twitter\" href=\"http:\/\/twitter.com\/share?text=Elevene skal rustes til fremtiden&#038;url=https:\/\/hoyre.no\/baerum\/aktuelt\/elevene-skal-rustes\/&#038;hashtags=Hoyre\" target=\"_blank\"><span class=\"screen-reader-text\">Del p\u00e5 twitter<\/span><\/a>\n\t\t<a class=\"share-button share-facebook\" href=\"https:\/\/www.facebook.com\/sharer\/sharer.php?u=https:\/\/hoyre.no\/baerum\/aktuelt\/elevene-skal-rustes\/\" target=\"_blank\"><span class=\"screen-reader-text\">Del p\u00e5 facebook<\/span><\/a>\n\t<\/div>\n\t\t\t\t\t<\/div>\n\t\t\t<\/div>\n\n\t\t\t<figure class=\"hoyre-image-wrapper\"><div class=\"hoyre-image\"><img loading=\"lazy\" decoding=\"async\" width=\"892\" height=\"1096\" src=\"https:\/\/hoyre.no\/content\/uploads\/sites\/200\/2020\/11\/anne-lene-kandidat.jpg\" class=\"attachment-scaled size-scaled\" alt=\"\" style=\"object-position: 50% 50%\" srcset=\"https:\/\/hoyre.no\/content\/uploads\/sites\/200\/2020\/11\/anne-lene-kandidat.jpg 892w, https:\/\/hoyre.no\/content\/uploads\/sites\/200\/2020\/11\/anne-lene-kandidat-244x300.jpg 244w, https:\/\/hoyre.no\/content\/uploads\/sites\/200\/2020\/11\/anne-lene-kandidat-833x1024.jpg 833w, https:\/\/hoyre.no\/content\/uploads\/sites\/200\/2020\/11\/anne-lene-kandidat-768x944.jpg 768w\" sizes=\"auto, (max-width: 892px) 100vw, 892px\" \/><\/div><\/figure><div id=\"hoyre-old-article-content-wrapper\"><p> Vi kjenner ikke i dag den fremtiden v\u00e5re elever m\u00f8ter n\u00e5r de skal ut i studie- og arbeidslivet. Hvilke studieretninger vil v\u00e6re tilgjengelige, og i hvilke land? Hvilke jobber har opph\u00f8rt \u00e5 eksistere, og hvilke nye er kommet til? V\u00e5re elever skal gj\u00f8res klare til \u00e5 ta de studiene de \u00f8nsker i de deler av v\u00e5r globaliserte verden de m\u00e5tte velge, for \u00e5 f\u00e5 den jobben de \u00f8nsker \u2013 og samfunnet trenger i fremtiden. <\/p><p>Den digitale skolehverdagen handler om elevenes l\u00e6ring og utvikling for \u00e5 m\u00f8te morgendagens samfunn. 6000 elever p\u00e5 15 av v\u00e5re skoler bruker n\u00e5 nettbrett som et av sine viktigste verkt\u00f8y i skolehverdagen.<\/p><p>Hovedutvalg barn og unge har n\u00e5 behandlet Statusrapport Digital skolehverdag, hvor vi ser interessante funn: <\/p><p>\u2022 Positive funn knyttet til elevenes motivasjon, mestring og l\u00e6ring <\/p><p>\u2022 Det er grunn til \u00e5 tro at riktig bruk av teknologi i oppl\u00e6ringen kan bidra til \u00e5 \u00f8ke gutters motivasjon og l\u00e6ringsutbytte. Guttene opplever de digitale verkt\u00f8yene som mer relevante, inspirerende og motiverende i deres tiln\u00e6rming til l\u00e6ring.<\/p><p>\u2022 L\u00e6rerne opplever at elevene ved bruk av nettbrett utforsker nye muligheter, de blir mer selvstendige i sitt l\u00e6ringsarbeid, f\u00e5r mer variert undervisning, elevene arbeider mer effektivt, de viser st\u00f8rre kreativitet og samarbeider mer.<\/p><p>\u2022 L\u00e6rerne har gjennom \u00e5 ta teknologien i bruk f\u00e5tt bedre tilgang til verkt\u00f8y for \u00e5 tilpasse oppl\u00e6ringen til den enkelte elev samtidig som eleven er inkludert i et st\u00f8rre l\u00e6ringsfellesskap med faglig og sosial deltakelse i klassen \/ gruppen. Dette gjelder alle elever, for eksempel elever med rett til spesialundervisning, minoritetsspr\u00e5klige elever og elever med stort l\u00e6ringspotensial. <\/p><p>\u2022 Det er grunn til \u00e5 tro at satsingen Digital skolehverdag kan bidra til sosial utjevning og inkludering n\u00e5r alle elever uavhengig av sosio\u00f8konomisk bakgrunn for samme tilgang til utstyr og digital l\u00e6remidler.<\/p><p>Vi ser at l\u00e6ringen med nettbrett skjer p\u00e5 nye m\u00e5ter og nye arenaer. Det er naturlig \u00e5 bruke Google, YouTube og andre plattformer for \u00e5 hente tilgjengelig informasjon som er viktig for \u00e5 l\u00f8se oppgaver. Elevene f\u00e5r rett og slett mulighet til \u00e5 l\u00e6re hva som helst, n\u00e5r som helst, hvor som helst og med hvem som helst.<\/p><p>Den store ungdomsunders\u00f8kelsen b\u00e6rumungdommene deltok i fra 2014 viste at det er store forskjeller p\u00e5 tilgangen p\u00e5 teknologi i B\u00e6rum. Med nettbrettsatsingen s\u00f8rger vi for at alle har et likt digitalt verkt\u00f8y, hvor alt er tilgjengelig, uansett sosial tilh\u00f8righet eller \u00f8konomi.  <\/p><p>I B\u00e6rum har vi valgt \u00e5 g\u00e5 systematisk, metodisk og s\u00e5 raskt vi mener det er forsvarlig til verks. Derfor har vi hatt mulighet til \u00e5 identifisere problemer, l\u00e6rt av feil, rettet opp, tilpasset og forbedret. Vi har s\u00f8rget for systematisk oppl\u00e6ring av l\u00e6rerne p\u00e5 hver eneste skole, som skal v\u00e6re trygge p\u00e5 sitt arbeid med nettbrett i klassen. Vi har utdannet egne spesialister \u00abfyrt\u00e5rnsl\u00e6rere\u00bb p\u00e5 hver eneste skole. Skolene har dermed egne eksperter som bist\u00e5r sitt l\u00e6rerkollegie i jobben. Ikke minst f\u00e5r ogs\u00e5 foreldrene p\u00e5 barnetrinnet oppl\u00e6ring slik at de forst\u00e5r hvordan nettbrettet fungerer i oppl\u00e6ringen av sitt barn. <\/p><p>Vi gambler ikke med v\u00e5re elever, men skal hele tiden vite hva vi gj\u00f8r. Kommunen har derfor knyttet til seg en uavhengig forsker som f\u00f8lger arbeidet tett. Dette arbeidet skal v\u00e6re ferdig i april.  N\u00e5r f\u00f8lgeforskningen er ferdig f\u00e5r vi nok et grunnlag for v\u00e5re diskusjoner om veien videre. Vi st\u00e5r foran spennende veivalg i skolepolitikken. Men, det viktigste er som alltid i B\u00e6rumsskolen \u2013 hver enkelt elevs l\u00e6ring skal s\u00f8rge for at de er rustet til \u00e5 m\u00f8te sin hverdag p\u00e5 best mulig m\u00e5te. <\/p><p><\/p><p>Innspillet var f\u00f8rst publisert i Budstikka 24.01.17 <\/p><\/div>\n<div class=\"tags\">\n\t<\/div>\n<div class=\"post-footer alignfull has-background block-editor-block-list__block\" data-align=full>\n\t<div class=\"post-footer-inner\">\n\t\t<h3>Relaterte artikler<\/h3>\n\t\t<div class=\"related-content\"><div class=\"is-card-hoyre\">\n\t<div class=\"teft-card hoyre-teft-card post-teft-card\">\n\t\t<a href=\"https:\/\/hoyre.no\/baerum\/aktuelt\/nominasjon-i-baerum-hoyre-3\/\" class=\"teft-card__primary-action\">\n\n\t\t\t\t\t<div class=\"teft-card__media teft-card__media--16-9\">\n\t\t\t\t\t\t<img loading=\"lazy\" decoding=\"async\" width=\"768\" height=\"512\" src=\"https:\/\/hoyre.no\/content\/uploads\/sites\/200\/2025\/11\/Trine-Lise-Foto-CF-Wesenberg-red-768x512.jpg\" class=\"attachment-medium_large size-medium_large\" alt=\"\" srcset=\"https:\/\/hoyre.no\/content\/uploads\/sites\/200\/2025\/11\/Trine-Lise-Foto-CF-Wesenberg-red-768x512.jpg 768w, https:\/\/hoyre.no\/content\/uploads\/sites\/200\/2025\/11\/Trine-Lise-Foto-CF-Wesenberg-red-300x200.jpg 300w, https:\/\/hoyre.no\/content\/uploads\/sites\/200\/2025\/11\/Trine-Lise-Foto-CF-Wesenberg-red-1024x683.jpg 1024w, https:\/\/hoyre.no\/content\/uploads\/sites\/200\/2025\/11\/Trine-Lise-Foto-CF-Wesenberg-red.jpg 1200w\" sizes=\"auto, (max-width: 768px) 100vw, 768px\" \/>\t\t<\/div>\n\t\t\n\t\t\t<div class=\"teft-card__content-wrapper\">\n\t\t\t\t<div class=\"teft-card__secondary\">\n\t\t\t\t\t\n\t\t\t\t\t\t\t\t<div class=\"teft-card__meta\">\n\t\t\t\t\t\t\t\t\t<span class=\"post-date\">9. apr 2026<\/span>\n\n\t\t\t\t\t\t\t\t\t<span class=\"post-category\">Nyheter<\/span>\t\t\t\t\t\t\t\t<\/div>\n\t\t\t\t\t\t\t\t\t\t\t<\/div>\n\n\t\t\t\t<div class=\"teft-card__primary\">\n\t\t\t\t\t<h2 class=\"teft-card__title\">Nominasjon i B\u00e6rum H\u00f8yre&nbsp;<span class=\"teft-card__primary-title-append\"><\/span><\/h2>\t\t\t\t<\/div>\n\t\t\t<\/div>\n\t\t<\/a>\n\t<\/div>\n\n\t<\/div><div class=\"is-card-hoyre\">\n\t<div class=\"teft-card hoyre-teft-card post-teft-card\">\n\t\t<a href=\"https:\/\/hoyre.no\/baerum\/aktuelt\/dagtilbudet-skal-vaere-trygt-godt-og-meningsfullt\/\" class=\"teft-card__primary-action\">\n\n\t\t\t\t\t<div class=\"teft-card__media teft-card__media--16-9\">\n\t\t\t\t\t\t<img loading=\"lazy\" decoding=\"async\" width=\"768\" height=\"511\" src=\"https:\/\/hoyre.no\/content\/uploads\/sites\/200\/2025\/12\/Wenche-Steen-og-Haakon-Sandven-768x511.jpg\" class=\"attachment-medium_large size-medium_large\" alt=\"\" srcset=\"https:\/\/hoyre.no\/content\/uploads\/sites\/200\/2025\/12\/Wenche-Steen-og-Haakon-Sandven-768x511.jpg 768w, https:\/\/hoyre.no\/content\/uploads\/sites\/200\/2025\/12\/Wenche-Steen-og-Haakon-Sandven-300x200.jpg 300w, https:\/\/hoyre.no\/content\/uploads\/sites\/200\/2025\/12\/Wenche-Steen-og-Haakon-Sandven.jpg 944w\" sizes=\"auto, (max-width: 768px) 100vw, 768px\" \/>\t\t<\/div>\n\t\t\n\t\t\t<div class=\"teft-card__content-wrapper\">\n\t\t\t\t<div class=\"teft-card__secondary\">\n\t\t\t\t\t\n\t\t\t\t\t\t\t\t<div class=\"teft-card__meta\">\n\t\t\t\t\t\t\t\t\t<span class=\"post-date\">25. apr 2026<\/span>\n\n\t\t\t\t\t\t\t\t\t<span class=\"post-category\">Nyheter<\/span>\t\t\t\t\t\t\t\t<\/div>\n\t\t\t\t\t\t\t\t\t\t\t<\/div>\n\n\t\t\t\t<div class=\"teft-card__primary\">\n\t\t\t\t\t<h2 class=\"teft-card__title\">Dagtilbudet skal v\u00e6re trygt, godt og meningsfullt&nbsp;<span class=\"teft-card__primary-title-append\"><\/span><\/h2>\t\t\t\t<\/div>\n\t\t\t<\/div>\n\t\t<\/a>\n\t<\/div>\n\n\t<\/div><div class=\"is-card-hoyre\">\n\t<div class=\"teft-card hoyre-teft-card post-teft-card\">\n\t\t<a href=\"https:\/\/hoyre.no\/baerum\/aktuelt\/mer-idrettsglede-til-barn-og-unge\/\" class=\"teft-card__primary-action\">\n\n\t\t\t\t\t<div class=\"teft-card__media teft-card__media--16-9\">\n\t\t\t\t\t\t<img loading=\"lazy\" decoding=\"async\" width=\"768\" height=\"1024\" src=\"https:\/\/hoyre.no\/content\/uploads\/sites\/200\/2026\/04\/Trine-Lise-Ostlund-Blime-idrett-privat-768x1024.jpg\" class=\"attachment-medium_large size-medium_large\" alt=\"\" srcset=\"https:\/\/hoyre.no\/content\/uploads\/sites\/200\/2026\/04\/Trine-Lise-Ostlund-Blime-idrett-privat-768x1024.jpg 768w, https:\/\/hoyre.no\/content\/uploads\/sites\/200\/2026\/04\/Trine-Lise-Ostlund-Blime-idrett-privat-225x300.jpg 225w, https:\/\/hoyre.no\/content\/uploads\/sites\/200\/2026\/04\/Trine-Lise-Ostlund-Blime-idrett-privat.jpg 900w\" sizes=\"auto, (max-width: 768px) 100vw, 768px\" \/>\t\t<\/div>\n\t\t\n\t\t\t<div class=\"teft-card__content-wrapper\">\n\t\t\t\t<div class=\"teft-card__secondary\">\n\t\t\t\t\t\n\t\t\t\t\t\t\t\t<div class=\"teft-card__meta\">\n\t\t\t\t\t\t\t\t\t<span class=\"post-date\">20. apr 2026<\/span>\n\n\t\t\t\t\t\t\t\t\t<span class=\"post-category\">Nyheter<\/span>\t\t\t\t\t\t\t\t<\/div>\n\t\t\t\t\t\t\t\t\t\t\t<\/div>\n\n\t\t\t\t<div class=\"teft-card__primary\">\n\t\t\t\t\t<h2 class=\"teft-card__title\">Mer idrettsglede til barn og unge&nbsp;<span class=\"teft-card__primary-title-append\"><\/span><\/h2>\t\t\t\t<\/div>\n\t\t\t<\/div>\n\t\t<\/a>\n\t<\/div>\n\n\t<\/div><\/div>\t<\/div>\n<\/div>\n","protected":false},"excerpt":{"rendered":"","protected":false},"author":0,"featured_media":0,"comment_status":"closed","ping_status":"closed","sticky":false,"template":"","format":"standard","meta":{"teft_cards_image_url":"https:\/\/hoyre.no\/content\/uploads\/sites\/200\/2020\/11\/anne-lene-kandidat.jpg","teft_cards_custom_pretitle":"","teft_cards_image_id":60,"teft_cards_image_focal_point_x":0,"teft_cards_image_focal_point_y":0,"teft_cards_title":"","teft_cards_excerpt":"","teft_show_chapters":false,"author_display_name":"Anne Lene Hojem, leder Hovedutvalg barn og unge","footnotes":""},"category":[1],"post_tag":[],"hoyre-visibility":[],"article-type":[],"politician":[],"class_list":["post-61","post","type-post","status-publish","format-standard","hentry","category-ukategorisert"],"yoast_head":"<!-- This site is optimized with the Yoast SEO plugin v26.6 - https:\/\/yoast.com\/wordpress\/plugins\/seo\/ -->\n<title>Elevene skal rustes til fremtiden - B\u00e6rum H\u00f8yre<\/title>\n<meta name=\"robots\" content=\"index, follow, max-snippet:-1, max-image-preview:large, max-video-preview:-1\" \/>\n<link rel=\"canonical\" href=\"https:\/\/hoyre.no\/baerum\/aktuelt\/elevene-skal-rustes\/\" \/>\n<meta property=\"og:locale\" content=\"nb_NO\" \/>\n<meta property=\"og:type\" content=\"article\" \/>\n<meta property=\"og:title\" content=\"Elevene skal rustes til fremtiden - B\u00e6rum H\u00f8yre\" \/>\n<meta property=\"og:url\" content=\"https:\/\/hoyre.no\/baerum\/aktuelt\/elevene-skal-rustes\/\" \/>\n<meta property=\"og:site_name\" content=\"B\u00e6rum H\u00f8yre\" \/>\n<meta property=\"article:published_time\" content=\"2017-01-23T22:00:00+00:00\" \/>\n<meta property=\"og:image\" content=\"https:\/\/hoyre.no\/content\/uploads\/sites\/200\/2026\/04\/Trine-Lise-Ostlund-Blime-priv-red.jpg\" \/>\n<meta name=\"twitter:card\" content=\"summary_large_image\" \/>\n<meta name=\"twitter:label1\" content=\"Ansl. lesetid\" \/>\n\t<meta name=\"twitter:data1\" content=\"3 minutter\" \/>\n<script type=\"application\/ld+json\" class=\"yoast-schema-graph\">{\"@context\":\"https:\/\/schema.org\",\"@graph\":[{\"@type\":\"NewsArticle\",\"@id\":\"https:\/\/hoyre.no\/baerum\/aktuelt\/elevene-skal-rustes\/\",\"url\":\"https:\/\/hoyre.no\/baerum\/aktuelt\/elevene-skal-rustes\/\",\"name\":\"Elevene skal rustes til fremtiden - B\u00e6rum H\u00f8yre\",\"isPartOf\":{\"@id\":\"https:\/\/hoyre.no\/baerum\/#website\"},\"datePublished\":\"2017-01-23T22:00:00+00:00\",\"author\":{\"@id\":\"\"},\"breadcrumb\":{\"@id\":\"https:\/\/hoyre.no\/baerum\/aktuelt\/elevene-skal-rustes\/#breadcrumb\"},\"inLanguage\":\"nb-NO\",\"potentialAction\":[{\"@type\":\"ReadAction\",\"target\":[\"https:\/\/hoyre.no\/baerum\/aktuelt\/elevene-skal-rustes\/\"]}]},{\"@type\":\"BreadcrumbList\",\"@id\":\"https:\/\/hoyre.no\/baerum\/aktuelt\/elevene-skal-rustes\/#breadcrumb\",\"itemListElement\":[{\"@type\":\"ListItem\",\"position\":1,\"name\":\"Til hoyre.no\",\"item\":\"https:\/\/hoyre.no\"},{\"@type\":\"ListItem\",\"position\":2,\"name\":\"Hjem\",\"item\":\"https:\/\/hoyre.no\/baerum\/\"},{\"@type\":\"ListItem\",\"position\":3,\"name\":\"Elevene skal rustes til fremtiden\"}]},{\"@type\":\"WebSite\",\"@id\":\"https:\/\/hoyre.no\/baerum\/#website\",\"url\":\"https:\/\/hoyre.no\/baerum\/\",\"name\":\"B\u00e6rum H\u00f8yre\",\"description\":\"Bare enda et H\u00f8yres nettsteder-nettsted\",\"inLanguage\":\"nb-NO\"}]}<\/script>\n<!-- \/ Yoast SEO plugin. -->","yoast_head_json":{"title":"Elevene skal rustes til fremtiden - B\u00e6rum H\u00f8yre","robots":{"index":"index","follow":"follow","max-snippet":"max-snippet:-1","max-image-preview":"max-image-preview:large","max-video-preview":"max-video-preview:-1"},"canonical":"https:\/\/hoyre.no\/baerum\/aktuelt\/elevene-skal-rustes\/","og_locale":"nb_NO","og_type":"article","og_title":"Elevene skal rustes til fremtiden - B\u00e6rum H\u00f8yre","og_url":"https:\/\/hoyre.no\/baerum\/aktuelt\/elevene-skal-rustes\/","og_site_name":"B\u00e6rum H\u00f8yre","article_published_time":"2017-01-23T22:00:00+00:00","og_image":[{"url":"https:\/\/hoyre.no\/content\/uploads\/sites\/200\/2026\/04\/Trine-Lise-Ostlund-Blime-priv-red.jpg","width":"","height":"","type":""}],"twitter_card":"summary_large_image","twitter_misc":{"Ansl. lesetid":"3 minutter"},"schema":{"@context":"https:\/\/schema.org","@graph":[{"@type":"NewsArticle","@id":"https:\/\/hoyre.no\/baerum\/aktuelt\/elevene-skal-rustes\/","url":"https:\/\/hoyre.no\/baerum\/aktuelt\/elevene-skal-rustes\/","name":"Elevene skal rustes til fremtiden - B\u00e6rum H\u00f8yre","isPartOf":{"@id":"https:\/\/hoyre.no\/baerum\/#website"},"datePublished":"2017-01-23T22:00:00+00:00","author":{"@id":""},"breadcrumb":{"@id":"https:\/\/hoyre.no\/baerum\/aktuelt\/elevene-skal-rustes\/#breadcrumb"},"inLanguage":"nb-NO","potentialAction":[{"@type":"ReadAction","target":["https:\/\/hoyre.no\/baerum\/aktuelt\/elevene-skal-rustes\/"]}]},{"@type":"BreadcrumbList","@id":"https:\/\/hoyre.no\/baerum\/aktuelt\/elevene-skal-rustes\/#breadcrumb","itemListElement":[{"@type":"ListItem","position":1,"name":"Til hoyre.no","item":"https:\/\/hoyre.no"},{"@type":"ListItem","position":2,"name":"Hjem","item":"https:\/\/hoyre.no\/baerum\/"},{"@type":"ListItem","position":3,"name":"Elevene skal rustes til fremtiden"}]},{"@type":"WebSite","@id":"https:\/\/hoyre.no\/baerum\/#website","url":"https:\/\/hoyre.no\/baerum\/","name":"B\u00e6rum H\u00f8yre","description":"Bare enda et H\u00f8yres nettsteder-nettsted","inLanguage":"nb-NO"}]}},"distributor_meta":false,"distributor_terms":false,"distributor_media":false,"distributor_original_site_name":"B\u00e6rum H\u00f8yre","distributor_original_site_url":"https:\/\/hoyre.no\/baerum","push-errors":false,"_links":{"self":[{"href":"https:\/\/hoyre.no\/baerum\/wp-json\/wp\/v2\/posts\/61","targetHints":{"allow":["GET"]}}],"collection":[{"href":"https:\/\/hoyre.no\/baerum\/wp-json\/wp\/v2\/posts"}],"about":[{"href":"https:\/\/hoyre.no\/baerum\/wp-json\/wp\/v2\/types\/post"}],"replies":[{"embeddable":true,"href":"https:\/\/hoyre.no\/baerum\/wp-json\/wp\/v2\/comments?post=61"}],"version-history":[{"count":0,"href":"https:\/\/hoyre.no\/baerum\/wp-json\/wp\/v2\/posts\/61\/revisions"}],"wp:attachment":[{"href":"https:\/\/hoyre.no\/baerum\/wp-json\/wp\/v2\/media?parent=61"}],"wp:term":[{"taxonomy":"category","embeddable":true,"href":"https:\/\/hoyre.no\/baerum\/wp-json\/wp\/v2\/category?post=61"},{"taxonomy":"post_tag","embeddable":true,"href":"https:\/\/hoyre.no\/baerum\/wp-json\/wp\/v2\/post_tag?post=61"},{"taxonomy":"hoyre-visibility","embeddable":true,"href":"https:\/\/hoyre.no\/baerum\/wp-json\/wp\/v2\/hoyre-visibility?post=61"},{"taxonomy":"article-type","embeddable":true,"href":"https:\/\/hoyre.no\/baerum\/wp-json\/wp\/v2\/article-type?post=61"},{"taxonomy":"politician","embeddable":true,"href":"https:\/\/hoyre.no\/baerum\/wp-json\/wp\/v2\/politician?post=61"}],"curies":[{"name":"wp","href":"https:\/\/api.w.org\/{rel}","templated":true}]}}