{"id":69,"date":"2017-01-23T23:00:00","date_gmt":"2017-01-23T22:00:00","guid":{"rendered":"https:\/\/hoyre.no\/baerum\/aktuelt\/et-styrket-politi-i\/"},"modified":"2017-01-23T23:00:00","modified_gmt":"2017-01-23T22:00:00","slug":"et-styrket-politi-i","status":"publish","type":"post","link":"https:\/\/hoyre.no\/baerum\/aktuelt\/et-styrket-politi-i\/","title":{"rendered":"Et styrket politi i Asker og B\u00e6rum"},"content":{"rendered":"<p class=\"preamble\">Reform. Politistasjonen i Sandvika blir hovedkvarter for politiet vest for Oslo, og Asker politistasjon best\u00e5r. Asker og B\u00e6rum ern\u00e5 en del av Oslo politidistrikt. Et felles politidistrikt med bedre beredskap og styrket etterforskningskapasitet. Lysakerelven og kommunegrensen mellom B\u00e6rum og Oslo skal ikke lenger hindre samkj\u00f8ring av politiressursene i Oslo og Asker og B\u00e6rum.<\/p>\t\t\t<div class=\"post-meta wp-block teft-byline-wrapper\">\n\t\t\t\t<div class=\"top\">\n\t\t\t\t\t<div class=\"signature\">\n\t\t\t\t\t\t<div class=\"teft-byline\">\n\t\t\t\t\t\t\t\t\t\t\t\t\t\t<div>\n\t\t\t\t\t\t\t\t<h3>H\u00f8yres redaksjon<\/h3>\t\t\t\t\t\t\t\t\n\t\t\t\t\t\t\t\t\t\t\t\t\t\t\t\t\t<span class=\"date\">Sist oppdatert: 23. januar 2017<\/span>\n\t\t\t\t\t\t\t\t\t\t\t\t\t\t\t\t\t\t\t\t\t\t\t\t\t<span class=\"reading-time\" itemprop=\"timeRequired\" content=\"PT2M\"><em>Ca. 2 minutter lesetid<\/em><\/span>\n\t\t\t\t\t\t\t\t\t\t\t\t\t\t\t<\/div>\n\t\t\t\t\t\t<\/div>\n\t\t\t\t\t<\/div>\n\t\t\t\t\t\t<div class=\"sharing\">\n\t\t<a class=\"share-button share-link copy-link\" data-copy=\"https:\/\/hoyre.no\/baerum\/aktuelt\/et-styrket-politi-i\/\" target=\"_blank\"><span class=\"screen-reader-text\">Del link<\/span><\/a>\n\t\t<a class=\"share-button share-twitter\" href=\"http:\/\/twitter.com\/share?text=Et styrket politi i Asker og B\u00e6rum&#038;url=https:\/\/hoyre.no\/baerum\/aktuelt\/et-styrket-politi-i\/&#038;hashtags=Hoyre\" target=\"_blank\"><span class=\"screen-reader-text\">Del p\u00e5 twitter<\/span><\/a>\n\t\t<a class=\"share-button share-facebook\" href=\"https:\/\/www.facebook.com\/sharer\/sharer.php?u=https:\/\/hoyre.no\/baerum\/aktuelt\/et-styrket-politi-i\/\" target=\"_blank\"><span class=\"screen-reader-text\">Del p\u00e5 facebook<\/span><\/a>\n\t<\/div>\n\t\t\t\t\t<\/div>\n\t\t\t<\/div>\n\n\t\t\t<figure class=\"hoyre-image-wrapper\"><div class=\"hoyre-image\"><img loading=\"lazy\" decoding=\"async\" width=\"850\" height=\"566\" src=\"https:\/\/hoyre.no\/content\/uploads\/sites\/200\/2020\/11\/harek-til-hjemmeside_2.jpg\" class=\"attachment-scaled size-scaled\" alt=\"\" style=\"object-position: 50% 50%\" srcset=\"https:\/\/hoyre.no\/content\/uploads\/sites\/200\/2020\/11\/harek-til-hjemmeside_2.jpg 850w, https:\/\/hoyre.no\/content\/uploads\/sites\/200\/2020\/11\/harek-til-hjemmeside_2-300x200.jpg 300w, https:\/\/hoyre.no\/content\/uploads\/sites\/200\/2020\/11\/harek-til-hjemmeside_2-768x511.jpg 768w\" sizes=\"auto, (max-width: 850px) 100vw, 850px\" \/><\/div><\/figure><div id=\"hoyre-old-article-content-wrapper\"><p> Asker og B\u00e6rum ligger utsatt til for mobil vinningskriminalitet. H\u00f8y velstand, kort avstand til grensepasseringspunktene og n\u00e6rhet til Oslo er forklaringen. Organisert kriminalitet med forgreininger til internasjonale nettverk er et \u00f8kende problem ogs\u00e5 i Asker og B\u00e6rum. Narkotikasmugling, hvitvasking, svart arbeid, utnyttelse av arbeidskraft, trygdesvindel og ulovlige virksomheter er en trussel b\u00e5de mot norske arbeidsplasser og velferdsstaten.<\/p><p><br \/><\/p><p>Etterforskningsmilj\u00f8ene i Asker og B\u00e6rum og Oslo forener n\u00e5 ressursene i kampen mot kriminaliteten. Beredskapsmessig vil de to organisasjonene bli slagkraftig. Oslo, Asker og B\u00e6rum er landets minste politidistrikt med mest ressurser. Tryggheten til innbyggerne blir bedre, og beredskapen styrkes. Det er like langt fra politihuset p\u00e5 Gr\u00f8nland til Stovner politistasjon, som til Sandvika.<\/p><p><br \/><\/p><p>H\u00f8yre\/Frp-regjeringen ble overlatt en tung b\u00f8r. Politireformen er tvingende n\u00f8dvendig. Gj\u00f8rv-kommisjonens rapport konkluderte med at myndighetenes evne til \u00e5 beskytte menneskene p\u00e5 Ut\u00f8ya sviktet. En raskere politiaksjon var reelt sett mulig.<\/p><p>Politianalysen konkluderte med at organiseringen av politiet er et hinder for gode polititjenester. Politiet har ikke maktet \u00e5 gi bedre polititjenester, tross kraftig \u00f8kning i bevilgningene.<\/p><p><br \/><\/p><p>Det trengs 16 \u00e5rsverk for \u00e5 kunne stille en patruljebil 24 timer 365 dager i \u00e5ret. Av 357 politi- og lensmannskontorer er det kun 85 som er i stand til \u00e5 stille en patrulje. Ressursene er smurt tynt utover.<\/p><p><br \/><\/p><p>Politireformen inneb\u00e6rer at 126 lensmannskontorer sl\u00e5s sammen med nabokontorer. I snitt er det fem ansatte p\u00e5 disse 126 kontorene. Sammensl\u00e5ingen vil gi et synlig og tilgjengelig politi i de omr\u00e5dene dette gjelder. Dette ber\u00f8rer kun 500 av 16.000 ansatte i politiet. Fortsatt vil det v\u00e6re 221 politi- og lensmannskontorer i landet.<\/p><p><br \/><\/p><p>Det er blitt 1.400 nye politistillinger med H\u00f8yre i regjering. H\u00f8yre forlanger at dette skal gi et mer synlig politi. Vi trenger et tilgjengelig lokalt politi. Ikke i hus, men p\u00e5 hjul. Vi trenger et politi som kan bekjempe en r\u00e5ere kriminalitet i rask endring. <\/p><p><br \/><\/p><p>Politiet har mange steder hatt for sm\u00e5 og s\u00e5rbare fagmilj\u00f8er til \u00e5 etterforske den tunge og kompliserte kriminaliteten. Slik kan det ikke fortsette. Organisert grenseoverskridende kriminalitet, vold mot barn og avansert datakriminalitet krever store politiressurser.<\/p><p><br \/><\/p><p>Regjeringen gjennomf\u00f8rer en helt n\u00f8dvendig politireform. \u00c5 la v\u00e6re ville v\u00e6re uansvarlig.<\/p><p><br \/><\/p><p>Innspillet sto f\u00f8rst i Budstikka 24.01.2017<\/p><p><br \/><\/p><\/div>\n<div class=\"tags\">\n\t<\/div>\n<div class=\"post-footer alignfull has-background block-editor-block-list__block\" data-align=full>\n\t<div class=\"post-footer-inner\">\n\t\t<h3>Relaterte artikler<\/h3>\n\t\t<div class=\"related-content\"><div class=\"is-card-hoyre\">\n\t<div class=\"teft-card hoyre-teft-card post-teft-card\">\n\t\t<a href=\"https:\/\/hoyre.no\/baerum\/aktuelt\/nominasjon-i-baerum-hoyre-3\/\" class=\"teft-card__primary-action\">\n\n\t\t\t\t\t<div class=\"teft-card__media teft-card__media--16-9\">\n\t\t\t\t\t\t<img loading=\"lazy\" decoding=\"async\" width=\"768\" height=\"512\" src=\"https:\/\/hoyre.no\/content\/uploads\/sites\/200\/2025\/11\/Trine-Lise-Foto-CF-Wesenberg-red-768x512.jpg\" class=\"attachment-medium_large size-medium_large\" alt=\"\" srcset=\"https:\/\/hoyre.no\/content\/uploads\/sites\/200\/2025\/11\/Trine-Lise-Foto-CF-Wesenberg-red-768x512.jpg 768w, https:\/\/hoyre.no\/content\/uploads\/sites\/200\/2025\/11\/Trine-Lise-Foto-CF-Wesenberg-red-300x200.jpg 300w, https:\/\/hoyre.no\/content\/uploads\/sites\/200\/2025\/11\/Trine-Lise-Foto-CF-Wesenberg-red-1024x683.jpg 1024w, https:\/\/hoyre.no\/content\/uploads\/sites\/200\/2025\/11\/Trine-Lise-Foto-CF-Wesenberg-red.jpg 1200w\" sizes=\"auto, (max-width: 768px) 100vw, 768px\" \/>\t\t<\/div>\n\t\t\n\t\t\t<div class=\"teft-card__content-wrapper\">\n\t\t\t\t<div class=\"teft-card__secondary\">\n\t\t\t\t\t\n\t\t\t\t\t\t\t\t<div class=\"teft-card__meta\">\n\t\t\t\t\t\t\t\t\t<span class=\"post-date\">9. apr 2026<\/span>\n\n\t\t\t\t\t\t\t\t\t<span class=\"post-category\">Nyheter<\/span>\t\t\t\t\t\t\t\t<\/div>\n\t\t\t\t\t\t\t\t\t\t\t<\/div>\n\n\t\t\t\t<div class=\"teft-card__primary\">\n\t\t\t\t\t<h2 class=\"teft-card__title\">Nominasjon i B\u00e6rum H\u00f8yre&nbsp;<span class=\"teft-card__primary-title-append\"><\/span><\/h2>\t\t\t\t<\/div>\n\t\t\t<\/div>\n\t\t<\/a>\n\t<\/div>\n\n\t<\/div><div class=\"is-card-hoyre\">\n\t<div class=\"teft-card hoyre-teft-card post-teft-card\">\n\t\t<a href=\"https:\/\/hoyre.no\/baerum\/aktuelt\/dagtilbudet-skal-vaere-trygt-godt-og-meningsfullt\/\" class=\"teft-card__primary-action\">\n\n\t\t\t\t\t<div class=\"teft-card__media teft-card__media--16-9\">\n\t\t\t\t\t\t<img loading=\"lazy\" decoding=\"async\" width=\"768\" height=\"511\" src=\"https:\/\/hoyre.no\/content\/uploads\/sites\/200\/2025\/12\/Wenche-Steen-og-Haakon-Sandven-768x511.jpg\" class=\"attachment-medium_large size-medium_large\" alt=\"\" srcset=\"https:\/\/hoyre.no\/content\/uploads\/sites\/200\/2025\/12\/Wenche-Steen-og-Haakon-Sandven-768x511.jpg 768w, https:\/\/hoyre.no\/content\/uploads\/sites\/200\/2025\/12\/Wenche-Steen-og-Haakon-Sandven-300x200.jpg 300w, https:\/\/hoyre.no\/content\/uploads\/sites\/200\/2025\/12\/Wenche-Steen-og-Haakon-Sandven.jpg 944w\" sizes=\"auto, (max-width: 768px) 100vw, 768px\" \/>\t\t<\/div>\n\t\t\n\t\t\t<div class=\"teft-card__content-wrapper\">\n\t\t\t\t<div class=\"teft-card__secondary\">\n\t\t\t\t\t\n\t\t\t\t\t\t\t\t<div class=\"teft-card__meta\">\n\t\t\t\t\t\t\t\t\t<span class=\"post-date\">25. apr 2026<\/span>\n\n\t\t\t\t\t\t\t\t\t<span class=\"post-category\">Nyheter<\/span>\t\t\t\t\t\t\t\t<\/div>\n\t\t\t\t\t\t\t\t\t\t\t<\/div>\n\n\t\t\t\t<div class=\"teft-card__primary\">\n\t\t\t\t\t<h2 class=\"teft-card__title\">Dagtilbudet skal v\u00e6re trygt, godt og meningsfullt&nbsp;<span class=\"teft-card__primary-title-append\"><\/span><\/h2>\t\t\t\t<\/div>\n\t\t\t<\/div>\n\t\t<\/a>\n\t<\/div>\n\n\t<\/div><div class=\"is-card-hoyre\">\n\t<div class=\"teft-card hoyre-teft-card post-teft-card\">\n\t\t<a href=\"https:\/\/hoyre.no\/baerum\/aktuelt\/mer-idrettsglede-til-barn-og-unge\/\" class=\"teft-card__primary-action\">\n\n\t\t\t\t\t<div class=\"teft-card__media teft-card__media--16-9\">\n\t\t\t\t\t\t<img loading=\"lazy\" decoding=\"async\" width=\"768\" height=\"1024\" src=\"https:\/\/hoyre.no\/content\/uploads\/sites\/200\/2026\/04\/Trine-Lise-Ostlund-Blime-idrett-privat-768x1024.jpg\" class=\"attachment-medium_large size-medium_large\" alt=\"\" srcset=\"https:\/\/hoyre.no\/content\/uploads\/sites\/200\/2026\/04\/Trine-Lise-Ostlund-Blime-idrett-privat-768x1024.jpg 768w, https:\/\/hoyre.no\/content\/uploads\/sites\/200\/2026\/04\/Trine-Lise-Ostlund-Blime-idrett-privat-225x300.jpg 225w, https:\/\/hoyre.no\/content\/uploads\/sites\/200\/2026\/04\/Trine-Lise-Ostlund-Blime-idrett-privat.jpg 900w\" sizes=\"auto, (max-width: 768px) 100vw, 768px\" \/>\t\t<\/div>\n\t\t\n\t\t\t<div class=\"teft-card__content-wrapper\">\n\t\t\t\t<div class=\"teft-card__secondary\">\n\t\t\t\t\t\n\t\t\t\t\t\t\t\t<div class=\"teft-card__meta\">\n\t\t\t\t\t\t\t\t\t<span class=\"post-date\">20. apr 2026<\/span>\n\n\t\t\t\t\t\t\t\t\t<span class=\"post-category\">Nyheter<\/span>\t\t\t\t\t\t\t\t<\/div>\n\t\t\t\t\t\t\t\t\t\t\t<\/div>\n\n\t\t\t\t<div class=\"teft-card__primary\">\n\t\t\t\t\t<h2 class=\"teft-card__title\">Mer idrettsglede til barn og unge&nbsp;<span class=\"teft-card__primary-title-append\"><\/span><\/h2>\t\t\t\t<\/div>\n\t\t\t<\/div>\n\t\t<\/a>\n\t<\/div>\n\n\t<\/div><\/div>\t<\/div>\n<\/div>\n","protected":false},"excerpt":{"rendered":"","protected":false},"author":0,"featured_media":0,"comment_status":"closed","ping_status":"closed","sticky":false,"template":"","format":"standard","meta":{"teft_cards_image_url":"https:\/\/hoyre.no\/content\/uploads\/sites\/200\/2020\/11\/harek-til-hjemmeside_2.jpg","teft_cards_custom_pretitle":"","teft_cards_image_id":68,"teft_cards_image_focal_point_x":0,"teft_cards_image_focal_point_y":0,"teft_cards_title":"","teft_cards_excerpt":"","teft_show_chapters":false,"author_display_name":"H\u00e5rek Elvenes, stortingsrepresentant og medlem av Justiskomiteen","footnotes":""},"category":[1],"post_tag":[],"hoyre-visibility":[],"article-type":[],"politician":[],"class_list":["post-69","post","type-post","status-publish","format-standard","hentry","category-ukategorisert"],"yoast_head":"<!-- This site is optimized with the Yoast SEO plugin v26.6 - https:\/\/yoast.com\/wordpress\/plugins\/seo\/ -->\n<title>Et styrket politi i Asker og B\u00e6rum - B\u00e6rum H\u00f8yre<\/title>\n<meta name=\"robots\" content=\"index, follow, max-snippet:-1, max-image-preview:large, max-video-preview:-1\" \/>\n<link rel=\"canonical\" href=\"https:\/\/hoyre.no\/baerum\/aktuelt\/et-styrket-politi-i\/\" \/>\n<meta property=\"og:locale\" content=\"nb_NO\" \/>\n<meta property=\"og:type\" content=\"article\" \/>\n<meta property=\"og:title\" content=\"Et styrket politi i Asker og B\u00e6rum - B\u00e6rum H\u00f8yre\" \/>\n<meta property=\"og:url\" content=\"https:\/\/hoyre.no\/baerum\/aktuelt\/et-styrket-politi-i\/\" \/>\n<meta property=\"og:site_name\" content=\"B\u00e6rum H\u00f8yre\" \/>\n<meta property=\"article:published_time\" content=\"2017-01-23T22:00:00+00:00\" \/>\n<meta property=\"og:image\" content=\"https:\/\/hoyre.no\/content\/uploads\/sites\/200\/2026\/04\/Trine-Lise-Ostlund-Blime-priv-red.jpg\" \/>\n<meta name=\"twitter:card\" content=\"summary_large_image\" \/>\n<meta name=\"twitter:label1\" content=\"Ansl. lesetid\" \/>\n\t<meta name=\"twitter:data1\" content=\"2 minutter\" \/>\n<script type=\"application\/ld+json\" class=\"yoast-schema-graph\">{\"@context\":\"https:\/\/schema.org\",\"@graph\":[{\"@type\":\"NewsArticle\",\"@id\":\"https:\/\/hoyre.no\/baerum\/aktuelt\/et-styrket-politi-i\/\",\"url\":\"https:\/\/hoyre.no\/baerum\/aktuelt\/et-styrket-politi-i\/\",\"name\":\"Et styrket politi i Asker og B\u00e6rum - B\u00e6rum H\u00f8yre\",\"isPartOf\":{\"@id\":\"https:\/\/hoyre.no\/baerum\/#website\"},\"datePublished\":\"2017-01-23T22:00:00+00:00\",\"author\":{\"@id\":\"\"},\"breadcrumb\":{\"@id\":\"https:\/\/hoyre.no\/baerum\/aktuelt\/et-styrket-politi-i\/#breadcrumb\"},\"inLanguage\":\"nb-NO\",\"potentialAction\":[{\"@type\":\"ReadAction\",\"target\":[\"https:\/\/hoyre.no\/baerum\/aktuelt\/et-styrket-politi-i\/\"]}]},{\"@type\":\"BreadcrumbList\",\"@id\":\"https:\/\/hoyre.no\/baerum\/aktuelt\/et-styrket-politi-i\/#breadcrumb\",\"itemListElement\":[{\"@type\":\"ListItem\",\"position\":1,\"name\":\"Til hoyre.no\",\"item\":\"https:\/\/hoyre.no\"},{\"@type\":\"ListItem\",\"position\":2,\"name\":\"Hjem\",\"item\":\"https:\/\/hoyre.no\/baerum\/\"},{\"@type\":\"ListItem\",\"position\":3,\"name\":\"Et styrket politi i Asker og B\u00e6rum\"}]},{\"@type\":\"WebSite\",\"@id\":\"https:\/\/hoyre.no\/baerum\/#website\",\"url\":\"https:\/\/hoyre.no\/baerum\/\",\"name\":\"B\u00e6rum H\u00f8yre\",\"description\":\"Bare enda et H\u00f8yres nettsteder-nettsted\",\"inLanguage\":\"nb-NO\"}]}<\/script>\n<!-- \/ Yoast SEO plugin. -->","yoast_head_json":{"title":"Et styrket politi i Asker og B\u00e6rum - B\u00e6rum H\u00f8yre","robots":{"index":"index","follow":"follow","max-snippet":"max-snippet:-1","max-image-preview":"max-image-preview:large","max-video-preview":"max-video-preview:-1"},"canonical":"https:\/\/hoyre.no\/baerum\/aktuelt\/et-styrket-politi-i\/","og_locale":"nb_NO","og_type":"article","og_title":"Et styrket politi i Asker og B\u00e6rum - B\u00e6rum H\u00f8yre","og_url":"https:\/\/hoyre.no\/baerum\/aktuelt\/et-styrket-politi-i\/","og_site_name":"B\u00e6rum H\u00f8yre","article_published_time":"2017-01-23T22:00:00+00:00","og_image":[{"url":"https:\/\/hoyre.no\/content\/uploads\/sites\/200\/2026\/04\/Trine-Lise-Ostlund-Blime-priv-red.jpg","width":"","height":"","type":""}],"twitter_card":"summary_large_image","twitter_misc":{"Ansl. lesetid":"2 minutter"},"schema":{"@context":"https:\/\/schema.org","@graph":[{"@type":"NewsArticle","@id":"https:\/\/hoyre.no\/baerum\/aktuelt\/et-styrket-politi-i\/","url":"https:\/\/hoyre.no\/baerum\/aktuelt\/et-styrket-politi-i\/","name":"Et styrket politi i Asker og B\u00e6rum - B\u00e6rum H\u00f8yre","isPartOf":{"@id":"https:\/\/hoyre.no\/baerum\/#website"},"datePublished":"2017-01-23T22:00:00+00:00","author":{"@id":""},"breadcrumb":{"@id":"https:\/\/hoyre.no\/baerum\/aktuelt\/et-styrket-politi-i\/#breadcrumb"},"inLanguage":"nb-NO","potentialAction":[{"@type":"ReadAction","target":["https:\/\/hoyre.no\/baerum\/aktuelt\/et-styrket-politi-i\/"]}]},{"@type":"BreadcrumbList","@id":"https:\/\/hoyre.no\/baerum\/aktuelt\/et-styrket-politi-i\/#breadcrumb","itemListElement":[{"@type":"ListItem","position":1,"name":"Til hoyre.no","item":"https:\/\/hoyre.no"},{"@type":"ListItem","position":2,"name":"Hjem","item":"https:\/\/hoyre.no\/baerum\/"},{"@type":"ListItem","position":3,"name":"Et styrket politi i Asker og B\u00e6rum"}]},{"@type":"WebSite","@id":"https:\/\/hoyre.no\/baerum\/#website","url":"https:\/\/hoyre.no\/baerum\/","name":"B\u00e6rum H\u00f8yre","description":"Bare enda et H\u00f8yres nettsteder-nettsted","inLanguage":"nb-NO"}]}},"distributor_meta":false,"distributor_terms":false,"distributor_media":false,"distributor_original_site_name":"B\u00e6rum H\u00f8yre","distributor_original_site_url":"https:\/\/hoyre.no\/baerum","push-errors":false,"_links":{"self":[{"href":"https:\/\/hoyre.no\/baerum\/wp-json\/wp\/v2\/posts\/69","targetHints":{"allow":["GET"]}}],"collection":[{"href":"https:\/\/hoyre.no\/baerum\/wp-json\/wp\/v2\/posts"}],"about":[{"href":"https:\/\/hoyre.no\/baerum\/wp-json\/wp\/v2\/types\/post"}],"replies":[{"embeddable":true,"href":"https:\/\/hoyre.no\/baerum\/wp-json\/wp\/v2\/comments?post=69"}],"version-history":[{"count":0,"href":"https:\/\/hoyre.no\/baerum\/wp-json\/wp\/v2\/posts\/69\/revisions"}],"wp:attachment":[{"href":"https:\/\/hoyre.no\/baerum\/wp-json\/wp\/v2\/media?parent=69"}],"wp:term":[{"taxonomy":"category","embeddable":true,"href":"https:\/\/hoyre.no\/baerum\/wp-json\/wp\/v2\/category?post=69"},{"taxonomy":"post_tag","embeddable":true,"href":"https:\/\/hoyre.no\/baerum\/wp-json\/wp\/v2\/post_tag?post=69"},{"taxonomy":"hoyre-visibility","embeddable":true,"href":"https:\/\/hoyre.no\/baerum\/wp-json\/wp\/v2\/hoyre-visibility?post=69"},{"taxonomy":"article-type","embeddable":true,"href":"https:\/\/hoyre.no\/baerum\/wp-json\/wp\/v2\/article-type?post=69"},{"taxonomy":"politician","embeddable":true,"href":"https:\/\/hoyre.no\/baerum\/wp-json\/wp\/v2\/politician?post=69"}],"curies":[{"name":"wp","href":"https:\/\/api.w.org\/{rel}","templated":true}]}}