{"id":789,"date":"2018-05-30T22:00:00","date_gmt":"2018-05-30T20:00:00","guid":{"rendered":"https:\/\/hoyre.no\/baerum\/aktuelt\/prosjekt_robust\/"},"modified":"2018-05-30T22:00:00","modified_gmt":"2018-05-30T20:00:00","slug":"prosjekt_robust","status":"publish","type":"post","link":"https:\/\/hoyre.no\/baerum\/aktuelt\/prosjekt_robust\/","title":{"rendered":"Prosjekt ROBUST"},"content":{"rendered":"<p class=\"preamble\">Fra neste skole\u00e5r f\u00e5r v\u00e5re8. klassinger et unikt tilbud. Da starter vi \u00abProsjekt ROBUST\u00bb som inneb\u00e6rer atelevene skal f\u00e5 undervisning i l\u00e6rende tankesett, evnen til \u00e5 kunne regulereemosjoner, evnen til probleml\u00f8sning, oppmerksomt n\u00e6rv\u00e6r, sosial kompetanse ogsosialt ansvar.<\/p>\t\t\t<div class=\"post-meta wp-block teft-byline-wrapper\">\n\t\t\t\t<div class=\"top\">\n\t\t\t\t\t<div class=\"signature\">\n\t\t\t\t\t\t<div class=\"teft-byline\">\n\t\t\t\t\t\t\t\t\t\t\t\t\t\t<div>\n\t\t\t\t\t\t\t\t<h3>H\u00f8yres redaksjon<\/h3>\t\t\t\t\t\t\t\t\n\t\t\t\t\t\t\t\t\t\t\t\t\t\t\t\t\t<span class=\"date\">Sist oppdatert: 30. mai 2018<\/span>\n\t\t\t\t\t\t\t\t\t\t\t\t\t\t\t\t\t\t\t\t\t\t\t\t\t<span class=\"reading-time\" itemprop=\"timeRequired\" content=\"PT3M\"><em>Ca. 3 minutter lesetid<\/em><\/span>\n\t\t\t\t\t\t\t\t\t\t\t\t\t\t\t<\/div>\n\t\t\t\t\t\t<\/div>\n\t\t\t\t\t<\/div>\n\t\t\t\t\t\t<div class=\"sharing\">\n\t\t<a class=\"share-button share-link copy-link\" data-copy=\"https:\/\/hoyre.no\/baerum\/aktuelt\/prosjekt_robust\/\" target=\"_blank\"><span class=\"screen-reader-text\">Del link<\/span><\/a>\n\t\t<a class=\"share-button share-twitter\" href=\"http:\/\/twitter.com\/share?text=Prosjekt ROBUST&#038;url=https:\/\/hoyre.no\/baerum\/aktuelt\/prosjekt_robust\/&#038;hashtags=Hoyre\" target=\"_blank\"><span class=\"screen-reader-text\">Del p\u00e5 twitter<\/span><\/a>\n\t\t<a class=\"share-button share-facebook\" href=\"https:\/\/www.facebook.com\/sharer\/sharer.php?u=https:\/\/hoyre.no\/baerum\/aktuelt\/prosjekt_robust\/\" target=\"_blank\"><span class=\"screen-reader-text\">Del p\u00e5 facebook<\/span><\/a>\n\t<\/div>\n\t\t\t\t\t<\/div>\n\t\t\t<\/div>\n\n\t\t\t<figure class=\"hoyre-image-wrapper\"><div class=\"hoyre-image\"><img loading=\"lazy\" decoding=\"async\" width=\"800\" height=\"582\" src=\"https:\/\/hoyre.no\/content\/uploads\/sites\/200\/2020\/11\/anne_lene_web.jpg\" class=\"attachment-scaled size-scaled\" alt=\"\" style=\"object-position: 50% 50%\" srcset=\"https:\/\/hoyre.no\/content\/uploads\/sites\/200\/2020\/11\/anne_lene_web.jpg 800w, https:\/\/hoyre.no\/content\/uploads\/sites\/200\/2020\/11\/anne_lene_web-300x218.jpg 300w, https:\/\/hoyre.no\/content\/uploads\/sites\/200\/2020\/11\/anne_lene_web-768x559.jpg 768w\" sizes=\"auto, (max-width: 800px) 100vw, 800px\" \/><\/div><\/figure><div id=\"hoyre-old-article-content-wrapper\"><p>De siste \u00e5rene har vi iB\u00e6rum kommune satt psykisk helse p\u00e5 dagsorden i b\u00e6rumsskolen. Mange ulike tiltaks\u00f8rger for at v\u00e5re elever utvikler solid sosial og emosjonell kompetanse og ensunn psykisk helse. I tillegg starter vi n\u00e5 \u00abProsjekt ROBUST\u00bb.<\/p><p>M\u00e5let med prosjektet er \u00e5styrke elevenes evne til \u00e5 h\u00e5ndtere utfordringer de kan st\u00e5 overfor gjennom \u00e5\u00f8ke deres sosiale og emosjonelle kompetanse, i tillegg til \u00e5 \u00f8ke motivasjonenfor skolearbeidet. Internasjonal forskning tyder p\u00e5 at slike tiltak har flerepositive effekter, men det er behov for mer forskning som er gyldig for norskeelever som begynner p\u00e5 ungdomsskolen. SkoleforskerenMichael Fullan (2012) fremsetter ogs\u00e5 egenskapen \u00abcharacter\u00bb som en av de seksviktigste kompetansene for fremtiden.<br \/><\/p><p>I \u00abOverordnet del \u2013 verdier ogprinsipper for grunnoppl\u00e6ringen\u00bb fremsettes tretverrfaglige temaer for oppl\u00e6ringen i skolen: \u00abFolkehelse og livsmestring\u00bb,\u00abDemokrati og medborgerskap\u00bb og \u00abB\u00e6rekraftig utvikling\u00bb. En viktig del avlivsmestring handler om at elevene har en god psykisk helse og utvikler sinsosiale og emosjonelle kompetanse. Livsmestring og psykisk helse handler om \u00e5f\u00e5 verkt\u00f8y og strategier til \u00e5 mestre de utfordringene som livet stadig tilbyr.<br \/><\/p><p>N\u00e5 har B\u00e6rum kommune startetet samarbeid med L\u00e6ringsmilj\u00f8senteret og Handelsh\u00f8gskolen ved Universitetet iStavanger om \u00e5 delta i forskningsprosjektet \u00abProsjekt ROBUST\u00bb som skal ledes avprofessorene Mari Rege og Edvin Bru ved UiS.<br \/><\/p><p>L\u00e6ringsmilj\u00f8senteret vil s\u00f8rgefor oppl\u00e6ring av v\u00e5re l\u00e6rere slik at de selv kan drive tiltaket blant sineelever. De vil ogs\u00e5 lage et undervisningsopplegg med tilh\u00f8rende materiell forelevene. Materiellet skal ta for seg de fem hovedtemaene: L\u00e6rende tankesett,evne til \u00e5 kunne regulere emosjoner, evne til probleml\u00f8sning, oppmerksomtn\u00e6rv\u00e6r, sosial kompetanse og sosialt ansvar. Innholdet i temaene er basert p\u00e5veldokumenterte og anerkjente metoder for \u00e5 fremme sosial og emosjonell l\u00e6ring.<br \/><\/p><p>For elevene betyr prosjektetat halvparten av alle 8. trinns elever p\u00e5 elleve ungdomsskoler f\u00e5r oppl\u00e6ring ilivsmestring \u00e9n time i uken i 20 uker. De andre klassene vil v\u00e6rekontrollgrupper og f\u00e5 undervisning i filosofi og retorikk.<\/p><p>Klassene vil bli tilfeldig fordeltp\u00e5 de to undervisningsoppleggene. N\u00e5r elevene g\u00e5r i 10. klasse vil de som hardeltatt i det alternative undervisningsopplegget med undervisning i filosofi ogretorikk motta Robust. Alle elevene vil derfor f\u00e5 b\u00e5de oppl\u00e6ring i \u00abROBUST\u00bb ogfilosofi og retorikk p\u00e5 ungdomstrinnet. De ulike temaene er basert p\u00e5veldokumenterte og anerkjente metoder for \u00e5 fremme sosial og emosjonell l\u00e6ring.<\/p><p>I forbindelse medforskningen vil elevene bli bedt om \u00e5 fylle ut sp\u00f8rreskjema. Noen elever vilogs\u00e5 bli invitert til \u00e5 delta i intervju. Temaene vil handle om opplevelse avskolerelaterte forhold, i tillegg til sosiale og emosjonelle ressurser ogutfordringer. B\u00e6rum kommune vil gi tilgang til karakterer og resultater p\u00e5nasjonale pr\u00f8ver og andre kartleggingstester gjennom ungdomskolen for eleversom deltar i studien.Det vil naturligvis sikres full anonymitet p\u00e5 fagligeresultater. For at eleven skal kunne delta i forskningen, m\u00e5 foresatte gisitt samtykke. Det vil v\u00e6re frivillig \u00e5 delta i studien, og de foresatte kann\u00e5r som helst trekke samtykket til sitt barns deltakelse uten \u00e5 oppgi noengrunn.<br \/><\/p><p>P\u00e5 sikt h\u00e5per vi at vi har s\u00e5 godeerfaringer at de kan spres videre i b\u00e6rumsskolen. Dette ser jeg frem til \u00e5f\u00f8lge tett videre.<\/p><p><\/p><p><\/p><p><br \/><\/p><\/div>\n<div class=\"tags\">\n\t<\/div>\n<div class=\"post-footer alignfull has-background block-editor-block-list__block\" data-align=full>\n\t<div class=\"post-footer-inner\">\n\t\t<h3>Relaterte artikler<\/h3>\n\t\t<div class=\"related-content\"><div class=\"is-card-hoyre\">\n\t<div class=\"teft-card hoyre-teft-card post-teft-card\">\n\t\t<a href=\"https:\/\/hoyre.no\/baerum\/aktuelt\/nominasjon-i-baerum-hoyre-3\/\" class=\"teft-card__primary-action\">\n\n\t\t\t\t\t<div class=\"teft-card__media teft-card__media--16-9\">\n\t\t\t\t\t\t<img loading=\"lazy\" decoding=\"async\" width=\"768\" height=\"512\" src=\"https:\/\/hoyre.no\/content\/uploads\/sites\/200\/2025\/11\/Trine-Lise-Foto-CF-Wesenberg-red-768x512.jpg\" class=\"attachment-medium_large size-medium_large\" alt=\"\" srcset=\"https:\/\/hoyre.no\/content\/uploads\/sites\/200\/2025\/11\/Trine-Lise-Foto-CF-Wesenberg-red-768x512.jpg 768w, https:\/\/hoyre.no\/content\/uploads\/sites\/200\/2025\/11\/Trine-Lise-Foto-CF-Wesenberg-red-300x200.jpg 300w, https:\/\/hoyre.no\/content\/uploads\/sites\/200\/2025\/11\/Trine-Lise-Foto-CF-Wesenberg-red-1024x683.jpg 1024w, https:\/\/hoyre.no\/content\/uploads\/sites\/200\/2025\/11\/Trine-Lise-Foto-CF-Wesenberg-red.jpg 1200w\" sizes=\"auto, (max-width: 768px) 100vw, 768px\" \/>\t\t<\/div>\n\t\t\n\t\t\t<div class=\"teft-card__content-wrapper\">\n\t\t\t\t<div class=\"teft-card__secondary\">\n\t\t\t\t\t\n\t\t\t\t\t\t\t\t<div class=\"teft-card__meta\">\n\t\t\t\t\t\t\t\t\t<span class=\"post-date\">9. apr 2026<\/span>\n\n\t\t\t\t\t\t\t\t\t<span class=\"post-category\">Nyheter<\/span>\t\t\t\t\t\t\t\t<\/div>\n\t\t\t\t\t\t\t\t\t\t\t<\/div>\n\n\t\t\t\t<div class=\"teft-card__primary\">\n\t\t\t\t\t<h2 class=\"teft-card__title\">Nominasjon i B\u00e6rum H\u00f8yre&nbsp;<span class=\"teft-card__primary-title-append\"><\/span><\/h2>\t\t\t\t<\/div>\n\t\t\t<\/div>\n\t\t<\/a>\n\t<\/div>\n\n\t<\/div><div class=\"is-card-hoyre\">\n\t<div class=\"teft-card hoyre-teft-card post-teft-card\">\n\t\t<a href=\"https:\/\/hoyre.no\/baerum\/aktuelt\/mer-idrettsglede-til-barn-og-unge\/\" class=\"teft-card__primary-action\">\n\n\t\t\t\t\t<div class=\"teft-card__media teft-card__media--16-9\">\n\t\t\t\t\t\t<img loading=\"lazy\" decoding=\"async\" width=\"768\" height=\"1024\" src=\"https:\/\/hoyre.no\/content\/uploads\/sites\/200\/2026\/04\/Trine-Lise-Ostlund-Blime-idrett-privat-768x1024.jpg\" class=\"attachment-medium_large size-medium_large\" alt=\"\" srcset=\"https:\/\/hoyre.no\/content\/uploads\/sites\/200\/2026\/04\/Trine-Lise-Ostlund-Blime-idrett-privat-768x1024.jpg 768w, https:\/\/hoyre.no\/content\/uploads\/sites\/200\/2026\/04\/Trine-Lise-Ostlund-Blime-idrett-privat-225x300.jpg 225w, https:\/\/hoyre.no\/content\/uploads\/sites\/200\/2026\/04\/Trine-Lise-Ostlund-Blime-idrett-privat.jpg 900w\" sizes=\"auto, (max-width: 768px) 100vw, 768px\" \/>\t\t<\/div>\n\t\t\n\t\t\t<div class=\"teft-card__content-wrapper\">\n\t\t\t\t<div class=\"teft-card__secondary\">\n\t\t\t\t\t\n\t\t\t\t\t\t\t\t<div class=\"teft-card__meta\">\n\t\t\t\t\t\t\t\t\t<span class=\"post-date\">20. apr 2026<\/span>\n\n\t\t\t\t\t\t\t\t\t<span class=\"post-category\">Nyheter<\/span>\t\t\t\t\t\t\t\t<\/div>\n\t\t\t\t\t\t\t\t\t\t\t<\/div>\n\n\t\t\t\t<div class=\"teft-card__primary\">\n\t\t\t\t\t<h2 class=\"teft-card__title\">Mer idrettsglede til barn og unge&nbsp;<span class=\"teft-card__primary-title-append\"><\/span><\/h2>\t\t\t\t<\/div>\n\t\t\t<\/div>\n\t\t<\/a>\n\t<\/div>\n\n\t<\/div><div class=\"is-card-hoyre\">\n\t<div class=\"teft-card hoyre-teft-card post-teft-card\">\n\t\t<a href=\"https:\/\/hoyre.no\/baerum\/aktuelt\/en-borgerlig-satsing-pa-god-kortreist-mat-fra-akershus\/\" class=\"teft-card__primary-action\">\n\n\t\t\t\t\t<div class=\"teft-card__media teft-card__media--16-9\">\n\t\t\t\t\t\t<img loading=\"lazy\" decoding=\"async\" width=\"768\" height=\"580\" src=\"https:\/\/hoyre.no\/content\/uploads\/sites\/200\/2026\/04\/Trine-Lise-Ostlund-Blime-priv-red-768x580.jpg\" class=\"attachment-medium_large size-medium_large\" alt=\"\" srcset=\"https:\/\/hoyre.no\/content\/uploads\/sites\/200\/2026\/04\/Trine-Lise-Ostlund-Blime-priv-red-768x580.jpg 768w, https:\/\/hoyre.no\/content\/uploads\/sites\/200\/2026\/04\/Trine-Lise-Ostlund-Blime-priv-red-300x227.jpg 300w, https:\/\/hoyre.no\/content\/uploads\/sites\/200\/2026\/04\/Trine-Lise-Ostlund-Blime-priv-red.jpg 973w\" sizes=\"auto, (max-width: 768px) 100vw, 768px\" \/>\t\t<\/div>\n\t\t\n\t\t\t<div class=\"teft-card__content-wrapper\">\n\t\t\t\t<div class=\"teft-card__secondary\">\n\t\t\t\t\t\n\t\t\t\t\t\t\t\t<div class=\"teft-card__meta\">\n\t\t\t\t\t\t\t\t\t<span class=\"post-date\">10. apr 2026<\/span>\n\n\t\t\t\t\t\t\t\t\t<span class=\"post-category\">Nyheter<\/span>\t\t\t\t\t\t\t\t<\/div>\n\t\t\t\t\t\t\t\t\t\t\t<\/div>\n\n\t\t\t\t<div class=\"teft-card__primary\">\n\t\t\t\t\t<h2 class=\"teft-card__title\">En borgerlig satsing p\u00e5 god kortreist mat fra Akershus&nbsp;<span class=\"teft-card__primary-title-append\"><\/span><\/h2>\t\t\t\t<\/div>\n\t\t\t<\/div>\n\t\t<\/a>\n\t<\/div>\n\n\t<\/div><\/div>\t<\/div>\n<\/div>\n","protected":false},"excerpt":{"rendered":"","protected":false},"author":0,"featured_media":0,"comment_status":"closed","ping_status":"closed","sticky":false,"template":"","format":"standard","meta":{"teft_cards_image_url":"https:\/\/hoyre.no\/content\/uploads\/sites\/200\/2020\/11\/anne_lene_web.jpg","teft_cards_custom_pretitle":"","teft_cards_image_id":788,"teft_cards_image_focal_point_x":0,"teft_cards_image_focal_point_y":0,"teft_cards_title":"","teft_cards_excerpt":"","teft_show_chapters":false,"author_display_name":"Anne Lene Hojem, leder Hovedutvalg for barn og unge","footnotes":""},"category":[1],"post_tag":[],"hoyre-visibility":[],"article-type":[],"politician":[],"class_list":["post-789","post","type-post","status-publish","format-standard","hentry","category-ukategorisert"],"yoast_head":"<!-- This site is optimized with the Yoast SEO plugin v26.6 - https:\/\/yoast.com\/wordpress\/plugins\/seo\/ -->\n<title>Prosjekt ROBUST - B\u00e6rum H\u00f8yre<\/title>\n<meta name=\"robots\" content=\"index, follow, max-snippet:-1, max-image-preview:large, max-video-preview:-1\" \/>\n<link rel=\"canonical\" href=\"https:\/\/hoyre.no\/baerum\/aktuelt\/prosjekt_robust\/\" \/>\n<meta property=\"og:locale\" content=\"nb_NO\" \/>\n<meta property=\"og:type\" content=\"article\" \/>\n<meta property=\"og:title\" content=\"Prosjekt ROBUST - B\u00e6rum H\u00f8yre\" \/>\n<meta property=\"og:url\" content=\"https:\/\/hoyre.no\/baerum\/aktuelt\/prosjekt_robust\/\" \/>\n<meta property=\"og:site_name\" content=\"B\u00e6rum H\u00f8yre\" \/>\n<meta property=\"article:published_time\" content=\"2018-05-30T20:00:00+00:00\" \/>\n<meta property=\"og:image\" content=\"https:\/\/hoyre.no\/content\/uploads\/sites\/200\/2026\/04\/Trine-Lise-Ostlund-Blime-priv-red.jpg\" \/>\n<meta name=\"twitter:card\" content=\"summary_large_image\" \/>\n<meta name=\"twitter:label1\" content=\"Ansl. lesetid\" \/>\n\t<meta name=\"twitter:data1\" content=\"3 minutter\" \/>\n<script type=\"application\/ld+json\" class=\"yoast-schema-graph\">{\"@context\":\"https:\/\/schema.org\",\"@graph\":[{\"@type\":\"NewsArticle\",\"@id\":\"https:\/\/hoyre.no\/baerum\/aktuelt\/prosjekt_robust\/\",\"url\":\"https:\/\/hoyre.no\/baerum\/aktuelt\/prosjekt_robust\/\",\"name\":\"Prosjekt ROBUST - B\u00e6rum H\u00f8yre\",\"isPartOf\":{\"@id\":\"https:\/\/hoyre.no\/baerum\/#website\"},\"datePublished\":\"2018-05-30T20:00:00+00:00\",\"author\":{\"@id\":\"\"},\"breadcrumb\":{\"@id\":\"https:\/\/hoyre.no\/baerum\/aktuelt\/prosjekt_robust\/#breadcrumb\"},\"inLanguage\":\"nb-NO\",\"potentialAction\":[{\"@type\":\"ReadAction\",\"target\":[\"https:\/\/hoyre.no\/baerum\/aktuelt\/prosjekt_robust\/\"]}]},{\"@type\":\"BreadcrumbList\",\"@id\":\"https:\/\/hoyre.no\/baerum\/aktuelt\/prosjekt_robust\/#breadcrumb\",\"itemListElement\":[{\"@type\":\"ListItem\",\"position\":1,\"name\":\"Til hoyre.no\",\"item\":\"https:\/\/hoyre.no\"},{\"@type\":\"ListItem\",\"position\":2,\"name\":\"Hjem\",\"item\":\"https:\/\/hoyre.no\/baerum\/\"},{\"@type\":\"ListItem\",\"position\":3,\"name\":\"Prosjekt ROBUST\"}]},{\"@type\":\"WebSite\",\"@id\":\"https:\/\/hoyre.no\/baerum\/#website\",\"url\":\"https:\/\/hoyre.no\/baerum\/\",\"name\":\"B\u00e6rum H\u00f8yre\",\"description\":\"Bare enda et H\u00f8yres nettsteder-nettsted\",\"inLanguage\":\"nb-NO\"}]}<\/script>\n<!-- \/ Yoast SEO plugin. -->","yoast_head_json":{"title":"Prosjekt ROBUST - B\u00e6rum H\u00f8yre","robots":{"index":"index","follow":"follow","max-snippet":"max-snippet:-1","max-image-preview":"max-image-preview:large","max-video-preview":"max-video-preview:-1"},"canonical":"https:\/\/hoyre.no\/baerum\/aktuelt\/prosjekt_robust\/","og_locale":"nb_NO","og_type":"article","og_title":"Prosjekt ROBUST - B\u00e6rum H\u00f8yre","og_url":"https:\/\/hoyre.no\/baerum\/aktuelt\/prosjekt_robust\/","og_site_name":"B\u00e6rum H\u00f8yre","article_published_time":"2018-05-30T20:00:00+00:00","og_image":[{"url":"https:\/\/hoyre.no\/content\/uploads\/sites\/200\/2026\/04\/Trine-Lise-Ostlund-Blime-priv-red.jpg","width":"","height":"","type":""}],"twitter_card":"summary_large_image","twitter_misc":{"Ansl. lesetid":"3 minutter"},"schema":{"@context":"https:\/\/schema.org","@graph":[{"@type":"NewsArticle","@id":"https:\/\/hoyre.no\/baerum\/aktuelt\/prosjekt_robust\/","url":"https:\/\/hoyre.no\/baerum\/aktuelt\/prosjekt_robust\/","name":"Prosjekt ROBUST - B\u00e6rum H\u00f8yre","isPartOf":{"@id":"https:\/\/hoyre.no\/baerum\/#website"},"datePublished":"2018-05-30T20:00:00+00:00","author":{"@id":""},"breadcrumb":{"@id":"https:\/\/hoyre.no\/baerum\/aktuelt\/prosjekt_robust\/#breadcrumb"},"inLanguage":"nb-NO","potentialAction":[{"@type":"ReadAction","target":["https:\/\/hoyre.no\/baerum\/aktuelt\/prosjekt_robust\/"]}]},{"@type":"BreadcrumbList","@id":"https:\/\/hoyre.no\/baerum\/aktuelt\/prosjekt_robust\/#breadcrumb","itemListElement":[{"@type":"ListItem","position":1,"name":"Til hoyre.no","item":"https:\/\/hoyre.no"},{"@type":"ListItem","position":2,"name":"Hjem","item":"https:\/\/hoyre.no\/baerum\/"},{"@type":"ListItem","position":3,"name":"Prosjekt ROBUST"}]},{"@type":"WebSite","@id":"https:\/\/hoyre.no\/baerum\/#website","url":"https:\/\/hoyre.no\/baerum\/","name":"B\u00e6rum H\u00f8yre","description":"Bare enda et H\u00f8yres nettsteder-nettsted","inLanguage":"nb-NO"}]}},"distributor_meta":false,"distributor_terms":false,"distributor_media":false,"distributor_original_site_name":"B\u00e6rum H\u00f8yre","distributor_original_site_url":"https:\/\/hoyre.no\/baerum","push-errors":false,"_links":{"self":[{"href":"https:\/\/hoyre.no\/baerum\/wp-json\/wp\/v2\/posts\/789","targetHints":{"allow":["GET"]}}],"collection":[{"href":"https:\/\/hoyre.no\/baerum\/wp-json\/wp\/v2\/posts"}],"about":[{"href":"https:\/\/hoyre.no\/baerum\/wp-json\/wp\/v2\/types\/post"}],"replies":[{"embeddable":true,"href":"https:\/\/hoyre.no\/baerum\/wp-json\/wp\/v2\/comments?post=789"}],"version-history":[{"count":0,"href":"https:\/\/hoyre.no\/baerum\/wp-json\/wp\/v2\/posts\/789\/revisions"}],"wp:attachment":[{"href":"https:\/\/hoyre.no\/baerum\/wp-json\/wp\/v2\/media?parent=789"}],"wp:term":[{"taxonomy":"category","embeddable":true,"href":"https:\/\/hoyre.no\/baerum\/wp-json\/wp\/v2\/category?post=789"},{"taxonomy":"post_tag","embeddable":true,"href":"https:\/\/hoyre.no\/baerum\/wp-json\/wp\/v2\/post_tag?post=789"},{"taxonomy":"hoyre-visibility","embeddable":true,"href":"https:\/\/hoyre.no\/baerum\/wp-json\/wp\/v2\/hoyre-visibility?post=789"},{"taxonomy":"article-type","embeddable":true,"href":"https:\/\/hoyre.no\/baerum\/wp-json\/wp\/v2\/article-type?post=789"},{"taxonomy":"politician","embeddable":true,"href":"https:\/\/hoyre.no\/baerum\/wp-json\/wp\/v2\/politician?post=789"}],"curies":[{"name":"wp","href":"https:\/\/api.w.org\/{rel}","templated":true}]}}