{"id":79,"date":"2017-08-03T22:00:00","date_gmt":"2017-08-03T20:00:00","guid":{"rendered":"https:\/\/hoyre.no\/baerum\/aktuelt\/fravarsgrensen-funge_1\/"},"modified":"2017-08-03T22:00:00","modified_gmt":"2017-08-03T20:00:00","slug":"fravarsgrensen-funge_1","status":"publish","type":"post","link":"https:\/\/hoyre.no\/baerum\/aktuelt\/fravarsgrensen-funge_1\/","title":{"rendered":"Frav\u00e6rsgrensen fungerer!"},"content":{"rendered":"<p class=\"preamble\">Den omstridte frav\u00e6rsgrensen har gitt resultater og tallene viser at den har virket slik den skulle. M\u00e5let var \u00e5 redusere elevenes frav\u00e6r og gi elevene bedre utbytte av undervisningen, og \u00e5 s\u00f8rge for at elever som trenger hjelp lettere skal bli fanget opp og kan f\u00e5 den hjelpen de har behov for. Venstresidens kritikk om at frav\u00e6rsgrensen ville f\u00f8re til \u00f8kt frafall er motbevist. Tallene viser at frav\u00e6rsgrensen fungerer.<\/p>\t\t\t<div class=\"post-meta wp-block teft-byline-wrapper\">\n\t\t\t\t<div class=\"top\">\n\t\t\t\t\t<div class=\"signature\">\n\t\t\t\t\t\t<div class=\"teft-byline\">\n\t\t\t\t\t\t\t\t\t\t\t\t\t\t<div>\n\t\t\t\t\t\t\t\t<h3>H\u00f8yres redaksjon<\/h3>\t\t\t\t\t\t\t\t\n\t\t\t\t\t\t\t\t\t\t\t\t\t\t\t\t\t<span class=\"date\">Sist oppdatert: 3. august 2017<\/span>\n\t\t\t\t\t\t\t\t\t\t\t\t\t\t\t\t\t\t\t\t\t\t\t\t\t<span class=\"reading-time\" itemprop=\"timeRequired\" content=\"PT4M\"><em>Ca. 4 minutter lesetid<\/em><\/span>\n\t\t\t\t\t\t\t\t\t\t\t\t\t\t\t<\/div>\n\t\t\t\t\t\t<\/div>\n\t\t\t\t\t<\/div>\n\t\t\t\t\t\t<div class=\"sharing\">\n\t\t<a class=\"share-button share-link copy-link\" data-copy=\"https:\/\/hoyre.no\/baerum\/aktuelt\/fravarsgrensen-funge_1\/\" target=\"_blank\"><span class=\"screen-reader-text\">Del link<\/span><\/a>\n\t\t<a class=\"share-button share-twitter\" href=\"http:\/\/twitter.com\/share?text=Frav\u00e6rsgrensen fungerer!&#038;url=https:\/\/hoyre.no\/baerum\/aktuelt\/fravarsgrensen-funge_1\/&#038;hashtags=Hoyre\" target=\"_blank\"><span class=\"screen-reader-text\">Del p\u00e5 twitter<\/span><\/a>\n\t\t<a class=\"share-button share-facebook\" href=\"https:\/\/www.facebook.com\/sharer\/sharer.php?u=https:\/\/hoyre.no\/baerum\/aktuelt\/fravarsgrensen-funge_1\/\" target=\"_blank\"><span class=\"screen-reader-text\">Del p\u00e5 facebook<\/span><\/a>\n\t<\/div>\n\t\t\t\t\t<\/div>\n\t\t\t<\/div>\n\n\t\t\t<figure class=\"hoyre-image-wrapper\"><div class=\"hoyre-image\"><img loading=\"lazy\" decoding=\"async\" width=\"977\" height=\"550\" src=\"https:\/\/hoyre.no\/content\/uploads\/sites\/200\/2020\/11\/videregaende-fravar_1.jpg\" class=\"attachment-scaled size-scaled\" alt=\"\" style=\"object-position: 50% 50%\" srcset=\"https:\/\/hoyre.no\/content\/uploads\/sites\/200\/2020\/11\/videregaende-fravar_1.jpg 977w, https:\/\/hoyre.no\/content\/uploads\/sites\/200\/2020\/11\/videregaende-fravar_1-300x169.jpg 300w, https:\/\/hoyre.no\/content\/uploads\/sites\/200\/2020\/11\/videregaende-fravar_1-768x432.jpg 768w\" sizes=\"auto, (max-width: 977px) 100vw, 977px\" \/><\/div><\/figure><div id=\"hoyre-old-article-content-wrapper\"><p>Antall frav\u00e6rsdager i den videreg\u00e5ende skolen har g\u00e5tt ned med fantastiske 40 prosent. Det er ogs\u00e5 en nedgang p\u00e5 33 prosent i frav\u00e6ret om man m\u00e5ler i antall timer. Frav\u00e6ret har g\u00e5tt mest ned for yrkesfag, og elevene p\u00e5 yrkesfag har n\u00e5 lavere frav\u00e6r enn elever p\u00e5 studiespesialisering. Siden frafallet fra yrkesfag er st\u00f8rre enn p\u00e5 studiespesialisering er dette spesielt gledelig.<\/p><p>I Asker og B\u00e6rum er gjennomsnittlig nedgang i antall frav\u00e6rsdager 46 %, 26 % nedgang i timefrav\u00e6ret. Som ellers i landet er det forskjeller mellom skolene, og en evaluering i 2019 m\u00e5 se p\u00e5 hva dette skyldes. Tallene er uansett imponerende.  Elevene er mer til stede p\u00e5 skolen, samtidig er det f\u00e6rre elever som slutter underveis i skole\u00e5ret \u2013 og f\u00e6rre som ikke f\u00e5r karakter i ett eller flere fag. Dette er veldig gode nyheter for elevene i den videreg\u00e5ende skolen<\/p><p>Det viktigste i en god skole er en god l\u00e6rer. N\u00e5r l\u00e6reren er viktig m\u00e5 det ogs\u00e5 v\u00e6re et m\u00e5l at elevene er til stede der l\u00e6reren er. Selv ikke verdens beste l\u00e6rer kan undervise en elev som ikke er p\u00e5 skolen. Etter at frav\u00e6rsgrensen ble innf\u00f8rt melder l\u00e6rerne om f\u00e6rre tomme pulter og elever som er til stede i undervisningen. Dette gj\u00f8r det lettere for l\u00e6reren \u00e5 planlegge undervisningen, slippe \u00e5 gjenta undervisning fordi elever har v\u00e6rt borte og lettere s\u00f8rge for at alle elever kommer seg igjennom pensum som planlagt. Tilstedev\u00e6relse er ogs\u00e5 viktig fordi det skaper engasjement, b\u00e5de faglig og sosialt i skolen.<\/p><p>\u00c5 stille krav er \u00e5 bry seg. Vi gj\u00f8r elevene en bj\u00f8rnetjeneste hvis vi ikke stiller krav til oppm\u00f8te, slik vi gj\u00f8r p\u00e5 arbeidsplasser og ellers i samfunnet. Derfor er frav\u00e6rsgrensen s\u00e5 viktig. Ikke alle gode og effektive tiltak koster penger og frav\u00e6rsgrensen er et godt eksempel p\u00e5 det. Dette er nye ideer og bedre l\u00f8sninger i praksis.  <\/p><p>En god skole er n\u00f8kkelen til mange av de viktigste m\u00e5lene for Norge, ikke minst m\u00e5lene om \u00e5 redusere utenforskap og ulikheter i samfunnet. Vi er glade for at frav\u00e6rsgrensen er med p\u00e5 \u00e5 skape en god skole med enda bedre l\u00e6ring for elevene. Norge trenger en regjering som tar skole- og utdanningspolitikk p\u00e5 alvor.<\/p><p>Arbeiderpartiet har uttalt at de vil skrote frav\u00e6rsgrensen, men de vil ikke fortelle hva den skal erstattes med. Arbeiderpartiet burde erkjenne at dette er et tiltak som fungerer og, som l\u00e6reren p\u00e5 skolen, sette \u201dLa st\u00e5\u201d p\u00e5 tavlen. Hvis ikke b\u00f8r de fortelle velgerne hvilken ordning de faktisk vil ha. Det fortjener elevene, l\u00e6rerne og velgerne \u00e5 f\u00e5 vite f\u00f8r valget.<\/p><p><\/p><p>Anne Lene W. Hojem, Leder Hovedutvalg barn- og unge (H)<\/p><p>Turid Kristensen, stortingskandidat Akershus H\u00f8yre<\/p><p><\/p><table border=\"1\" cellspacing=\"0\" cellpadding=\"0\" width=\"606\"><tbody><tr><td width=\"121\" valign=\"top\"><p>Norge<\/p><\/td><td width=\"121\" valign=\"top\"><p>40 (5 \u2013 3)<\/p><\/td><td width=\"121\" valign=\"top\"><p>33 (12 \u2013 8)<\/p><\/td><td width=\"244\" valign=\"top\"><p><\/p><\/td><\/tr><tr><td width=\"121\" valign=\"top\"><p>Akershus<\/p><\/td><td width=\"121\" valign=\"top\"><p>40 (5 \u2013 3)<\/p><\/td><td width=\"121\" valign=\"top\"><p>28 (14 \u2013 10)<\/p><\/td><td width=\"244\" valign=\"top\"><p><\/p><\/td><\/tr><tr><td width=\"121\" valign=\"top\"><p>Asker<\/p><\/td><td width=\"121\" valign=\"top\"><p>25 (4 \u2013 3)<\/p><\/td><td width=\"121\" valign=\"top\"><p>21 (14 \u2013 11)<\/p><\/td><td width=\"244\" valign=\"top\"><p>Lavere utgangspunkt, samme antall dager som gj.snitt<\/p><\/td><\/tr><tr><td width=\"121\" valign=\"top\"><p>Bleiker (Asker)<\/p><\/td><td width=\"121\" valign=\"top\"><p>50 (4 \u2013 2)<\/p><\/td><td width=\"121\" valign=\"top\"><p>33 (18 \u2013 12)<\/p><\/td><td width=\"244\" valign=\"top\"><p>Lavere utgangspunkt, f\u00e6rre dager enn gj.snitt<\/p><\/td><\/tr><tr><td width=\"121\" valign=\"top\"><p>D\u00f8nski (B\u00e6rum)<\/p><\/td><td width=\"121\" valign=\"top\"><p>41 (6 &#8211;  3,5)<\/p><\/td><td width=\"121\" valign=\"top\"><p>53 (30 \u2013 14)<\/p><\/td><td width=\"244\" valign=\"top\"><p>H\u00f8yere utgangspunkt, nesten samme antall dager som gj.snitt<\/p><\/td><\/tr><tr><td width=\"121\" valign=\"top\"><p>Eikeli (B\u00e6rum)<\/p><\/td><td width=\"121\" valign=\"top\"><p>33 (9 \u2013 6)<\/p><\/td><td width=\"121\" valign=\"top\"><p>28 (25 \u2013 18)<\/p><\/td><td width=\"244\" valign=\"top\"><p>H\u00f8yere utgangspunkt, flere dager enn gj.snitt<\/p><\/td><\/tr><tr><td width=\"121\" valign=\"top\"><p>Holmen (Asker)<\/p><\/td><td width=\"121\" valign=\"top\"><p>20 (10 \u2013 8)<\/p><\/td><td width=\"121\" valign=\"top\"><p>39 (26 \u2013 16)<\/p><\/td><td width=\"244\" valign=\"top\"><p>H\u00f8yere utgangspunkt, flere dager enn gj.snitt<\/p><\/td><\/tr><tr><td width=\"121\" valign=\"top\"><p>Nadderud (B\u00e6rum)<\/p><\/td><td width=\"121\" valign=\"top\"><p>60 (5 \u2013 2)<\/p><\/td><td width=\"121\" valign=\"top\"><p>+ 10 (10 \u2013 11)<\/p><\/td><td width=\"244\" valign=\"top\"><p>F\u00e6rre dager enn gj.snitt<\/p><\/td><\/tr><tr><td width=\"121\" valign=\"top\"><p>Nesbru (Asker)<\/p><\/td><td width=\"121\" valign=\"top\"><p>57 (7 \u2013 3)<\/p><\/td><td width=\"121\" valign=\"top\"><p>35 (27 \u2013 20)<\/p><\/td><td width=\"244\" valign=\"top\"><p>H\u00f8yere utgangspunkt, samme antall dager som gj.snitt<\/p><\/td><\/tr><tr><td width=\"121\" valign=\"top\"><p>NTG B\u00e6rum<\/p><\/td><td width=\"121\" valign=\"top\"><p>33 (6 \u2013 4)<\/p><\/td><td width=\"121\" valign=\"top\"><p>29 (17 \u2013 12)<\/p><\/td><td width=\"244\" valign=\"top\"><p>H\u00f8yere utgangspunkt, flere dager enn gj.snitt<\/p><\/td><\/tr><tr><td width=\"121\" valign=\"top\"><p>Rosenvilde (B\u00e6rum)<\/p><\/td><td width=\"121\" valign=\"top\"><p>50 (4 \u2013 2)<\/p><\/td><td width=\"121\" valign=\"top\"><p>11 (18 \u2013 16)<\/p><\/td><td width=\"244\" valign=\"top\"><p>Lavere utgangspunkt, f\u00e6rre dager enn gj.snitt<\/p><\/td><\/tr><tr><td width=\"121\" valign=\"top\"><p>Rud (B\u00e6rum)<\/p><\/td><td width=\"121\" valign=\"top\"><p>25 (4 \u2013 3)<\/p><\/td><td width=\"121\" valign=\"top\"><p>32 (19 \u2013 13)<\/p><\/td><td width=\"244\" valign=\"top\"><p>Lavere utgangspunkt, samme antall dager som gj.snitt<\/p><p>(Mye yrkesfag)<\/p><\/td><\/tr><tr><td width=\"121\" valign=\"top\"><p>Sandvika (B\u00e6rum)<\/p><\/td><td width=\"121\" valign=\"top\"><p>50 (6 \u2013 3)<\/p><\/td><td width=\"121\" valign=\"top\"><p>38 (16 \u2013 10)<\/p><\/td><td width=\"244\" valign=\"top\"><p>H\u00f8yere utgangspunkt, samme antall dager som gj.snitt<\/p><\/td><\/tr><tr><td width=\"121\" valign=\"top\"><p>Stabekk (B\u00e6rum)<\/p><\/td><td width=\"121\" valign=\"top\"><p>20 (5 \u2013 4)<\/p><\/td><td width=\"121\" valign=\"top\"><p>13 (16 \u2013 14)<\/p><\/td><td width=\"244\" valign=\"top\"><p>Flere dager enn gj.snitt<\/p><\/td><\/tr><tr><td width=\"121\" valign=\"top\"><p>Valler (B\u00e6rum)<\/p><\/td><td width=\"121\" valign=\"top\"><p>33 (3 \u2013 2)<\/p><\/td><td width=\"121\" valign=\"top\"><p>20 (10 \u2013 8)<\/p><\/td><td width=\"244\" valign=\"top\"><p>Lavere utgangspunkt, f\u00e6rre dager enn gj.snitt<\/p><\/td><\/tr><\/tbody><\/table><p><\/p><p><\/p><p><br \/><\/p><p><br \/><\/p><\/div>\n<div class=\"tags\">\n\t<\/div>\n<div class=\"post-footer alignfull has-background block-editor-block-list__block\" data-align=full>\n\t<div class=\"post-footer-inner\">\n\t\t<h3>Relaterte artikler<\/h3>\n\t\t<div class=\"related-content\"><div class=\"is-card-hoyre\">\n\t<div class=\"teft-card hoyre-teft-card post-teft-card\">\n\t\t<a href=\"https:\/\/hoyre.no\/baerum\/aktuelt\/nominasjon-i-baerum-hoyre-3\/\" class=\"teft-card__primary-action\">\n\n\t\t\t\t\t<div class=\"teft-card__media teft-card__media--16-9\">\n\t\t\t\t\t\t<img loading=\"lazy\" decoding=\"async\" width=\"768\" height=\"512\" src=\"https:\/\/hoyre.no\/content\/uploads\/sites\/200\/2025\/11\/Trine-Lise-Foto-CF-Wesenberg-red-768x512.jpg\" class=\"attachment-medium_large size-medium_large\" alt=\"\" srcset=\"https:\/\/hoyre.no\/content\/uploads\/sites\/200\/2025\/11\/Trine-Lise-Foto-CF-Wesenberg-red-768x512.jpg 768w, https:\/\/hoyre.no\/content\/uploads\/sites\/200\/2025\/11\/Trine-Lise-Foto-CF-Wesenberg-red-300x200.jpg 300w, https:\/\/hoyre.no\/content\/uploads\/sites\/200\/2025\/11\/Trine-Lise-Foto-CF-Wesenberg-red-1024x683.jpg 1024w, https:\/\/hoyre.no\/content\/uploads\/sites\/200\/2025\/11\/Trine-Lise-Foto-CF-Wesenberg-red.jpg 1200w\" sizes=\"auto, (max-width: 768px) 100vw, 768px\" \/>\t\t<\/div>\n\t\t\n\t\t\t<div class=\"teft-card__content-wrapper\">\n\t\t\t\t<div class=\"teft-card__secondary\">\n\t\t\t\t\t\n\t\t\t\t\t\t\t\t<div class=\"teft-card__meta\">\n\t\t\t\t\t\t\t\t\t<span class=\"post-date\">9. apr 2026<\/span>\n\n\t\t\t\t\t\t\t\t\t<span class=\"post-category\">Nyheter<\/span>\t\t\t\t\t\t\t\t<\/div>\n\t\t\t\t\t\t\t\t\t\t\t<\/div>\n\n\t\t\t\t<div class=\"teft-card__primary\">\n\t\t\t\t\t<h2 class=\"teft-card__title\">Nominasjon i B\u00e6rum H\u00f8yre&nbsp;<span class=\"teft-card__primary-title-append\"><\/span><\/h2>\t\t\t\t<\/div>\n\t\t\t<\/div>\n\t\t<\/a>\n\t<\/div>\n\n\t<\/div><div class=\"is-card-hoyre\">\n\t<div class=\"teft-card hoyre-teft-card post-teft-card\">\n\t\t<a href=\"https:\/\/hoyre.no\/baerum\/aktuelt\/dagtilbudet-skal-vaere-trygt-godt-og-meningsfullt\/\" class=\"teft-card__primary-action\">\n\n\t\t\t\t\t<div class=\"teft-card__media teft-card__media--16-9\">\n\t\t\t\t\t\t<img loading=\"lazy\" decoding=\"async\" width=\"768\" height=\"511\" src=\"https:\/\/hoyre.no\/content\/uploads\/sites\/200\/2025\/12\/Wenche-Steen-og-Haakon-Sandven-768x511.jpg\" class=\"attachment-medium_large size-medium_large\" alt=\"\" srcset=\"https:\/\/hoyre.no\/content\/uploads\/sites\/200\/2025\/12\/Wenche-Steen-og-Haakon-Sandven-768x511.jpg 768w, https:\/\/hoyre.no\/content\/uploads\/sites\/200\/2025\/12\/Wenche-Steen-og-Haakon-Sandven-300x200.jpg 300w, https:\/\/hoyre.no\/content\/uploads\/sites\/200\/2025\/12\/Wenche-Steen-og-Haakon-Sandven.jpg 944w\" sizes=\"auto, (max-width: 768px) 100vw, 768px\" \/>\t\t<\/div>\n\t\t\n\t\t\t<div class=\"teft-card__content-wrapper\">\n\t\t\t\t<div class=\"teft-card__secondary\">\n\t\t\t\t\t\n\t\t\t\t\t\t\t\t<div class=\"teft-card__meta\">\n\t\t\t\t\t\t\t\t\t<span class=\"post-date\">25. apr 2026<\/span>\n\n\t\t\t\t\t\t\t\t\t<span class=\"post-category\">Nyheter<\/span>\t\t\t\t\t\t\t\t<\/div>\n\t\t\t\t\t\t\t\t\t\t\t<\/div>\n\n\t\t\t\t<div class=\"teft-card__primary\">\n\t\t\t\t\t<h2 class=\"teft-card__title\">Dagtilbudet skal v\u00e6re trygt, godt og meningsfullt&nbsp;<span class=\"teft-card__primary-title-append\"><\/span><\/h2>\t\t\t\t<\/div>\n\t\t\t<\/div>\n\t\t<\/a>\n\t<\/div>\n\n\t<\/div><div class=\"is-card-hoyre\">\n\t<div class=\"teft-card hoyre-teft-card post-teft-card\">\n\t\t<a href=\"https:\/\/hoyre.no\/baerum\/aktuelt\/mer-idrettsglede-til-barn-og-unge\/\" class=\"teft-card__primary-action\">\n\n\t\t\t\t\t<div class=\"teft-card__media teft-card__media--16-9\">\n\t\t\t\t\t\t<img loading=\"lazy\" decoding=\"async\" width=\"768\" height=\"1024\" src=\"https:\/\/hoyre.no\/content\/uploads\/sites\/200\/2026\/04\/Trine-Lise-Ostlund-Blime-idrett-privat-768x1024.jpg\" class=\"attachment-medium_large size-medium_large\" alt=\"\" srcset=\"https:\/\/hoyre.no\/content\/uploads\/sites\/200\/2026\/04\/Trine-Lise-Ostlund-Blime-idrett-privat-768x1024.jpg 768w, https:\/\/hoyre.no\/content\/uploads\/sites\/200\/2026\/04\/Trine-Lise-Ostlund-Blime-idrett-privat-225x300.jpg 225w, https:\/\/hoyre.no\/content\/uploads\/sites\/200\/2026\/04\/Trine-Lise-Ostlund-Blime-idrett-privat.jpg 900w\" sizes=\"auto, (max-width: 768px) 100vw, 768px\" \/>\t\t<\/div>\n\t\t\n\t\t\t<div class=\"teft-card__content-wrapper\">\n\t\t\t\t<div class=\"teft-card__secondary\">\n\t\t\t\t\t\n\t\t\t\t\t\t\t\t<div class=\"teft-card__meta\">\n\t\t\t\t\t\t\t\t\t<span class=\"post-date\">20. apr 2026<\/span>\n\n\t\t\t\t\t\t\t\t\t<span class=\"post-category\">Nyheter<\/span>\t\t\t\t\t\t\t\t<\/div>\n\t\t\t\t\t\t\t\t\t\t\t<\/div>\n\n\t\t\t\t<div class=\"teft-card__primary\">\n\t\t\t\t\t<h2 class=\"teft-card__title\">Mer idrettsglede til barn og unge&nbsp;<span class=\"teft-card__primary-title-append\"><\/span><\/h2>\t\t\t\t<\/div>\n\t\t\t<\/div>\n\t\t<\/a>\n\t<\/div>\n\n\t<\/div><\/div>\t<\/div>\n<\/div>\n","protected":false},"excerpt":{"rendered":"","protected":false},"author":0,"featured_media":0,"comment_status":"closed","ping_status":"closed","sticky":false,"template":"","format":"standard","meta":{"teft_cards_image_url":"https:\/\/hoyre.no\/content\/uploads\/sites\/200\/2020\/11\/videregaende-fravar_1.jpg","teft_cards_custom_pretitle":"","teft_cards_image_id":78,"teft_cards_image_focal_point_x":0,"teft_cards_image_focal_point_y":0,"teft_cards_title":"","teft_cards_excerpt":"","teft_show_chapters":false,"author_display_name":"Anne Lene W. Hojem, leder Hovedutvalg barn og unge og Turid Kristensen, stortingskandidat","footnotes":""},"category":[1],"post_tag":[],"hoyre-visibility":[],"article-type":[],"politician":[],"class_list":["post-79","post","type-post","status-publish","format-standard","hentry","category-ukategorisert"],"yoast_head":"<!-- This site is optimized with the Yoast SEO plugin v26.6 - https:\/\/yoast.com\/wordpress\/plugins\/seo\/ -->\n<title>Frav\u00e6rsgrensen fungerer! - B\u00e6rum H\u00f8yre<\/title>\n<meta name=\"robots\" content=\"index, follow, max-snippet:-1, max-image-preview:large, max-video-preview:-1\" \/>\n<link rel=\"canonical\" href=\"https:\/\/hoyre.no\/baerum\/aktuelt\/fravarsgrensen-funge_1\/\" \/>\n<meta property=\"og:locale\" content=\"nb_NO\" \/>\n<meta property=\"og:type\" content=\"article\" \/>\n<meta property=\"og:title\" content=\"Frav\u00e6rsgrensen fungerer! - B\u00e6rum H\u00f8yre\" \/>\n<meta property=\"og:url\" content=\"https:\/\/hoyre.no\/baerum\/aktuelt\/fravarsgrensen-funge_1\/\" \/>\n<meta property=\"og:site_name\" content=\"B\u00e6rum H\u00f8yre\" \/>\n<meta property=\"article:published_time\" content=\"2017-08-03T20:00:00+00:00\" \/>\n<meta property=\"og:image\" content=\"https:\/\/hoyre.no\/content\/uploads\/sites\/200\/2026\/04\/Trine-Lise-Ostlund-Blime-priv-red.jpg\" \/>\n<meta name=\"twitter:card\" content=\"summary_large_image\" \/>\n<meta name=\"twitter:label1\" content=\"Ansl. lesetid\" \/>\n\t<meta name=\"twitter:data1\" content=\"3 minutter\" \/>\n<script type=\"application\/ld+json\" class=\"yoast-schema-graph\">{\"@context\":\"https:\/\/schema.org\",\"@graph\":[{\"@type\":\"NewsArticle\",\"@id\":\"https:\/\/hoyre.no\/baerum\/aktuelt\/fravarsgrensen-funge_1\/\",\"url\":\"https:\/\/hoyre.no\/baerum\/aktuelt\/fravarsgrensen-funge_1\/\",\"name\":\"Frav\u00e6rsgrensen fungerer! - B\u00e6rum H\u00f8yre\",\"isPartOf\":{\"@id\":\"https:\/\/hoyre.no\/baerum\/#website\"},\"datePublished\":\"2017-08-03T20:00:00+00:00\",\"author\":{\"@id\":\"\"},\"breadcrumb\":{\"@id\":\"https:\/\/hoyre.no\/baerum\/aktuelt\/fravarsgrensen-funge_1\/#breadcrumb\"},\"inLanguage\":\"nb-NO\",\"potentialAction\":[{\"@type\":\"ReadAction\",\"target\":[\"https:\/\/hoyre.no\/baerum\/aktuelt\/fravarsgrensen-funge_1\/\"]}]},{\"@type\":\"BreadcrumbList\",\"@id\":\"https:\/\/hoyre.no\/baerum\/aktuelt\/fravarsgrensen-funge_1\/#breadcrumb\",\"itemListElement\":[{\"@type\":\"ListItem\",\"position\":1,\"name\":\"Til hoyre.no\",\"item\":\"https:\/\/hoyre.no\"},{\"@type\":\"ListItem\",\"position\":2,\"name\":\"Hjem\",\"item\":\"https:\/\/hoyre.no\/baerum\/\"},{\"@type\":\"ListItem\",\"position\":3,\"name\":\"Frav\u00e6rsgrensen fungerer!\"}]},{\"@type\":\"WebSite\",\"@id\":\"https:\/\/hoyre.no\/baerum\/#website\",\"url\":\"https:\/\/hoyre.no\/baerum\/\",\"name\":\"B\u00e6rum H\u00f8yre\",\"description\":\"Bare enda et H\u00f8yres nettsteder-nettsted\",\"inLanguage\":\"nb-NO\"}]}<\/script>\n<!-- \/ Yoast SEO plugin. -->","yoast_head_json":{"title":"Frav\u00e6rsgrensen fungerer! - B\u00e6rum H\u00f8yre","robots":{"index":"index","follow":"follow","max-snippet":"max-snippet:-1","max-image-preview":"max-image-preview:large","max-video-preview":"max-video-preview:-1"},"canonical":"https:\/\/hoyre.no\/baerum\/aktuelt\/fravarsgrensen-funge_1\/","og_locale":"nb_NO","og_type":"article","og_title":"Frav\u00e6rsgrensen fungerer! - B\u00e6rum H\u00f8yre","og_url":"https:\/\/hoyre.no\/baerum\/aktuelt\/fravarsgrensen-funge_1\/","og_site_name":"B\u00e6rum H\u00f8yre","article_published_time":"2017-08-03T20:00:00+00:00","og_image":[{"url":"https:\/\/hoyre.no\/content\/uploads\/sites\/200\/2026\/04\/Trine-Lise-Ostlund-Blime-priv-red.jpg","width":"","height":"","type":""}],"twitter_card":"summary_large_image","twitter_misc":{"Ansl. lesetid":"3 minutter"},"schema":{"@context":"https:\/\/schema.org","@graph":[{"@type":"NewsArticle","@id":"https:\/\/hoyre.no\/baerum\/aktuelt\/fravarsgrensen-funge_1\/","url":"https:\/\/hoyre.no\/baerum\/aktuelt\/fravarsgrensen-funge_1\/","name":"Frav\u00e6rsgrensen fungerer! - B\u00e6rum H\u00f8yre","isPartOf":{"@id":"https:\/\/hoyre.no\/baerum\/#website"},"datePublished":"2017-08-03T20:00:00+00:00","author":{"@id":""},"breadcrumb":{"@id":"https:\/\/hoyre.no\/baerum\/aktuelt\/fravarsgrensen-funge_1\/#breadcrumb"},"inLanguage":"nb-NO","potentialAction":[{"@type":"ReadAction","target":["https:\/\/hoyre.no\/baerum\/aktuelt\/fravarsgrensen-funge_1\/"]}]},{"@type":"BreadcrumbList","@id":"https:\/\/hoyre.no\/baerum\/aktuelt\/fravarsgrensen-funge_1\/#breadcrumb","itemListElement":[{"@type":"ListItem","position":1,"name":"Til hoyre.no","item":"https:\/\/hoyre.no"},{"@type":"ListItem","position":2,"name":"Hjem","item":"https:\/\/hoyre.no\/baerum\/"},{"@type":"ListItem","position":3,"name":"Frav\u00e6rsgrensen fungerer!"}]},{"@type":"WebSite","@id":"https:\/\/hoyre.no\/baerum\/#website","url":"https:\/\/hoyre.no\/baerum\/","name":"B\u00e6rum H\u00f8yre","description":"Bare enda et H\u00f8yres nettsteder-nettsted","inLanguage":"nb-NO"}]}},"distributor_meta":false,"distributor_terms":false,"distributor_media":false,"distributor_original_site_name":"B\u00e6rum H\u00f8yre","distributor_original_site_url":"https:\/\/hoyre.no\/baerum","push-errors":false,"_links":{"self":[{"href":"https:\/\/hoyre.no\/baerum\/wp-json\/wp\/v2\/posts\/79","targetHints":{"allow":["GET"]}}],"collection":[{"href":"https:\/\/hoyre.no\/baerum\/wp-json\/wp\/v2\/posts"}],"about":[{"href":"https:\/\/hoyre.no\/baerum\/wp-json\/wp\/v2\/types\/post"}],"replies":[{"embeddable":true,"href":"https:\/\/hoyre.no\/baerum\/wp-json\/wp\/v2\/comments?post=79"}],"version-history":[{"count":0,"href":"https:\/\/hoyre.no\/baerum\/wp-json\/wp\/v2\/posts\/79\/revisions"}],"wp:attachment":[{"href":"https:\/\/hoyre.no\/baerum\/wp-json\/wp\/v2\/media?parent=79"}],"wp:term":[{"taxonomy":"category","embeddable":true,"href":"https:\/\/hoyre.no\/baerum\/wp-json\/wp\/v2\/category?post=79"},{"taxonomy":"post_tag","embeddable":true,"href":"https:\/\/hoyre.no\/baerum\/wp-json\/wp\/v2\/post_tag?post=79"},{"taxonomy":"hoyre-visibility","embeddable":true,"href":"https:\/\/hoyre.no\/baerum\/wp-json\/wp\/v2\/hoyre-visibility?post=79"},{"taxonomy":"article-type","embeddable":true,"href":"https:\/\/hoyre.no\/baerum\/wp-json\/wp\/v2\/article-type?post=79"},{"taxonomy":"politician","embeddable":true,"href":"https:\/\/hoyre.no\/baerum\/wp-json\/wp\/v2\/politician?post=79"}],"curies":[{"name":"wp","href":"https:\/\/api.w.org\/{rel}","templated":true}]}}