{"id":799,"date":"2018-06-17T22:00:00","date_gmt":"2018-06-17T20:00:00","guid":{"rendered":"https:\/\/hoyre.no\/baerum\/aktuelt\/retten_til_a_vare_seg_selv\/"},"modified":"2018-06-17T22:00:00","modified_gmt":"2018-06-17T20:00:00","slug":"retten_til_a_vare_seg_selv","status":"publish","type":"post","link":"https:\/\/hoyre.no\/baerum\/aktuelt\/retten_til_a_vare_seg_selv\/","title":{"rendered":"Retten til \u00e5 v\u00e6re seg selv"},"content":{"rendered":"<p class=\"preamble\">H\u00f8yre \u00f8nsker et samfunn der alle kan n\u00e5 og utforske sitt fulle potensial. For oss er mangfold en kjerneverdi og en styrke for v\u00e5rt samfunn.<\/p>\t\t\t<div class=\"post-meta wp-block teft-byline-wrapper\">\n\t\t\t\t<div class=\"top\">\n\t\t\t\t\t<div class=\"signature\">\n\t\t\t\t\t\t<div class=\"teft-byline\">\n\t\t\t\t\t\t\t\t\t\t\t\t\t\t<div>\n\t\t\t\t\t\t\t\t<h3>H\u00f8yres redaksjon<\/h3>\t\t\t\t\t\t\t\t\n\t\t\t\t\t\t\t\t\t\t\t\t\t\t\t\t\t<span class=\"date\">Sist oppdatert: 17. juni 2018<\/span>\n\t\t\t\t\t\t\t\t\t\t\t\t\t\t\t\t\t\t\t\t\t\t\t\t\t<span class=\"reading-time\" itemprop=\"timeRequired\" content=\"PT3M\"><em>Ca. 3 minutter lesetid<\/em><\/span>\n\t\t\t\t\t\t\t\t\t\t\t\t\t\t\t<\/div>\n\t\t\t\t\t\t<\/div>\n\t\t\t\t\t<\/div>\n\t\t\t\t\t\t<div class=\"sharing\">\n\t\t<a class=\"share-button share-link copy-link\" data-copy=\"https:\/\/hoyre.no\/baerum\/aktuelt\/retten_til_a_vare_seg_selv\/\" target=\"_blank\"><span class=\"screen-reader-text\">Del link<\/span><\/a>\n\t\t<a class=\"share-button share-twitter\" href=\"http:\/\/twitter.com\/share?text=Retten til \u00e5 v\u00e6re seg selv&#038;url=https:\/\/hoyre.no\/baerum\/aktuelt\/retten_til_a_vare_seg_selv\/&#038;hashtags=Hoyre\" target=\"_blank\"><span class=\"screen-reader-text\">Del p\u00e5 twitter<\/span><\/a>\n\t\t<a class=\"share-button share-facebook\" href=\"https:\/\/www.facebook.com\/sharer\/sharer.php?u=https:\/\/hoyre.no\/baerum\/aktuelt\/retten_til_a_vare_seg_selv\/\" target=\"_blank\"><span class=\"screen-reader-text\">Del p\u00e5 facebook<\/span><\/a>\n\t<\/div>\n\t\t\t\t\t<\/div>\n\t\t\t<\/div>\n\n\t\t\t<figure class=\"hoyre-image-wrapper\"><div class=\"hoyre-image\"><img loading=\"lazy\" decoding=\"async\" width=\"955\" height=\"670\" src=\"https:\/\/hoyre.no\/content\/uploads\/sites\/200\/2020\/11\/haakon_og_vegard_web.jpg\" class=\"attachment-scaled size-scaled\" alt=\"\" style=\"object-position: 50% 50%\" srcset=\"https:\/\/hoyre.no\/content\/uploads\/sites\/200\/2020\/11\/haakon_og_vegard_web.jpg 955w, https:\/\/hoyre.no\/content\/uploads\/sites\/200\/2020\/11\/haakon_og_vegard_web-300x210.jpg 300w, https:\/\/hoyre.no\/content\/uploads\/sites\/200\/2020\/11\/haakon_og_vegard_web-768x539.jpg 768w\" sizes=\"auto, (max-width: 955px) 100vw, 955px\" \/><\/div><\/figure><div id=\"hoyre-old-article-content-wrapper\"><p>  Negativ sosial kontroll hindrer den enkelte fra \u00e5 oppn\u00e5 et fritt liv i samsvar med den de egentlig er. Enten du heter Fatima eller Ole kan du oppleve \u00e5 bli utsatt for negativ sosial kontroll fra foreldre, vennekrets, familie, p\u00e5 arbeidsplassen eller skolen og fra storsamfunnet som helhet. <\/p><p>Vi ser stemmer i samfunnsdebatten som lever i frykt med drapstrusler og voldsalarm. Unge med innvandrerbakgrunn som blir presset til tvangsekteskap. Vi ser ogs\u00e5 press i flere religi\u00f8se milj\u00f8er om \u00e5 gifte seg med noen av motsatt kj\u00f8nn til tross for at det ikke passer med deres seksuelle orientering. Hatkriminalitet, \u00e6resukultur og minoritetsstress p\u00e5f\u00f8res spesielt unge kvinner og LHBTIQ-personer. <\/p><p>Enten det er fra bedehuset eller moskeen s\u00e5 opplever mange homofile, lesbiske, bifile og transpersoner \u00e5 h\u00f8re at deres identiteter er syndige og at \u00e5 leve i pakt med seg selv vil kunne f\u00e5 dramatiske konsekvenser. Brudd med familie og venner kan v\u00e6re konsekvensen av \u00e5 st\u00e5 frem \u00e5pent.<\/p><p>Unge jenter som hjemmefra presses til s\u00e5kalt dydighet mister den selvsagte retten til eierskap over egen kropp og egen seksualitet. <\/p><p>I landets skoleg\u00e5rder h\u00f8res skjellsord som \u00abj\u00e6vla homo\u00bb, \u00abj\u00f8de\u00bb, \u00abneger\u00bb eller \u00abpakkis\u00bb p\u00e5 daglig basis og i enkelte innvandrermilj\u00f8er meldes det ogs\u00e5 om tilsnakk for \u00e5 v\u00e6re &laquo;for norsk&raquo;. Det blir ikke bedre av at de samme skjellsordene finnes p\u00e5 sosiale medier og kommentarfelt fra godt voksne mennesker. <\/p><p>Mange opplever at det er vanskelig \u00e5 g\u00e5 p\u00e5 jobbintervju n\u00e5r ens kj\u00f8nnsidentitet ikke passer inn i et binomisk kj\u00f8nnsm\u00f8nster og mange innvandrere opplever at man ikke blir kalt inn til intervju fordi man heter Ali og ikke Petter. <\/p><p>\u00c5 frata et menneske retten til \u00e5 v\u00e6re seg selv er i bunn og grunn hva negativ sosial kontroll best\u00e5r av. Det kan gi den enkelte psykisk uhelse og det gj\u00f8r v\u00e5rt samfunn smalere. Vi har alle et ansvar for \u00e5 sl\u00e5 ned p\u00e5 den \u00e5penbare negative sosiale kontrollen, men ogs\u00e5 for \u00e5 gj\u00f8re det lett for den som \u00f8nsker \u00e5 bryte ut av et negativt m\u00f8nster preget av kontroll. \u00c5 oppf\u00f8re seg godt mot sin neste er et kjennetegn p\u00e5 et godt samfunn preget av tillitt og \u00e5penhet. Det koster s\u00e5 lite \u00e5 v\u00e6re anstendig og s\u00e5 mye \u00e5 v\u00e6re det motsatte. <\/p><p>Arbeidsgivere og kommuner som jobber godt med \u00e5 skape rom for mangfold er verdifulle medspillere for et samfunn der det er plass til alle. \u00c5 gi noen en sjanse til \u00e5 vise sitt potensial har vist seg \u00e5 skape et bedre arbeidsmilj\u00f8 og gi gode resultater. Derfor jobber B\u00e6rum H\u00f8yre m\u00e5lrettet med dette. <\/p><p>Kvinner med innvandrerbakgrunn trenger selvstendig inntekt og det sosiale fellesskapet en arbeidsplass gir dem for \u00e5 st\u00e5 trygt p\u00e5 egne ben. Tiltak som f\u00e5r innvandrerkvinner ut i arbeidslivet er l\u00f8nnsomt for storsamfunnet og uvurderlig for den enkelte. <\/p><p>H\u00f8yre arbeider for et samfunn der hver og en kan v\u00e6re seg selv fullt og helt. Det er blant annet derfor regjeringen har lansert en handlingsplan mot negativ sosial kontroll og arbeider mot mobbing og diskriminering med stadig bedre verkt\u00f8y og lovverk. <\/p><p>Det er derfor H\u00f8yre har g\u00e5tt inn for \u00e5 styrke LHBTIQ-kompetansen i Barne- og Familievernet og B\u00e6rum H\u00f8yre har bedt kommunen kartlegge omfanget av vold, trusler og mobbing mot LHBTIQ personer s\u00e5 vel som \u00e5 be om en handlingsplan mot dette. <\/p><p>H\u00f8yre vil alltid st\u00e5 opp for din selvsagte rett til \u00e5 v\u00e6re deg selv. <\/p><p><br \/><\/p><\/div>\n<div class=\"tags\">\n\t<\/div>\n<div class=\"post-footer alignfull has-background block-editor-block-list__block\" data-align=full>\n\t<div class=\"post-footer-inner\">\n\t\t<h3>Relaterte artikler<\/h3>\n\t\t<div class=\"related-content\"><div class=\"is-card-hoyre\">\n\t<div class=\"teft-card hoyre-teft-card post-teft-card\">\n\t\t<a href=\"https:\/\/hoyre.no\/baerum\/aktuelt\/nominasjon-i-baerum-hoyre-3\/\" class=\"teft-card__primary-action\">\n\n\t\t\t\t\t<div class=\"teft-card__media teft-card__media--16-9\">\n\t\t\t\t\t\t<img loading=\"lazy\" decoding=\"async\" width=\"768\" height=\"512\" src=\"https:\/\/hoyre.no\/content\/uploads\/sites\/200\/2025\/11\/Trine-Lise-Foto-CF-Wesenberg-red-768x512.jpg\" class=\"attachment-medium_large size-medium_large\" alt=\"\" srcset=\"https:\/\/hoyre.no\/content\/uploads\/sites\/200\/2025\/11\/Trine-Lise-Foto-CF-Wesenberg-red-768x512.jpg 768w, https:\/\/hoyre.no\/content\/uploads\/sites\/200\/2025\/11\/Trine-Lise-Foto-CF-Wesenberg-red-300x200.jpg 300w, https:\/\/hoyre.no\/content\/uploads\/sites\/200\/2025\/11\/Trine-Lise-Foto-CF-Wesenberg-red-1024x683.jpg 1024w, https:\/\/hoyre.no\/content\/uploads\/sites\/200\/2025\/11\/Trine-Lise-Foto-CF-Wesenberg-red.jpg 1200w\" sizes=\"auto, (max-width: 768px) 100vw, 768px\" \/>\t\t<\/div>\n\t\t\n\t\t\t<div class=\"teft-card__content-wrapper\">\n\t\t\t\t<div class=\"teft-card__secondary\">\n\t\t\t\t\t\n\t\t\t\t\t\t\t\t<div class=\"teft-card__meta\">\n\t\t\t\t\t\t\t\t\t<span class=\"post-date\">9. apr 2026<\/span>\n\n\t\t\t\t\t\t\t\t\t<span class=\"post-category\">Nyheter<\/span>\t\t\t\t\t\t\t\t<\/div>\n\t\t\t\t\t\t\t\t\t\t\t<\/div>\n\n\t\t\t\t<div class=\"teft-card__primary\">\n\t\t\t\t\t<h2 class=\"teft-card__title\">Nominasjon i B\u00e6rum H\u00f8yre&nbsp;<span class=\"teft-card__primary-title-append\"><\/span><\/h2>\t\t\t\t<\/div>\n\t\t\t<\/div>\n\t\t<\/a>\n\t<\/div>\n\n\t<\/div><div class=\"is-card-hoyre\">\n\t<div class=\"teft-card hoyre-teft-card post-teft-card\">\n\t\t<a href=\"https:\/\/hoyre.no\/baerum\/aktuelt\/mer-idrettsglede-til-barn-og-unge\/\" class=\"teft-card__primary-action\">\n\n\t\t\t\t\t<div class=\"teft-card__media teft-card__media--16-9\">\n\t\t\t\t\t\t<img loading=\"lazy\" decoding=\"async\" width=\"768\" height=\"1024\" src=\"https:\/\/hoyre.no\/content\/uploads\/sites\/200\/2026\/04\/Trine-Lise-Ostlund-Blime-idrett-privat-768x1024.jpg\" class=\"attachment-medium_large size-medium_large\" alt=\"\" srcset=\"https:\/\/hoyre.no\/content\/uploads\/sites\/200\/2026\/04\/Trine-Lise-Ostlund-Blime-idrett-privat-768x1024.jpg 768w, https:\/\/hoyre.no\/content\/uploads\/sites\/200\/2026\/04\/Trine-Lise-Ostlund-Blime-idrett-privat-225x300.jpg 225w, https:\/\/hoyre.no\/content\/uploads\/sites\/200\/2026\/04\/Trine-Lise-Ostlund-Blime-idrett-privat.jpg 900w\" sizes=\"auto, (max-width: 768px) 100vw, 768px\" \/>\t\t<\/div>\n\t\t\n\t\t\t<div class=\"teft-card__content-wrapper\">\n\t\t\t\t<div class=\"teft-card__secondary\">\n\t\t\t\t\t\n\t\t\t\t\t\t\t\t<div class=\"teft-card__meta\">\n\t\t\t\t\t\t\t\t\t<span class=\"post-date\">20. apr 2026<\/span>\n\n\t\t\t\t\t\t\t\t\t<span class=\"post-category\">Nyheter<\/span>\t\t\t\t\t\t\t\t<\/div>\n\t\t\t\t\t\t\t\t\t\t\t<\/div>\n\n\t\t\t\t<div class=\"teft-card__primary\">\n\t\t\t\t\t<h2 class=\"teft-card__title\">Mer idrettsglede til barn og unge&nbsp;<span class=\"teft-card__primary-title-append\"><\/span><\/h2>\t\t\t\t<\/div>\n\t\t\t<\/div>\n\t\t<\/a>\n\t<\/div>\n\n\t<\/div><div class=\"is-card-hoyre\">\n\t<div class=\"teft-card hoyre-teft-card post-teft-card\">\n\t\t<a href=\"https:\/\/hoyre.no\/baerum\/aktuelt\/en-borgerlig-satsing-pa-god-kortreist-mat-fra-akershus\/\" class=\"teft-card__primary-action\">\n\n\t\t\t\t\t<div class=\"teft-card__media teft-card__media--16-9\">\n\t\t\t\t\t\t<img loading=\"lazy\" decoding=\"async\" width=\"768\" height=\"580\" src=\"https:\/\/hoyre.no\/content\/uploads\/sites\/200\/2026\/04\/Trine-Lise-Ostlund-Blime-priv-red-768x580.jpg\" class=\"attachment-medium_large size-medium_large\" alt=\"\" srcset=\"https:\/\/hoyre.no\/content\/uploads\/sites\/200\/2026\/04\/Trine-Lise-Ostlund-Blime-priv-red-768x580.jpg 768w, https:\/\/hoyre.no\/content\/uploads\/sites\/200\/2026\/04\/Trine-Lise-Ostlund-Blime-priv-red-300x227.jpg 300w, https:\/\/hoyre.no\/content\/uploads\/sites\/200\/2026\/04\/Trine-Lise-Ostlund-Blime-priv-red.jpg 973w\" sizes=\"auto, (max-width: 768px) 100vw, 768px\" \/>\t\t<\/div>\n\t\t\n\t\t\t<div class=\"teft-card__content-wrapper\">\n\t\t\t\t<div class=\"teft-card__secondary\">\n\t\t\t\t\t\n\t\t\t\t\t\t\t\t<div class=\"teft-card__meta\">\n\t\t\t\t\t\t\t\t\t<span class=\"post-date\">10. apr 2026<\/span>\n\n\t\t\t\t\t\t\t\t\t<span class=\"post-category\">Nyheter<\/span>\t\t\t\t\t\t\t\t<\/div>\n\t\t\t\t\t\t\t\t\t\t\t<\/div>\n\n\t\t\t\t<div class=\"teft-card__primary\">\n\t\t\t\t\t<h2 class=\"teft-card__title\">En borgerlig satsing p\u00e5 god kortreist mat fra Akershus&nbsp;<span class=\"teft-card__primary-title-append\"><\/span><\/h2>\t\t\t\t<\/div>\n\t\t\t<\/div>\n\t\t<\/a>\n\t<\/div>\n\n\t<\/div><\/div>\t<\/div>\n<\/div>\n","protected":false},"excerpt":{"rendered":"","protected":false},"author":0,"featured_media":0,"comment_status":"closed","ping_status":"closed","sticky":false,"template":"","format":"standard","meta":{"teft_cards_image_url":"https:\/\/hoyre.no\/content\/uploads\/sites\/200\/2020\/11\/haakon_og_vegard_web.jpg","teft_cards_custom_pretitle":"","teft_cards_image_id":798,"teft_cards_image_focal_point_x":0,"teft_cards_image_focal_point_y":0,"teft_cards_title":"","teft_cards_excerpt":"","teft_show_chapters":false,"author_display_name":"Av Vegard R\u00f8dseth Tokheim (styremedlem \u00c5pne H\u00f8yre og tidligere leder av B\u00e6rum Unge H\u00f8yre), Haakon Veum (kommunestyrerepresentant)","footnotes":""},"category":[1],"post_tag":[],"hoyre-visibility":[],"article-type":[],"politician":[],"class_list":["post-799","post","type-post","status-publish","format-standard","hentry","category-ukategorisert"],"yoast_head":"<!-- This site is optimized with the Yoast SEO plugin v26.6 - https:\/\/yoast.com\/wordpress\/plugins\/seo\/ -->\n<title>Retten til \u00e5 v\u00e6re seg selv - B\u00e6rum H\u00f8yre<\/title>\n<meta name=\"robots\" content=\"index, follow, max-snippet:-1, max-image-preview:large, max-video-preview:-1\" \/>\n<link rel=\"canonical\" href=\"https:\/\/hoyre.no\/baerum\/aktuelt\/retten_til_a_vare_seg_selv\/\" \/>\n<meta property=\"og:locale\" content=\"nb_NO\" \/>\n<meta property=\"og:type\" content=\"article\" \/>\n<meta property=\"og:title\" content=\"Retten til \u00e5 v\u00e6re seg selv - B\u00e6rum H\u00f8yre\" \/>\n<meta property=\"og:url\" content=\"https:\/\/hoyre.no\/baerum\/aktuelt\/retten_til_a_vare_seg_selv\/\" \/>\n<meta property=\"og:site_name\" content=\"B\u00e6rum H\u00f8yre\" \/>\n<meta property=\"article:published_time\" content=\"2018-06-17T20:00:00+00:00\" \/>\n<meta property=\"og:image\" content=\"https:\/\/hoyre.no\/content\/uploads\/sites\/200\/2026\/04\/Trine-Lise-Ostlund-Blime-priv-red.jpg\" \/>\n<meta name=\"twitter:card\" content=\"summary_large_image\" \/>\n<meta name=\"twitter:label1\" content=\"Ansl. lesetid\" \/>\n\t<meta name=\"twitter:data1\" content=\"3 minutter\" \/>\n<script type=\"application\/ld+json\" class=\"yoast-schema-graph\">{\"@context\":\"https:\/\/schema.org\",\"@graph\":[{\"@type\":\"NewsArticle\",\"@id\":\"https:\/\/hoyre.no\/baerum\/aktuelt\/retten_til_a_vare_seg_selv\/\",\"url\":\"https:\/\/hoyre.no\/baerum\/aktuelt\/retten_til_a_vare_seg_selv\/\",\"name\":\"Retten til \u00e5 v\u00e6re seg selv - B\u00e6rum H\u00f8yre\",\"isPartOf\":{\"@id\":\"https:\/\/hoyre.no\/baerum\/#website\"},\"datePublished\":\"2018-06-17T20:00:00+00:00\",\"author\":{\"@id\":\"\"},\"breadcrumb\":{\"@id\":\"https:\/\/hoyre.no\/baerum\/aktuelt\/retten_til_a_vare_seg_selv\/#breadcrumb\"},\"inLanguage\":\"nb-NO\",\"potentialAction\":[{\"@type\":\"ReadAction\",\"target\":[\"https:\/\/hoyre.no\/baerum\/aktuelt\/retten_til_a_vare_seg_selv\/\"]}]},{\"@type\":\"BreadcrumbList\",\"@id\":\"https:\/\/hoyre.no\/baerum\/aktuelt\/retten_til_a_vare_seg_selv\/#breadcrumb\",\"itemListElement\":[{\"@type\":\"ListItem\",\"position\":1,\"name\":\"Til hoyre.no\",\"item\":\"https:\/\/hoyre.no\"},{\"@type\":\"ListItem\",\"position\":2,\"name\":\"Hjem\",\"item\":\"https:\/\/hoyre.no\/baerum\/\"},{\"@type\":\"ListItem\",\"position\":3,\"name\":\"Retten til \u00e5 v\u00e6re seg selv\"}]},{\"@type\":\"WebSite\",\"@id\":\"https:\/\/hoyre.no\/baerum\/#website\",\"url\":\"https:\/\/hoyre.no\/baerum\/\",\"name\":\"B\u00e6rum H\u00f8yre\",\"description\":\"Bare enda et H\u00f8yres nettsteder-nettsted\",\"inLanguage\":\"nb-NO\"}]}<\/script>\n<!-- \/ Yoast SEO plugin. -->","yoast_head_json":{"title":"Retten til \u00e5 v\u00e6re seg selv - B\u00e6rum H\u00f8yre","robots":{"index":"index","follow":"follow","max-snippet":"max-snippet:-1","max-image-preview":"max-image-preview:large","max-video-preview":"max-video-preview:-1"},"canonical":"https:\/\/hoyre.no\/baerum\/aktuelt\/retten_til_a_vare_seg_selv\/","og_locale":"nb_NO","og_type":"article","og_title":"Retten til \u00e5 v\u00e6re seg selv - B\u00e6rum H\u00f8yre","og_url":"https:\/\/hoyre.no\/baerum\/aktuelt\/retten_til_a_vare_seg_selv\/","og_site_name":"B\u00e6rum H\u00f8yre","article_published_time":"2018-06-17T20:00:00+00:00","og_image":[{"url":"https:\/\/hoyre.no\/content\/uploads\/sites\/200\/2026\/04\/Trine-Lise-Ostlund-Blime-priv-red.jpg","width":"","height":"","type":""}],"twitter_card":"summary_large_image","twitter_misc":{"Ansl. lesetid":"3 minutter"},"schema":{"@context":"https:\/\/schema.org","@graph":[{"@type":"NewsArticle","@id":"https:\/\/hoyre.no\/baerum\/aktuelt\/retten_til_a_vare_seg_selv\/","url":"https:\/\/hoyre.no\/baerum\/aktuelt\/retten_til_a_vare_seg_selv\/","name":"Retten til \u00e5 v\u00e6re seg selv - B\u00e6rum H\u00f8yre","isPartOf":{"@id":"https:\/\/hoyre.no\/baerum\/#website"},"datePublished":"2018-06-17T20:00:00+00:00","author":{"@id":""},"breadcrumb":{"@id":"https:\/\/hoyre.no\/baerum\/aktuelt\/retten_til_a_vare_seg_selv\/#breadcrumb"},"inLanguage":"nb-NO","potentialAction":[{"@type":"ReadAction","target":["https:\/\/hoyre.no\/baerum\/aktuelt\/retten_til_a_vare_seg_selv\/"]}]},{"@type":"BreadcrumbList","@id":"https:\/\/hoyre.no\/baerum\/aktuelt\/retten_til_a_vare_seg_selv\/#breadcrumb","itemListElement":[{"@type":"ListItem","position":1,"name":"Til hoyre.no","item":"https:\/\/hoyre.no"},{"@type":"ListItem","position":2,"name":"Hjem","item":"https:\/\/hoyre.no\/baerum\/"},{"@type":"ListItem","position":3,"name":"Retten til \u00e5 v\u00e6re seg selv"}]},{"@type":"WebSite","@id":"https:\/\/hoyre.no\/baerum\/#website","url":"https:\/\/hoyre.no\/baerum\/","name":"B\u00e6rum H\u00f8yre","description":"Bare enda et H\u00f8yres nettsteder-nettsted","inLanguage":"nb-NO"}]}},"distributor_meta":false,"distributor_terms":false,"distributor_media":false,"distributor_original_site_name":"B\u00e6rum H\u00f8yre","distributor_original_site_url":"https:\/\/hoyre.no\/baerum","push-errors":false,"_links":{"self":[{"href":"https:\/\/hoyre.no\/baerum\/wp-json\/wp\/v2\/posts\/799","targetHints":{"allow":["GET"]}}],"collection":[{"href":"https:\/\/hoyre.no\/baerum\/wp-json\/wp\/v2\/posts"}],"about":[{"href":"https:\/\/hoyre.no\/baerum\/wp-json\/wp\/v2\/types\/post"}],"replies":[{"embeddable":true,"href":"https:\/\/hoyre.no\/baerum\/wp-json\/wp\/v2\/comments?post=799"}],"version-history":[{"count":0,"href":"https:\/\/hoyre.no\/baerum\/wp-json\/wp\/v2\/posts\/799\/revisions"}],"wp:attachment":[{"href":"https:\/\/hoyre.no\/baerum\/wp-json\/wp\/v2\/media?parent=799"}],"wp:term":[{"taxonomy":"category","embeddable":true,"href":"https:\/\/hoyre.no\/baerum\/wp-json\/wp\/v2\/category?post=799"},{"taxonomy":"post_tag","embeddable":true,"href":"https:\/\/hoyre.no\/baerum\/wp-json\/wp\/v2\/post_tag?post=799"},{"taxonomy":"hoyre-visibility","embeddable":true,"href":"https:\/\/hoyre.no\/baerum\/wp-json\/wp\/v2\/hoyre-visibility?post=799"},{"taxonomy":"article-type","embeddable":true,"href":"https:\/\/hoyre.no\/baerum\/wp-json\/wp\/v2\/article-type?post=799"},{"taxonomy":"politician","embeddable":true,"href":"https:\/\/hoyre.no\/baerum\/wp-json\/wp\/v2\/politician?post=799"}],"curies":[{"name":"wp","href":"https:\/\/api.w.org\/{rel}","templated":true}]}}