{"id":81,"date":"2017-04-02T22:00:00","date_gmt":"2017-04-02T20:00:00","guid":{"rendered":"https:\/\/hoyre.no\/baerum\/aktuelt\/frivilligheten-bloms\/"},"modified":"2017-04-02T22:00:00","modified_gmt":"2017-04-02T20:00:00","slug":"frivilligheten-bloms","status":"publish","type":"post","link":"https:\/\/hoyre.no\/baerum\/aktuelt\/frivilligheten-bloms\/","title":{"rendered":"Frivilligheten blomstrer i B\u00e6rum"},"content":{"rendered":"<p class=\"preamble\">B\u00e6rum er en av Norges fremste frivillighetskommuner, med anslagsvis 550 ulike frivillige organisasjoner innen kultur, idrett, natur- og milj\u00f8, sosiale form\u00e5l, livssyn, velforeninger og mye annet. Idretten alene har rundt 54.000 medlemskap og antall frivillige \u00e5rsverk er beregnet til minimum 3.000 per \u00e5r.<\/p>\t\t\t<div class=\"post-meta wp-block teft-byline-wrapper\">\n\t\t\t\t<div class=\"top\">\n\t\t\t\t\t<div class=\"signature\">\n\t\t\t\t\t\t<div class=\"teft-byline\">\n\t\t\t\t\t\t\t\t\t\t\t\t\t\t<div>\n\t\t\t\t\t\t\t\t<h3>H\u00f8yres redaksjon<\/h3>\t\t\t\t\t\t\t\t\n\t\t\t\t\t\t\t\t\t\t\t\t\t\t\t\t\t<span class=\"date\">Sist oppdatert: 2. april 2017<\/span>\n\t\t\t\t\t\t\t\t\t\t\t\t\t\t\t\t\t\t\t\t\t\t\t\t\t<span class=\"reading-time\" itemprop=\"timeRequired\" content=\"PT3M\"><em>Ca. 3 minutter lesetid<\/em><\/span>\n\t\t\t\t\t\t\t\t\t\t\t\t\t\t\t<\/div>\n\t\t\t\t\t\t<\/div>\n\t\t\t\t\t<\/div>\n\t\t\t\t\t\t<div class=\"sharing\">\n\t\t<a class=\"share-button share-link copy-link\" data-copy=\"https:\/\/hoyre.no\/baerum\/aktuelt\/frivilligheten-bloms\/\" target=\"_blank\"><span class=\"screen-reader-text\">Del link<\/span><\/a>\n\t\t<a class=\"share-button share-twitter\" href=\"http:\/\/twitter.com\/share?text=Frivilligheten blomstrer i B\u00e6rum&#038;url=https:\/\/hoyre.no\/baerum\/aktuelt\/frivilligheten-bloms\/&#038;hashtags=Hoyre\" target=\"_blank\"><span class=\"screen-reader-text\">Del p\u00e5 twitter<\/span><\/a>\n\t\t<a class=\"share-button share-facebook\" href=\"https:\/\/www.facebook.com\/sharer\/sharer.php?u=https:\/\/hoyre.no\/baerum\/aktuelt\/frivilligheten-bloms\/\" target=\"_blank\"><span class=\"screen-reader-text\">Del p\u00e5 facebook<\/span><\/a>\n\t<\/div>\n\t\t\t\t\t<\/div>\n\t\t\t<\/div>\n\n\t\t\t<figure class=\"hoyre-image-wrapper\"><div class=\"hoyre-image\"><img loading=\"lazy\" decoding=\"async\" width=\"1066\" height=\"600\" src=\"https:\/\/hoyre.no\/content\/uploads\/sites\/200\/2020\/11\/frivillighet.jpg\" class=\"attachment-scaled size-scaled\" alt=\"\" style=\"object-position: 50% 50%\" srcset=\"https:\/\/hoyre.no\/content\/uploads\/sites\/200\/2020\/11\/frivillighet.jpg 1066w, https:\/\/hoyre.no\/content\/uploads\/sites\/200\/2020\/11\/frivillighet-300x169.jpg 300w, https:\/\/hoyre.no\/content\/uploads\/sites\/200\/2020\/11\/frivillighet-1024x576.jpg 1024w, https:\/\/hoyre.no\/content\/uploads\/sites\/200\/2020\/11\/frivillighet-768x432.jpg 768w\" sizes=\"auto, (max-width: 1066px) 100vw, 1066px\" \/><\/div><\/figure><div id=\"hoyre-old-article-content-wrapper\"><p> Kommunen tilrettelegger for frivillige aktiviteter blant annet gjennom investeringer i idrettsanlegg, kulturarenaer og annen infrastruktur, og bidrar med \u00e5rlige driftstilskudd p\u00e5 mellom 25 og 30 mill. kroner til lokale lag og foreninger. Den \u00f8konomiske verdien av disse investeringene mangedobles som f\u00f8lge av den frivillige arbeidsinnsatsen titusenvis av b\u00e6ringer legger ned hver dag.<\/p><p>Gjennom Budstikkas hovedoppslag 30. mars kan man f\u00e5 inntrykk av at frivilligheten i B\u00e6rum har d\u00e5rlige k\u00e5r. Det er ikke tilfelle. Som det fremg\u00e5r av artikkelen har kommunestyret vedtatt opprettelsen av to nye frivilligsentraler i B\u00e6rum, \u00e9n p\u00e5 Rykkinn og \u00e9n p\u00e5 Fornebu.  Frivilligsentralene skal bidra til \u00e5 styrke arbeidet med utvikling av gode n\u00e6rmilj\u00f8er, og \u00e5 forebygge utenforskap. Samarbeid med kommunale tjenester som barnehage, skole, helse og omsorg er sentralt, men ogs\u00e5 tilrettelegging for nye frivillige initiativ og sosialt entrepren\u00f8rskap. Begrunnelsen for kommunestyrets satsing p\u00e5 frivillighet er b\u00e5de at det bidrar til \u00e5 supplere offentlige velferdstjenester og \u00e5 l\u00f8se viktige samfunnsoppgaver, og at det har stor verdi for hver enkelt av oss \u00e5 v\u00e6re del av frivillige fellesskap og bidra til \u00e5 gj\u00f8re en forskjell.     <\/p><p>I boken \u00abFrivillighetens ansikten\u00bb av Hans Nord\u00e9n f\u00e5r B\u00e6rum ros for \u00e5 v\u00e6re et eksperiment-verksted for fremtidig utvikling p\u00e5 frivillighetsomr\u00e5det, og styreleder i B\u00e6rum frivilligsentral, Frode Geitvik, skrev f\u00f8lgende om kommunens frivillighetsarbeid i et leserinnlegg med tittelen \u00abEn hyllest til kommunen\u00bb i Budstikka 31. januar i \u00e5r: \u00abKommunen har en sv\u00e6rt aktiv tiln\u00e6rming til frivilligheten, flere medarbeidere p\u00e5 ulike felt har i oppdrag \u00e5 sm\u00f8re frivillighetsmotoren. De bidrar med alt fra lokaler til regelverk, praktisk tilrettelegging, samarbeid mellom ulike sektorer og institusjoner og de bidrar \u00f8konomisk der dette trengs (\u2026) Jeg kan selvsagt ikke alt om alle kommuner p\u00e5 dette feltet men tillater meg likevel \u00e5 utrope B\u00e6rum kommune som medaljevinnere innen frivilligarbeidet.\u00bb<\/p><p>Haimi Mahari, en av ildsjelene bak Trollhuset p\u00e5 Gjettum og vinner av B\u00e6rums frivillighetspris i 2015, sier til Budstikka at hun mener det er vanskelig \u00e5 finne frem blant kommunens ulike st\u00f8tteordninger til frivillig arbeid. Det er en tilbakemelding som m\u00e5 tas p\u00e5 alvor, og vi har allerede tatt initiativ for \u00e5 f\u00e5 utarbeidet en samlet oversikt over kommunens tilskuddspotter til forskjellige typer frivillig aktivitet og en vurdering av hvordan s\u00f8knadsprosessene kan forenkles. \u00c5 utvikle \u00e9n felles s\u00f8knadsprosess for st\u00f8tte til alle typer frivillighet synes imidlertid ikke som noen god l\u00f8sning fordi det vil gi mindre m\u00e5lrettet bruk av de kommunale midlene som bevilges. Klare retningslinjer og tydelig m\u00e5lretting av kommunale midler er en viktig forutsetning b\u00e5de for \u00e5 f\u00e5 mest frivillighet ut av hver krone og for \u00e5 sikre likebehandling og rettferdig fordeling mellom s\u00f8kerne.  <\/p><p>Vi er stolte av det h\u00f8ye aktivitetsniv\u00e5et og de gode resultatene B\u00e6rumssamfunnet kan vise til p\u00e5 frivillighetsomr\u00e5det. Vi er ogs\u00e5 opptatt av \u00e5 videreutvikle kommunens rolle som tilrettelegger og st\u00f8ttespiller for frivillighet. Befolkningsprognosene forteller at velferdssamfunnet slik vi kjenner det i dag vil f\u00e5 trangere k\u00e5r og f\u00e6rre hender i \u00e5rene som kommer. For \u00e5 l\u00f8se fremtidens utfordringer n\u00e5r det gjelder omsorg, integrering og utviklingen av gode lokalsamfunn vil vi v\u00e6re avhengige av frivillig innsats og sosialt entrepren\u00f8rskap i enda sterkere grad enn i dag. B\u00e6rum har de beste forutsetninger for \u00e5 ta en lederrolle ogs\u00e5 i utviklingen av fremtidens frivillige sektor, f\u00f8rst og fremst gjennom n\u00e6r dialog med kommunens frivillige akt\u00f8rer og fortsatt respekt for frivillighetens egenart og verdi.<\/p><p><\/p><p><b>Lisbeth Hammer Krog, H\u00f8yre<\/b><\/p><p><b>Ordf\u00f8rer i B\u00e6rum<\/b><\/p><p><b><\/b><\/p><p><b>Morten Skauge, H\u00f8yre<\/b><\/p><p><b>Leder Hovedutvalg for milj\u00f8, idrett og kultur<\/b><\/p><p><br \/><\/p><\/div>\n<div class=\"tags\">\n\t<\/div>\n<div class=\"post-footer alignfull has-background block-editor-block-list__block\" data-align=full>\n\t<div class=\"post-footer-inner\">\n\t\t<h3>Relaterte artikler<\/h3>\n\t\t<div class=\"related-content\"><div class=\"is-card-hoyre\">\n\t<div class=\"teft-card hoyre-teft-card post-teft-card\">\n\t\t<a href=\"https:\/\/hoyre.no\/baerum\/aktuelt\/nominasjon-i-baerum-hoyre-3\/\" class=\"teft-card__primary-action\">\n\n\t\t\t\t\t<div class=\"teft-card__media teft-card__media--16-9\">\n\t\t\t\t\t\t<img loading=\"lazy\" decoding=\"async\" width=\"768\" height=\"512\" src=\"https:\/\/hoyre.no\/content\/uploads\/sites\/200\/2025\/11\/Trine-Lise-Foto-CF-Wesenberg-red-768x512.jpg\" class=\"attachment-medium_large size-medium_large\" alt=\"\" srcset=\"https:\/\/hoyre.no\/content\/uploads\/sites\/200\/2025\/11\/Trine-Lise-Foto-CF-Wesenberg-red-768x512.jpg 768w, https:\/\/hoyre.no\/content\/uploads\/sites\/200\/2025\/11\/Trine-Lise-Foto-CF-Wesenberg-red-300x200.jpg 300w, https:\/\/hoyre.no\/content\/uploads\/sites\/200\/2025\/11\/Trine-Lise-Foto-CF-Wesenberg-red-1024x683.jpg 1024w, https:\/\/hoyre.no\/content\/uploads\/sites\/200\/2025\/11\/Trine-Lise-Foto-CF-Wesenberg-red.jpg 1200w\" sizes=\"auto, (max-width: 768px) 100vw, 768px\" \/>\t\t<\/div>\n\t\t\n\t\t\t<div class=\"teft-card__content-wrapper\">\n\t\t\t\t<div class=\"teft-card__secondary\">\n\t\t\t\t\t\n\t\t\t\t\t\t\t\t<div class=\"teft-card__meta\">\n\t\t\t\t\t\t\t\t\t<span class=\"post-date\">9. apr 2026<\/span>\n\n\t\t\t\t\t\t\t\t\t<span class=\"post-category\">Nyheter<\/span>\t\t\t\t\t\t\t\t<\/div>\n\t\t\t\t\t\t\t\t\t\t\t<\/div>\n\n\t\t\t\t<div class=\"teft-card__primary\">\n\t\t\t\t\t<h2 class=\"teft-card__title\">Nominasjon i B\u00e6rum H\u00f8yre&nbsp;<span class=\"teft-card__primary-title-append\"><\/span><\/h2>\t\t\t\t<\/div>\n\t\t\t<\/div>\n\t\t<\/a>\n\t<\/div>\n\n\t<\/div><div class=\"is-card-hoyre\">\n\t<div class=\"teft-card hoyre-teft-card post-teft-card\">\n\t\t<a href=\"https:\/\/hoyre.no\/baerum\/aktuelt\/dagtilbudet-skal-vaere-trygt-godt-og-meningsfullt\/\" class=\"teft-card__primary-action\">\n\n\t\t\t\t\t<div class=\"teft-card__media teft-card__media--16-9\">\n\t\t\t\t\t\t<img loading=\"lazy\" decoding=\"async\" width=\"768\" height=\"511\" src=\"https:\/\/hoyre.no\/content\/uploads\/sites\/200\/2025\/12\/Wenche-Steen-og-Haakon-Sandven-768x511.jpg\" class=\"attachment-medium_large size-medium_large\" alt=\"\" srcset=\"https:\/\/hoyre.no\/content\/uploads\/sites\/200\/2025\/12\/Wenche-Steen-og-Haakon-Sandven-768x511.jpg 768w, https:\/\/hoyre.no\/content\/uploads\/sites\/200\/2025\/12\/Wenche-Steen-og-Haakon-Sandven-300x200.jpg 300w, https:\/\/hoyre.no\/content\/uploads\/sites\/200\/2025\/12\/Wenche-Steen-og-Haakon-Sandven.jpg 944w\" sizes=\"auto, (max-width: 768px) 100vw, 768px\" \/>\t\t<\/div>\n\t\t\n\t\t\t<div class=\"teft-card__content-wrapper\">\n\t\t\t\t<div class=\"teft-card__secondary\">\n\t\t\t\t\t\n\t\t\t\t\t\t\t\t<div class=\"teft-card__meta\">\n\t\t\t\t\t\t\t\t\t<span class=\"post-date\">25. apr 2026<\/span>\n\n\t\t\t\t\t\t\t\t\t<span class=\"post-category\">Nyheter<\/span>\t\t\t\t\t\t\t\t<\/div>\n\t\t\t\t\t\t\t\t\t\t\t<\/div>\n\n\t\t\t\t<div class=\"teft-card__primary\">\n\t\t\t\t\t<h2 class=\"teft-card__title\">Dagtilbudet skal v\u00e6re trygt, godt og meningsfullt&nbsp;<span class=\"teft-card__primary-title-append\"><\/span><\/h2>\t\t\t\t<\/div>\n\t\t\t<\/div>\n\t\t<\/a>\n\t<\/div>\n\n\t<\/div><div class=\"is-card-hoyre\">\n\t<div class=\"teft-card hoyre-teft-card post-teft-card\">\n\t\t<a href=\"https:\/\/hoyre.no\/baerum\/aktuelt\/mer-idrettsglede-til-barn-og-unge\/\" class=\"teft-card__primary-action\">\n\n\t\t\t\t\t<div class=\"teft-card__media teft-card__media--16-9\">\n\t\t\t\t\t\t<img loading=\"lazy\" decoding=\"async\" width=\"768\" height=\"1024\" src=\"https:\/\/hoyre.no\/content\/uploads\/sites\/200\/2026\/04\/Trine-Lise-Ostlund-Blime-idrett-privat-768x1024.jpg\" class=\"attachment-medium_large size-medium_large\" alt=\"\" srcset=\"https:\/\/hoyre.no\/content\/uploads\/sites\/200\/2026\/04\/Trine-Lise-Ostlund-Blime-idrett-privat-768x1024.jpg 768w, https:\/\/hoyre.no\/content\/uploads\/sites\/200\/2026\/04\/Trine-Lise-Ostlund-Blime-idrett-privat-225x300.jpg 225w, https:\/\/hoyre.no\/content\/uploads\/sites\/200\/2026\/04\/Trine-Lise-Ostlund-Blime-idrett-privat.jpg 900w\" sizes=\"auto, (max-width: 768px) 100vw, 768px\" \/>\t\t<\/div>\n\t\t\n\t\t\t<div class=\"teft-card__content-wrapper\">\n\t\t\t\t<div class=\"teft-card__secondary\">\n\t\t\t\t\t\n\t\t\t\t\t\t\t\t<div class=\"teft-card__meta\">\n\t\t\t\t\t\t\t\t\t<span class=\"post-date\">20. apr 2026<\/span>\n\n\t\t\t\t\t\t\t\t\t<span class=\"post-category\">Nyheter<\/span>\t\t\t\t\t\t\t\t<\/div>\n\t\t\t\t\t\t\t\t\t\t\t<\/div>\n\n\t\t\t\t<div class=\"teft-card__primary\">\n\t\t\t\t\t<h2 class=\"teft-card__title\">Mer idrettsglede til barn og unge&nbsp;<span class=\"teft-card__primary-title-append\"><\/span><\/h2>\t\t\t\t<\/div>\n\t\t\t<\/div>\n\t\t<\/a>\n\t<\/div>\n\n\t<\/div><\/div>\t<\/div>\n<\/div>\n","protected":false},"excerpt":{"rendered":"","protected":false},"author":0,"featured_media":0,"comment_status":"closed","ping_status":"closed","sticky":false,"template":"","format":"standard","meta":{"teft_cards_image_url":"https:\/\/hoyre.no\/content\/uploads\/sites\/200\/2020\/11\/frivillighet.jpg","teft_cards_custom_pretitle":"","teft_cards_image_id":80,"teft_cards_image_focal_point_x":0,"teft_cards_image_focal_point_y":0,"teft_cards_title":"","teft_cards_excerpt":"","teft_show_chapters":false,"author_display_name":"Lisbeth Hammer Krog, ordf\u00f8rer og Morten Skauge, leder Hovedutvalg for milj\u00f8, idrett og kultur","footnotes":""},"category":[1],"post_tag":[],"hoyre-visibility":[],"article-type":[],"politician":[],"class_list":["post-81","post","type-post","status-publish","format-standard","hentry","category-ukategorisert"],"yoast_head":"<!-- This site is optimized with the Yoast SEO plugin v26.6 - https:\/\/yoast.com\/wordpress\/plugins\/seo\/ -->\n<title>Frivilligheten blomstrer i B\u00e6rum - B\u00e6rum H\u00f8yre<\/title>\n<meta name=\"robots\" content=\"index, follow, max-snippet:-1, max-image-preview:large, max-video-preview:-1\" \/>\n<link rel=\"canonical\" href=\"https:\/\/hoyre.no\/baerum\/aktuelt\/frivilligheten-bloms\/\" \/>\n<meta property=\"og:locale\" content=\"nb_NO\" \/>\n<meta property=\"og:type\" content=\"article\" \/>\n<meta property=\"og:title\" content=\"Frivilligheten blomstrer i B\u00e6rum - B\u00e6rum H\u00f8yre\" \/>\n<meta property=\"og:url\" content=\"https:\/\/hoyre.no\/baerum\/aktuelt\/frivilligheten-bloms\/\" \/>\n<meta property=\"og:site_name\" content=\"B\u00e6rum H\u00f8yre\" \/>\n<meta property=\"article:published_time\" content=\"2017-04-02T20:00:00+00:00\" \/>\n<meta property=\"og:image\" content=\"https:\/\/hoyre.no\/content\/uploads\/sites\/200\/2026\/04\/Trine-Lise-Ostlund-Blime-priv-red.jpg\" \/>\n<meta name=\"twitter:card\" content=\"summary_large_image\" \/>\n<meta name=\"twitter:label1\" content=\"Ansl. lesetid\" \/>\n\t<meta name=\"twitter:data1\" content=\"3 minutter\" \/>\n<script type=\"application\/ld+json\" class=\"yoast-schema-graph\">{\"@context\":\"https:\/\/schema.org\",\"@graph\":[{\"@type\":\"NewsArticle\",\"@id\":\"https:\/\/hoyre.no\/baerum\/aktuelt\/frivilligheten-bloms\/\",\"url\":\"https:\/\/hoyre.no\/baerum\/aktuelt\/frivilligheten-bloms\/\",\"name\":\"Frivilligheten blomstrer i B\u00e6rum - B\u00e6rum H\u00f8yre\",\"isPartOf\":{\"@id\":\"https:\/\/hoyre.no\/baerum\/#website\"},\"datePublished\":\"2017-04-02T20:00:00+00:00\",\"author\":{\"@id\":\"\"},\"breadcrumb\":{\"@id\":\"https:\/\/hoyre.no\/baerum\/aktuelt\/frivilligheten-bloms\/#breadcrumb\"},\"inLanguage\":\"nb-NO\",\"potentialAction\":[{\"@type\":\"ReadAction\",\"target\":[\"https:\/\/hoyre.no\/baerum\/aktuelt\/frivilligheten-bloms\/\"]}]},{\"@type\":\"BreadcrumbList\",\"@id\":\"https:\/\/hoyre.no\/baerum\/aktuelt\/frivilligheten-bloms\/#breadcrumb\",\"itemListElement\":[{\"@type\":\"ListItem\",\"position\":1,\"name\":\"Til hoyre.no\",\"item\":\"https:\/\/hoyre.no\"},{\"@type\":\"ListItem\",\"position\":2,\"name\":\"Hjem\",\"item\":\"https:\/\/hoyre.no\/baerum\/\"},{\"@type\":\"ListItem\",\"position\":3,\"name\":\"Frivilligheten blomstrer i B\u00e6rum\"}]},{\"@type\":\"WebSite\",\"@id\":\"https:\/\/hoyre.no\/baerum\/#website\",\"url\":\"https:\/\/hoyre.no\/baerum\/\",\"name\":\"B\u00e6rum H\u00f8yre\",\"description\":\"Bare enda et H\u00f8yres nettsteder-nettsted\",\"inLanguage\":\"nb-NO\"}]}<\/script>\n<!-- \/ Yoast SEO plugin. -->","yoast_head_json":{"title":"Frivilligheten blomstrer i B\u00e6rum - B\u00e6rum H\u00f8yre","robots":{"index":"index","follow":"follow","max-snippet":"max-snippet:-1","max-image-preview":"max-image-preview:large","max-video-preview":"max-video-preview:-1"},"canonical":"https:\/\/hoyre.no\/baerum\/aktuelt\/frivilligheten-bloms\/","og_locale":"nb_NO","og_type":"article","og_title":"Frivilligheten blomstrer i B\u00e6rum - B\u00e6rum H\u00f8yre","og_url":"https:\/\/hoyre.no\/baerum\/aktuelt\/frivilligheten-bloms\/","og_site_name":"B\u00e6rum H\u00f8yre","article_published_time":"2017-04-02T20:00:00+00:00","og_image":[{"url":"https:\/\/hoyre.no\/content\/uploads\/sites\/200\/2026\/04\/Trine-Lise-Ostlund-Blime-priv-red.jpg","width":"","height":"","type":""}],"twitter_card":"summary_large_image","twitter_misc":{"Ansl. lesetid":"3 minutter"},"schema":{"@context":"https:\/\/schema.org","@graph":[{"@type":"NewsArticle","@id":"https:\/\/hoyre.no\/baerum\/aktuelt\/frivilligheten-bloms\/","url":"https:\/\/hoyre.no\/baerum\/aktuelt\/frivilligheten-bloms\/","name":"Frivilligheten blomstrer i B\u00e6rum - B\u00e6rum H\u00f8yre","isPartOf":{"@id":"https:\/\/hoyre.no\/baerum\/#website"},"datePublished":"2017-04-02T20:00:00+00:00","author":{"@id":""},"breadcrumb":{"@id":"https:\/\/hoyre.no\/baerum\/aktuelt\/frivilligheten-bloms\/#breadcrumb"},"inLanguage":"nb-NO","potentialAction":[{"@type":"ReadAction","target":["https:\/\/hoyre.no\/baerum\/aktuelt\/frivilligheten-bloms\/"]}]},{"@type":"BreadcrumbList","@id":"https:\/\/hoyre.no\/baerum\/aktuelt\/frivilligheten-bloms\/#breadcrumb","itemListElement":[{"@type":"ListItem","position":1,"name":"Til hoyre.no","item":"https:\/\/hoyre.no"},{"@type":"ListItem","position":2,"name":"Hjem","item":"https:\/\/hoyre.no\/baerum\/"},{"@type":"ListItem","position":3,"name":"Frivilligheten blomstrer i B\u00e6rum"}]},{"@type":"WebSite","@id":"https:\/\/hoyre.no\/baerum\/#website","url":"https:\/\/hoyre.no\/baerum\/","name":"B\u00e6rum H\u00f8yre","description":"Bare enda et H\u00f8yres nettsteder-nettsted","inLanguage":"nb-NO"}]}},"distributor_meta":false,"distributor_terms":false,"distributor_media":false,"distributor_original_site_name":"B\u00e6rum H\u00f8yre","distributor_original_site_url":"https:\/\/hoyre.no\/baerum","push-errors":false,"_links":{"self":[{"href":"https:\/\/hoyre.no\/baerum\/wp-json\/wp\/v2\/posts\/81","targetHints":{"allow":["GET"]}}],"collection":[{"href":"https:\/\/hoyre.no\/baerum\/wp-json\/wp\/v2\/posts"}],"about":[{"href":"https:\/\/hoyre.no\/baerum\/wp-json\/wp\/v2\/types\/post"}],"replies":[{"embeddable":true,"href":"https:\/\/hoyre.no\/baerum\/wp-json\/wp\/v2\/comments?post=81"}],"version-history":[{"count":0,"href":"https:\/\/hoyre.no\/baerum\/wp-json\/wp\/v2\/posts\/81\/revisions"}],"wp:attachment":[{"href":"https:\/\/hoyre.no\/baerum\/wp-json\/wp\/v2\/media?parent=81"}],"wp:term":[{"taxonomy":"category","embeddable":true,"href":"https:\/\/hoyre.no\/baerum\/wp-json\/wp\/v2\/category?post=81"},{"taxonomy":"post_tag","embeddable":true,"href":"https:\/\/hoyre.no\/baerum\/wp-json\/wp\/v2\/post_tag?post=81"},{"taxonomy":"hoyre-visibility","embeddable":true,"href":"https:\/\/hoyre.no\/baerum\/wp-json\/wp\/v2\/hoyre-visibility?post=81"},{"taxonomy":"article-type","embeddable":true,"href":"https:\/\/hoyre.no\/baerum\/wp-json\/wp\/v2\/article-type?post=81"},{"taxonomy":"politician","embeddable":true,"href":"https:\/\/hoyre.no\/baerum\/wp-json\/wp\/v2\/politician?post=81"}],"curies":[{"name":"wp","href":"https:\/\/api.w.org\/{rel}","templated":true}]}}