{"id":83,"date":"2017-01-09T23:00:00","date_gmt":"2017-01-09T22:00:00","guid":{"rendered":"https:\/\/hoyre.no\/baerum\/aktuelt\/gi-denne-byen-ro\/"},"modified":"2017-01-09T23:00:00","modified_gmt":"2017-01-09T22:00:00","slug":"gi-denne-byen-ro","status":"publish","type":"post","link":"https:\/\/hoyre.no\/baerum\/aktuelt\/gi-denne-byen-ro\/","title":{"rendered":"Gi denne byen ro"},"content":{"rendered":"<p class=\"preamble\">\u00abEr jeg en ordentlig by\u00bb er sp\u00f8rsm\u00e5let i en artikkel Budstikkas redaksjonssjef forfattet rett f\u00f8r jul. Tor Christian Bakken f\u00f8lger opp det hele i den gode kommentaren \u00abGi denne byen en bygrense\u00bb.<\/p>\t\t\t<div class=\"post-meta wp-block teft-byline-wrapper\">\n\t\t\t\t<div class=\"top\">\n\t\t\t\t\t<div class=\"signature\">\n\t\t\t\t\t\t<div class=\"teft-byline\">\n\t\t\t\t\t\t\t\t\t\t\t\t\t\t<div>\n\t\t\t\t\t\t\t\t<h3>H\u00f8yres redaksjon<\/h3>\t\t\t\t\t\t\t\t\n\t\t\t\t\t\t\t\t\t\t\t\t\t\t\t\t\t<span class=\"date\">Sist oppdatert: 9. januar 2017<\/span>\n\t\t\t\t\t\t\t\t\t\t\t\t\t\t\t\t\t\t\t\t\t\t\t\t\t<span class=\"reading-time\" itemprop=\"timeRequired\" content=\"PT3M\"><em>Ca. 3 minutter lesetid<\/em><\/span>\n\t\t\t\t\t\t\t\t\t\t\t\t\t\t\t<\/div>\n\t\t\t\t\t\t<\/div>\n\t\t\t\t\t<\/div>\n\t\t\t\t\t\t<div class=\"sharing\">\n\t\t<a class=\"share-button share-link copy-link\" data-copy=\"https:\/\/hoyre.no\/baerum\/aktuelt\/gi-denne-byen-ro\/\" target=\"_blank\"><span class=\"screen-reader-text\">Del link<\/span><\/a>\n\t\t<a class=\"share-button share-twitter\" href=\"http:\/\/twitter.com\/share?text=Gi denne byen ro&#038;url=https:\/\/hoyre.no\/baerum\/aktuelt\/gi-denne-byen-ro\/&#038;hashtags=Hoyre\" target=\"_blank\"><span class=\"screen-reader-text\">Del p\u00e5 twitter<\/span><\/a>\n\t\t<a class=\"share-button share-facebook\" href=\"https:\/\/www.facebook.com\/sharer\/sharer.php?u=https:\/\/hoyre.no\/baerum\/aktuelt\/gi-denne-byen-ro\/\" target=\"_blank\"><span class=\"screen-reader-text\">Del p\u00e5 facebook<\/span><\/a>\n\t<\/div>\n\t\t\t\t\t<\/div>\n\t\t\t<\/div>\n\n\t\t\t<figure class=\"hoyre-image-wrapper\"><div class=\"hoyre-image\"><img loading=\"lazy\" decoding=\"async\" width=\"1026\" height=\"700\" src=\"https:\/\/hoyre.no\/content\/uploads\/sites\/200\/2020\/11\/jul-i-sandvika.jpg\" class=\"attachment-scaled size-scaled\" alt=\"\" style=\"object-position: 50% 50%\" srcset=\"https:\/\/hoyre.no\/content\/uploads\/sites\/200\/2020\/11\/jul-i-sandvika.jpg 1026w, https:\/\/hoyre.no\/content\/uploads\/sites\/200\/2020\/11\/jul-i-sandvika-300x205.jpg 300w, https:\/\/hoyre.no\/content\/uploads\/sites\/200\/2020\/11\/jul-i-sandvika-1024x699.jpg 1024w, https:\/\/hoyre.no\/content\/uploads\/sites\/200\/2020\/11\/jul-i-sandvika-768x524.jpg 768w\" sizes=\"auto, (max-width: 1026px) 100vw, 1026px\" \/><\/div><\/figure><div id=\"hoyre-old-article-content-wrapper\"><p> Rabuleringene til redaksjonssjef Lars-Erik Nygaard om Sandvika over fire tabloide sider klarte ikke \u00e5 hisse opp Budstikka-kommentator Tor Christian Bakken. Jeg hisset meg heller ikke opp, for Nygaard har ett og annet poeng. Mine tanker gikk derimot til alle de som har jobbet hardt og ofret energi og fritid for at gamle Sandvika skulle f\u00e5 det livet den har i dag, og som n\u00e5 f\u00f8lte seg unyttige. <\/p><p>Innsatsen har gitt resultater, hva enn redaksjonssjef Nygaard m\u00e5tte mene. Han kan ha rett i at ikke alle politiske grep gjennom \u00e5rene har v\u00e6rt gode. Storsenteret har med rette f\u00e5tt skylden for problemene i gamle Sandvika, men vi kan f\u00e5 et yrende liv i bydelen likevel! Det som er viktig n\u00e5, er \u00e5 skape en harmonisk by. Da er det n\u00f8dvendig med noen enkle h\u00e5ndgrep samt et godt politisk vedtak.<\/p><p>Min omsorg g\u00e5r til den gamle delen av Sandvika \u2013 sentrumsdelen. En bydel som fungerer som et alternativ til Sandvika Vest med sin handlemaskin Sandvika Storsenter. Sammen fyller de behovene til de som bes\u00f8ker Sandvika p\u00e5 hver sin m\u00e5te \u2013 noe for enhver smak.<\/p><p>Vedlikeholdet i Sandvika sentrum har inntil nylig mer eller mindre bevisst v\u00e6rt nedprioritert. Argumentet har v\u00e6rt at vi visstnok skulle st\u00e5 foran en omfattende ombygging. N\u00e5 har stadig flere sett at prosessen med bygging av nye, store byg\u00e5rder slett ikke er s\u00e5 enkel, og antagelig vil gi nye og st\u00f8rre ulemper enn 70-tallsg\u00e5rdene. I det siste har vi sett at nye koster har tatt grep og det er gjennomf\u00f8rt noen gode tiltak i gamle Sandvika. Den siste, gledelige innsatsen p\u00e5 veien til en velfungerende bydel var julegaten. Men det er fortsatt en del som m\u00e5 gj\u00f8res. Vi trenger mer enn en bygrense, som Tor Christian Bakken etterlyser.<\/p><p>Et st\u00f8rre utvalg nisjebutikker er n\u00f8dvendig for gamle Sandvika. Flere butikker vil gi \u00f8kt interesse for \u00e5 legge turen innom bydelen. Dette vil skape synergieffekter p\u00e5 flere plan. Behovet for flere spisesteder er ett av dem.<\/p><p>Den flere 10-\u00e5r lange planleggingen av en omfattende \u00abtransformasjon\u00bb av Sandvika sentrum b\u00f8r snarest avvikles. Den har v\u00e6rt en klump om foten til en naturlig utvikling av bydelen. De som driver butikk \u2013 og g\u00e5rdeierne \u2013 trenger n\u00e5 ro og tro p\u00e5 fremtiden. All usikkerheten har medf\u00f8rt investeringst\u00f8rke hos akt\u00f8rene i p\u00e5vente av en omfattende ombygging. <\/p><p>Reguleringsplanen som snart kommer b\u00f8r presenteres med to klare alternativ: Ett alternativ med full ombygging, og ett alternativ med ombygging begrenset til Anden\u00e6skvartalet og en opprusting av sentrumsgatene.<\/p><p>Slik jeg ser det vil fjerning av Helgerudg\u00e5rden og Kreditkasseg\u00e5rden utl\u00f8se en serie uheldige reaksjoner. En av dem er at parkeringshuset som henger sammen med Helgerudg\u00e5rden ogs\u00e5 m\u00e5 rives. Da m\u00e5 et underjordisk parkeringsanlegg bygges med de komplikasjoner dette medf\u00f8rer. De nye g\u00e5rdene m\u00e5 bygges store og skyggefulle for \u00e5 finansiere p-huset og ny infrastruktur. Helgerudg\u00e5rden kan derimot med noen enkle grep f\u00e5 6 \u2013 7 skikkelige butikker p\u00e5 gateplan hvis g\u00e5rdeier \u00f8nsker det. Det kan gjennomf\u00f8res uten at Menybutikken legges ned. Tenk s\u00e5 fint det kan bli!<\/p><p>At Anden\u00e6s Eiendom \u00f8nsker \u00e5 gj\u00f8re noen skikkelige grep med sine eiendommer i Sandvika har jeg forst\u00e5else for. Da er deres eiendommer \u00c5motg\u00e5rden og Anden\u00e6sg\u00e5rden to g\u00e5rder som gjerne kan saneres og erstattes. Her kan ogs\u00e5 et underjordisk parkeringsanlegg f\u00e5 sin naturlige plassering. Med innkj\u00f8ring fra L\u00f8kketangen-siden blir dette betydelig mer diskr\u00e9t enn en innkj\u00f8ring ved r\u00e5dhuset. At dette kvartalet f\u00e5r litt h\u00f8yde kan aksepteres, med jernbanesporene som n\u00e6rmeste nabo. Mange andre tiltak kan gj\u00f8res i gamle Sandvika for \u00e5 \u00f8ke trivselen. Livet i gamle Sandvika er basert p\u00e5 byens sjarme, sjel, trivsel og evnen til \u00e5 tiltrekke seg bes\u00f8kende. Om Sandvika er en \u00abordentlig by\u00bb eller ikke betyr absolutt ingenting.<\/p><p><br \/><\/p><\/div>\n<div class=\"tags\">\n\t<\/div>\n<div class=\"post-footer alignfull has-background block-editor-block-list__block\" data-align=full>\n\t<div class=\"post-footer-inner\">\n\t\t<h3>Relaterte artikler<\/h3>\n\t\t<div class=\"related-content\"><div class=\"is-card-hoyre\">\n\t<div class=\"teft-card hoyre-teft-card post-teft-card\">\n\t\t<a href=\"https:\/\/hoyre.no\/baerum\/aktuelt\/nominasjon-i-baerum-hoyre-3\/\" class=\"teft-card__primary-action\">\n\n\t\t\t\t\t<div class=\"teft-card__media teft-card__media--16-9\">\n\t\t\t\t\t\t<img loading=\"lazy\" decoding=\"async\" width=\"768\" height=\"512\" src=\"https:\/\/hoyre.no\/content\/uploads\/sites\/200\/2025\/11\/Trine-Lise-Foto-CF-Wesenberg-red-768x512.jpg\" class=\"attachment-medium_large size-medium_large\" alt=\"\" srcset=\"https:\/\/hoyre.no\/content\/uploads\/sites\/200\/2025\/11\/Trine-Lise-Foto-CF-Wesenberg-red-768x512.jpg 768w, https:\/\/hoyre.no\/content\/uploads\/sites\/200\/2025\/11\/Trine-Lise-Foto-CF-Wesenberg-red-300x200.jpg 300w, https:\/\/hoyre.no\/content\/uploads\/sites\/200\/2025\/11\/Trine-Lise-Foto-CF-Wesenberg-red-1024x683.jpg 1024w, https:\/\/hoyre.no\/content\/uploads\/sites\/200\/2025\/11\/Trine-Lise-Foto-CF-Wesenberg-red.jpg 1200w\" sizes=\"auto, (max-width: 768px) 100vw, 768px\" \/>\t\t<\/div>\n\t\t\n\t\t\t<div class=\"teft-card__content-wrapper\">\n\t\t\t\t<div class=\"teft-card__secondary\">\n\t\t\t\t\t\n\t\t\t\t\t\t\t\t<div class=\"teft-card__meta\">\n\t\t\t\t\t\t\t\t\t<span class=\"post-date\">9. apr 2026<\/span>\n\n\t\t\t\t\t\t\t\t\t<span class=\"post-category\">Nyheter<\/span>\t\t\t\t\t\t\t\t<\/div>\n\t\t\t\t\t\t\t\t\t\t\t<\/div>\n\n\t\t\t\t<div class=\"teft-card__primary\">\n\t\t\t\t\t<h2 class=\"teft-card__title\">Nominasjon i B\u00e6rum H\u00f8yre&nbsp;<span class=\"teft-card__primary-title-append\"><\/span><\/h2>\t\t\t\t<\/div>\n\t\t\t<\/div>\n\t\t<\/a>\n\t<\/div>\n\n\t<\/div><div class=\"is-card-hoyre\">\n\t<div class=\"teft-card hoyre-teft-card post-teft-card\">\n\t\t<a href=\"https:\/\/hoyre.no\/baerum\/aktuelt\/dagtilbudet-skal-vaere-trygt-godt-og-meningsfullt\/\" class=\"teft-card__primary-action\">\n\n\t\t\t\t\t<div class=\"teft-card__media teft-card__media--16-9\">\n\t\t\t\t\t\t<img loading=\"lazy\" decoding=\"async\" width=\"768\" height=\"511\" src=\"https:\/\/hoyre.no\/content\/uploads\/sites\/200\/2025\/12\/Wenche-Steen-og-Haakon-Sandven-768x511.jpg\" class=\"attachment-medium_large size-medium_large\" alt=\"\" srcset=\"https:\/\/hoyre.no\/content\/uploads\/sites\/200\/2025\/12\/Wenche-Steen-og-Haakon-Sandven-768x511.jpg 768w, https:\/\/hoyre.no\/content\/uploads\/sites\/200\/2025\/12\/Wenche-Steen-og-Haakon-Sandven-300x200.jpg 300w, https:\/\/hoyre.no\/content\/uploads\/sites\/200\/2025\/12\/Wenche-Steen-og-Haakon-Sandven.jpg 944w\" sizes=\"auto, (max-width: 768px) 100vw, 768px\" \/>\t\t<\/div>\n\t\t\n\t\t\t<div class=\"teft-card__content-wrapper\">\n\t\t\t\t<div class=\"teft-card__secondary\">\n\t\t\t\t\t\n\t\t\t\t\t\t\t\t<div class=\"teft-card__meta\">\n\t\t\t\t\t\t\t\t\t<span class=\"post-date\">25. apr 2026<\/span>\n\n\t\t\t\t\t\t\t\t\t<span class=\"post-category\">Nyheter<\/span>\t\t\t\t\t\t\t\t<\/div>\n\t\t\t\t\t\t\t\t\t\t\t<\/div>\n\n\t\t\t\t<div class=\"teft-card__primary\">\n\t\t\t\t\t<h2 class=\"teft-card__title\">Dagtilbudet skal v\u00e6re trygt, godt og meningsfullt&nbsp;<span class=\"teft-card__primary-title-append\"><\/span><\/h2>\t\t\t\t<\/div>\n\t\t\t<\/div>\n\t\t<\/a>\n\t<\/div>\n\n\t<\/div><div class=\"is-card-hoyre\">\n\t<div class=\"teft-card hoyre-teft-card post-teft-card\">\n\t\t<a href=\"https:\/\/hoyre.no\/baerum\/aktuelt\/mer-idrettsglede-til-barn-og-unge\/\" class=\"teft-card__primary-action\">\n\n\t\t\t\t\t<div class=\"teft-card__media teft-card__media--16-9\">\n\t\t\t\t\t\t<img loading=\"lazy\" decoding=\"async\" width=\"768\" height=\"1024\" src=\"https:\/\/hoyre.no\/content\/uploads\/sites\/200\/2026\/04\/Trine-Lise-Ostlund-Blime-idrett-privat-768x1024.jpg\" class=\"attachment-medium_large size-medium_large\" alt=\"\" srcset=\"https:\/\/hoyre.no\/content\/uploads\/sites\/200\/2026\/04\/Trine-Lise-Ostlund-Blime-idrett-privat-768x1024.jpg 768w, https:\/\/hoyre.no\/content\/uploads\/sites\/200\/2026\/04\/Trine-Lise-Ostlund-Blime-idrett-privat-225x300.jpg 225w, https:\/\/hoyre.no\/content\/uploads\/sites\/200\/2026\/04\/Trine-Lise-Ostlund-Blime-idrett-privat.jpg 900w\" sizes=\"auto, (max-width: 768px) 100vw, 768px\" \/>\t\t<\/div>\n\t\t\n\t\t\t<div class=\"teft-card__content-wrapper\">\n\t\t\t\t<div class=\"teft-card__secondary\">\n\t\t\t\t\t\n\t\t\t\t\t\t\t\t<div class=\"teft-card__meta\">\n\t\t\t\t\t\t\t\t\t<span class=\"post-date\">20. apr 2026<\/span>\n\n\t\t\t\t\t\t\t\t\t<span class=\"post-category\">Nyheter<\/span>\t\t\t\t\t\t\t\t<\/div>\n\t\t\t\t\t\t\t\t\t\t\t<\/div>\n\n\t\t\t\t<div class=\"teft-card__primary\">\n\t\t\t\t\t<h2 class=\"teft-card__title\">Mer idrettsglede til barn og unge&nbsp;<span class=\"teft-card__primary-title-append\"><\/span><\/h2>\t\t\t\t<\/div>\n\t\t\t<\/div>\n\t\t<\/a>\n\t<\/div>\n\n\t<\/div><\/div>\t<\/div>\n<\/div>\n","protected":false},"excerpt":{"rendered":"","protected":false},"author":0,"featured_media":0,"comment_status":"closed","ping_status":"closed","sticky":false,"template":"","format":"standard","meta":{"teft_cards_image_url":"https:\/\/hoyre.no\/content\/uploads\/sites\/200\/2020\/11\/jul-i-sandvika.jpg","teft_cards_custom_pretitle":"","teft_cards_image_id":82,"teft_cards_image_focal_point_x":0,"teft_cards_image_focal_point_y":0,"teft_cards_title":"","teft_cards_excerpt":"","teft_show_chapters":false,"author_display_name":"Morten Larsen, kommunestyremedlem og medlem av sektorutvalg Milj\u00f8, idrett og kultur (MIK)t","footnotes":""},"category":[1],"post_tag":[],"hoyre-visibility":[],"article-type":[],"politician":[],"class_list":["post-83","post","type-post","status-publish","format-standard","hentry","category-ukategorisert"],"yoast_head":"<!-- This site is optimized with the Yoast SEO plugin v26.6 - https:\/\/yoast.com\/wordpress\/plugins\/seo\/ -->\n<title>Gi denne byen ro - B\u00e6rum H\u00f8yre<\/title>\n<meta name=\"robots\" content=\"index, follow, max-snippet:-1, max-image-preview:large, max-video-preview:-1\" \/>\n<link rel=\"canonical\" href=\"https:\/\/hoyre.no\/baerum\/aktuelt\/gi-denne-byen-ro\/\" \/>\n<meta property=\"og:locale\" content=\"nb_NO\" \/>\n<meta property=\"og:type\" content=\"article\" \/>\n<meta property=\"og:title\" content=\"Gi denne byen ro - B\u00e6rum H\u00f8yre\" \/>\n<meta property=\"og:url\" content=\"https:\/\/hoyre.no\/baerum\/aktuelt\/gi-denne-byen-ro\/\" \/>\n<meta property=\"og:site_name\" content=\"B\u00e6rum H\u00f8yre\" \/>\n<meta property=\"article:published_time\" content=\"2017-01-09T22:00:00+00:00\" \/>\n<meta property=\"og:image\" content=\"https:\/\/hoyre.no\/content\/uploads\/sites\/200\/2026\/04\/Trine-Lise-Ostlund-Blime-priv-red.jpg\" \/>\n<meta name=\"twitter:card\" content=\"summary_large_image\" \/>\n<meta name=\"twitter:label1\" content=\"Ansl. lesetid\" \/>\n\t<meta name=\"twitter:data1\" content=\"3 minutter\" \/>\n<script type=\"application\/ld+json\" class=\"yoast-schema-graph\">{\"@context\":\"https:\/\/schema.org\",\"@graph\":[{\"@type\":\"NewsArticle\",\"@id\":\"https:\/\/hoyre.no\/baerum\/aktuelt\/gi-denne-byen-ro\/\",\"url\":\"https:\/\/hoyre.no\/baerum\/aktuelt\/gi-denne-byen-ro\/\",\"name\":\"Gi denne byen ro - B\u00e6rum H\u00f8yre\",\"isPartOf\":{\"@id\":\"https:\/\/hoyre.no\/baerum\/#website\"},\"datePublished\":\"2017-01-09T22:00:00+00:00\",\"author\":{\"@id\":\"\"},\"breadcrumb\":{\"@id\":\"https:\/\/hoyre.no\/baerum\/aktuelt\/gi-denne-byen-ro\/#breadcrumb\"},\"inLanguage\":\"nb-NO\",\"potentialAction\":[{\"@type\":\"ReadAction\",\"target\":[\"https:\/\/hoyre.no\/baerum\/aktuelt\/gi-denne-byen-ro\/\"]}]},{\"@type\":\"BreadcrumbList\",\"@id\":\"https:\/\/hoyre.no\/baerum\/aktuelt\/gi-denne-byen-ro\/#breadcrumb\",\"itemListElement\":[{\"@type\":\"ListItem\",\"position\":1,\"name\":\"Til hoyre.no\",\"item\":\"https:\/\/hoyre.no\"},{\"@type\":\"ListItem\",\"position\":2,\"name\":\"Hjem\",\"item\":\"https:\/\/hoyre.no\/baerum\/\"},{\"@type\":\"ListItem\",\"position\":3,\"name\":\"Gi denne byen ro\"}]},{\"@type\":\"WebSite\",\"@id\":\"https:\/\/hoyre.no\/baerum\/#website\",\"url\":\"https:\/\/hoyre.no\/baerum\/\",\"name\":\"B\u00e6rum H\u00f8yre\",\"description\":\"Bare enda et H\u00f8yres nettsteder-nettsted\",\"inLanguage\":\"nb-NO\"}]}<\/script>\n<!-- \/ Yoast SEO plugin. -->","yoast_head_json":{"title":"Gi denne byen ro - B\u00e6rum H\u00f8yre","robots":{"index":"index","follow":"follow","max-snippet":"max-snippet:-1","max-image-preview":"max-image-preview:large","max-video-preview":"max-video-preview:-1"},"canonical":"https:\/\/hoyre.no\/baerum\/aktuelt\/gi-denne-byen-ro\/","og_locale":"nb_NO","og_type":"article","og_title":"Gi denne byen ro - B\u00e6rum H\u00f8yre","og_url":"https:\/\/hoyre.no\/baerum\/aktuelt\/gi-denne-byen-ro\/","og_site_name":"B\u00e6rum H\u00f8yre","article_published_time":"2017-01-09T22:00:00+00:00","og_image":[{"url":"https:\/\/hoyre.no\/content\/uploads\/sites\/200\/2026\/04\/Trine-Lise-Ostlund-Blime-priv-red.jpg","width":"","height":"","type":""}],"twitter_card":"summary_large_image","twitter_misc":{"Ansl. lesetid":"3 minutter"},"schema":{"@context":"https:\/\/schema.org","@graph":[{"@type":"NewsArticle","@id":"https:\/\/hoyre.no\/baerum\/aktuelt\/gi-denne-byen-ro\/","url":"https:\/\/hoyre.no\/baerum\/aktuelt\/gi-denne-byen-ro\/","name":"Gi denne byen ro - B\u00e6rum H\u00f8yre","isPartOf":{"@id":"https:\/\/hoyre.no\/baerum\/#website"},"datePublished":"2017-01-09T22:00:00+00:00","author":{"@id":""},"breadcrumb":{"@id":"https:\/\/hoyre.no\/baerum\/aktuelt\/gi-denne-byen-ro\/#breadcrumb"},"inLanguage":"nb-NO","potentialAction":[{"@type":"ReadAction","target":["https:\/\/hoyre.no\/baerum\/aktuelt\/gi-denne-byen-ro\/"]}]},{"@type":"BreadcrumbList","@id":"https:\/\/hoyre.no\/baerum\/aktuelt\/gi-denne-byen-ro\/#breadcrumb","itemListElement":[{"@type":"ListItem","position":1,"name":"Til hoyre.no","item":"https:\/\/hoyre.no"},{"@type":"ListItem","position":2,"name":"Hjem","item":"https:\/\/hoyre.no\/baerum\/"},{"@type":"ListItem","position":3,"name":"Gi denne byen ro"}]},{"@type":"WebSite","@id":"https:\/\/hoyre.no\/baerum\/#website","url":"https:\/\/hoyre.no\/baerum\/","name":"B\u00e6rum H\u00f8yre","description":"Bare enda et H\u00f8yres nettsteder-nettsted","inLanguage":"nb-NO"}]}},"distributor_meta":false,"distributor_terms":false,"distributor_media":false,"distributor_original_site_name":"B\u00e6rum H\u00f8yre","distributor_original_site_url":"https:\/\/hoyre.no\/baerum","push-errors":false,"_links":{"self":[{"href":"https:\/\/hoyre.no\/baerum\/wp-json\/wp\/v2\/posts\/83","targetHints":{"allow":["GET"]}}],"collection":[{"href":"https:\/\/hoyre.no\/baerum\/wp-json\/wp\/v2\/posts"}],"about":[{"href":"https:\/\/hoyre.no\/baerum\/wp-json\/wp\/v2\/types\/post"}],"replies":[{"embeddable":true,"href":"https:\/\/hoyre.no\/baerum\/wp-json\/wp\/v2\/comments?post=83"}],"version-history":[{"count":0,"href":"https:\/\/hoyre.no\/baerum\/wp-json\/wp\/v2\/posts\/83\/revisions"}],"wp:attachment":[{"href":"https:\/\/hoyre.no\/baerum\/wp-json\/wp\/v2\/media?parent=83"}],"wp:term":[{"taxonomy":"category","embeddable":true,"href":"https:\/\/hoyre.no\/baerum\/wp-json\/wp\/v2\/category?post=83"},{"taxonomy":"post_tag","embeddable":true,"href":"https:\/\/hoyre.no\/baerum\/wp-json\/wp\/v2\/post_tag?post=83"},{"taxonomy":"hoyre-visibility","embeddable":true,"href":"https:\/\/hoyre.no\/baerum\/wp-json\/wp\/v2\/hoyre-visibility?post=83"},{"taxonomy":"article-type","embeddable":true,"href":"https:\/\/hoyre.no\/baerum\/wp-json\/wp\/v2\/article-type?post=83"},{"taxonomy":"politician","embeddable":true,"href":"https:\/\/hoyre.no\/baerum\/wp-json\/wp\/v2\/politician?post=83"}],"curies":[{"name":"wp","href":"https:\/\/api.w.org\/{rel}","templated":true}]}}