{"id":873,"date":"2017-08-08T22:00:00","date_gmt":"2017-08-08T20:00:00","guid":{"rendered":"https:\/\/hoyre.no\/baerum\/aktuelt\/ti-grunner-til-a-ste\/"},"modified":"2017-08-08T22:00:00","modified_gmt":"2017-08-08T20:00:00","slug":"ti-grunner-til-a-ste","status":"publish","type":"post","link":"https:\/\/hoyre.no\/baerum\/aktuelt\/ti-grunner-til-a-ste\/","title":{"rendered":"Ti grunner til \u00e5 stemme H\u00f8yre"},"content":{"rendered":"<p class=\"preamble\">Din stemme avgj\u00f8r om Erna Solberg f\u00e5r fire nye \u00e5r som Norges statsminister. 11. september er det stortingsvalg. Her er noen av de viktigste grunnene til at du b\u00f8r stemme p\u00e5 H\u00f8yre.<\/p>\t\t\t<div class=\"post-meta wp-block teft-byline-wrapper\">\n\t\t\t\t<div class=\"top\">\n\t\t\t\t\t<div class=\"signature\">\n\t\t\t\t\t\t<div class=\"teft-byline\">\n\t\t\t\t\t\t\t\t\t\t\t\t\t\t<div>\n\t\t\t\t\t\t\t\t<h3>H\u00f8yres redaksjon<\/h3>\t\t\t\t\t\t\t\t\n\t\t\t\t\t\t\t\t\t\t\t\t\t\t\t\t\t<span class=\"date\">Sist oppdatert: 8. august 2017<\/span>\n\t\t\t\t\t\t\t\t\t\t\t\t\t\t\t\t\t\t\t\t\t\t\t\t\t<span class=\"reading-time\" itemprop=\"timeRequired\" content=\"PT3M\"><em>Ca. 3 minutter lesetid<\/em><\/span>\n\t\t\t\t\t\t\t\t\t\t\t\t\t\t\t<\/div>\n\t\t\t\t\t\t<\/div>\n\t\t\t\t\t<\/div>\n\t\t\t\t\t\t<div class=\"sharing\">\n\t\t<a class=\"share-button share-link copy-link\" data-copy=\"https:\/\/hoyre.no\/baerum\/aktuelt\/ti-grunner-til-a-ste\/\" target=\"_blank\"><span class=\"screen-reader-text\">Del link<\/span><\/a>\n\t\t<a class=\"share-button share-twitter\" href=\"http:\/\/twitter.com\/share?text=Ti grunner til \u00e5 stemme H\u00f8yre&#038;url=https:\/\/hoyre.no\/baerum\/aktuelt\/ti-grunner-til-a-ste\/&#038;hashtags=Hoyre\" target=\"_blank\"><span class=\"screen-reader-text\">Del p\u00e5 twitter<\/span><\/a>\n\t\t<a class=\"share-button share-facebook\" href=\"https:\/\/www.facebook.com\/sharer\/sharer.php?u=https:\/\/hoyre.no\/baerum\/aktuelt\/ti-grunner-til-a-ste\/\" target=\"_blank\"><span class=\"screen-reader-text\">Del p\u00e5 facebook<\/span><\/a>\n\t<\/div>\n\t\t\t\t\t<\/div>\n\t\t\t<\/div>\n\n\t\t\t<figure class=\"hoyre-image-wrapper\"><div class=\"hoyre-image\"><img loading=\"lazy\" decoding=\"async\" width=\"773\" height=\"513\" src=\"https:\/\/hoyre.no\/content\/uploads\/sites\/200\/2020\/11\/team-erna1-1.jpg\" class=\"attachment-scaled size-scaled\" alt=\"\" style=\"object-position: 50% 50%\" srcset=\"https:\/\/hoyre.no\/content\/uploads\/sites\/200\/2020\/11\/team-erna1-1.jpg 773w, https:\/\/hoyre.no\/content\/uploads\/sites\/200\/2020\/11\/team-erna1-1-300x199.jpg 300w, https:\/\/hoyre.no\/content\/uploads\/sites\/200\/2020\/11\/team-erna1-1-768x510.jpg 768w\" sizes=\"auto, (max-width: 773px) 100vw, 773px\" \/><\/div><\/figure><div id=\"hoyre-old-article-content-wrapper\"><h3>Ti gode grunner til hvorfor du b\u00f8r stemme H\u00f8yre i \u00e5r:<\/h3><p>H\u00f8yre vil:<\/p><ol><li>Skape flere l\u00f8nnsomme arbeidsplasser. Les mer om hvordan vi skal <a href=\"https:\/\/hoyre.no\/politikk\/temaer\/arbeid-og-sosial\/skape-flere-jobber\/\">skape flere nye jobber.<\/a><\/li><li>Kutte un\u00f8dvendig byr\u00e5krati og gj\u00f8re din hverdag enklere. Les mer om hvordan vi vil <a href=\"https:\/\/hoyre.no\/politikk\/temaer\/kommune-og-forvaltning\/modernisering-av-offentlig-sektor\/\">forenkle, fornye og forbedre.<\/a><\/li><li>La elevene l\u00e6re mer, blant annet ved \u00e5 gj\u00f8re l\u00e6rerutdanningen enda bedre. Les mer om hvordan vi vil<a href=\"https:\/\/hoyre.no\/politikk\/temaer\/skole-og-forskning\/\">l\u00f8fte norsk skole videre.<\/a><\/li><li>Gi flere elever muligheten til \u00e5 lykkes p\u00e5 skolen gjennom \u00e5 satse mer p\u00e5 tidlig innsats i de f\u00f8rste skole\u00e5rene. Les mer om <a href=\"https:\/\/hoyre.no\/politikk\/temaer\/skole-og-forskning\/tidlig-innsats\/\">tidlig innsats i skole og barnehage.<\/a><\/li><li>Sikre raskere og bedre behandling, og gi enda flere pasienter rett til fritt behandlingsvalg. Les mer om <a href=\"https:\/\/hoyre.no\/politikk\/temaer\/helse\/\">pasientens helsetjeneste og fritt behandlingsvalg.<\/a><\/li><li>Gi mer til de som trenger det mest &#8211; styrke det sosiale sikkerhetsnettet. Les mer om hvordan <a href=\"https:\/\/hoyre.no\/politikk\/temaer\/arbeid-og-sosial\/\">vi skaper muligheter for alle.<\/a><\/li><li>Styrke lokaldemokratiet og sikre gode tjenester til innbyggerne. Vi skal fullf\u00f8re kommunereformen. <a href=\"https:\/\/hoyre.no\/politikk\/temaer\/kommune-og-forvaltning\/kommunereform\/\">Les mer om kommunereformen her.<\/a><\/li><li>Gi togpassasjerene et best mulig tilbud &#8211; vi vil innf\u00f8re konkurranse p\u00e5 norske skinner. Les mer om hvordan <a href=\"https:\/\/hoyre.no\/politikk\/temaer\/samferdsel\/\">vi styrker fremtiden til norsk jernbane<\/a> her.<\/li><li>S\u00f8rge for raskere og mer helhetlig utbygging av de viktigste veiene i Norge. Les mer om hvordan <a href=\"https:\/\/hoyre.no\/politikk\/temaer\/samferdsel\/vei\/\">vi bygger mer vei raskere.<\/a><\/li><li>Fornye og forsterke v\u00e5r forsvarsevne gjennom en historisk satsing p\u00e5 Forsvaret. Les mer om hvordan<a href=\"https:\/\/hoyre.no\/politikk\/temaer\/utenriks-og-forsvar\/langtidsplan-for-forsvaret\/\">vi styrker den norske forsvarsevnen med langtidsplanen for Forsvaret.<\/a><\/li><\/ol><p>Det er mange flere gode grunner til \u00e5 stemme H\u00f8yre. I programmet v\u00e5rt finner du helt sikkert flere av dine hjertesaker. En full oversikt over hva H\u00f8yre g\u00e5r til valg p\u00e5 denne h\u00f8sten finner du i <a href=\"https:\/\/hoyre.no\/politikk\/program\/\">H\u00f8yres partiprogram<\/a>.  <\/p><h3>Dette har vi allerede gjort for \u00e5 bedre din hverdag:  <\/h3><p>Flere arbeidsplasser:<\/p><ul><li><a href=\"https:\/\/hoyre.no\/politikk\/temaer\/arbeid-og-sosial\/trygge-arbeidsplasser\/\">9 mrd. kroner til m\u00e5lrettede tiltak mot arbeidsledighet s\u00e6rlig p\u00e5 S\u00f8r- og Vestlandet.<\/a><\/li><li><a href=\"https:\/\/hoyre.no\/politikk\/temaer\/skole-og-forskning\/forskning\/\">3 mrd. kroner mer til n\u00e6ringsrettet forskning og innovasjon.<\/a><\/li><li><a href=\"https:\/\/hoyre.no\/aktuelt\/nyheter\/2017\/hoyre-vil-ruste-norge-for-fremtiden\/\">Redusert skatte- og avgiftsniv\u00e5 med 21 mrd. kroner.<\/a><\/li><\/ul><p>Raskere og bedre behandling i helsetjenesten:<\/p><ul><li><a href=\"https:\/\/hoyre.no\/aktuelt\/nyheter\/2017\/pasientens-helsetjeneste-kortere-ventetid\/\">S\u00e5 langt er helsek\u00f8ene redusert med 80.000 personer.<\/a><\/li><li><a href=\"https:\/\/hoyre.no\/aktuelt\/nyheter\/2017\/ruspasienter-faar-behandling-en-maaned-tidligere\/\">Redusert ventetid for ruspasienter med 31 dager.<\/a><\/li><li><a href=\"https:\/\/hoyre.no\/aktuelt\/nyheter\/2017\/gode-resultater-med-pakkeforlop-for-kreft\/\">Raskere diagnose, bedre behandling og forutsigbarhet for kreftpasienter med pakkeforl\u00f8p.<\/a><\/li><li><a href=\"https:\/\/hoyre.no\/aktuelt\/nyheter\/2017\/vitrorpanorge\/\">Styrket innsats mot rus og psykiske lidelser med 2,4 mrd. kroner frem mot 2020.<\/a><\/li><\/ul><p>Flere skal l\u00e6re mer og f\u00e6rre skal falle fra i skolen:<\/p><ul><li><a href=\"https:\/\/hoyre.no\/aktuelt\/nyheter\/2017\/gode-laerere-er-viktigere-enn-mange-laerere\/\">Tredoblet antall l\u00e6rere som f\u00e5r videreutdanning<\/a>.<\/li><li><a href=\"https:\/\/hoyre.no\/politikk\/temaer\/skole-og-forskning\/yrkesfag-og-laerlinger\/\">\u00d8kt l\u00e6rlingetilskuddet med 20.000 kroner.<\/a><\/li><li><a href=\"https:\/\/hoyre.no\/aktuelt\/nyheter\/2017\/flere-elever-fullforer-videregaende-skole\/\">Tydeligere forventninger til elevene, blant annet med frav\u00e6rsgrense.<\/a><\/li><\/ul><p>Raskere frem og trygt hjem:<\/p><ul><li><a href=\"https:\/\/hoyre.no\/aktuelt\/nyheter\/2017\/distriktspolitikk-og-gode-tider-i-distriktene-og-farmen\/\">\u00d8kt samferdselsbudsjettet med mer enn 50%.<\/a><\/li><li><a href=\"https:\/\/hoyre.no\/aktuelt\/nyheter\/2017\/nasjonal-transportplan-ntp-er-en-historisk-satsing-pa-vei-tog-buss-by-og-distrikt\/\">Stoppet flere ti\u00e5rs forfall p\u00e5 riksveiene og jernbanen.<\/a><\/li><\/ul><p>Statsminister Erna Solberg leder en regjering som leverer. Du kan lese mer i en oppdatert <a href=\"https:\/\/hoyre.no\/politikk\/hoyre-i-regjering\/\">oversikt over hva regjeringen leverer<\/a> her. En stemme til H\u00f8yre er en stemme til fire nye \u00e5r med Erna Solberg som statsminister. <\/p><p>Enkelte partier angriper regjeringens politikk. Hvis du trenger svar p\u00e5 slike angrep, finner du eksempler p\u00e5 v\u00e5re svar til b\u00e5de <a href=\"https:\/\/hoyre.no\/aktuelt\/nyheter\/2017\/arbeiderpartiet-sprer-usanne-pastander-i-facebook-video\/\">Arbeiderpartiet<\/a> og <a href=\"https:\/\/hoyre.no\/aktuelt\/nyheter\/2017\/tips-for-sterkere-distrikts-norge-i-ditt-distrikt\/\">Senterpartiet<\/a> her.<\/p><p>I \u00e5r kan du n\u00e5 avgi din stemme tidligere enn f\u00f8r. <a href=\"https:\/\/valg.no\/valgene\/stortingsvalget-2017\/forhandstemme\/visste-du-at-du-kan-stemme-fra-og-med-1.-juli\/\">Les mer om det p\u00e5 valg.no.<\/a> Du kan n\u00e5 forh\u00e5ndsstemme lokalt der du bor. <\/p><h3>Bli med i Team Erna!<\/h3><p>Vil du ha fire nye \u00e5r med Erna Solberg som statsminister? Da kan du ogs\u00e5 <a href=\"https:\/\/hoyre.no\/blimedlem\/\">bli medlem i H\u00f8yre<\/a>, eller bli med i <a href=\"https:\/\/hoyre.mobilise.no\/www2\/Forms\/ClerkForm\/Clerk.aspx?arr=9080651&#038;&#038;lang=NO\">Team Erna<\/a> her.<\/p><p><br \/><\/p><\/div>\n<div class=\"tags\">\n\t<\/div>\n<div class=\"post-footer alignfull has-background block-editor-block-list__block\" data-align=full>\n\t<div class=\"post-footer-inner\">\n\t\t<h3>Relaterte artikler<\/h3>\n\t\t<div class=\"related-content\"><div class=\"is-card-hoyre\">\n\t<div class=\"teft-card hoyre-teft-card post-teft-card\">\n\t\t<a href=\"https:\/\/hoyre.no\/baerum\/aktuelt\/nominasjon-i-baerum-hoyre-3\/\" class=\"teft-card__primary-action\">\n\n\t\t\t\t\t<div class=\"teft-card__media teft-card__media--16-9\">\n\t\t\t\t\t\t<img loading=\"lazy\" decoding=\"async\" width=\"768\" height=\"512\" src=\"https:\/\/hoyre.no\/content\/uploads\/sites\/200\/2025\/11\/Trine-Lise-Foto-CF-Wesenberg-red-768x512.jpg\" class=\"attachment-medium_large size-medium_large\" alt=\"\" srcset=\"https:\/\/hoyre.no\/content\/uploads\/sites\/200\/2025\/11\/Trine-Lise-Foto-CF-Wesenberg-red-768x512.jpg 768w, https:\/\/hoyre.no\/content\/uploads\/sites\/200\/2025\/11\/Trine-Lise-Foto-CF-Wesenberg-red-300x200.jpg 300w, https:\/\/hoyre.no\/content\/uploads\/sites\/200\/2025\/11\/Trine-Lise-Foto-CF-Wesenberg-red-1024x683.jpg 1024w, https:\/\/hoyre.no\/content\/uploads\/sites\/200\/2025\/11\/Trine-Lise-Foto-CF-Wesenberg-red.jpg 1200w\" sizes=\"auto, (max-width: 768px) 100vw, 768px\" \/>\t\t<\/div>\n\t\t\n\t\t\t<div class=\"teft-card__content-wrapper\">\n\t\t\t\t<div class=\"teft-card__secondary\">\n\t\t\t\t\t\n\t\t\t\t\t\t\t\t<div class=\"teft-card__meta\">\n\t\t\t\t\t\t\t\t\t<span class=\"post-date\">9. apr 2026<\/span>\n\n\t\t\t\t\t\t\t\t\t<span class=\"post-category\">Nyheter<\/span>\t\t\t\t\t\t\t\t<\/div>\n\t\t\t\t\t\t\t\t\t\t\t<\/div>\n\n\t\t\t\t<div class=\"teft-card__primary\">\n\t\t\t\t\t<h2 class=\"teft-card__title\">Nominasjon i B\u00e6rum H\u00f8yre&nbsp;<span class=\"teft-card__primary-title-append\"><\/span><\/h2>\t\t\t\t<\/div>\n\t\t\t<\/div>\n\t\t<\/a>\n\t<\/div>\n\n\t<\/div><div class=\"is-card-hoyre\">\n\t<div class=\"teft-card hoyre-teft-card post-teft-card\">\n\t\t<a href=\"https:\/\/hoyre.no\/baerum\/aktuelt\/dagtilbudet-skal-vaere-trygt-godt-og-meningsfullt\/\" class=\"teft-card__primary-action\">\n\n\t\t\t\t\t<div class=\"teft-card__media teft-card__media--16-9\">\n\t\t\t\t\t\t<img loading=\"lazy\" decoding=\"async\" width=\"768\" height=\"511\" src=\"https:\/\/hoyre.no\/content\/uploads\/sites\/200\/2025\/12\/Wenche-Steen-og-Haakon-Sandven-768x511.jpg\" class=\"attachment-medium_large size-medium_large\" alt=\"\" srcset=\"https:\/\/hoyre.no\/content\/uploads\/sites\/200\/2025\/12\/Wenche-Steen-og-Haakon-Sandven-768x511.jpg 768w, https:\/\/hoyre.no\/content\/uploads\/sites\/200\/2025\/12\/Wenche-Steen-og-Haakon-Sandven-300x200.jpg 300w, https:\/\/hoyre.no\/content\/uploads\/sites\/200\/2025\/12\/Wenche-Steen-og-Haakon-Sandven.jpg 944w\" sizes=\"auto, (max-width: 768px) 100vw, 768px\" \/>\t\t<\/div>\n\t\t\n\t\t\t<div class=\"teft-card__content-wrapper\">\n\t\t\t\t<div class=\"teft-card__secondary\">\n\t\t\t\t\t\n\t\t\t\t\t\t\t\t<div class=\"teft-card__meta\">\n\t\t\t\t\t\t\t\t\t<span class=\"post-date\">25. apr 2026<\/span>\n\n\t\t\t\t\t\t\t\t\t<span class=\"post-category\">Nyheter<\/span>\t\t\t\t\t\t\t\t<\/div>\n\t\t\t\t\t\t\t\t\t\t\t<\/div>\n\n\t\t\t\t<div class=\"teft-card__primary\">\n\t\t\t\t\t<h2 class=\"teft-card__title\">Dagtilbudet skal v\u00e6re trygt, godt og meningsfullt&nbsp;<span class=\"teft-card__primary-title-append\"><\/span><\/h2>\t\t\t\t<\/div>\n\t\t\t<\/div>\n\t\t<\/a>\n\t<\/div>\n\n\t<\/div><div class=\"is-card-hoyre\">\n\t<div class=\"teft-card hoyre-teft-card post-teft-card\">\n\t\t<a href=\"https:\/\/hoyre.no\/baerum\/aktuelt\/mer-idrettsglede-til-barn-og-unge\/\" class=\"teft-card__primary-action\">\n\n\t\t\t\t\t<div class=\"teft-card__media teft-card__media--16-9\">\n\t\t\t\t\t\t<img loading=\"lazy\" decoding=\"async\" width=\"768\" height=\"1024\" src=\"https:\/\/hoyre.no\/content\/uploads\/sites\/200\/2026\/04\/Trine-Lise-Ostlund-Blime-idrett-privat-768x1024.jpg\" class=\"attachment-medium_large size-medium_large\" alt=\"\" srcset=\"https:\/\/hoyre.no\/content\/uploads\/sites\/200\/2026\/04\/Trine-Lise-Ostlund-Blime-idrett-privat-768x1024.jpg 768w, https:\/\/hoyre.no\/content\/uploads\/sites\/200\/2026\/04\/Trine-Lise-Ostlund-Blime-idrett-privat-225x300.jpg 225w, https:\/\/hoyre.no\/content\/uploads\/sites\/200\/2026\/04\/Trine-Lise-Ostlund-Blime-idrett-privat.jpg 900w\" sizes=\"auto, (max-width: 768px) 100vw, 768px\" \/>\t\t<\/div>\n\t\t\n\t\t\t<div class=\"teft-card__content-wrapper\">\n\t\t\t\t<div class=\"teft-card__secondary\">\n\t\t\t\t\t\n\t\t\t\t\t\t\t\t<div class=\"teft-card__meta\">\n\t\t\t\t\t\t\t\t\t<span class=\"post-date\">20. apr 2026<\/span>\n\n\t\t\t\t\t\t\t\t\t<span class=\"post-category\">Nyheter<\/span>\t\t\t\t\t\t\t\t<\/div>\n\t\t\t\t\t\t\t\t\t\t\t<\/div>\n\n\t\t\t\t<div class=\"teft-card__primary\">\n\t\t\t\t\t<h2 class=\"teft-card__title\">Mer idrettsglede til barn og unge&nbsp;<span class=\"teft-card__primary-title-append\"><\/span><\/h2>\t\t\t\t<\/div>\n\t\t\t<\/div>\n\t\t<\/a>\n\t<\/div>\n\n\t<\/div><\/div>\t<\/div>\n<\/div>\n","protected":false},"excerpt":{"rendered":"","protected":false},"author":0,"featured_media":0,"comment_status":"closed","ping_status":"closed","sticky":false,"template":"","format":"standard","meta":{"teft_cards_image_url":"https:\/\/hoyre.no\/content\/uploads\/sites\/200\/2020\/11\/team-erna1-1.jpg","teft_cards_custom_pretitle":"","teft_cards_image_id":872,"teft_cards_image_focal_point_x":0,"teft_cards_image_focal_point_y":0,"teft_cards_title":"","teft_cards_excerpt":"","teft_show_chapters":false,"author_display_name":"Lars Berge","footnotes":""},"category":[1],"post_tag":[],"hoyre-visibility":[],"article-type":[],"politician":[],"class_list":["post-873","post","type-post","status-publish","format-standard","hentry","category-ukategorisert"],"yoast_head":"<!-- This site is optimized with the Yoast SEO plugin v26.6 - https:\/\/yoast.com\/wordpress\/plugins\/seo\/ -->\n<title>Ti grunner til \u00e5 stemme H\u00f8yre - B\u00e6rum H\u00f8yre<\/title>\n<meta name=\"robots\" content=\"index, follow, max-snippet:-1, max-image-preview:large, max-video-preview:-1\" \/>\n<link rel=\"canonical\" href=\"https:\/\/hoyre.no\/baerum\/aktuelt\/ti-grunner-til-a-ste\/\" \/>\n<meta property=\"og:locale\" content=\"nb_NO\" \/>\n<meta property=\"og:type\" content=\"article\" \/>\n<meta property=\"og:title\" content=\"Ti grunner til \u00e5 stemme H\u00f8yre - B\u00e6rum H\u00f8yre\" \/>\n<meta property=\"og:url\" content=\"https:\/\/hoyre.no\/baerum\/aktuelt\/ti-grunner-til-a-ste\/\" \/>\n<meta property=\"og:site_name\" content=\"B\u00e6rum H\u00f8yre\" \/>\n<meta property=\"article:published_time\" content=\"2017-08-08T20:00:00+00:00\" \/>\n<meta property=\"og:image\" content=\"https:\/\/hoyre.no\/content\/uploads\/sites\/200\/2026\/04\/Trine-Lise-Ostlund-Blime-priv-red.jpg\" \/>\n<meta name=\"twitter:card\" content=\"summary_large_image\" \/>\n<meta name=\"twitter:label1\" content=\"Ansl. lesetid\" \/>\n\t<meta name=\"twitter:data1\" content=\"3 minutter\" \/>\n<script type=\"application\/ld+json\" class=\"yoast-schema-graph\">{\"@context\":\"https:\/\/schema.org\",\"@graph\":[{\"@type\":\"NewsArticle\",\"@id\":\"https:\/\/hoyre.no\/baerum\/aktuelt\/ti-grunner-til-a-ste\/\",\"url\":\"https:\/\/hoyre.no\/baerum\/aktuelt\/ti-grunner-til-a-ste\/\",\"name\":\"Ti grunner til \u00e5 stemme H\u00f8yre - B\u00e6rum H\u00f8yre\",\"isPartOf\":{\"@id\":\"https:\/\/hoyre.no\/baerum\/#website\"},\"datePublished\":\"2017-08-08T20:00:00+00:00\",\"author\":{\"@id\":\"\"},\"breadcrumb\":{\"@id\":\"https:\/\/hoyre.no\/baerum\/aktuelt\/ti-grunner-til-a-ste\/#breadcrumb\"},\"inLanguage\":\"nb-NO\",\"potentialAction\":[{\"@type\":\"ReadAction\",\"target\":[\"https:\/\/hoyre.no\/baerum\/aktuelt\/ti-grunner-til-a-ste\/\"]}]},{\"@type\":\"BreadcrumbList\",\"@id\":\"https:\/\/hoyre.no\/baerum\/aktuelt\/ti-grunner-til-a-ste\/#breadcrumb\",\"itemListElement\":[{\"@type\":\"ListItem\",\"position\":1,\"name\":\"Til hoyre.no\",\"item\":\"https:\/\/hoyre.no\"},{\"@type\":\"ListItem\",\"position\":2,\"name\":\"Hjem\",\"item\":\"https:\/\/hoyre.no\/baerum\/\"},{\"@type\":\"ListItem\",\"position\":3,\"name\":\"Ti grunner til \u00e5 stemme H\u00f8yre\"}]},{\"@type\":\"WebSite\",\"@id\":\"https:\/\/hoyre.no\/baerum\/#website\",\"url\":\"https:\/\/hoyre.no\/baerum\/\",\"name\":\"B\u00e6rum H\u00f8yre\",\"description\":\"Bare enda et H\u00f8yres nettsteder-nettsted\",\"inLanguage\":\"nb-NO\"}]}<\/script>\n<!-- \/ Yoast SEO plugin. -->","yoast_head_json":{"title":"Ti grunner til \u00e5 stemme H\u00f8yre - B\u00e6rum H\u00f8yre","robots":{"index":"index","follow":"follow","max-snippet":"max-snippet:-1","max-image-preview":"max-image-preview:large","max-video-preview":"max-video-preview:-1"},"canonical":"https:\/\/hoyre.no\/baerum\/aktuelt\/ti-grunner-til-a-ste\/","og_locale":"nb_NO","og_type":"article","og_title":"Ti grunner til \u00e5 stemme H\u00f8yre - B\u00e6rum H\u00f8yre","og_url":"https:\/\/hoyre.no\/baerum\/aktuelt\/ti-grunner-til-a-ste\/","og_site_name":"B\u00e6rum H\u00f8yre","article_published_time":"2017-08-08T20:00:00+00:00","og_image":[{"url":"https:\/\/hoyre.no\/content\/uploads\/sites\/200\/2026\/04\/Trine-Lise-Ostlund-Blime-priv-red.jpg","width":"","height":"","type":""}],"twitter_card":"summary_large_image","twitter_misc":{"Ansl. lesetid":"3 minutter"},"schema":{"@context":"https:\/\/schema.org","@graph":[{"@type":"NewsArticle","@id":"https:\/\/hoyre.no\/baerum\/aktuelt\/ti-grunner-til-a-ste\/","url":"https:\/\/hoyre.no\/baerum\/aktuelt\/ti-grunner-til-a-ste\/","name":"Ti grunner til \u00e5 stemme H\u00f8yre - B\u00e6rum H\u00f8yre","isPartOf":{"@id":"https:\/\/hoyre.no\/baerum\/#website"},"datePublished":"2017-08-08T20:00:00+00:00","author":{"@id":""},"breadcrumb":{"@id":"https:\/\/hoyre.no\/baerum\/aktuelt\/ti-grunner-til-a-ste\/#breadcrumb"},"inLanguage":"nb-NO","potentialAction":[{"@type":"ReadAction","target":["https:\/\/hoyre.no\/baerum\/aktuelt\/ti-grunner-til-a-ste\/"]}]},{"@type":"BreadcrumbList","@id":"https:\/\/hoyre.no\/baerum\/aktuelt\/ti-grunner-til-a-ste\/#breadcrumb","itemListElement":[{"@type":"ListItem","position":1,"name":"Til hoyre.no","item":"https:\/\/hoyre.no"},{"@type":"ListItem","position":2,"name":"Hjem","item":"https:\/\/hoyre.no\/baerum\/"},{"@type":"ListItem","position":3,"name":"Ti grunner til \u00e5 stemme H\u00f8yre"}]},{"@type":"WebSite","@id":"https:\/\/hoyre.no\/baerum\/#website","url":"https:\/\/hoyre.no\/baerum\/","name":"B\u00e6rum H\u00f8yre","description":"Bare enda et H\u00f8yres nettsteder-nettsted","inLanguage":"nb-NO"}]}},"distributor_meta":false,"distributor_terms":false,"distributor_media":false,"distributor_original_site_name":"B\u00e6rum H\u00f8yre","distributor_original_site_url":"https:\/\/hoyre.no\/baerum","push-errors":false,"_links":{"self":[{"href":"https:\/\/hoyre.no\/baerum\/wp-json\/wp\/v2\/posts\/873","targetHints":{"allow":["GET"]}}],"collection":[{"href":"https:\/\/hoyre.no\/baerum\/wp-json\/wp\/v2\/posts"}],"about":[{"href":"https:\/\/hoyre.no\/baerum\/wp-json\/wp\/v2\/types\/post"}],"replies":[{"embeddable":true,"href":"https:\/\/hoyre.no\/baerum\/wp-json\/wp\/v2\/comments?post=873"}],"version-history":[{"count":0,"href":"https:\/\/hoyre.no\/baerum\/wp-json\/wp\/v2\/posts\/873\/revisions"}],"wp:attachment":[{"href":"https:\/\/hoyre.no\/baerum\/wp-json\/wp\/v2\/media?parent=873"}],"wp:term":[{"taxonomy":"category","embeddable":true,"href":"https:\/\/hoyre.no\/baerum\/wp-json\/wp\/v2\/category?post=873"},{"taxonomy":"post_tag","embeddable":true,"href":"https:\/\/hoyre.no\/baerum\/wp-json\/wp\/v2\/post_tag?post=873"},{"taxonomy":"hoyre-visibility","embeddable":true,"href":"https:\/\/hoyre.no\/baerum\/wp-json\/wp\/v2\/hoyre-visibility?post=873"},{"taxonomy":"article-type","embeddable":true,"href":"https:\/\/hoyre.no\/baerum\/wp-json\/wp\/v2\/article-type?post=873"},{"taxonomy":"politician","embeddable":true,"href":"https:\/\/hoyre.no\/baerum\/wp-json\/wp\/v2\/politician?post=873"}],"curies":[{"name":"wp","href":"https:\/\/api.w.org\/{rel}","templated":true}]}}