{"id":17,"date":"2016-10-05T22:00:00","date_gmt":"2016-10-05T20:00:00","guid":{"rendered":"https:\/\/hoyre.no\/bamble\/aktuelt\/budsjettmidler-til-v\/"},"modified":"2016-10-05T22:00:00","modified_gmt":"2016-10-05T20:00:00","slug":"budsjettmidler-til-v","status":"publish","type":"post","link":"https:\/\/hoyre.no\/bamble\/aktuelt\/budsjettmidler-til-v\/","title":{"rendered":"Budsjettmidler til vei, bane og kanal."},"content":{"rendered":"<p class=\"preamble\">I Regjeringens forslag til statsbudsjett for 2017 er det satt av midler til flere gode saker i Telemark, sier Stortingsrepresentant Solveig Sundb\u00f8 Abrahamsen.<\/p>\t\t\t<div class=\"post-meta wp-block teft-byline-wrapper\">\n\t\t\t\t<div class=\"top\">\n\t\t\t\t\t<div class=\"signature\">\n\t\t\t\t\t\t<div class=\"teft-byline\">\n\t\t\t\t\t\t\t\t\t\t\t\t\t\t<div>\n\t\t\t\t\t\t\t\t<h3>H\u00f8yres redaksjon<\/h3>\t\t\t\t\t\t\t\t\n\t\t\t\t\t\t\t\t\t\t\t\t\t\t\t\t\t<span class=\"date\">Sist oppdatert: 5. oktober 2016<\/span>\n\t\t\t\t\t\t\t\t\t\t\t\t\t\t\t\t\t\t\t\t\t\t\t\t\t<span class=\"reading-time\" itemprop=\"timeRequired\" content=\"PT2M\"><em>Ca. 2 minutter lesetid<\/em><\/span>\n\t\t\t\t\t\t\t\t\t\t\t\t\t\t\t<\/div>\n\t\t\t\t\t\t<\/div>\n\t\t\t\t\t<\/div>\n\t\t\t\t\t\t<div class=\"sharing\">\n\t\t<a class=\"share-button share-link copy-link\" data-copy=\"https:\/\/hoyre.no\/bamble\/aktuelt\/budsjettmidler-til-v\/\" target=\"_blank\"><span class=\"screen-reader-text\">Del link<\/span><\/a>\n\t\t<a class=\"share-button share-twitter\" href=\"http:\/\/twitter.com\/share?text=Budsjettmidler til vei, bane og kanal.&#038;url=https:\/\/hoyre.no\/bamble\/aktuelt\/budsjettmidler-til-v\/&#038;hashtags=Hoyre\" target=\"_blank\"><span class=\"screen-reader-text\">Del p\u00e5 twitter<\/span><\/a>\n\t\t<a class=\"share-button share-facebook\" href=\"https:\/\/www.facebook.com\/sharer\/sharer.php?u=https:\/\/hoyre.no\/bamble\/aktuelt\/budsjettmidler-til-v\/\" target=\"_blank\"><span class=\"screen-reader-text\">Del p\u00e5 facebook<\/span><\/a>\n\t<\/div>\n\t\t\t\t\t<\/div>\n\t\t\t<\/div>\n\n\t\t\t<figure class=\"hoyre-image-wrapper\"><div class=\"hoyre-image\"><img loading=\"lazy\" decoding=\"async\" width=\"2548\" height=\"2560\" src=\"https:\/\/hoyre.no\/content\/uploads\/sites\/374\/2020\/11\/image-scaled.jpg\" class=\"attachment-scaled size-scaled\" alt=\"\" style=\"object-position: 50% 50%\" srcset=\"https:\/\/hoyre.no\/content\/uploads\/sites\/374\/2020\/11\/image-scaled.jpg 2548w, https:\/\/hoyre.no\/content\/uploads\/sites\/374\/2020\/11\/image-300x300.jpg 300w, https:\/\/hoyre.no\/content\/uploads\/sites\/374\/2020\/11\/image-1019x1024.jpg 1019w, https:\/\/hoyre.no\/content\/uploads\/sites\/374\/2020\/11\/image-150x150.jpg 150w, https:\/\/hoyre.no\/content\/uploads\/sites\/374\/2020\/11\/image-768x772.jpg 768w, https:\/\/hoyre.no\/content\/uploads\/sites\/374\/2020\/11\/image-1529x1536.jpg 1529w, https:\/\/hoyre.no\/content\/uploads\/sites\/374\/2020\/11\/image-2038x2048.jpg 2038w\" sizes=\"auto, (max-width: 2548px) 100vw, 2548px\" \/><\/div><\/figure><div id=\"hoyre-old-article-content-wrapper\"><div><strong>Veiene blir rustet opp<\/strong><br \/><\/div><div>Abrahamsen sier det foresl\u00e5s i budsjettet at det skal settes av statlige midler til \u00e5 videref\u00f8re utbedringen av E134-strekninger, Seljord og \u00c5mot, Seljord, Kviteseid, Tokke og Vinje.  Utbyggingen av strekningen Gvammen-\u00c5rhus, blant annet med ny \u00d8revellabru f\u00e5r 340 millioner i statlige midler. Det er bra, sier Abrahamsen. <br \/><\/div><div><br \/><\/div><div>Regjeringen foresl\u00e5r ogs\u00e5 at det settes av 200 millioner for 2017 til prosjektet riksvei 36 Skyggestein &#8211; Skjelbredstrand i Skien, sier hun.<\/div><div><br \/><\/div><div><strong>Nytt parkeringsanlegg for Tog i Skien<\/strong><\/div><div>Abrahamsen forteller videre at Regjeringen setter av 100 millioner til \u00e5 bygge nytt parkeringsanlegg for tog i Skien. Anlegget legger til rette for at flere tog kan settes inn p\u00e5 InterCity-strekningen mellom Skien og Lillehammer. Anlegget skal st\u00e5 ferdig i 2018.<\/div><div><br \/><\/div><div><strong>4 millioner til Telemarkskanalen<\/strong><\/div><div>Telemarkskanalen er Telemark, og det er viktig for kanalens fremtid at det kommer midler over statsbudsjettet, sier Abrahamsen. <br \/><\/div><div><br \/><\/div><div>I regjeringens framlegg til budsjett er det satt av fire millioner til vedlikehold av kanalen. Dette er kroner og \u00f8re som kommer godt med for at Telemark fortsatt skal ha en vannvei i Telemarksvassdraget, sier Abrahamsen.<\/div><div><br \/><\/div><div>Telemark har f\u00e5tt midler fra andre poster p\u00e5 budsjett ogs\u00e5 kan Abrahamsen fortelle.<\/div><div><br \/><\/div><div>&#8211; Vest-Telemark museum f\u00e5r \u00f8kt sitt tilskudd til 6,8 mill kr.<\/div><div><br \/><\/div><div>&#8211; Midler til sluttf\u00f8ring av utbedring av H\u00f8genheitunnelen i Bamble<\/div><div><br \/><\/div><div>&#8211; Tilskudd til ikke-statlige lufthavner. Notodden lufthavn er omfattet av   tilskuddsordningen<\/div><div><br \/><\/div><div>&#8211; Bel\u00f8nningsordninger for bedre kollektivtransport i byomr\u00e5dene<\/div><div><br \/><\/div><div>&#8211; Farledstiltak &#8211; &laquo;Innseiling Grenland&raquo;<\/div><div><br \/><\/div><div>&#8211; Videref\u00f8ring av flomsikring av Tokke\u00e5i gjennom Dalen i Tokke<\/div><div><br \/><\/div><div>&#8211; Telemark fylkeskommune er foresl\u00e5tt tildelt 42 millioner kroner til regional utvikling.<\/div><div><br \/><\/div><div>&#8211; Det foresl\u00e5s \u00e5 bevilge 11,7 mill kr til kommunene i Telemark til tidlig innsats for \u00e5 s\u00f8rge for at barna v\u00e5re l\u00e6rer mer p\u00e5 skolen.<\/div><div><br \/><\/div><div>Selv om jeg kunne \u00f8nske meg flere gode tiltak for Telemark inn p\u00e5 neste \u00e5rs budsjett, er jeg alt i alt tilfreds med budsjettforslaget, sier Abrahamsen.<\/div><div><br \/><\/div><div>Min oppgave videre blir fortsatt \u00e5 arbeide for at Telemark skal komme godt ut av fremtidens budsjetter, bekrefter stortingsrepresentanten.<\/div><div><br \/><\/div><div><br \/><\/div><p><br \/><\/p><\/div>\n<div class=\"tags\">\n\t<\/div>\n<div class=\"post-footer alignfull has-background block-editor-block-list__block\" data-align=full>\n\t<div class=\"post-footer-inner\">\n\t\t<h3>Relaterte artikler<\/h3>\n\t\t<div class=\"related-content\"><div class=\"is-card-hoyre\">\n\t<div class=\"teft-card hoyre-teft-card post-teft-card\">\n\t\t<a href=\"https:\/\/hoyre.no\/bamble\/aktuelt\/bamble-hoyres-valgprogram-2023\/\" class=\"teft-card__primary-action\">\n\n\t\t\t<div class=\"teft-card__media teft-card__media--16-9 no-image\"><\/div>\n\t\t\t<div class=\"teft-card__content-wrapper\">\n\t\t\t\t<div class=\"teft-card__secondary\">\n\t\t\t\t\t\n\t\t\t\t\t\t\t\t<div class=\"teft-card__meta\">\n\t\t\t\t\t\t\t\t\t<span class=\"post-date\">20. jun 2023<\/span>\n\n\t\t\t\t\t\t\t\t\t\t\t\t\t\t\t\t\t<\/div>\n\t\t\t\t\t\t\t\t\t\t\t<\/div>\n\n\t\t\t\t<div class=\"teft-card__primary\">\n\t\t\t\t\t<h2 class=\"teft-card__title\">Bamble H\u00f8yres valgprogram 2023.&nbsp;<span class=\"teft-card__primary-title-append\"><\/span><\/h2>\t\t\t\t<\/div>\n\t\t\t<\/div>\n\t\t<\/a>\n\t<\/div>\n\n\t<\/div><div class=\"is-card-hoyre\">\n\t<div class=\"teft-card hoyre-teft-card post-teft-card\">\n\t\t<a href=\"https:\/\/hoyre.no\/bamble\/aktuelt\/kommunalt_helhetlig_ansvar_og_tidlig_innsats_gir_resultater_i_barnevernet\/\" class=\"teft-card__primary-action\">\n\n\t\t\t\t\t<div class=\"teft-card__media teft-card__media--16-9\">\n\t\t\t\t\t\t<img loading=\"lazy\" decoding=\"async\" width=\"768\" height=\"432\" src=\"https:\/\/hoyre.no\/content\/uploads\/sites\/374\/2020\/11\/barn_16x9-768x432.jpg\" class=\"attachment-medium_large size-medium_large\" alt=\"\" srcset=\"https:\/\/hoyre.no\/content\/uploads\/sites\/374\/2020\/11\/barn_16x9-768x432.jpg 768w, https:\/\/hoyre.no\/content\/uploads\/sites\/374\/2020\/11\/barn_16x9-300x169.jpg 300w, https:\/\/hoyre.no\/content\/uploads\/sites\/374\/2020\/11\/barn_16x9-1024x576.jpg 1024w, https:\/\/hoyre.no\/content\/uploads\/sites\/374\/2020\/11\/barn_16x9-1536x864.jpg 1536w, https:\/\/hoyre.no\/content\/uploads\/sites\/374\/2020\/11\/barn_16x9-2048x1152.jpg 2048w\" sizes=\"auto, (max-width: 768px) 100vw, 768px\" \/>\t\t<\/div>\n\t\t\n\t\t\t<div class=\"teft-card__content-wrapper\">\n\t\t\t\t<div class=\"teft-card__secondary\">\n\t\t\t\t\t\n\t\t\t\t\t\t\t\t<div class=\"teft-card__meta\">\n\t\t\t\t\t\t\t\t\t<span class=\"post-date\">16. feb 2020<\/span>\n\n\t\t\t\t\t\t\t\t\t\t\t\t\t\t\t\t\t<\/div>\n\t\t\t\t\t\t\t\t\t\t\t<\/div>\n\n\t\t\t\t<div class=\"teft-card__primary\">\n\t\t\t\t\t<h2 class=\"teft-card__title\">Kommunalt helhetlig ansvar og tidlig innsats gir resultater i barnevernet&nbsp;<span class=\"teft-card__primary-title-append\"><\/span><\/h2>\t\t\t\t<\/div>\n\t\t\t<\/div>\n\t\t<\/a>\n\t<\/div>\n\n\t<\/div><div class=\"is-card-hoyre\">\n\t<div class=\"teft-card hoyre-teft-card post-teft-card\">\n\t\t<a href=\"https:\/\/hoyre.no\/bamble\/aktuelt\/bamble_hoyres_valgprogram_2019_2023\/\" class=\"teft-card__primary-action\">\n\n\t\t\t\t\t<div class=\"teft-card__media teft-card__media--16-9\">\n\t\t\t\t\t\t<img loading=\"lazy\" decoding=\"async\" width=\"768\" height=\"521\" src=\"https:\/\/hoyre.no\/content\/uploads\/sites\/374\/2020\/11\/bamblehoyre-768x521.jpg\" class=\"attachment-medium_large size-medium_large\" alt=\"\" srcset=\"https:\/\/hoyre.no\/content\/uploads\/sites\/374\/2020\/11\/bamblehoyre-768x521.jpg 768w, https:\/\/hoyre.no\/content\/uploads\/sites\/374\/2020\/11\/bamblehoyre-300x203.jpg 300w, https:\/\/hoyre.no\/content\/uploads\/sites\/374\/2020\/11\/bamblehoyre-1024x694.jpg 1024w, https:\/\/hoyre.no\/content\/uploads\/sites\/374\/2020\/11\/bamblehoyre.jpg 1279w\" sizes=\"auto, (max-width: 768px) 100vw, 768px\" \/>\t\t<\/div>\n\t\t\n\t\t\t<div class=\"teft-card__content-wrapper\">\n\t\t\t\t<div class=\"teft-card__secondary\">\n\t\t\t\t\t\n\t\t\t\t\t\t\t\t<div class=\"teft-card__meta\">\n\t\t\t\t\t\t\t\t\t<span class=\"post-date\">1. jul 2019<\/span>\n\n\t\t\t\t\t\t\t\t\t\t\t\t\t\t\t\t\t<\/div>\n\t\t\t\t\t\t\t\t\t\t\t<\/div>\n\n\t\t\t\t<div class=\"teft-card__primary\">\n\t\t\t\t\t<h2 class=\"teft-card__title\">Bamble H\u00f8yres valgprogram  2019-2023&nbsp;<span class=\"teft-card__primary-title-append\"><\/span><\/h2>\t\t\t\t<\/div>\n\t\t\t<\/div>\n\t\t<\/a>\n\t<\/div>\n\n\t<\/div><\/div>\t<\/div>\n<\/div>\n","protected":false},"excerpt":{"rendered":"","protected":false},"author":0,"featured_media":0,"comment_status":"closed","ping_status":"closed","sticky":false,"template":"","format":"standard","meta":{"teft_cards_image_url":"https:\/\/hoyre.no\/content\/uploads\/sites\/374\/2020\/11\/image-scaled.jpg","teft_cards_custom_pretitle":"","teft_cards_image_id":16,"teft_cards_image_focal_point_x":0,"teft_cards_image_focal_point_y":0,"teft_cards_title":"","teft_cards_excerpt":"","teft_show_chapters":false,"author_display_name":"Ole Espen Strand","footnotes":""},"category":[1],"post_tag":[],"hoyre-visibility":[],"article-type":[],"politician":[],"class_list":["post-17","post","type-post","status-publish","format-standard","hentry","category-ukategorisert"],"yoast_head":"<!-- This site is optimized with the Yoast SEO plugin v26.6 - https:\/\/yoast.com\/wordpress\/plugins\/seo\/ -->\n<title>Budsjettmidler til vei, bane og kanal. - Bamble H\u00f8yre<\/title>\n<meta name=\"robots\" content=\"index, follow, max-snippet:-1, max-image-preview:large, max-video-preview:-1\" \/>\n<link rel=\"canonical\" href=\"https:\/\/hoyre.no\/bamble\/aktuelt\/budsjettmidler-til-v\/\" \/>\n<meta property=\"og:locale\" content=\"nb_NO\" \/>\n<meta property=\"og:type\" content=\"article\" \/>\n<meta property=\"og:title\" content=\"Budsjettmidler til vei, bane og kanal. - Bamble H\u00f8yre\" \/>\n<meta property=\"og:url\" content=\"https:\/\/hoyre.no\/bamble\/aktuelt\/budsjettmidler-til-v\/\" \/>\n<meta property=\"og:site_name\" content=\"Bamble H\u00f8yre\" \/>\n<meta property=\"article:published_time\" content=\"2016-10-05T20:00:00+00:00\" \/>\n<meta property=\"og:image\" content=\"https:\/\/hoyre.no\/content\/uploads\/sites\/374\/2020\/11\/bamblehoyre-1024x694.jpg\" \/>\n<meta name=\"twitter:card\" content=\"summary_large_image\" \/>\n<meta name=\"twitter:label1\" content=\"Ansl. lesetid\" \/>\n\t<meta name=\"twitter:data1\" content=\"2 minutter\" \/>\n<script type=\"application\/ld+json\" class=\"yoast-schema-graph\">{\"@context\":\"https:\/\/schema.org\",\"@graph\":[{\"@type\":\"NewsArticle\",\"@id\":\"https:\/\/hoyre.no\/bamble\/aktuelt\/budsjettmidler-til-v\/\",\"url\":\"https:\/\/hoyre.no\/bamble\/aktuelt\/budsjettmidler-til-v\/\",\"name\":\"Budsjettmidler til vei, bane og kanal. - Bamble H\u00f8yre\",\"isPartOf\":{\"@id\":\"https:\/\/hoyre.no\/bamble\/#website\"},\"datePublished\":\"2016-10-05T20:00:00+00:00\",\"author\":{\"@id\":\"\"},\"breadcrumb\":{\"@id\":\"https:\/\/hoyre.no\/bamble\/aktuelt\/budsjettmidler-til-v\/#breadcrumb\"},\"inLanguage\":\"nb-NO\",\"potentialAction\":[{\"@type\":\"ReadAction\",\"target\":[\"https:\/\/hoyre.no\/bamble\/aktuelt\/budsjettmidler-til-v\/\"]}]},{\"@type\":\"BreadcrumbList\",\"@id\":\"https:\/\/hoyre.no\/bamble\/aktuelt\/budsjettmidler-til-v\/#breadcrumb\",\"itemListElement\":[{\"@type\":\"ListItem\",\"position\":1,\"name\":\"Til hoyre.no\",\"item\":\"https:\/\/hoyre.no\"},{\"@type\":\"ListItem\",\"position\":2,\"name\":\"Hjem\",\"item\":\"https:\/\/hoyre.no\/bamble\/\"},{\"@type\":\"ListItem\",\"position\":3,\"name\":\"Budsjettmidler til vei, bane og kanal.\"}]},{\"@type\":\"WebSite\",\"@id\":\"https:\/\/hoyre.no\/bamble\/#website\",\"url\":\"https:\/\/hoyre.no\/bamble\/\",\"name\":\"Bamble H\u00f8yre\",\"description\":\"Bare enda et H\u00f8yres nettsteder-nettsted\",\"inLanguage\":\"nb-NO\"}]}<\/script>\n<!-- \/ Yoast SEO plugin. -->","yoast_head_json":{"title":"Budsjettmidler til vei, bane og kanal. - Bamble H\u00f8yre","robots":{"index":"index","follow":"follow","max-snippet":"max-snippet:-1","max-image-preview":"max-image-preview:large","max-video-preview":"max-video-preview:-1"},"canonical":"https:\/\/hoyre.no\/bamble\/aktuelt\/budsjettmidler-til-v\/","og_locale":"nb_NO","og_type":"article","og_title":"Budsjettmidler til vei, bane og kanal. - Bamble H\u00f8yre","og_url":"https:\/\/hoyre.no\/bamble\/aktuelt\/budsjettmidler-til-v\/","og_site_name":"Bamble H\u00f8yre","article_published_time":"2016-10-05T20:00:00+00:00","og_image":[{"url":"https:\/\/hoyre.no\/content\/uploads\/sites\/374\/2020\/11\/bamblehoyre-1024x694.jpg","width":"","height":"","type":""}],"twitter_card":"summary_large_image","twitter_misc":{"Ansl. lesetid":"2 minutter"},"schema":{"@context":"https:\/\/schema.org","@graph":[{"@type":"NewsArticle","@id":"https:\/\/hoyre.no\/bamble\/aktuelt\/budsjettmidler-til-v\/","url":"https:\/\/hoyre.no\/bamble\/aktuelt\/budsjettmidler-til-v\/","name":"Budsjettmidler til vei, bane og kanal. - Bamble H\u00f8yre","isPartOf":{"@id":"https:\/\/hoyre.no\/bamble\/#website"},"datePublished":"2016-10-05T20:00:00+00:00","author":{"@id":""},"breadcrumb":{"@id":"https:\/\/hoyre.no\/bamble\/aktuelt\/budsjettmidler-til-v\/#breadcrumb"},"inLanguage":"nb-NO","potentialAction":[{"@type":"ReadAction","target":["https:\/\/hoyre.no\/bamble\/aktuelt\/budsjettmidler-til-v\/"]}]},{"@type":"BreadcrumbList","@id":"https:\/\/hoyre.no\/bamble\/aktuelt\/budsjettmidler-til-v\/#breadcrumb","itemListElement":[{"@type":"ListItem","position":1,"name":"Til hoyre.no","item":"https:\/\/hoyre.no"},{"@type":"ListItem","position":2,"name":"Hjem","item":"https:\/\/hoyre.no\/bamble\/"},{"@type":"ListItem","position":3,"name":"Budsjettmidler til vei, bane og kanal."}]},{"@type":"WebSite","@id":"https:\/\/hoyre.no\/bamble\/#website","url":"https:\/\/hoyre.no\/bamble\/","name":"Bamble H\u00f8yre","description":"Bare enda et H\u00f8yres nettsteder-nettsted","inLanguage":"nb-NO"}]}},"distributor_meta":false,"distributor_terms":false,"distributor_media":false,"distributor_original_site_name":"Bamble H\u00f8yre","distributor_original_site_url":"https:\/\/hoyre.no\/bamble","push-errors":false,"_links":{"self":[{"href":"https:\/\/hoyre.no\/bamble\/wp-json\/wp\/v2\/posts\/17","targetHints":{"allow":["GET"]}}],"collection":[{"href":"https:\/\/hoyre.no\/bamble\/wp-json\/wp\/v2\/posts"}],"about":[{"href":"https:\/\/hoyre.no\/bamble\/wp-json\/wp\/v2\/types\/post"}],"replies":[{"embeddable":true,"href":"https:\/\/hoyre.no\/bamble\/wp-json\/wp\/v2\/comments?post=17"}],"version-history":[{"count":0,"href":"https:\/\/hoyre.no\/bamble\/wp-json\/wp\/v2\/posts\/17\/revisions"}],"wp:attachment":[{"href":"https:\/\/hoyre.no\/bamble\/wp-json\/wp\/v2\/media?parent=17"}],"wp:term":[{"taxonomy":"category","embeddable":true,"href":"https:\/\/hoyre.no\/bamble\/wp-json\/wp\/v2\/category?post=17"},{"taxonomy":"post_tag","embeddable":true,"href":"https:\/\/hoyre.no\/bamble\/wp-json\/wp\/v2\/post_tag?post=17"},{"taxonomy":"hoyre-visibility","embeddable":true,"href":"https:\/\/hoyre.no\/bamble\/wp-json\/wp\/v2\/hoyre-visibility?post=17"},{"taxonomy":"article-type","embeddable":true,"href":"https:\/\/hoyre.no\/bamble\/wp-json\/wp\/v2\/article-type?post=17"},{"taxonomy":"politician","embeddable":true,"href":"https:\/\/hoyre.no\/bamble\/wp-json\/wp\/v2\/politician?post=17"}],"curies":[{"name":"wp","href":"https:\/\/api.w.org\/{rel}","templated":true}]}}