{"id":21,"date":"2020-02-16T23:00:00","date_gmt":"2020-02-16T22:00:00","guid":{"rendered":"https:\/\/hoyre.no\/bamble\/aktuelt\/kommunalt_helhetlig_ansvar_og_tidlig_innsats_gir_resultater_i_barnevernet\/"},"modified":"2020-02-16T23:00:00","modified_gmt":"2020-02-16T22:00:00","slug":"kommunalt_helhetlig_ansvar_og_tidlig_innsats_gir_resultater_i_barnevernet","status":"publish","type":"post","link":"https:\/\/hoyre.no\/bamble\/aktuelt\/kommunalt_helhetlig_ansvar_og_tidlig_innsats_gir_resultater_i_barnevernet\/","title":{"rendered":"Kommunalt helhetlig ansvar og tidlig innsats gir resultater i barnevernet"},"content":{"rendered":"<p class=\"preamble\">Siden 2016 har F\u00e6rder v\u00e6rt en av tre kommuner som pr\u00f8ver ut ny ansvarsdeling i barnevernet. Fors\u00f8ket g\u00e5r ut p\u00e5 \u00e5 drive hele barnevernet, og ta over oppgaver som i dag ligger under det statlige Bufetat.<\/p>\t\t\t<div class=\"post-meta wp-block teft-byline-wrapper\">\n\t\t\t\t<div class=\"top\">\n\t\t\t\t\t<div class=\"signature\">\n\t\t\t\t\t\t<div class=\"teft-byline\">\n\t\t\t\t\t\t\t\t\t\t\t\t\t\t<div>\n\t\t\t\t\t\t\t\t<h3>H\u00f8yres redaksjon<\/h3>\t\t\t\t\t\t\t\t\n\t\t\t\t\t\t\t\t\t\t\t\t\t\t\t\t\t<span class=\"date\">Sist oppdatert: 16. februar 2020<\/span>\n\t\t\t\t\t\t\t\t\t\t\t\t\t\t\t\t\t\t\t\t\t\t\t\t\t<span class=\"reading-time\" itemprop=\"timeRequired\" content=\"PT2M\"><em>Ca. 2 minutter lesetid<\/em><\/span>\n\t\t\t\t\t\t\t\t\t\t\t\t\t\t\t<\/div>\n\t\t\t\t\t\t<\/div>\n\t\t\t\t\t<\/div>\n\t\t\t\t\t\t<div class=\"sharing\">\n\t\t<a class=\"share-button share-link copy-link\" data-copy=\"https:\/\/hoyre.no\/bamble\/aktuelt\/kommunalt_helhetlig_ansvar_og_tidlig_innsats_gir_resultater_i_barnevernet\/\" target=\"_blank\"><span class=\"screen-reader-text\">Del link<\/span><\/a>\n\t\t<a class=\"share-button share-twitter\" href=\"http:\/\/twitter.com\/share?text=Kommunalt helhetlig ansvar og tidlig innsats gir resultater i barnevernet&#038;url=https:\/\/hoyre.no\/bamble\/aktuelt\/kommunalt_helhetlig_ansvar_og_tidlig_innsats_gir_resultater_i_barnevernet\/&#038;hashtags=Hoyre\" target=\"_blank\"><span class=\"screen-reader-text\">Del p\u00e5 twitter<\/span><\/a>\n\t\t<a class=\"share-button share-facebook\" href=\"https:\/\/www.facebook.com\/sharer\/sharer.php?u=https:\/\/hoyre.no\/bamble\/aktuelt\/kommunalt_helhetlig_ansvar_og_tidlig_innsats_gir_resultater_i_barnevernet\/\" target=\"_blank\"><span class=\"screen-reader-text\">Del p\u00e5 facebook<\/span><\/a>\n\t<\/div>\n\t\t\t\t\t<\/div>\n\t\t\t<\/div>\n\n\t\t\t<figure class=\"hoyre-image-wrapper\"><div class=\"hoyre-image\"><img loading=\"lazy\" decoding=\"async\" width=\"2560\" height=\"1440\" src=\"https:\/\/hoyre.no\/content\/uploads\/sites\/374\/2020\/11\/barn_16x9-scaled.jpg\" class=\"attachment-scaled size-scaled\" alt=\"\" style=\"object-position: 50% 50%\" srcset=\"https:\/\/hoyre.no\/content\/uploads\/sites\/374\/2020\/11\/barn_16x9-scaled.jpg 2560w, https:\/\/hoyre.no\/content\/uploads\/sites\/374\/2020\/11\/barn_16x9-300x169.jpg 300w, https:\/\/hoyre.no\/content\/uploads\/sites\/374\/2020\/11\/barn_16x9-1024x576.jpg 1024w, https:\/\/hoyre.no\/content\/uploads\/sites\/374\/2020\/11\/barn_16x9-768x432.jpg 768w, https:\/\/hoyre.no\/content\/uploads\/sites\/374\/2020\/11\/barn_16x9-1536x864.jpg 1536w, https:\/\/hoyre.no\/content\/uploads\/sites\/374\/2020\/11\/barn_16x9-2048x1152.jpg 2048w\" sizes=\"auto, (max-width: 2560px) 100vw, 2560px\" \/><\/div><\/figure><div id=\"hoyre-old-article-content-wrapper\"><p>  Det vil si rekruttering av fosterhjem, institusjoner og spesialiserte hjelpetiltak. Dette er store oppgaver som n\u00e5 blir ivaretatt av kommunen, og gevinsten er at vi kommer tettere p\u00e5 barna og familiene samtidig som kompetanse blir bygget.<\/p><p>I F\u00e6rder er barneverntjenesten en del av \u00abFamiliens Hus\u00bb som jobber etter metodikken bedre tverrfaglig innsats (BTI). Dette betyr innsats med spesialpedagoger i skole, barnehage og samhandling med helsetjeneste for tidlig \u00e5 komme inn med tiltak \u2013 tidlig innsats. Hvert enkelt barn f\u00e5r en raskere og mer profesjonell samhandling mellom helsetjenestene. I praksis betyr det skredders\u00f8m tilpasset barna og familiene.<br \/><\/p><p>F\u00e6rder har tatt over fosterhjemstjenesten som g\u00e5r p\u00e5 rekruttering av fosterhjem med oppl\u00e6ring og veiledning. Fosterhjemmene skal v\u00e6re i n\u00e6rmilj\u00f8et slik at det barnet som for en periode m\u00e5 flytte til fosterhjem ikke blir rykket ut av sitt milj\u00f8 i skole eller barnehage.<br \/><\/p><p>F\u00e6rder har 55 barn i fosterhjem, og gjennomsnittlig ventetid p\u00e5 fosterhjem er fem dager.<\/p><p>Resultatene gjennom dette pr\u00f8veprosjektet har hatt en dobbeltvirkning &#8211; resultatene er vesentlig bedre for de barna og familiene det gjelder. Samtidig har F\u00e6rder brukt betydelig mindre penger p\u00e5 barnevernet enn forutsatt.<br \/><\/p><p>Stortinget vedtok i 2017 barnevernsreformen som skal gi kommunene st\u00f8rre ansvar for tilbudet til barn som trenger hjelp fra barnevernet. Disse endringene trer i kraft tidligst i 2020.<br \/><\/p><p>Barnevernsreformen har som hovedfokus at det er i de kommunale tjenestene som har de beste forutsetningene for \u00e5 hjelpe barn som har det vanskelig p\u00e5 et tidlig tidspunkt.<br \/><\/p><p>I dette ligger det en dreining fra statlig barnevern til mer kommunalt barnevern<\/p><p>H\u00f8yre vil at:<\/p><ul><li> Hovedansvaret for barneverntjenesten skal flyttes til kommunal tjeneste etter modell fra f.eks. F\u00e6rder kommune<\/li><\/ul><ul><li>Barnevernet skal legge vekt p\u00e5 helhetlig, tidlig og lokal innsats<\/li><li>Kommuner som er for sm\u00e5 til \u00e5 h\u00e5ndtere barnevern p\u00e5 en god m\u00e5te, m\u00e5 samarbeide med andre kommuner i regionen<\/li><li>Bufetat fortsatt skal best\u00e5 som kompetansesenter og dimensjoneres for st\u00f8rre tiltak<\/li><\/ul><p><br \/><\/p><\/div>\n<div class=\"tags\">\n\t<\/div>\n<div class=\"post-footer alignfull has-background block-editor-block-list__block\" data-align=full>\n\t<div class=\"post-footer-inner\">\n\t\t<h3>Relaterte artikler<\/h3>\n\t\t<div class=\"related-content\"><div class=\"is-card-hoyre\">\n\t<div class=\"teft-card hoyre-teft-card post-teft-card\">\n\t\t<a href=\"https:\/\/hoyre.no\/bamble\/aktuelt\/bamble-hoyres-valgprogram-2023\/\" class=\"teft-card__primary-action\">\n\n\t\t\t<div class=\"teft-card__media teft-card__media--16-9 no-image\"><\/div>\n\t\t\t<div class=\"teft-card__content-wrapper\">\n\t\t\t\t<div class=\"teft-card__secondary\">\n\t\t\t\t\t\n\t\t\t\t\t\t\t\t<div class=\"teft-card__meta\">\n\t\t\t\t\t\t\t\t\t<span class=\"post-date\">20. jun 2023<\/span>\n\n\t\t\t\t\t\t\t\t\t\t\t\t\t\t\t\t\t<\/div>\n\t\t\t\t\t\t\t\t\t\t\t<\/div>\n\n\t\t\t\t<div class=\"teft-card__primary\">\n\t\t\t\t\t<h2 class=\"teft-card__title\">Bamble H\u00f8yres valgprogram 2023.&nbsp;<span class=\"teft-card__primary-title-append\"><\/span><\/h2>\t\t\t\t<\/div>\n\t\t\t<\/div>\n\t\t<\/a>\n\t<\/div>\n\n\t<\/div><div class=\"is-card-hoyre\">\n\t<div class=\"teft-card hoyre-teft-card post-teft-card\">\n\t\t<a href=\"https:\/\/hoyre.no\/bamble\/aktuelt\/bamble_hoyres_valgprogram_2019_2023\/\" class=\"teft-card__primary-action\">\n\n\t\t\t\t\t<div class=\"teft-card__media teft-card__media--16-9\">\n\t\t\t\t\t\t<img loading=\"lazy\" decoding=\"async\" width=\"768\" height=\"521\" src=\"https:\/\/hoyre.no\/content\/uploads\/sites\/374\/2020\/11\/bamblehoyre-768x521.jpg\" class=\"attachment-medium_large size-medium_large\" alt=\"\" srcset=\"https:\/\/hoyre.no\/content\/uploads\/sites\/374\/2020\/11\/bamblehoyre-768x521.jpg 768w, https:\/\/hoyre.no\/content\/uploads\/sites\/374\/2020\/11\/bamblehoyre-300x203.jpg 300w, https:\/\/hoyre.no\/content\/uploads\/sites\/374\/2020\/11\/bamblehoyre-1024x694.jpg 1024w, https:\/\/hoyre.no\/content\/uploads\/sites\/374\/2020\/11\/bamblehoyre.jpg 1279w\" sizes=\"auto, (max-width: 768px) 100vw, 768px\" \/>\t\t<\/div>\n\t\t\n\t\t\t<div class=\"teft-card__content-wrapper\">\n\t\t\t\t<div class=\"teft-card__secondary\">\n\t\t\t\t\t\n\t\t\t\t\t\t\t\t<div class=\"teft-card__meta\">\n\t\t\t\t\t\t\t\t\t<span class=\"post-date\">1. jul 2019<\/span>\n\n\t\t\t\t\t\t\t\t\t\t\t\t\t\t\t\t\t<\/div>\n\t\t\t\t\t\t\t\t\t\t\t<\/div>\n\n\t\t\t\t<div class=\"teft-card__primary\">\n\t\t\t\t\t<h2 class=\"teft-card__title\">Bamble H\u00f8yres valgprogram  2019-2023&nbsp;<span class=\"teft-card__primary-title-append\"><\/span><\/h2>\t\t\t\t<\/div>\n\t\t\t<\/div>\n\t\t<\/a>\n\t<\/div>\n\n\t<\/div><div class=\"is-card-hoyre\">\n\t<div class=\"teft-card hoyre-teft-card post-teft-card\">\n\t\t<a href=\"https:\/\/hoyre.no\/bamble\/aktuelt\/hoyres_nye_landbruksnettverk_lansert\/\" class=\"teft-card__primary-action\">\n\n\t\t\t\t\t<div class=\"teft-card__media teft-card__media--16-9\">\n\t\t\t\t\t\t<img loading=\"lazy\" decoding=\"async\" width=\"768\" height=\"512\" src=\"https:\/\/hoyre.no\/content\/uploads\/sites\/374\/2020\/11\/solveig_sundbo_abrah-768x512.jpg\" class=\"attachment-medium_large size-medium_large\" alt=\"\" srcset=\"https:\/\/hoyre.no\/content\/uploads\/sites\/374\/2020\/11\/solveig_sundbo_abrah-768x512.jpg 768w, https:\/\/hoyre.no\/content\/uploads\/sites\/374\/2020\/11\/solveig_sundbo_abrah-300x200.jpg 300w, https:\/\/hoyre.no\/content\/uploads\/sites\/374\/2020\/11\/solveig_sundbo_abrah-1024x683.jpg 1024w, https:\/\/hoyre.no\/content\/uploads\/sites\/374\/2020\/11\/solveig_sundbo_abrah-1536x1024.jpg 1536w, https:\/\/hoyre.no\/content\/uploads\/sites\/374\/2020\/11\/solveig_sundbo_abrah-2048x1365.jpg 2048w\" sizes=\"auto, (max-width: 768px) 100vw, 768px\" \/>\t\t<\/div>\n\t\t\n\t\t\t<div class=\"teft-card__content-wrapper\">\n\t\t\t\t<div class=\"teft-card__secondary\">\n\t\t\t\t\t\n\t\t\t\t\t\t\t\t<div class=\"teft-card__meta\">\n\t\t\t\t\t\t\t\t\t<span class=\"post-date\">17. jun 2018<\/span>\n\n\t\t\t\t\t\t\t\t\t\t\t\t\t\t\t\t\t<\/div>\n\t\t\t\t\t\t\t\t\t\t\t<\/div>\n\n\t\t\t\t<div class=\"teft-card__primary\">\n\t\t\t\t\t<h2 class=\"teft-card__title\">H\u00f8yres nye landbruksnettverk lansert&nbsp;<span class=\"teft-card__primary-title-append\"><\/span><\/h2>\t\t\t\t<\/div>\n\t\t\t<\/div>\n\t\t<\/a>\n\t<\/div>\n\n\t<\/div><\/div>\t<\/div>\n<\/div>\n","protected":false},"excerpt":{"rendered":"","protected":false},"author":0,"featured_media":0,"comment_status":"closed","ping_status":"closed","sticky":false,"template":"","format":"standard","meta":{"teft_cards_image_url":"https:\/\/hoyre.no\/content\/uploads\/sites\/374\/2020\/11\/barn_16x9-scaled.jpg","teft_cards_custom_pretitle":"","teft_cards_image_id":20,"teft_cards_image_focal_point_x":0,"teft_cards_image_focal_point_y":0,"teft_cards_title":"","teft_cards_excerpt":"","teft_show_chapters":false,"author_display_name":"Resolusjon vedtatt p\u00e5 Vestfold og Telemark H\u00f8yres \u00e5rsm\u00f8te","footnotes":""},"category":[1],"post_tag":[],"hoyre-visibility":[],"article-type":[],"politician":[],"class_list":["post-21","post","type-post","status-publish","format-standard","hentry","category-ukategorisert"],"yoast_head":"<!-- This site is optimized with the Yoast SEO plugin v26.6 - https:\/\/yoast.com\/wordpress\/plugins\/seo\/ -->\n<title>Kommunalt helhetlig ansvar og tidlig innsats gir resultater i barnevernet - Bamble H\u00f8yre<\/title>\n<meta name=\"robots\" content=\"index, follow, max-snippet:-1, max-image-preview:large, max-video-preview:-1\" \/>\n<link rel=\"canonical\" href=\"https:\/\/hoyre.no\/bamble\/aktuelt\/kommunalt_helhetlig_ansvar_og_tidlig_innsats_gir_resultater_i_barnevernet\/\" \/>\n<meta property=\"og:locale\" content=\"nb_NO\" \/>\n<meta property=\"og:type\" content=\"article\" \/>\n<meta property=\"og:title\" content=\"Kommunalt helhetlig ansvar og tidlig innsats gir resultater i barnevernet - Bamble H\u00f8yre\" \/>\n<meta property=\"og:url\" content=\"https:\/\/hoyre.no\/bamble\/aktuelt\/kommunalt_helhetlig_ansvar_og_tidlig_innsats_gir_resultater_i_barnevernet\/\" \/>\n<meta property=\"og:site_name\" content=\"Bamble H\u00f8yre\" \/>\n<meta property=\"article:published_time\" content=\"2020-02-16T22:00:00+00:00\" \/>\n<meta property=\"og:image\" content=\"https:\/\/hoyre.no\/content\/uploads\/sites\/374\/2020\/11\/solveig_sundbo_abrah-1024x683.jpg\" \/>\n<meta name=\"twitter:card\" content=\"summary_large_image\" \/>\n<meta name=\"twitter:label1\" content=\"Ansl. lesetid\" \/>\n\t<meta name=\"twitter:data1\" content=\"2 minutter\" \/>\n<script type=\"application\/ld+json\" class=\"yoast-schema-graph\">{\"@context\":\"https:\/\/schema.org\",\"@graph\":[{\"@type\":\"NewsArticle\",\"@id\":\"https:\/\/hoyre.no\/bamble\/aktuelt\/kommunalt_helhetlig_ansvar_og_tidlig_innsats_gir_resultater_i_barnevernet\/\",\"url\":\"https:\/\/hoyre.no\/bamble\/aktuelt\/kommunalt_helhetlig_ansvar_og_tidlig_innsats_gir_resultater_i_barnevernet\/\",\"name\":\"Kommunalt helhetlig ansvar og tidlig innsats gir resultater i barnevernet - Bamble H\u00f8yre\",\"isPartOf\":{\"@id\":\"https:\/\/hoyre.no\/bamble\/#website\"},\"datePublished\":\"2020-02-16T22:00:00+00:00\",\"author\":{\"@id\":\"\"},\"breadcrumb\":{\"@id\":\"https:\/\/hoyre.no\/bamble\/aktuelt\/kommunalt_helhetlig_ansvar_og_tidlig_innsats_gir_resultater_i_barnevernet\/#breadcrumb\"},\"inLanguage\":\"nb-NO\",\"potentialAction\":[{\"@type\":\"ReadAction\",\"target\":[\"https:\/\/hoyre.no\/bamble\/aktuelt\/kommunalt_helhetlig_ansvar_og_tidlig_innsats_gir_resultater_i_barnevernet\/\"]}]},{\"@type\":\"BreadcrumbList\",\"@id\":\"https:\/\/hoyre.no\/bamble\/aktuelt\/kommunalt_helhetlig_ansvar_og_tidlig_innsats_gir_resultater_i_barnevernet\/#breadcrumb\",\"itemListElement\":[{\"@type\":\"ListItem\",\"position\":1,\"name\":\"Til hoyre.no\",\"item\":\"https:\/\/hoyre.no\"},{\"@type\":\"ListItem\",\"position\":2,\"name\":\"Hjem\",\"item\":\"https:\/\/hoyre.no\/bamble\/\"},{\"@type\":\"ListItem\",\"position\":3,\"name\":\"Kommunalt helhetlig ansvar og tidlig innsats gir resultater i barnevernet\"}]},{\"@type\":\"WebSite\",\"@id\":\"https:\/\/hoyre.no\/bamble\/#website\",\"url\":\"https:\/\/hoyre.no\/bamble\/\",\"name\":\"Bamble H\u00f8yre\",\"description\":\"Bare enda et H\u00f8yres nettsteder-nettsted\",\"inLanguage\":\"nb-NO\"}]}<\/script>\n<!-- \/ Yoast SEO plugin. -->","yoast_head_json":{"title":"Kommunalt helhetlig ansvar og tidlig innsats gir resultater i barnevernet - Bamble H\u00f8yre","robots":{"index":"index","follow":"follow","max-snippet":"max-snippet:-1","max-image-preview":"max-image-preview:large","max-video-preview":"max-video-preview:-1"},"canonical":"https:\/\/hoyre.no\/bamble\/aktuelt\/kommunalt_helhetlig_ansvar_og_tidlig_innsats_gir_resultater_i_barnevernet\/","og_locale":"nb_NO","og_type":"article","og_title":"Kommunalt helhetlig ansvar og tidlig innsats gir resultater i barnevernet - Bamble H\u00f8yre","og_url":"https:\/\/hoyre.no\/bamble\/aktuelt\/kommunalt_helhetlig_ansvar_og_tidlig_innsats_gir_resultater_i_barnevernet\/","og_site_name":"Bamble H\u00f8yre","article_published_time":"2020-02-16T22:00:00+00:00","og_image":[{"url":"https:\/\/hoyre.no\/content\/uploads\/sites\/374\/2020\/11\/solveig_sundbo_abrah-1024x683.jpg","width":"","height":"","type":""}],"twitter_card":"summary_large_image","twitter_misc":{"Ansl. lesetid":"2 minutter"},"schema":{"@context":"https:\/\/schema.org","@graph":[{"@type":"NewsArticle","@id":"https:\/\/hoyre.no\/bamble\/aktuelt\/kommunalt_helhetlig_ansvar_og_tidlig_innsats_gir_resultater_i_barnevernet\/","url":"https:\/\/hoyre.no\/bamble\/aktuelt\/kommunalt_helhetlig_ansvar_og_tidlig_innsats_gir_resultater_i_barnevernet\/","name":"Kommunalt helhetlig ansvar og tidlig innsats gir resultater i barnevernet - Bamble H\u00f8yre","isPartOf":{"@id":"https:\/\/hoyre.no\/bamble\/#website"},"datePublished":"2020-02-16T22:00:00+00:00","author":{"@id":""},"breadcrumb":{"@id":"https:\/\/hoyre.no\/bamble\/aktuelt\/kommunalt_helhetlig_ansvar_og_tidlig_innsats_gir_resultater_i_barnevernet\/#breadcrumb"},"inLanguage":"nb-NO","potentialAction":[{"@type":"ReadAction","target":["https:\/\/hoyre.no\/bamble\/aktuelt\/kommunalt_helhetlig_ansvar_og_tidlig_innsats_gir_resultater_i_barnevernet\/"]}]},{"@type":"BreadcrumbList","@id":"https:\/\/hoyre.no\/bamble\/aktuelt\/kommunalt_helhetlig_ansvar_og_tidlig_innsats_gir_resultater_i_barnevernet\/#breadcrumb","itemListElement":[{"@type":"ListItem","position":1,"name":"Til hoyre.no","item":"https:\/\/hoyre.no"},{"@type":"ListItem","position":2,"name":"Hjem","item":"https:\/\/hoyre.no\/bamble\/"},{"@type":"ListItem","position":3,"name":"Kommunalt helhetlig ansvar og tidlig innsats gir resultater i barnevernet"}]},{"@type":"WebSite","@id":"https:\/\/hoyre.no\/bamble\/#website","url":"https:\/\/hoyre.no\/bamble\/","name":"Bamble H\u00f8yre","description":"Bare enda et H\u00f8yres nettsteder-nettsted","inLanguage":"nb-NO"}]}},"distributor_meta":false,"distributor_terms":false,"distributor_media":false,"distributor_original_site_name":"Bamble H\u00f8yre","distributor_original_site_url":"https:\/\/hoyre.no\/bamble","push-errors":false,"_links":{"self":[{"href":"https:\/\/hoyre.no\/bamble\/wp-json\/wp\/v2\/posts\/21","targetHints":{"allow":["GET"]}}],"collection":[{"href":"https:\/\/hoyre.no\/bamble\/wp-json\/wp\/v2\/posts"}],"about":[{"href":"https:\/\/hoyre.no\/bamble\/wp-json\/wp\/v2\/types\/post"}],"replies":[{"embeddable":true,"href":"https:\/\/hoyre.no\/bamble\/wp-json\/wp\/v2\/comments?post=21"}],"version-history":[{"count":0,"href":"https:\/\/hoyre.no\/bamble\/wp-json\/wp\/v2\/posts\/21\/revisions"}],"wp:attachment":[{"href":"https:\/\/hoyre.no\/bamble\/wp-json\/wp\/v2\/media?parent=21"}],"wp:term":[{"taxonomy":"category","embeddable":true,"href":"https:\/\/hoyre.no\/bamble\/wp-json\/wp\/v2\/category?post=21"},{"taxonomy":"post_tag","embeddable":true,"href":"https:\/\/hoyre.no\/bamble\/wp-json\/wp\/v2\/post_tag?post=21"},{"taxonomy":"hoyre-visibility","embeddable":true,"href":"https:\/\/hoyre.no\/bamble\/wp-json\/wp\/v2\/hoyre-visibility?post=21"},{"taxonomy":"article-type","embeddable":true,"href":"https:\/\/hoyre.no\/bamble\/wp-json\/wp\/v2\/article-type?post=21"},{"taxonomy":"politician","embeddable":true,"href":"https:\/\/hoyre.no\/bamble\/wp-json\/wp\/v2\/politician?post=21"}],"curies":[{"name":"wp","href":"https:\/\/api.w.org\/{rel}","templated":true}]}}