{"id":25,"date":"2018-04-06T22:00:00","date_gmt":"2018-04-06T20:00:00","guid":{"rendered":"https:\/\/hoyre.no\/bamble\/aktuelt\/rovdyrene_er_en_del_av_var_okologi\/"},"modified":"2018-04-06T22:00:00","modified_gmt":"2018-04-06T20:00:00","slug":"rovdyrene_er_en_del_av_var_okologi","status":"publish","type":"post","link":"https:\/\/hoyre.no\/bamble\/aktuelt\/rovdyrene_er_en_del_av_var_okologi\/","title":{"rendered":"Rovdyrene er en del av v\u00e5r \u00f8kologi"},"content":{"rendered":"<p class=\"preamble\">Telemark der jeg kommer ifra er et stort natur og friluftsfylke. Faktisk noen av de mest uber\u00f8rte deler av Norges st\u00f8rste nasjonalpark , Hardangervidda ligger i Telemark,<\/p>\t\t\t<div class=\"post-meta wp-block teft-byline-wrapper\">\n\t\t\t\t<div class=\"top\">\n\t\t\t\t\t<div class=\"signature\">\n\t\t\t\t\t\t<div class=\"teft-byline\">\n\t\t\t\t\t\t\t\t\t\t\t\t\t\t<div>\n\t\t\t\t\t\t\t\t<h3>H\u00f8yres redaksjon<\/h3>\t\t\t\t\t\t\t\t\n\t\t\t\t\t\t\t\t\t\t\t\t\t\t\t\t\t<span class=\"date\">Sist oppdatert: 6. april 2018<\/span>\n\t\t\t\t\t\t\t\t\t\t\t\t\t\t\t\t\t\t\t\t\t\t\t\t\t<span class=\"reading-time\" itemprop=\"timeRequired\" content=\"PT3M\"><em>Ca. 3 minutter lesetid<\/em><\/span>\n\t\t\t\t\t\t\t\t\t\t\t\t\t\t\t<\/div>\n\t\t\t\t\t\t<\/div>\n\t\t\t\t\t<\/div>\n\t\t\t\t\t\t<div class=\"sharing\">\n\t\t<a class=\"share-button share-link copy-link\" data-copy=\"https:\/\/hoyre.no\/bamble\/aktuelt\/rovdyrene_er_en_del_av_var_okologi\/\" target=\"_blank\"><span class=\"screen-reader-text\">Del link<\/span><\/a>\n\t\t<a class=\"share-button share-twitter\" href=\"http:\/\/twitter.com\/share?text=Rovdyrene er en del av v\u00e5r \u00f8kologi&#038;url=https:\/\/hoyre.no\/bamble\/aktuelt\/rovdyrene_er_en_del_av_var_okologi\/&#038;hashtags=Hoyre\" target=\"_blank\"><span class=\"screen-reader-text\">Del p\u00e5 twitter<\/span><\/a>\n\t\t<a class=\"share-button share-facebook\" href=\"https:\/\/www.facebook.com\/sharer\/sharer.php?u=https:\/\/hoyre.no\/bamble\/aktuelt\/rovdyrene_er_en_del_av_var_okologi\/\" target=\"_blank\"><span class=\"screen-reader-text\">Del p\u00e5 facebook<\/span><\/a>\n\t<\/div>\n\t\t\t\t\t<\/div>\n\t\t\t<\/div>\n\n\t\t\t<figure class=\"hoyre-image-wrapper\"><div class=\"hoyre-image\"><img loading=\"lazy\" decoding=\"async\" width=\"2560\" height=\"1700\" src=\"https:\/\/hoyre.no\/content\/uploads\/sites\/374\/2020\/11\/per4-scaled.jpg\" class=\"attachment-scaled size-scaled\" alt=\"\" style=\"object-position: 50% 50%\" srcset=\"https:\/\/hoyre.no\/content\/uploads\/sites\/374\/2020\/11\/per4-scaled.jpg 2560w, https:\/\/hoyre.no\/content\/uploads\/sites\/374\/2020\/11\/per4-300x199.jpg 300w, https:\/\/hoyre.no\/content\/uploads\/sites\/374\/2020\/11\/per4-1024x680.jpg 1024w, https:\/\/hoyre.no\/content\/uploads\/sites\/374\/2020\/11\/per4-768x510.jpg 768w, https:\/\/hoyre.no\/content\/uploads\/sites\/374\/2020\/11\/per4-1536x1020.jpg 1536w, https:\/\/hoyre.no\/content\/uploads\/sites\/374\/2020\/11\/per4-2048x1360.jpg 2048w\" sizes=\"auto, (max-width: 2560px) 100vw, 2560px\" \/><\/div><\/figure><div id=\"hoyre-old-article-content-wrapper\"><p>  Hardangervidda er  leveomr\u00e5de for Europas st\u00f8rste villreinstamme .Her har man i  de siste 14 \u00e5r  gjennomf\u00f8rt omfattende gps merking av villrein.. Forskning har klartlagt hvordan villreinen forstyrres av skil\u00f8yper og turisthytter oa, uten at avb\u00f8tende tiltak ergjennomf\u00f8rt.<\/p><p><br \/><\/p><p>Hva skal man med masse forskning som ogs\u00e5 er belastende for dyrelivet ,dersom den ikke gir resultater? Vi ser at villreinens beiteomr\u00e5der sommer som vintertid stadig blir mer innsnevret. Til tross for 11 forskjellige organer som fortsatt er innvolvert i villreinforvaltningen p\u00e5 Hardangervidda s\u00e5 har bare de negative stressfaktorene for dyrelivet dessverre  \u00f8kt i omfang. I v\u00e5r milj\u00f8forvaltning har vi f\u00e5tt en m\u00f8te og prate og konsultent kultur i stedet for handling?   Tidligere har forskningen p\u00e5vist at betydelig antall ryper og andre fuglearter blir drept som f\u00f8lge av kollisjon med diverse str\u00f8mledninger i h\u00f8yfjellet. Forskerne har stipulert antallet enkelt steder til like mange som felles under jakta<\/p><p><br \/><\/p><p>I Sverige , Skottland og irland med langt svakere \u00f8konomi enn oss har man forlengst lagt ledningsnettet i bakken i de mest s\u00e5rbare omr\u00e5der for \u00e5 beskytte rypene.<\/p><p><br \/><\/p><p>I Norge finnes det ikke midler til slik. Vi har mange adm organer, seminarer og tjenestereiser, men nesten ikke midler til viltstelltiltak.<\/p><p><\/p><p>Rovdyrene er en del av v\u00e5r \u00f8kologi. Fjerner man en art eller reduserer den for sterkt, kan det f\u00e5 negative konsekvenser for andre arter.<\/p><p>Dette ser man spesielt mht jerven, som dessverre n\u00e5 er blitt en skandinavisk r\u00f8dliste art.<\/p><p><\/p><p>EU har mange tidligere milj\u00f8synder, Men habitatdirektivet med sanksjonsmuligheter gir dyrelivet og viktige habitateter i EU idag en langt bedre beskyttelse enn norsk lovgivning. Dessverre er ikke milj\u00f8 og natur omfattet av E\u00d8S omtalen. Det er ogs\u00e5 et norsk paradoks at venstresiden i norsk politikk som skal v\u00e6re opptatt av natur og milj\u00f8 ikke ser denne dimensjonen med EU.  Er det ikke et paradoks at EU med sitt store landbruk har en langt st\u00f8rre beskyttelse av dyrelivet enn hva Norge har?<\/p><p><\/p><p>All natur og dyreliv henger sammen og utgj\u00f8r en del av felles \u00f8kologi. Areal og dyrelivet henger f\u00f8lgelig sammen.  <\/p><p><br \/><\/p><p>Milj\u00f8byr\u00e5kratiet er stort som det er og vi trenger ikke \u00e5 f\u00e5 et ytterligere landbruksbyr\u00e5krati i tillegg. Dette er bakgrunnen for at \u00e5rsm\u00f8tet i Telemark H\u00f8yre enstemmig gikk inn for \u00e5 tilr\u00e5de at viltforvaltningen fortsatt b\u00f8r v\u00e6re underlagt naturmyndigheten. Jeg siterer fra v\u00e5r resulusjon &raquo; Natur, areal, og dyreliv henger sammen. Alt dyreliv inkl rovdyrene inng\u00e5r i samme \u00f8kologiske system b\u00f8r derfor forvaltes under ett. HLM anmoder (regj) om at man revurderer planene om \u00e5 flytte store deler av viltforvaltningen fra Klima og milj\u00f8departementet til landbruksdepartementet.<\/p><p><br \/><\/p><p>Jeg kjenner ikke til noe annet vestlig land som har overlatt viltforvaltningen til landbruksmyndighetene.<\/p><p><br \/><\/p><\/div>\n<div class=\"tags\">\n\t<\/div>\n<div class=\"post-footer alignfull has-background block-editor-block-list__block\" data-align=full>\n\t<div class=\"post-footer-inner\">\n\t\t<h3>Relaterte artikler<\/h3>\n\t\t<div class=\"related-content\"><div class=\"is-card-hoyre\">\n\t<div class=\"teft-card hoyre-teft-card post-teft-card\">\n\t\t<a href=\"https:\/\/hoyre.no\/bamble\/aktuelt\/bamble-hoyres-valgprogram-2023\/\" class=\"teft-card__primary-action\">\n\n\t\t\t<div class=\"teft-card__media teft-card__media--16-9 no-image\"><\/div>\n\t\t\t<div class=\"teft-card__content-wrapper\">\n\t\t\t\t<div class=\"teft-card__secondary\">\n\t\t\t\t\t\n\t\t\t\t\t\t\t\t<div class=\"teft-card__meta\">\n\t\t\t\t\t\t\t\t\t<span class=\"post-date\">20. jun 2023<\/span>\n\n\t\t\t\t\t\t\t\t\t\t\t\t\t\t\t\t\t<\/div>\n\t\t\t\t\t\t\t\t\t\t\t<\/div>\n\n\t\t\t\t<div class=\"teft-card__primary\">\n\t\t\t\t\t<h2 class=\"teft-card__title\">Bamble H\u00f8yres valgprogram 2023.&nbsp;<span class=\"teft-card__primary-title-append\"><\/span><\/h2>\t\t\t\t<\/div>\n\t\t\t<\/div>\n\t\t<\/a>\n\t<\/div>\n\n\t<\/div><div class=\"is-card-hoyre\">\n\t<div class=\"teft-card hoyre-teft-card post-teft-card\">\n\t\t<a href=\"https:\/\/hoyre.no\/bamble\/aktuelt\/kommunalt_helhetlig_ansvar_og_tidlig_innsats_gir_resultater_i_barnevernet\/\" class=\"teft-card__primary-action\">\n\n\t\t\t\t\t<div class=\"teft-card__media teft-card__media--16-9\">\n\t\t\t\t\t\t<img loading=\"lazy\" decoding=\"async\" width=\"768\" height=\"432\" src=\"https:\/\/hoyre.no\/content\/uploads\/sites\/374\/2020\/11\/barn_16x9-768x432.jpg\" class=\"attachment-medium_large size-medium_large\" alt=\"\" srcset=\"https:\/\/hoyre.no\/content\/uploads\/sites\/374\/2020\/11\/barn_16x9-768x432.jpg 768w, https:\/\/hoyre.no\/content\/uploads\/sites\/374\/2020\/11\/barn_16x9-300x169.jpg 300w, https:\/\/hoyre.no\/content\/uploads\/sites\/374\/2020\/11\/barn_16x9-1024x576.jpg 1024w, https:\/\/hoyre.no\/content\/uploads\/sites\/374\/2020\/11\/barn_16x9-1536x864.jpg 1536w, https:\/\/hoyre.no\/content\/uploads\/sites\/374\/2020\/11\/barn_16x9-2048x1152.jpg 2048w\" sizes=\"auto, (max-width: 768px) 100vw, 768px\" \/>\t\t<\/div>\n\t\t\n\t\t\t<div class=\"teft-card__content-wrapper\">\n\t\t\t\t<div class=\"teft-card__secondary\">\n\t\t\t\t\t\n\t\t\t\t\t\t\t\t<div class=\"teft-card__meta\">\n\t\t\t\t\t\t\t\t\t<span class=\"post-date\">16. feb 2020<\/span>\n\n\t\t\t\t\t\t\t\t\t\t\t\t\t\t\t\t\t<\/div>\n\t\t\t\t\t\t\t\t\t\t\t<\/div>\n\n\t\t\t\t<div class=\"teft-card__primary\">\n\t\t\t\t\t<h2 class=\"teft-card__title\">Kommunalt helhetlig ansvar og tidlig innsats gir resultater i barnevernet&nbsp;<span class=\"teft-card__primary-title-append\"><\/span><\/h2>\t\t\t\t<\/div>\n\t\t\t<\/div>\n\t\t<\/a>\n\t<\/div>\n\n\t<\/div><div class=\"is-card-hoyre\">\n\t<div class=\"teft-card hoyre-teft-card post-teft-card\">\n\t\t<a href=\"https:\/\/hoyre.no\/bamble\/aktuelt\/bamble_hoyres_valgprogram_2019_2023\/\" class=\"teft-card__primary-action\">\n\n\t\t\t\t\t<div class=\"teft-card__media teft-card__media--16-9\">\n\t\t\t\t\t\t<img loading=\"lazy\" decoding=\"async\" width=\"768\" height=\"521\" src=\"https:\/\/hoyre.no\/content\/uploads\/sites\/374\/2020\/11\/bamblehoyre-768x521.jpg\" class=\"attachment-medium_large size-medium_large\" alt=\"\" srcset=\"https:\/\/hoyre.no\/content\/uploads\/sites\/374\/2020\/11\/bamblehoyre-768x521.jpg 768w, https:\/\/hoyre.no\/content\/uploads\/sites\/374\/2020\/11\/bamblehoyre-300x203.jpg 300w, https:\/\/hoyre.no\/content\/uploads\/sites\/374\/2020\/11\/bamblehoyre-1024x694.jpg 1024w, https:\/\/hoyre.no\/content\/uploads\/sites\/374\/2020\/11\/bamblehoyre.jpg 1279w\" sizes=\"auto, (max-width: 768px) 100vw, 768px\" \/>\t\t<\/div>\n\t\t\n\t\t\t<div class=\"teft-card__content-wrapper\">\n\t\t\t\t<div class=\"teft-card__secondary\">\n\t\t\t\t\t\n\t\t\t\t\t\t\t\t<div class=\"teft-card__meta\">\n\t\t\t\t\t\t\t\t\t<span class=\"post-date\">1. jul 2019<\/span>\n\n\t\t\t\t\t\t\t\t\t\t\t\t\t\t\t\t\t<\/div>\n\t\t\t\t\t\t\t\t\t\t\t<\/div>\n\n\t\t\t\t<div class=\"teft-card__primary\">\n\t\t\t\t\t<h2 class=\"teft-card__title\">Bamble H\u00f8yres valgprogram  2019-2023&nbsp;<span class=\"teft-card__primary-title-append\"><\/span><\/h2>\t\t\t\t<\/div>\n\t\t\t<\/div>\n\t\t<\/a>\n\t<\/div>\n\n\t<\/div><\/div>\t<\/div>\n<\/div>\n","protected":false},"excerpt":{"rendered":"","protected":false},"author":0,"featured_media":0,"comment_status":"closed","ping_status":"closed","sticky":false,"template":"","format":"standard","meta":{"teft_cards_image_url":"https:\/\/hoyre.no\/content\/uploads\/sites\/374\/2020\/11\/per4-scaled.jpg","teft_cards_custom_pretitle":"","teft_cards_image_id":24,"teft_cards_image_focal_point_x":0,"teft_cards_image_focal_point_y":0,"teft_cards_title":"","teft_cards_excerpt":"","teft_show_chapters":false,"author_display_name":"Per Lykke","footnotes":""},"category":[1],"post_tag":[],"hoyre-visibility":[],"article-type":[],"politician":[],"class_list":["post-25","post","type-post","status-publish","format-standard","hentry","category-ukategorisert"],"yoast_head":"<!-- This site is optimized with the Yoast SEO plugin v26.6 - https:\/\/yoast.com\/wordpress\/plugins\/seo\/ -->\n<title>Rovdyrene er en del av v\u00e5r \u00f8kologi - Bamble H\u00f8yre<\/title>\n<meta name=\"robots\" content=\"index, follow, max-snippet:-1, max-image-preview:large, max-video-preview:-1\" \/>\n<link rel=\"canonical\" href=\"https:\/\/hoyre.no\/bamble\/aktuelt\/rovdyrene_er_en_del_av_var_okologi\/\" \/>\n<meta property=\"og:locale\" content=\"nb_NO\" \/>\n<meta property=\"og:type\" content=\"article\" \/>\n<meta property=\"og:title\" content=\"Rovdyrene er en del av v\u00e5r \u00f8kologi - Bamble H\u00f8yre\" \/>\n<meta property=\"og:url\" content=\"https:\/\/hoyre.no\/bamble\/aktuelt\/rovdyrene_er_en_del_av_var_okologi\/\" \/>\n<meta property=\"og:site_name\" content=\"Bamble H\u00f8yre\" \/>\n<meta property=\"article:published_time\" content=\"2018-04-06T20:00:00+00:00\" \/>\n<meta property=\"og:image\" content=\"https:\/\/hoyre.no\/content\/uploads\/sites\/374\/2020\/11\/bamblehoyre-1024x694.jpg\" \/>\n<meta name=\"twitter:card\" content=\"summary_large_image\" \/>\n<meta name=\"twitter:label1\" content=\"Ansl. lesetid\" \/>\n\t<meta name=\"twitter:data1\" content=\"3 minutter\" \/>\n<script type=\"application\/ld+json\" class=\"yoast-schema-graph\">{\"@context\":\"https:\/\/schema.org\",\"@graph\":[{\"@type\":\"NewsArticle\",\"@id\":\"https:\/\/hoyre.no\/bamble\/aktuelt\/rovdyrene_er_en_del_av_var_okologi\/\",\"url\":\"https:\/\/hoyre.no\/bamble\/aktuelt\/rovdyrene_er_en_del_av_var_okologi\/\",\"name\":\"Rovdyrene er en del av v\u00e5r \u00f8kologi - Bamble H\u00f8yre\",\"isPartOf\":{\"@id\":\"https:\/\/hoyre.no\/bamble\/#website\"},\"datePublished\":\"2018-04-06T20:00:00+00:00\",\"author\":{\"@id\":\"\"},\"breadcrumb\":{\"@id\":\"https:\/\/hoyre.no\/bamble\/aktuelt\/rovdyrene_er_en_del_av_var_okologi\/#breadcrumb\"},\"inLanguage\":\"nb-NO\",\"potentialAction\":[{\"@type\":\"ReadAction\",\"target\":[\"https:\/\/hoyre.no\/bamble\/aktuelt\/rovdyrene_er_en_del_av_var_okologi\/\"]}]},{\"@type\":\"BreadcrumbList\",\"@id\":\"https:\/\/hoyre.no\/bamble\/aktuelt\/rovdyrene_er_en_del_av_var_okologi\/#breadcrumb\",\"itemListElement\":[{\"@type\":\"ListItem\",\"position\":1,\"name\":\"Til hoyre.no\",\"item\":\"https:\/\/hoyre.no\"},{\"@type\":\"ListItem\",\"position\":2,\"name\":\"Hjem\",\"item\":\"https:\/\/hoyre.no\/bamble\/\"},{\"@type\":\"ListItem\",\"position\":3,\"name\":\"Rovdyrene er en del av v\u00e5r \u00f8kologi\"}]},{\"@type\":\"WebSite\",\"@id\":\"https:\/\/hoyre.no\/bamble\/#website\",\"url\":\"https:\/\/hoyre.no\/bamble\/\",\"name\":\"Bamble H\u00f8yre\",\"description\":\"Bare enda et H\u00f8yres nettsteder-nettsted\",\"inLanguage\":\"nb-NO\"}]}<\/script>\n<!-- \/ Yoast SEO plugin. -->","yoast_head_json":{"title":"Rovdyrene er en del av v\u00e5r \u00f8kologi - Bamble H\u00f8yre","robots":{"index":"index","follow":"follow","max-snippet":"max-snippet:-1","max-image-preview":"max-image-preview:large","max-video-preview":"max-video-preview:-1"},"canonical":"https:\/\/hoyre.no\/bamble\/aktuelt\/rovdyrene_er_en_del_av_var_okologi\/","og_locale":"nb_NO","og_type":"article","og_title":"Rovdyrene er en del av v\u00e5r \u00f8kologi - Bamble H\u00f8yre","og_url":"https:\/\/hoyre.no\/bamble\/aktuelt\/rovdyrene_er_en_del_av_var_okologi\/","og_site_name":"Bamble H\u00f8yre","article_published_time":"2018-04-06T20:00:00+00:00","og_image":[{"url":"https:\/\/hoyre.no\/content\/uploads\/sites\/374\/2020\/11\/bamblehoyre-1024x694.jpg","width":"","height":"","type":""}],"twitter_card":"summary_large_image","twitter_misc":{"Ansl. lesetid":"3 minutter"},"schema":{"@context":"https:\/\/schema.org","@graph":[{"@type":"NewsArticle","@id":"https:\/\/hoyre.no\/bamble\/aktuelt\/rovdyrene_er_en_del_av_var_okologi\/","url":"https:\/\/hoyre.no\/bamble\/aktuelt\/rovdyrene_er_en_del_av_var_okologi\/","name":"Rovdyrene er en del av v\u00e5r \u00f8kologi - Bamble H\u00f8yre","isPartOf":{"@id":"https:\/\/hoyre.no\/bamble\/#website"},"datePublished":"2018-04-06T20:00:00+00:00","author":{"@id":""},"breadcrumb":{"@id":"https:\/\/hoyre.no\/bamble\/aktuelt\/rovdyrene_er_en_del_av_var_okologi\/#breadcrumb"},"inLanguage":"nb-NO","potentialAction":[{"@type":"ReadAction","target":["https:\/\/hoyre.no\/bamble\/aktuelt\/rovdyrene_er_en_del_av_var_okologi\/"]}]},{"@type":"BreadcrumbList","@id":"https:\/\/hoyre.no\/bamble\/aktuelt\/rovdyrene_er_en_del_av_var_okologi\/#breadcrumb","itemListElement":[{"@type":"ListItem","position":1,"name":"Til hoyre.no","item":"https:\/\/hoyre.no"},{"@type":"ListItem","position":2,"name":"Hjem","item":"https:\/\/hoyre.no\/bamble\/"},{"@type":"ListItem","position":3,"name":"Rovdyrene er en del av v\u00e5r \u00f8kologi"}]},{"@type":"WebSite","@id":"https:\/\/hoyre.no\/bamble\/#website","url":"https:\/\/hoyre.no\/bamble\/","name":"Bamble H\u00f8yre","description":"Bare enda et H\u00f8yres nettsteder-nettsted","inLanguage":"nb-NO"}]}},"distributor_meta":false,"distributor_terms":false,"distributor_media":false,"distributor_original_site_name":"Bamble H\u00f8yre","distributor_original_site_url":"https:\/\/hoyre.no\/bamble","push-errors":false,"_links":{"self":[{"href":"https:\/\/hoyre.no\/bamble\/wp-json\/wp\/v2\/posts\/25","targetHints":{"allow":["GET"]}}],"collection":[{"href":"https:\/\/hoyre.no\/bamble\/wp-json\/wp\/v2\/posts"}],"about":[{"href":"https:\/\/hoyre.no\/bamble\/wp-json\/wp\/v2\/types\/post"}],"replies":[{"embeddable":true,"href":"https:\/\/hoyre.no\/bamble\/wp-json\/wp\/v2\/comments?post=25"}],"version-history":[{"count":0,"href":"https:\/\/hoyre.no\/bamble\/wp-json\/wp\/v2\/posts\/25\/revisions"}],"wp:attachment":[{"href":"https:\/\/hoyre.no\/bamble\/wp-json\/wp\/v2\/media?parent=25"}],"wp:term":[{"taxonomy":"category","embeddable":true,"href":"https:\/\/hoyre.no\/bamble\/wp-json\/wp\/v2\/category?post=25"},{"taxonomy":"post_tag","embeddable":true,"href":"https:\/\/hoyre.no\/bamble\/wp-json\/wp\/v2\/post_tag?post=25"},{"taxonomy":"hoyre-visibility","embeddable":true,"href":"https:\/\/hoyre.no\/bamble\/wp-json\/wp\/v2\/hoyre-visibility?post=25"},{"taxonomy":"article-type","embeddable":true,"href":"https:\/\/hoyre.no\/bamble\/wp-json\/wp\/v2\/article-type?post=25"},{"taxonomy":"politician","embeddable":true,"href":"https:\/\/hoyre.no\/bamble\/wp-json\/wp\/v2\/politician?post=25"}],"curies":[{"name":"wp","href":"https:\/\/api.w.org\/{rel}","templated":true}]}}