{"id":216,"date":"2022-12-09T13:30:52","date_gmt":"2022-12-09T12:30:52","guid":{"rendered":"https:\/\/hoyre.no\/bodo\/?p=216"},"modified":"2022-12-09T13:30:53","modified_gmt":"2022-12-09T12:30:53","slug":"viktige-gjennomslag-i-bodo-budsjettet","status":"publish","type":"post","link":"https:\/\/hoyre.no\/bodo\/aktuelt\/viktige-gjennomslag-i-bodo-budsjettet\/","title":{"rendered":"Viktige gjennomslag i Bod\u00f8-budsjettet"},"content":{"rendered":"\n<p class=\"preamble\">8. desember behandlet bystyret i Bod\u00f8 budsjett og \u00f8konomiplan 2023-2026. Vi fikk dessverre ikke vedtatt v\u00e5rt helhetlige budsjettforslag, men fikk noen viktige gjennomslag likevel. <\/p>\t\t\t<div class=\"post-meta wp-block teft-byline-wrapper\">\n\t\t\t\t<div class=\"top\">\n\t\t\t\t\t<div class=\"signature\">\n\t\t\t\t\t\t<div class=\"teft-byline\">\n\t\t\t\t\t\t\t\t\t\t\t\t\t\t<div>\n\t\t\t\t\t\t\t\t<h3>H\u00f8yres redaksjon<\/h3>\t\t\t\t\t\t\t\t\n\t\t\t\t\t\t\t\t\t\t\t\t\t\t\t\t\t<span class=\"date\">Sist oppdatert: 9. desember 2022<\/span>\n\t\t\t\t\t\t\t\t\t\t\t\t\t\t\t\t\t\t\t\t\t\t\t\t\t<span class=\"reading-time\" itemprop=\"timeRequired\" content=\"PT2M\"><em>Ca. 2 minutter lesetid<\/em><\/span>\n\t\t\t\t\t\t\t\t\t\t\t\t\t\t\t<\/div>\n\t\t\t\t\t\t<\/div>\n\t\t\t\t\t<\/div>\n\t\t\t\t\t\t<div class=\"sharing\">\n\t\t<a class=\"share-button share-link copy-link\" data-copy=\"https:\/\/hoyre.no\/bodo\/aktuelt\/viktige-gjennomslag-i-bodo-budsjettet\/\" target=\"_blank\"><span class=\"screen-reader-text\">Del link<\/span><\/a>\n\t\t<a class=\"share-button share-twitter\" href=\"http:\/\/twitter.com\/share?text=Viktige gjennomslag i Bod\u00f8-budsjettet&#038;url=https:\/\/hoyre.no\/bodo\/aktuelt\/viktige-gjennomslag-i-bodo-budsjettet\/&#038;hashtags=Hoyre\" target=\"_blank\"><span class=\"screen-reader-text\">Del p\u00e5 twitter<\/span><\/a>\n\t\t<a class=\"share-button share-facebook\" href=\"https:\/\/www.facebook.com\/sharer\/sharer.php?u=https:\/\/hoyre.no\/bodo\/aktuelt\/viktige-gjennomslag-i-bodo-budsjettet\/\" target=\"_blank\"><span class=\"screen-reader-text\">Del p\u00e5 facebook<\/span><\/a>\n\t<\/div>\n\t\t\t\t\t<\/div>\n\t\t\t<\/div>\n\n\t\t\t<figure class=\"hoyre-image-wrapper\"><div class=\"hoyre-image\"><img loading=\"lazy\" decoding=\"async\" width=\"1000\" height=\"1000\" src=\"https:\/\/hoyre.no\/content\/uploads\/sites\/148\/2022\/11\/Hoyres-logo.png\" class=\"attachment-scaled size-scaled\" alt=\"\" style=\"object-position: 50% 50%\" srcset=\"https:\/\/hoyre.no\/content\/uploads\/sites\/148\/2022\/11\/Hoyres-logo.png 1000w, https:\/\/hoyre.no\/content\/uploads\/sites\/148\/2022\/11\/Hoyres-logo-300x300.png 300w, https:\/\/hoyre.no\/content\/uploads\/sites\/148\/2022\/11\/Hoyres-logo-150x150.png 150w, https:\/\/hoyre.no\/content\/uploads\/sites\/148\/2022\/11\/Hoyres-logo-768x768.png 768w\" sizes=\"auto, (max-width: 1000px) 100vw, 1000px\" \/><\/div><\/figure>\n\n\n\n\n<p>I tilknytning til budsjettet behandler ogs\u00e5 bystyret s\u00e5kalte verbalforslag. Disse har ikke n\u00f8dvendigvis direkte \u00f8konomiske konsekvenser for kommunen, men gir retning for hva kommunen skal jobbe med fremover. <\/p>\n\n\n\n<p>H\u00f8yre fremmet flere verbalforslag, og en del av disse ble vedtatt med st\u00f8tte fra Frp, Venstre, R\u00f8dt og Thor Arne Angelsen (uavhengig representant i bystyret). <\/p>\n\n\n\n<p>Disse forslagene fra H\u00f8yre ble vedtatt: <\/p>\n\n\n\n<p><strong>Bofellesskap for personer med funksjonsnedsettelser.<\/strong><\/p>\n\n\n\n<p>Bystyret viser til etablering av privateid bofellesskap for personer med funksjonsnedsettelser. (HO6). Det skal lages rutine for \u00e5 kartlegge behov og realisere flere lignende prosjekter. M\u00e5let er \u00e5 sikre personer med behov for d\u00f8gnbemanning muligheten for \u00e5 bo i privateide bofellesskaper med base.<\/p>\n\n\n\n<p><strong>Rehabilitering av skoler<\/strong><\/p>\n\n\n\n<p>Flere skoler i Bod\u00f8 har behov for rehabilitering. Bystyret ber kommunedirekt\u00f8ren snarest mulig komme med en sak til bystyret med sikte p\u00e5 \u00e5 komme i gang med rehabilitering av skoler.<\/p>\n\n\n\n<p><strong>Boligsosialt l\u00f8ft<\/strong><\/p>\n\n\n\n<p>Bystyret ber kommunedirekt\u00f8rer utrede hvordan kommunale tomter kan v\u00e6re et virkemiddel i realisering av boliger til boligsosiale form\u00e5l, eksempelvis gjennom festeavtaler i samarbeid med private akt\u00f8rer. Bystyret ber om en sak om dette.<\/p>\n\n\n\n<p><strong>Foresl\u00e5tt kutt i ikke-lovp\u00e5lagte stillinger<\/strong><\/p>\n\n\n\n<p>Med bakgrunn i usikkerhet knyttet til budsjettforslag og tiltaksbeskrivelse n\u00e5r det gjelder Barne-og familieenheten er det viktig \u00e5 sikre en opprettholdelse av alle de ikke-lovp\u00e5lagte stillingene kommunedirekt\u00f8ren har foresl\u00e5tt \u00e5 kutte i Barne- og familieenheten. Bystyret ber om at Utekontakten, foreldreveileder og alle de 8 psykisk helser\u00e5dgiverne opprettholdes.<\/p>\n\n\n\n<p><strong>\u00d8kt startl\u00e5nsramme<\/strong><\/p>\n\n\n\n<p>Bystyret har et \u00f8nske om \u00e5 \u00f8ke startl\u00e5nrammen, og ber derfor kommunedirekt\u00f8ren unders\u00f8ke muligheten for dette gjennom dialog med Husbanken. Kommunedirekt\u00f8ren bes komme tilbake til bystyret med status for foresp\u00f8rselen om \u00f8kning av startl\u00e5nrammen.<\/p>\n\n\n<div class=\"tags\">\n\t<\/div>\n<div class=\"post-footer alignfull has-background block-editor-block-list__block\" data-align=full>\n\t<div class=\"post-footer-inner\">\n\t\t<h3>Relaterte artikler<\/h3>\n\t\t<div class=\"related-content\"><div class=\"is-card-hoyre\">\n\t<div class=\"teft-card hoyre-teft-card post-teft-card\">\n\t\t<a href=\"https:\/\/hoyre.no\/bodo\/aktuelt\/bodo-hoyres-nominasjonskomite\/\" class=\"teft-card__primary-action\">\n\n\t\t\t\t\t<div class=\"teft-card__media teft-card__media--16-9\">\n\t\t\t\t\t\t<img loading=\"lazy\" decoding=\"async\" width=\"590\" height=\"500\" src=\"https:\/\/hoyre.no\/content\/uploads\/sites\/148\/2026\/04\/Bodo-Hoyre-nom.kom26.jpg\" class=\"attachment-medium_large size-medium_large\" alt=\"\" srcset=\"https:\/\/hoyre.no\/content\/uploads\/sites\/148\/2026\/04\/Bodo-Hoyre-nom.kom26.jpg 590w, https:\/\/hoyre.no\/content\/uploads\/sites\/148\/2026\/04\/Bodo-Hoyre-nom.kom26-300x254.jpg 300w\" sizes=\"auto, (max-width: 590px) 100vw, 590px\" \/>\t\t<\/div>\n\t\t\n\t\t\t<div class=\"teft-card__content-wrapper\">\n\t\t\t\t<div class=\"teft-card__secondary\">\n\t\t\t\t\t\n\t\t\t\t\t\t\t\t<div class=\"teft-card__meta\">\n\t\t\t\t\t\t\t\t\t<span class=\"post-date\">9. apr 2026<\/span>\n\n\t\t\t\t\t\t\t\t\t\t\t\t\t\t\t\t\t<\/div>\n\t\t\t\t\t\t\t\t\t\t\t<\/div>\n\n\t\t\t\t<div class=\"teft-card__primary\">\n\t\t\t\t\t<h2 class=\"teft-card__title\">Bod\u00f8 H\u00f8yres nominasjonskomite&nbsp;<span class=\"teft-card__primary-title-append\"><\/span><\/h2>\t\t\t\t<\/div>\n\t\t\t<\/div>\n\t\t<\/a>\n\t<\/div>\n\n\t<\/div><div class=\"is-card-hoyre\">\n\t<div class=\"teft-card hoyre-teft-card post-teft-card\">\n\t\t<a href=\"https:\/\/hoyre.no\/bodo\/aktuelt\/havet-plattformen\/\" class=\"teft-card__primary-action\">\n\n\t\t\t\t\t<div class=\"teft-card__media teft-card__media--16-9\">\n\t\t\t\t\t\t<img loading=\"lazy\" decoding=\"async\" width=\"768\" height=\"512\" src=\"https:\/\/hoyre.no\/content\/uploads\/sites\/148\/2023\/04\/iStock-1218496388-768x512.jpg\" class=\"attachment-medium_large size-medium_large\" alt=\"\" srcset=\"https:\/\/hoyre.no\/content\/uploads\/sites\/148\/2023\/04\/iStock-1218496388-768x512.jpg 768w, https:\/\/hoyre.no\/content\/uploads\/sites\/148\/2023\/04\/iStock-1218496388-300x200.jpg 300w, https:\/\/hoyre.no\/content\/uploads\/sites\/148\/2023\/04\/iStock-1218496388-1024x683.jpg 1024w, https:\/\/hoyre.no\/content\/uploads\/sites\/148\/2023\/04\/iStock-1218496388-1536x1024.jpg 1536w, https:\/\/hoyre.no\/content\/uploads\/sites\/148\/2023\/04\/iStock-1218496388-2048x1365.jpg 2048w\" sizes=\"auto, (max-width: 768px) 100vw, 768px\" \/>\t\t<\/div>\n\t\t\n\t\t\t<div class=\"teft-card__content-wrapper\">\n\t\t\t\t<div class=\"teft-card__secondary\">\n\t\t\t\t\t\n\t\t\t\t\t\t\t\t<div class=\"teft-card__meta\">\n\t\t\t\t\t\t\t\t\t<span class=\"post-date\">22. sep 2023<\/span>\n\n\t\t\t\t\t\t\t\t\t<span class=\"post-category\">Ukategorisert<\/span>\t\t\t\t\t\t\t\t<\/div>\n\t\t\t\t\t\t\t\t\t\t\t<\/div>\n\n\t\t\t\t<div class=\"teft-card__primary\">\n\t\t\t\t\t<h2 class=\"teft-card__title\">Havet-plattformen&nbsp;<span class=\"teft-card__primary-title-append\"><\/span><\/h2>\t\t\t\t<\/div>\n\t\t\t<\/div>\n\t\t<\/a>\n\t<\/div>\n\n\t<\/div><div class=\"is-card-hoyre\">\n\t<div class=\"teft-card hoyre-teft-card post-teft-card\">\n\t\t<a href=\"https:\/\/hoyre.no\/bodo\/aktuelt\/bodo-hoyres-kandidater-til-kommunevalget-2023-2\/\" class=\"teft-card__primary-action\">\n\n\t\t\t\t\t<div class=\"teft-card__media teft-card__media--16-9\">\n\t\t\t\t\t\t<img loading=\"lazy\" decoding=\"async\" width=\"768\" height=\"512\" src=\"https:\/\/hoyre.no\/content\/uploads\/sites\/148\/2023\/03\/Bilder-del-1-14-768x512.jpg\" class=\"attachment-medium_large size-medium_large\" alt=\"\" srcset=\"https:\/\/hoyre.no\/content\/uploads\/sites\/148\/2023\/03\/Bilder-del-1-14-768x512.jpg 768w, https:\/\/hoyre.no\/content\/uploads\/sites\/148\/2023\/03\/Bilder-del-1-14-300x200.jpg 300w, https:\/\/hoyre.no\/content\/uploads\/sites\/148\/2023\/03\/Bilder-del-1-14-1024x683.jpg 1024w, https:\/\/hoyre.no\/content\/uploads\/sites\/148\/2023\/03\/Bilder-del-1-14-1536x1024.jpg 1536w, https:\/\/hoyre.no\/content\/uploads\/sites\/148\/2023\/03\/Bilder-del-1-14-2048x1365.jpg 2048w\" sizes=\"auto, (max-width: 768px) 100vw, 768px\" \/>\t\t<\/div>\n\t\t\n\t\t\t<div class=\"teft-card__content-wrapper\">\n\t\t\t\t<div class=\"teft-card__secondary\">\n\t\t\t\t\t\n\t\t\t\t\t\t\t\t<div class=\"teft-card__meta\">\n\t\t\t\t\t\t\t\t\t<span class=\"post-date\">4. aug 2023<\/span>\n\n\t\t\t\t\t\t\t\t\t<span class=\"post-category\">Ukategorisert<\/span>\t\t\t\t\t\t\t\t<\/div>\n\t\t\t\t\t\t\t\t\t\t\t<\/div>\n\n\t\t\t\t<div class=\"teft-card__primary\">\n\t\t\t\t\t<h2 class=\"teft-card__title\">Bod\u00f8 H\u00f8yres kandidater til kommunevalget 2023&nbsp;<span class=\"teft-card__primary-title-append\"><\/span><\/h2>\t\t\t\t<\/div>\n\t\t\t<\/div>\n\t\t<\/a>\n\t<\/div>\n\n\t<\/div><\/div>\t<\/div>\n<\/div>\n","protected":false},"excerpt":{"rendered":"","protected":false},"author":448,"featured_media":0,"comment_status":"closed","ping_status":"closed","sticky":false,"template":"","format":"standard","meta":{"teft_cards_image_url":"","teft_cards_custom_pretitle":"","teft_cards_image_id":215,"teft_cards_image_focal_point_x":0.5,"teft_cards_image_focal_point_y":0.5,"teft_cards_title":"","teft_cards_excerpt":"","teft_show_chapters":false,"author_display_name":"","footnotes":""},"category":[1],"post_tag":[],"hoyre-visibility":[],"article-type":[],"politician":[],"class_list":["post-216","post","type-post","status-publish","format-standard","hentry","category-ukategorisert"],"yoast_head":"<!-- This site is optimized with the Yoast SEO Premium plugin v26.5 (Yoast SEO v26.6) - https:\/\/yoast.com\/wordpress\/plugins\/seo\/ -->\n<title>Viktige gjennomslag i Bod\u00f8-budsjettet - Bod\u00f8 H\u00f8yre<\/title>\n<meta name=\"robots\" content=\"index, follow, max-snippet:-1, max-image-preview:large, max-video-preview:-1\" \/>\n<link rel=\"canonical\" href=\"https:\/\/hoyre.no\/bodo\/aktuelt\/viktige-gjennomslag-i-bodo-budsjettet\/\" \/>\n<meta property=\"og:locale\" content=\"nb_NO\" \/>\n<meta property=\"og:type\" content=\"article\" \/>\n<meta property=\"og:title\" content=\"Viktige gjennomslag i Bod\u00f8-budsjettet\" \/>\n<meta property=\"og:url\" content=\"https:\/\/hoyre.no\/bodo\/aktuelt\/viktige-gjennomslag-i-bodo-budsjettet\/\" \/>\n<meta property=\"og:site_name\" content=\"Bod\u00f8 H\u00f8yre\" \/>\n<meta property=\"article:published_time\" content=\"2022-12-09T12:30:52+00:00\" \/>\n<meta property=\"article:modified_time\" content=\"2022-12-09T12:30:53+00:00\" \/>\n<meta property=\"og:image\" content=\"https:\/\/hoyre.no\/content\/uploads\/sites\/148\/2023\/03\/Bilder-del-1-14-1024x683.jpg\" \/>\n<meta name=\"author\" content=\"Joakim Sennesvik\" \/>\n<meta name=\"twitter:card\" content=\"summary_large_image\" \/>\n<meta name=\"twitter:label1\" content=\"Skrevet av\" \/>\n\t<meta name=\"twitter:data1\" content=\"Joakim Sennesvik\" \/>\n\t<meta name=\"twitter:label2\" content=\"Ansl. lesetid\" \/>\n\t<meta name=\"twitter:data2\" content=\"2 minutter\" \/>\n<script type=\"application\/ld+json\" class=\"yoast-schema-graph\">{\"@context\":\"https:\/\/schema.org\",\"@graph\":[{\"@type\":\"NewsArticle\",\"@id\":\"https:\/\/hoyre.no\/bodo\/aktuelt\/viktige-gjennomslag-i-bodo-budsjettet\/\",\"url\":\"https:\/\/hoyre.no\/bodo\/aktuelt\/viktige-gjennomslag-i-bodo-budsjettet\/\",\"name\":\"Viktige gjennomslag i Bod\u00f8-budsjettet - Bod\u00f8 H\u00f8yre\",\"isPartOf\":{\"@id\":\"https:\/\/hoyre.no\/bodo\/#website\"},\"datePublished\":\"2022-12-09T12:30:52+00:00\",\"dateModified\":\"2022-12-09T12:30:53+00:00\",\"author\":{\"@id\":\"https:\/\/hoyre.no\/bodo\/#\/schema\/person\/1f8e1c4403c3915de592a4f085e90dff\"},\"breadcrumb\":{\"@id\":\"https:\/\/hoyre.no\/bodo\/aktuelt\/viktige-gjennomslag-i-bodo-budsjettet\/#breadcrumb\"},\"inLanguage\":\"nb-NO\",\"potentialAction\":[{\"@type\":\"ReadAction\",\"target\":[\"https:\/\/hoyre.no\/bodo\/aktuelt\/viktige-gjennomslag-i-bodo-budsjettet\/\"]}]},{\"@type\":\"BreadcrumbList\",\"@id\":\"https:\/\/hoyre.no\/bodo\/aktuelt\/viktige-gjennomslag-i-bodo-budsjettet\/#breadcrumb\",\"itemListElement\":[{\"@type\":\"ListItem\",\"position\":1,\"name\":\"Til hoyre.no\",\"item\":\"https:\/\/hoyre.no\"},{\"@type\":\"ListItem\",\"position\":2,\"name\":\"Hjem\",\"item\":\"https:\/\/hoyre.no\/bodo\/\"},{\"@type\":\"ListItem\",\"position\":3,\"name\":\"Viktige gjennomslag i Bod\u00f8-budsjettet\"}]},{\"@type\":\"WebSite\",\"@id\":\"https:\/\/hoyre.no\/bodo\/#website\",\"url\":\"https:\/\/hoyre.no\/bodo\/\",\"name\":\"Bod\u00f8 H\u00f8yre\",\"description\":\"Bare enda et H\u00f8yres nettsteder-nettsted\",\"inLanguage\":\"nb-NO\"},{\"@type\":\"Person\",\"@id\":\"https:\/\/hoyre.no\/bodo\/#\/schema\/person\/1f8e1c4403c3915de592a4f085e90dff\",\"name\":\"Joakim Sennesvik\",\"image\":{\"@type\":\"ImageObject\",\"inLanguage\":\"nb-NO\",\"@id\":\"https:\/\/hoyre.no\/bodo\/#\/schema\/person\/image\/\",\"url\":\"https:\/\/secure.gravatar.com\/avatar\/bf9cc3e7e5afe2762e5d04cd2ea7347c8b706349c8d253bbf60dd51ba58ec51b?s=96&d=mm&r=g\",\"contentUrl\":\"https:\/\/secure.gravatar.com\/avatar\/bf9cc3e7e5afe2762e5d04cd2ea7347c8b706349c8d253bbf60dd51ba58ec51b?s=96&d=mm&r=g\",\"caption\":\"Joakim Sennesvik\"},\"url\":\"https:\/\/hoyre.no\/bodo\/aktuelt\/author\/m50416700\/\"}]}<\/script>\n<!-- \/ Yoast SEO Premium plugin. -->","yoast_head_json":{"title":"Viktige gjennomslag i Bod\u00f8-budsjettet - Bod\u00f8 H\u00f8yre","robots":{"index":"index","follow":"follow","max-snippet":"max-snippet:-1","max-image-preview":"max-image-preview:large","max-video-preview":"max-video-preview:-1"},"canonical":"https:\/\/hoyre.no\/bodo\/aktuelt\/viktige-gjennomslag-i-bodo-budsjettet\/","og_locale":"nb_NO","og_type":"article","og_title":"Viktige gjennomslag i Bod\u00f8-budsjettet","og_url":"https:\/\/hoyre.no\/bodo\/aktuelt\/viktige-gjennomslag-i-bodo-budsjettet\/","og_site_name":"Bod\u00f8 H\u00f8yre","article_published_time":"2022-12-09T12:30:52+00:00","article_modified_time":"2022-12-09T12:30:53+00:00","og_image":[{"url":"https:\/\/hoyre.no\/content\/uploads\/sites\/148\/2023\/03\/Bilder-del-1-14-1024x683.jpg","width":"","height":"","type":""}],"author":"Joakim Sennesvik","twitter_card":"summary_large_image","twitter_misc":{"Skrevet av":"Joakim Sennesvik","Ansl. lesetid":"2 minutter"},"schema":{"@context":"https:\/\/schema.org","@graph":[{"@type":"NewsArticle","@id":"https:\/\/hoyre.no\/bodo\/aktuelt\/viktige-gjennomslag-i-bodo-budsjettet\/","url":"https:\/\/hoyre.no\/bodo\/aktuelt\/viktige-gjennomslag-i-bodo-budsjettet\/","name":"Viktige gjennomslag i Bod\u00f8-budsjettet - Bod\u00f8 H\u00f8yre","isPartOf":{"@id":"https:\/\/hoyre.no\/bodo\/#website"},"datePublished":"2022-12-09T12:30:52+00:00","dateModified":"2022-12-09T12:30:53+00:00","author":{"@id":"https:\/\/hoyre.no\/bodo\/#\/schema\/person\/1f8e1c4403c3915de592a4f085e90dff"},"breadcrumb":{"@id":"https:\/\/hoyre.no\/bodo\/aktuelt\/viktige-gjennomslag-i-bodo-budsjettet\/#breadcrumb"},"inLanguage":"nb-NO","potentialAction":[{"@type":"ReadAction","target":["https:\/\/hoyre.no\/bodo\/aktuelt\/viktige-gjennomslag-i-bodo-budsjettet\/"]}]},{"@type":"BreadcrumbList","@id":"https:\/\/hoyre.no\/bodo\/aktuelt\/viktige-gjennomslag-i-bodo-budsjettet\/#breadcrumb","itemListElement":[{"@type":"ListItem","position":1,"name":"Til hoyre.no","item":"https:\/\/hoyre.no"},{"@type":"ListItem","position":2,"name":"Hjem","item":"https:\/\/hoyre.no\/bodo\/"},{"@type":"ListItem","position":3,"name":"Viktige gjennomslag i Bod\u00f8-budsjettet"}]},{"@type":"WebSite","@id":"https:\/\/hoyre.no\/bodo\/#website","url":"https:\/\/hoyre.no\/bodo\/","name":"Bod\u00f8 H\u00f8yre","description":"Bare enda et H\u00f8yres nettsteder-nettsted","inLanguage":"nb-NO"},{"@type":"Person","@id":"https:\/\/hoyre.no\/bodo\/#\/schema\/person\/1f8e1c4403c3915de592a4f085e90dff","name":"Joakim Sennesvik","image":{"@type":"ImageObject","inLanguage":"nb-NO","@id":"https:\/\/hoyre.no\/bodo\/#\/schema\/person\/image\/","url":"https:\/\/secure.gravatar.com\/avatar\/bf9cc3e7e5afe2762e5d04cd2ea7347c8b706349c8d253bbf60dd51ba58ec51b?s=96&d=mm&r=g","contentUrl":"https:\/\/secure.gravatar.com\/avatar\/bf9cc3e7e5afe2762e5d04cd2ea7347c8b706349c8d253bbf60dd51ba58ec51b?s=96&d=mm&r=g","caption":"Joakim Sennesvik"},"url":"https:\/\/hoyre.no\/bodo\/aktuelt\/author\/m50416700\/"}]}},"distributor_meta":false,"distributor_terms":false,"distributor_media":false,"distributor_original_site_name":"Bod\u00f8 H\u00f8yre","distributor_original_site_url":"https:\/\/hoyre.no\/bodo","push-errors":false,"_links":{"self":[{"href":"https:\/\/hoyre.no\/bodo\/wp-json\/wp\/v2\/posts\/216","targetHints":{"allow":["GET"]}}],"collection":[{"href":"https:\/\/hoyre.no\/bodo\/wp-json\/wp\/v2\/posts"}],"about":[{"href":"https:\/\/hoyre.no\/bodo\/wp-json\/wp\/v2\/types\/post"}],"author":[{"embeddable":true,"href":"https:\/\/hoyre.no\/bodo\/wp-json\/wp\/v2\/users\/448"}],"replies":[{"embeddable":true,"href":"https:\/\/hoyre.no\/bodo\/wp-json\/wp\/v2\/comments?post=216"}],"version-history":[{"count":1,"href":"https:\/\/hoyre.no\/bodo\/wp-json\/wp\/v2\/posts\/216\/revisions"}],"predecessor-version":[{"id":217,"href":"https:\/\/hoyre.no\/bodo\/wp-json\/wp\/v2\/posts\/216\/revisions\/217"}],"wp:attachment":[{"href":"https:\/\/hoyre.no\/bodo\/wp-json\/wp\/v2\/media?parent=216"}],"wp:term":[{"taxonomy":"category","embeddable":true,"href":"https:\/\/hoyre.no\/bodo\/wp-json\/wp\/v2\/category?post=216"},{"taxonomy":"post_tag","embeddable":true,"href":"https:\/\/hoyre.no\/bodo\/wp-json\/wp\/v2\/post_tag?post=216"},{"taxonomy":"hoyre-visibility","embeddable":true,"href":"https:\/\/hoyre.no\/bodo\/wp-json\/wp\/v2\/hoyre-visibility?post=216"},{"taxonomy":"article-type","embeddable":true,"href":"https:\/\/hoyre.no\/bodo\/wp-json\/wp\/v2\/article-type?post=216"},{"taxonomy":"politician","embeddable":true,"href":"https:\/\/hoyre.no\/bodo\/wp-json\/wp\/v2\/politician?post=216"}],"curies":[{"name":"wp","href":"https:\/\/api.w.org\/{rel}","templated":true}]}}