{"id":1027,"date":"2025-01-06T21:19:47","date_gmt":"2025-01-06T20:19:47","guid":{"rendered":"https:\/\/hoyre.no\/buskerud\/?p=1027"},"modified":"2025-01-06T21:19:48","modified_gmt":"2025-01-06T20:19:48","slug":"store-regjeringens-politikk-pa-helsa-los","status":"publish","type":"post","link":"https:\/\/hoyre.no\/buskerud\/aktuelt\/store-regjeringens-politikk-pa-helsa-los\/","title":{"rendered":"St\u00f8re-regjeringens politikk p\u00e5 helsa l\u00f8s"},"content":{"rendered":"\n<p class=\"preamble\">Vi har dyktige fagfolk i helsetjenesten som g\u00e5r p\u00e5 jobb hver dag for \u00e5 ta vare p\u00e5 alle oss andre. De fortjener en stor takk. Samtidig er det piler som peker i gal retning, skriver Erna Solberg og Trond Helleland i Drammens Tidende.<\/p>\t\t\t<div class=\"post-meta wp-block teft-byline-wrapper\">\n\t\t\t\t<div class=\"top\">\n\t\t\t\t\t<div class=\"signature\">\n\t\t\t\t\t\t<div class=\"teft-byline\">\n\t\t\t\t\t\t\t\t\t\t\t\t\t\t<div>\n\t\t\t\t\t\t\t\t<h3>H\u00f8yres redaksjon<\/h3>\t\t\t\t\t\t\t\t\n\t\t\t\t\t\t\t\t\t\t\t\t\t\t\t\t\t<span class=\"date\">Sist oppdatert: 6. januar 2025<\/span>\n\t\t\t\t\t\t\t\t\t\t\t\t\t\t\t\t\t\t\t\t\t\t\t\t\t<span class=\"reading-time\" itemprop=\"timeRequired\" content=\"PT1M\"><em>Ca. 1 minutter lesetid<\/em><\/span>\n\t\t\t\t\t\t\t\t\t\t\t\t\t\t\t<\/div>\n\t\t\t\t\t\t<\/div>\n\t\t\t\t\t<\/div>\n\t\t\t\t\t\t<div class=\"sharing\">\n\t\t<a class=\"share-button share-link copy-link\" data-copy=\"https:\/\/hoyre.no\/buskerud\/aktuelt\/store-regjeringens-politikk-pa-helsa-los\/\" target=\"_blank\"><span class=\"screen-reader-text\">Del link<\/span><\/a>\n\t\t<a class=\"share-button share-twitter\" href=\"http:\/\/twitter.com\/share?text=St\u00f8re-regjeringens politikk p\u00e5 helsa l\u00f8s&#038;url=https:\/\/hoyre.no\/buskerud\/aktuelt\/store-regjeringens-politikk-pa-helsa-los\/&#038;hashtags=Hoyre\" target=\"_blank\"><span class=\"screen-reader-text\">Del p\u00e5 twitter<\/span><\/a>\n\t\t<a class=\"share-button share-facebook\" href=\"https:\/\/www.facebook.com\/sharer\/sharer.php?u=https:\/\/hoyre.no\/buskerud\/aktuelt\/store-regjeringens-politikk-pa-helsa-los\/\" target=\"_blank\"><span class=\"screen-reader-text\">Del p\u00e5 facebook<\/span><\/a>\n\t<\/div>\n\t\t\t\t\t<\/div>\n\t\t\t<\/div>\n\n\t\t\t<figure class=\"hoyre-image-wrapper\"><div class=\"hoyre-image\"><img loading=\"lazy\" decoding=\"async\" width=\"2160\" height=\"1620\" src=\"https:\/\/hoyre.no\/content\/uploads\/sites\/427\/2025\/01\/Erna-og-Trond-m-logo-2.jpg\" class=\"attachment-scaled size-scaled\" alt=\"\" style=\"object-position: 50% 50%\" srcset=\"https:\/\/hoyre.no\/content\/uploads\/sites\/427\/2025\/01\/Erna-og-Trond-m-logo-2.jpg 2160w, https:\/\/hoyre.no\/content\/uploads\/sites\/427\/2025\/01\/Erna-og-Trond-m-logo-2-300x225.jpg 300w, https:\/\/hoyre.no\/content\/uploads\/sites\/427\/2025\/01\/Erna-og-Trond-m-logo-2-1024x768.jpg 1024w, https:\/\/hoyre.no\/content\/uploads\/sites\/427\/2025\/01\/Erna-og-Trond-m-logo-2-768x576.jpg 768w, https:\/\/hoyre.no\/content\/uploads\/sites\/427\/2025\/01\/Erna-og-Trond-m-logo-2-1536x1152.jpg 1536w, https:\/\/hoyre.no\/content\/uploads\/sites\/427\/2025\/01\/Erna-og-Trond-m-logo-2-2048x1536.jpg 2048w\" sizes=\"auto, (max-width: 2160px) 100vw, 2160px\" \/><\/div><figcaption class=\"caption\">Erna Solberg, leder i H\u00f8yre og Trond Helleland, nestleder i H\u00f8yres stortingsgruppe<\/figcaption><\/figure>\n\n\n\n\n<p>For H\u00f8yre er m\u00e5let \u00e5 bygge pasientenes helsetjeneste. En helsetjeneste der det ikke betyr noe hvor du f\u00e5r behandling, s\u00e5 lenge du f\u00e5r det raskt og at det offentlige tar regningen. Les hele innlegget i Drammens Tidende <a href=\"https:\/\/www.dt.no\/store-regjeringens-politikk-pa-helsa-los\/o\/5-57-2531972\">her<\/a>.<\/p>\n\n\n<div class=\"tags\">\n\t<\/div>\n<div class=\"post-footer alignfull has-background block-editor-block-list__block\" data-align=full>\n\t<div class=\"post-footer-inner\">\n\t\t<h3>Relaterte artikler<\/h3>\n\t\t<div class=\"related-content\"><div class=\"is-card-hoyre\">\n\t<div class=\"teft-card hoyre-teft-card post-teft-card\">\n\t\t<a href=\"https:\/\/hoyre.no\/buskerud\/aktuelt\/buskerud-fylkeskommune-ligger-an-til-a-fa-et-netto-driftsresultat-pa-297-millioner-kroner-for-2025\/\" class=\"teft-card__primary-action\">\n\n\t\t\t\t\t<div class=\"teft-card__media teft-card__media--16-9\">\n\t\t\t\t\t\t<img loading=\"lazy\" decoding=\"async\" width=\"768\" height=\"512\" src=\"https:\/\/hoyre.no\/content\/uploads\/sites\/427\/2025\/10\/tore-opdal-hansen-61887-foto-cf-wesenberg_52522907160_o-768x512.jpg\" class=\"attachment-medium_large size-medium_large\" alt=\"\" srcset=\"https:\/\/hoyre.no\/content\/uploads\/sites\/427\/2025\/10\/tore-opdal-hansen-61887-foto-cf-wesenberg_52522907160_o-768x512.jpg 768w, https:\/\/hoyre.no\/content\/uploads\/sites\/427\/2025\/10\/tore-opdal-hansen-61887-foto-cf-wesenberg_52522907160_o-300x200.jpg 300w, https:\/\/hoyre.no\/content\/uploads\/sites\/427\/2025\/10\/tore-opdal-hansen-61887-foto-cf-wesenberg_52522907160_o-1024x683.jpg 1024w, https:\/\/hoyre.no\/content\/uploads\/sites\/427\/2025\/10\/tore-opdal-hansen-61887-foto-cf-wesenberg_52522907160_o-1536x1024.jpg 1536w, https:\/\/hoyre.no\/content\/uploads\/sites\/427\/2025\/10\/tore-opdal-hansen-61887-foto-cf-wesenberg_52522907160_o-2048x1365.jpg 2048w\" sizes=\"auto, (max-width: 768px) 100vw, 768px\" \/>\t\t<\/div>\n\t\t\n\t\t\t<div class=\"teft-card__content-wrapper\">\n\t\t\t\t<div class=\"teft-card__secondary\">\n\t\t\t\t\t\n\t\t\t\t\t\t\t\t<div class=\"teft-card__meta\">\n\t\t\t\t\t\t\t\t\t<span class=\"post-date\">5. mar 2026<\/span>\n\n\t\t\t\t\t\t\t\t\t<span class=\"post-category\">Nyheter<\/span>\t\t\t\t\t\t\t\t<\/div>\n\t\t\t\t\t\t\t\t\t\t\t<\/div>\n\n\t\t\t\t<div class=\"teft-card__primary\">\n\t\t\t\t\t<h2 class=\"teft-card__title\">Buskerud fylkeskommune ligger an til \u00e5 f\u00e5 et netto driftsresultat p\u00e5 297 millioner kroner for 2025&nbsp;<span class=\"teft-card__primary-title-append\"><\/span><\/h2>\t\t\t\t<\/div>\n\t\t\t<\/div>\n\t\t<\/a>\n\t<\/div>\n\n\t<\/div><div class=\"is-card-hoyre\">\n\t<div class=\"teft-card hoyre-teft-card post-teft-card\">\n\t\t<a href=\"https:\/\/hoyre.no\/buskerud\/aktuelt\/trygghet-vekst-og-samhold-en-helhetlig-satsing-for-framtidens-buskerud\/\" class=\"teft-card__primary-action\">\n\n\t\t\t\t\t<div class=\"teft-card__media teft-card__media--16-9\">\n\t\t\t\t\t\t<img loading=\"lazy\" decoding=\"async\" width=\"768\" height=\"432\" src=\"https:\/\/hoyre.no\/content\/uploads\/sites\/427\/2026\/02\/Tog-elv-skog-768x432.jpeg\" class=\"attachment-medium_large size-medium_large\" alt=\"\" srcset=\"https:\/\/hoyre.no\/content\/uploads\/sites\/427\/2026\/02\/Tog-elv-skog-768x432.jpeg 768w, https:\/\/hoyre.no\/content\/uploads\/sites\/427\/2026\/02\/Tog-elv-skog-300x169.jpeg 300w, https:\/\/hoyre.no\/content\/uploads\/sites\/427\/2026\/02\/Tog-elv-skog-1024x576.jpeg 1024w, https:\/\/hoyre.no\/content\/uploads\/sites\/427\/2026\/02\/Tog-elv-skog-1536x863.jpeg 1536w, https:\/\/hoyre.no\/content\/uploads\/sites\/427\/2026\/02\/Tog-elv-skog.jpeg 2048w\" sizes=\"auto, (max-width: 768px) 100vw, 768px\" \/>\t\t<\/div>\n\t\t\n\t\t\t<div class=\"teft-card__content-wrapper\">\n\t\t\t\t<div class=\"teft-card__secondary\">\n\t\t\t\t\t\n\t\t\t\t\t\t\t\t<div class=\"teft-card__meta\">\n\t\t\t\t\t\t\t\t\t<span class=\"post-date\">27. feb 2026<\/span>\n\n\t\t\t\t\t\t\t\t\t<span class=\"post-category\">Nyheter<\/span>\t\t\t\t\t\t\t\t<\/div>\n\t\t\t\t\t\t\t\t\t\t\t<\/div>\n\n\t\t\t\t<div class=\"teft-card__primary\">\n\t\t\t\t\t<h2 class=\"teft-card__title\">Trygghet, vekst og samhold \u2014 en helhetlig satsing for framtidens Buskerud&nbsp;<span class=\"teft-card__primary-title-append\"><\/span><\/h2>\t\t\t\t<\/div>\n\t\t\t<\/div>\n\t\t<\/a>\n\t<\/div>\n\n\t<\/div><div class=\"is-card-hoyre\">\n\t<div class=\"teft-card hoyre-teft-card post-teft-card\">\n\t\t<a href=\"https:\/\/hoyre.no\/buskerud\/aktuelt\/norge-kan-ikke-miste-gronn-industri-pa-grunn-av-somling\/\" class=\"teft-card__primary-action\">\n\n\t\t\t\t\t<div class=\"teft-card__media teft-card__media--16-9\">\n\t\t\t\t\t\t<img loading=\"lazy\" decoding=\"async\" width=\"768\" height=\"576\" src=\"https:\/\/hoyre.no\/content\/uploads\/sites\/427\/2026\/02\/Tommer-768x576.jpeg\" class=\"attachment-medium_large size-medium_large\" alt=\"\" srcset=\"https:\/\/hoyre.no\/content\/uploads\/sites\/427\/2026\/02\/Tommer-768x576.jpeg 768w, https:\/\/hoyre.no\/content\/uploads\/sites\/427\/2026\/02\/Tommer-300x225.jpeg 300w, https:\/\/hoyre.no\/content\/uploads\/sites\/427\/2026\/02\/Tommer-1024x768.jpeg 1024w, https:\/\/hoyre.no\/content\/uploads\/sites\/427\/2026\/02\/Tommer-1536x1152.jpeg 1536w, https:\/\/hoyre.no\/content\/uploads\/sites\/427\/2026\/02\/Tommer.jpeg 1600w\" sizes=\"auto, (max-width: 768px) 100vw, 768px\" \/>\t\t<\/div>\n\t\t\n\t\t\t<div class=\"teft-card__content-wrapper\">\n\t\t\t\t<div class=\"teft-card__secondary\">\n\t\t\t\t\t\n\t\t\t\t\t\t\t\t<div class=\"teft-card__meta\">\n\t\t\t\t\t\t\t\t\t<span class=\"post-date\">26. feb 2026<\/span>\n\n\t\t\t\t\t\t\t\t\t<span class=\"post-category\">Nyheter<\/span>\t\t\t\t\t\t\t\t<\/div>\n\t\t\t\t\t\t\t\t\t\t\t<\/div>\n\n\t\t\t\t<div class=\"teft-card__primary\">\n\t\t\t\t\t<h2 class=\"teft-card__title\">Norge kan ikke miste gr\u00f8nn industri p\u00e5 grunn av somling&nbsp;<span class=\"teft-card__primary-title-append\"><\/span><\/h2>\t\t\t\t<\/div>\n\t\t\t<\/div>\n\t\t<\/a>\n\t<\/div>\n\n\t<\/div><\/div>\t<\/div>\n<\/div>\n","protected":false},"excerpt":{"rendered":"","protected":false},"author":447,"featured_media":0,"comment_status":"closed","ping_status":"closed","sticky":false,"template":"","format":"standard","meta":{"teft_cards_image_url":"","teft_cards_custom_pretitle":"","teft_cards_image_id":1029,"teft_cards_image_focal_point_x":0.5,"teft_cards_image_focal_point_y":0.5,"teft_cards_title":"","teft_cards_excerpt":"","teft_show_chapters":false,"author_display_name":"Buskerud H\u00f8yre","footnotes":""},"category":[1],"post_tag":[],"hoyre-visibility":[],"article-type":[],"politician":[],"class_list":["post-1027","post","type-post","status-publish","format-standard","hentry","category-nyheter"],"yoast_head":"<!-- This site is optimized with the Yoast SEO plugin v26.6 - https:\/\/yoast.com\/wordpress\/plugins\/seo\/ -->\n<title>St\u00f8re-regjeringens politikk p\u00e5 helsa l\u00f8s - Buskerud H\u00f8yre<\/title>\n<meta name=\"robots\" content=\"index, follow, max-snippet:-1, max-image-preview:large, max-video-preview:-1\" \/>\n<link rel=\"canonical\" href=\"https:\/\/hoyre.no\/buskerud\/aktuelt\/store-regjeringens-politikk-pa-helsa-los\/\" \/>\n<meta property=\"og:locale\" content=\"nb_NO\" \/>\n<meta property=\"og:type\" content=\"article\" \/>\n<meta property=\"og:title\" content=\"St\u00f8re-regjeringens politikk p\u00e5 helsa l\u00f8s - Buskerud H\u00f8yre\" \/>\n<meta property=\"og:url\" content=\"https:\/\/hoyre.no\/buskerud\/aktuelt\/store-regjeringens-politikk-pa-helsa-los\/\" \/>\n<meta property=\"og:site_name\" content=\"Buskerud H\u00f8yre\" \/>\n<meta property=\"article:publisher\" content=\"https:\/\/www.facebook.com\/buskerudhoyre\" \/>\n<meta property=\"article:published_time\" content=\"2025-01-06T20:19:47+00:00\" \/>\n<meta property=\"article:modified_time\" content=\"2025-01-06T20:19:48+00:00\" \/>\n<meta property=\"og:image\" content=\"https:\/\/hoyre.no\/content\/uploads\/sites\/427\/2026\/02\/Tommer-1024x768.jpeg\" \/>\n<meta name=\"author\" content=\"Morten Sandnes\" \/>\n<meta name=\"twitter:card\" content=\"summary_large_image\" \/>\n<meta name=\"twitter:label1\" content=\"Skrevet av\" \/>\n\t<meta name=\"twitter:data1\" content=\"Morten Sandnes\" \/>\n\t<meta name=\"twitter:label2\" content=\"Ansl. lesetid\" \/>\n\t<meta name=\"twitter:data2\" content=\"1 minutt\" \/>\n<script type=\"application\/ld+json\" class=\"yoast-schema-graph\">{\"@context\":\"https:\/\/schema.org\",\"@graph\":[{\"@type\":\"Article\",\"@id\":\"https:\/\/hoyre.no\/buskerud\/aktuelt\/store-regjeringens-politikk-pa-helsa-los\/#article\",\"isPartOf\":{\"@id\":\"https:\/\/hoyre.no\/buskerud\/aktuelt\/store-regjeringens-politikk-pa-helsa-los\/\"},\"author\":{\"name\":\"Morten Sandnes\",\"@id\":\"https:\/\/hoyre.no\/buskerud\/#\/schema\/person\/b9d4540632544d99376a438798d66b7c\"},\"headline\":\"St\u00f8re-regjeringens politikk p\u00e5 helsa l\u00f8s\",\"datePublished\":\"2025-01-06T20:19:47+00:00\",\"dateModified\":\"2025-01-06T20:19:48+00:00\",\"mainEntityOfPage\":{\"@id\":\"https:\/\/hoyre.no\/buskerud\/aktuelt\/store-regjeringens-politikk-pa-helsa-los\/\"},\"wordCount\":119,\"publisher\":{\"@id\":\"https:\/\/hoyre.no\/buskerud\/#organization\"},\"articleSection\":[\"Nyheter\"],\"inLanguage\":\"nb-NO\"},{\"@type\":\"NewsArticle\",\"@id\":\"https:\/\/hoyre.no\/buskerud\/aktuelt\/store-regjeringens-politikk-pa-helsa-los\/\",\"url\":\"https:\/\/hoyre.no\/buskerud\/aktuelt\/store-regjeringens-politikk-pa-helsa-los\/\",\"name\":\"St\u00f8re-regjeringens politikk p\u00e5 helsa l\u00f8s - Buskerud H\u00f8yre\",\"isPartOf\":{\"@id\":\"https:\/\/hoyre.no\/buskerud\/#website\"},\"datePublished\":\"2025-01-06T20:19:47+00:00\",\"dateModified\":\"2025-01-06T20:19:48+00:00\",\"breadcrumb\":{\"@id\":\"https:\/\/hoyre.no\/buskerud\/aktuelt\/store-regjeringens-politikk-pa-helsa-los\/#breadcrumb\"},\"inLanguage\":\"nb-NO\",\"potentialAction\":[{\"@type\":\"ReadAction\",\"target\":[\"https:\/\/hoyre.no\/buskerud\/aktuelt\/store-regjeringens-politikk-pa-helsa-los\/\"]}]},{\"@type\":\"BreadcrumbList\",\"@id\":\"https:\/\/hoyre.no\/buskerud\/aktuelt\/store-regjeringens-politikk-pa-helsa-los\/#breadcrumb\",\"itemListElement\":[{\"@type\":\"ListItem\",\"position\":1,\"name\":\"Til hoyre.no\",\"item\":\"https:\/\/hoyre.no\"},{\"@type\":\"ListItem\",\"position\":2,\"name\":\"Hjem\",\"item\":\"https:\/\/hoyre.no\/buskerud\/\"},{\"@type\":\"ListItem\",\"position\":3,\"name\":\"St\u00f8re-regjeringens politikk p\u00e5 helsa l\u00f8s\"}]},{\"@type\":\"WebSite\",\"@id\":\"https:\/\/hoyre.no\/buskerud\/#website\",\"url\":\"https:\/\/hoyre.no\/buskerud\/\",\"name\":\"Buskerud H\u00f8yre\",\"description\":\"Bare enda et H\u00f8yres nettsteder-nettsted\",\"publisher\":{\"@id\":\"https:\/\/hoyre.no\/buskerud\/#organization\"},\"inLanguage\":\"nb-NO\"},{\"@type\":\"Organization\",\"@id\":\"https:\/\/hoyre.no\/buskerud\/#organization\",\"name\":\"Buskerud H\u00f8yre\",\"url\":\"https:\/\/hoyre.no\/buskerud\/\",\"logo\":{\"@type\":\"ImageObject\",\"inLanguage\":\"nb-NO\",\"@id\":\"https:\/\/hoyre.no\/buskerud\/#\/schema\/logo\/image\/\",\"url\":\"https:\/\/hoyre.no\/content\/uploads\/sites\/427\/2023\/02\/hoyre_logo.png\",\"contentUrl\":\"https:\/\/hoyre.no\/content\/uploads\/sites\/427\/2023\/02\/hoyre_logo.png\",\"width\":1000,\"height\":1000,\"caption\":\"Buskerud H\u00f8yre\"},\"image\":{\"@id\":\"https:\/\/hoyre.no\/buskerud\/#\/schema\/logo\/image\/\"},\"sameAs\":[\"https:\/\/www.facebook.com\/buskerudhoyre\"]},{\"@type\":\"Person\",\"@id\":\"https:\/\/hoyre.no\/buskerud\/#\/schema\/person\/b9d4540632544d99376a438798d66b7c\",\"name\":\"Morten Sandnes\",\"image\":{\"@type\":\"ImageObject\",\"inLanguage\":\"nb-NO\",\"@id\":\"https:\/\/hoyre.no\/buskerud\/#\/schema\/person\/image\/\",\"url\":\"https:\/\/secure.gravatar.com\/avatar\/06423fc2e4fb8b22541b850a0adbc333c842aa89f8eb095c538ff0a052469848?s=96&d=mm&r=g\",\"contentUrl\":\"https:\/\/secure.gravatar.com\/avatar\/06423fc2e4fb8b22541b850a0adbc333c842aa89f8eb095c538ff0a052469848?s=96&d=mm&r=g\",\"caption\":\"Morten Sandnes\"},\"url\":\"https:\/\/hoyre.no\/buskerud\/aktuelt\/author\/m11329653\/\"}]}<\/script>\n<!-- \/ Yoast SEO plugin. -->","yoast_head_json":{"title":"St\u00f8re-regjeringens politikk p\u00e5 helsa l\u00f8s - Buskerud H\u00f8yre","robots":{"index":"index","follow":"follow","max-snippet":"max-snippet:-1","max-image-preview":"max-image-preview:large","max-video-preview":"max-video-preview:-1"},"canonical":"https:\/\/hoyre.no\/buskerud\/aktuelt\/store-regjeringens-politikk-pa-helsa-los\/","og_locale":"nb_NO","og_type":"article","og_title":"St\u00f8re-regjeringens politikk p\u00e5 helsa l\u00f8s - Buskerud H\u00f8yre","og_url":"https:\/\/hoyre.no\/buskerud\/aktuelt\/store-regjeringens-politikk-pa-helsa-los\/","og_site_name":"Buskerud H\u00f8yre","article_publisher":"https:\/\/www.facebook.com\/buskerudhoyre","article_published_time":"2025-01-06T20:19:47+00:00","article_modified_time":"2025-01-06T20:19:48+00:00","og_image":[{"url":"https:\/\/hoyre.no\/content\/uploads\/sites\/427\/2026\/02\/Tommer-1024x768.jpeg","width":"","height":"","type":""}],"author":"Morten Sandnes","twitter_card":"summary_large_image","twitter_misc":{"Skrevet av":"Morten Sandnes","Ansl. lesetid":"1 minutt"},"schema":{"@context":"https:\/\/schema.org","@graph":[{"@type":"Article","@id":"https:\/\/hoyre.no\/buskerud\/aktuelt\/store-regjeringens-politikk-pa-helsa-los\/#article","isPartOf":{"@id":"https:\/\/hoyre.no\/buskerud\/aktuelt\/store-regjeringens-politikk-pa-helsa-los\/"},"author":{"name":"Morten Sandnes","@id":"https:\/\/hoyre.no\/buskerud\/#\/schema\/person\/b9d4540632544d99376a438798d66b7c"},"headline":"St\u00f8re-regjeringens politikk p\u00e5 helsa l\u00f8s","datePublished":"2025-01-06T20:19:47+00:00","dateModified":"2025-01-06T20:19:48+00:00","mainEntityOfPage":{"@id":"https:\/\/hoyre.no\/buskerud\/aktuelt\/store-regjeringens-politikk-pa-helsa-los\/"},"wordCount":119,"publisher":{"@id":"https:\/\/hoyre.no\/buskerud\/#organization"},"articleSection":["Nyheter"],"inLanguage":"nb-NO"},{"@type":"NewsArticle","@id":"https:\/\/hoyre.no\/buskerud\/aktuelt\/store-regjeringens-politikk-pa-helsa-los\/","url":"https:\/\/hoyre.no\/buskerud\/aktuelt\/store-regjeringens-politikk-pa-helsa-los\/","name":"St\u00f8re-regjeringens politikk p\u00e5 helsa l\u00f8s - Buskerud H\u00f8yre","isPartOf":{"@id":"https:\/\/hoyre.no\/buskerud\/#website"},"datePublished":"2025-01-06T20:19:47+00:00","dateModified":"2025-01-06T20:19:48+00:00","breadcrumb":{"@id":"https:\/\/hoyre.no\/buskerud\/aktuelt\/store-regjeringens-politikk-pa-helsa-los\/#breadcrumb"},"inLanguage":"nb-NO","potentialAction":[{"@type":"ReadAction","target":["https:\/\/hoyre.no\/buskerud\/aktuelt\/store-regjeringens-politikk-pa-helsa-los\/"]}]},{"@type":"BreadcrumbList","@id":"https:\/\/hoyre.no\/buskerud\/aktuelt\/store-regjeringens-politikk-pa-helsa-los\/#breadcrumb","itemListElement":[{"@type":"ListItem","position":1,"name":"Til hoyre.no","item":"https:\/\/hoyre.no"},{"@type":"ListItem","position":2,"name":"Hjem","item":"https:\/\/hoyre.no\/buskerud\/"},{"@type":"ListItem","position":3,"name":"St\u00f8re-regjeringens politikk p\u00e5 helsa l\u00f8s"}]},{"@type":"WebSite","@id":"https:\/\/hoyre.no\/buskerud\/#website","url":"https:\/\/hoyre.no\/buskerud\/","name":"Buskerud H\u00f8yre","description":"Bare enda et H\u00f8yres nettsteder-nettsted","publisher":{"@id":"https:\/\/hoyre.no\/buskerud\/#organization"},"inLanguage":"nb-NO"},{"@type":"Organization","@id":"https:\/\/hoyre.no\/buskerud\/#organization","name":"Buskerud H\u00f8yre","url":"https:\/\/hoyre.no\/buskerud\/","logo":{"@type":"ImageObject","inLanguage":"nb-NO","@id":"https:\/\/hoyre.no\/buskerud\/#\/schema\/logo\/image\/","url":"https:\/\/hoyre.no\/content\/uploads\/sites\/427\/2023\/02\/hoyre_logo.png","contentUrl":"https:\/\/hoyre.no\/content\/uploads\/sites\/427\/2023\/02\/hoyre_logo.png","width":1000,"height":1000,"caption":"Buskerud H\u00f8yre"},"image":{"@id":"https:\/\/hoyre.no\/buskerud\/#\/schema\/logo\/image\/"},"sameAs":["https:\/\/www.facebook.com\/buskerudhoyre"]},{"@type":"Person","@id":"https:\/\/hoyre.no\/buskerud\/#\/schema\/person\/b9d4540632544d99376a438798d66b7c","name":"Morten Sandnes","image":{"@type":"ImageObject","inLanguage":"nb-NO","@id":"https:\/\/hoyre.no\/buskerud\/#\/schema\/person\/image\/","url":"https:\/\/secure.gravatar.com\/avatar\/06423fc2e4fb8b22541b850a0adbc333c842aa89f8eb095c538ff0a052469848?s=96&d=mm&r=g","contentUrl":"https:\/\/secure.gravatar.com\/avatar\/06423fc2e4fb8b22541b850a0adbc333c842aa89f8eb095c538ff0a052469848?s=96&d=mm&r=g","caption":"Morten Sandnes"},"url":"https:\/\/hoyre.no\/buskerud\/aktuelt\/author\/m11329653\/"}]}},"distributor_meta":false,"distributor_terms":false,"distributor_media":false,"distributor_original_site_name":"Buskerud H\u00f8yre","distributor_original_site_url":"https:\/\/hoyre.no\/buskerud","push-errors":false,"_links":{"self":[{"href":"https:\/\/hoyre.no\/buskerud\/wp-json\/wp\/v2\/posts\/1027","targetHints":{"allow":["GET"]}}],"collection":[{"href":"https:\/\/hoyre.no\/buskerud\/wp-json\/wp\/v2\/posts"}],"about":[{"href":"https:\/\/hoyre.no\/buskerud\/wp-json\/wp\/v2\/types\/post"}],"author":[{"embeddable":true,"href":"https:\/\/hoyre.no\/buskerud\/wp-json\/wp\/v2\/users\/447"}],"replies":[{"embeddable":true,"href":"https:\/\/hoyre.no\/buskerud\/wp-json\/wp\/v2\/comments?post=1027"}],"version-history":[{"count":1,"href":"https:\/\/hoyre.no\/buskerud\/wp-json\/wp\/v2\/posts\/1027\/revisions"}],"predecessor-version":[{"id":1030,"href":"https:\/\/hoyre.no\/buskerud\/wp-json\/wp\/v2\/posts\/1027\/revisions\/1030"}],"wp:attachment":[{"href":"https:\/\/hoyre.no\/buskerud\/wp-json\/wp\/v2\/media?parent=1027"}],"wp:term":[{"taxonomy":"category","embeddable":true,"href":"https:\/\/hoyre.no\/buskerud\/wp-json\/wp\/v2\/category?post=1027"},{"taxonomy":"post_tag","embeddable":true,"href":"https:\/\/hoyre.no\/buskerud\/wp-json\/wp\/v2\/post_tag?post=1027"},{"taxonomy":"hoyre-visibility","embeddable":true,"href":"https:\/\/hoyre.no\/buskerud\/wp-json\/wp\/v2\/hoyre-visibility?post=1027"},{"taxonomy":"article-type","embeddable":true,"href":"https:\/\/hoyre.no\/buskerud\/wp-json\/wp\/v2\/article-type?post=1027"},{"taxonomy":"politician","embeddable":true,"href":"https:\/\/hoyre.no\/buskerud\/wp-json\/wp\/v2\/politician?post=1027"}],"curies":[{"name":"wp","href":"https:\/\/api.w.org\/{rel}","templated":true}]}}