{"id":1341,"date":"2026-02-18T13:06:44","date_gmt":"2026-02-18T12:06:44","guid":{"rendered":"https:\/\/hoyre.no\/buskerud\/?p=1341"},"modified":"2026-02-18T13:06:44","modified_gmt":"2026-02-18T12:06:44","slug":"vold-i-naere-relasjoner-ma-bekjempes","status":"publish","type":"post","link":"https:\/\/hoyre.no\/buskerud\/aktuelt\/vold-i-naere-relasjoner-ma-bekjempes\/","title":{"rendered":"Vold i n\u00e6re relasjoner m\u00e5 bekjempes"},"content":{"rendered":"\n<p class=\"preamble\">Vold i n\u00e6re relasjoner er ikke \u00e9n hendelse, men et m\u00f8nster av kontroll, psykisk terror og frykt. Mange bruker \u00e5r \u2013 noen ti\u00e5r \u2013 p\u00e5 \u00e5 fortelle, skriver Kristin Surlien, leder av Buskerud H\u00f8yres Kvinneforum og Kristin \u00d8rmen Johnsen, styremedlem i H\u00f8yres Kvinneforum.<\/p>\t\t\t<div class=\"post-meta wp-block teft-byline-wrapper\">\n\t\t\t\t<div class=\"top\">\n\t\t\t\t\t<div class=\"signature\">\n\t\t\t\t\t\t<div class=\"teft-byline\">\n\t\t\t\t\t\t\t\t\t\t\t\t\t\t<div>\n\t\t\t\t\t\t\t\t<h3>H\u00f8yres redaksjon<\/h3>\t\t\t\t\t\t\t\t\n\t\t\t\t\t\t\t\t\t\t\t\t\t\t\t\t\t<span class=\"date\">Sist oppdatert: 18. februar 2026<\/span>\n\t\t\t\t\t\t\t\t\t\t\t\t\t\t\t\t\t\t\t\t\t\t\t\t\t<span class=\"reading-time\" itemprop=\"timeRequired\" content=\"PT3M\"><em>Ca. 3 minutter lesetid<\/em><\/span>\n\t\t\t\t\t\t\t\t\t\t\t\t\t\t\t<\/div>\n\t\t\t\t\t\t<\/div>\n\t\t\t\t\t<\/div>\n\t\t\t\t\t\t<div class=\"sharing\">\n\t\t<a class=\"share-button share-link copy-link\" data-copy=\"https:\/\/hoyre.no\/buskerud\/aktuelt\/vold-i-naere-relasjoner-ma-bekjempes\/\" target=\"_blank\"><span class=\"screen-reader-text\">Del link<\/span><\/a>\n\t\t<a class=\"share-button share-twitter\" href=\"http:\/\/twitter.com\/share?text=Vold i n\u00e6re relasjoner m\u00e5 bekjempes&#038;url=https:\/\/hoyre.no\/buskerud\/aktuelt\/vold-i-naere-relasjoner-ma-bekjempes\/&#038;hashtags=Hoyre\" target=\"_blank\"><span class=\"screen-reader-text\">Del p\u00e5 twitter<\/span><\/a>\n\t\t<a class=\"share-button share-facebook\" href=\"https:\/\/www.facebook.com\/sharer\/sharer.php?u=https:\/\/hoyre.no\/buskerud\/aktuelt\/vold-i-naere-relasjoner-ma-bekjempes\/\" target=\"_blank\"><span class=\"screen-reader-text\">Del p\u00e5 facebook<\/span><\/a>\n\t<\/div>\n\t\t\t\t\t<\/div>\n\t\t\t<\/div>\n\n\t\t\t<figure class=\"hoyre-image-wrapper\"><div class=\"hoyre-image\"><img loading=\"lazy\" decoding=\"async\" width=\"640\" height=\"640\" src=\"https:\/\/hoyre.no\/content\/uploads\/sites\/427\/2026\/02\/Kristin-og-Kristin-2.jpg\" class=\"attachment-scaled size-scaled\" alt=\"\" style=\"object-position: 50% 50%\" srcset=\"https:\/\/hoyre.no\/content\/uploads\/sites\/427\/2026\/02\/Kristin-og-Kristin-2.jpg 640w, https:\/\/hoyre.no\/content\/uploads\/sites\/427\/2026\/02\/Kristin-og-Kristin-2-300x300.jpg 300w, https:\/\/hoyre.no\/content\/uploads\/sites\/427\/2026\/02\/Kristin-og-Kristin-2-150x150.jpg 150w\" sizes=\"auto, (max-width: 640px) 100vw, 640px\" \/><\/div><figcaption class=\"caption\">Kristin \u00d8rmen Johnsen, styremedlem i H\u00f8yres Kvinneforum og Kristin Surlien, leder av Buskerud H\u00f8yres Kvinneforum.<\/figcaption><\/figure>\n\n\n\n\n<p><em>\u00abTall for voldtekt og mishandling i n\u00e6re relasjoner har skutt i taket<\/em>\u00bb Dette er en overskrift i Drammens tidende denne uken. Politiet tror likevel ikke det har blitt flere overgrep, men at de avsl\u00f8rer mer \u2013 og det er flott og hurra for prioriteringen av dette arbeide. Noe som fortsatt bekymrer er at det overhodet ikke er noen grunn til \u00e5 bruke superlativer p\u00e5, er at m\u00f8rketallene er store.<\/p>\n\n\n\n<p>For bak hvert m\u00f8rketall er det en eller flere s\u00e5rbare som vi er pliktig til \u00e5 hjelpe, s\u00e5 politiet m\u00e5 avsl\u00f8re mer og flere m\u00e5 si ifra. H\u00f8yres Kvinneforum har dette som sin store fanesak. Vold i n\u00e6re relasjoner koster samfunnet over 90 milliarder kroner \u00e5rlig.<\/p>\n\n\n\n<p>Hvert \u00e5r utsettes mellom 75.000 og 150.000 mennesker i Norge for vold i n\u00e6re relasjoner, de fleste er kvinner.<\/p>\n\n\n\n<p>&nbsp;Vold i n\u00e6re relasjoner er ikke \u00e9n hendelse, men et m\u00f8nster av kontroll, psykisk terror og frykt. Mange bruker \u00e5r \u2013 noen ti\u00e5r \u2013 p\u00e5 \u00e5 fortelle. N\u00e5r de endelig gj\u00f8r det, m\u00e5 rettsstaten v\u00e6re p\u00e5 ofrenes side.&nbsp; Vi m\u00e5 ha strengere og mer varige kontaktforbud mot overgripere, lavere terskel for \u00e5 bruke dem, og mulighet til \u00e5 p\u00e5legge gjerningspersonen \u00e5 flytte fra omr\u00e5det der ofrene bor. Dette handler om trygghet der folk lever livene sine. H\u00f8yre har i 2025 vedtatt en rekke skjerpede tiltak for \u00e5 bekjempe dette, med fokus p\u00e5 \u00e5 flytte byrden fra offer til gjerningsperson.<\/p>\n\n\n\n<p>Hovedpunktene i H\u00f8yres politikk mot vold i n\u00e6re relasjoner er basert p\u00e5 vedtak fra landsm\u00f8tet i 2025. Vi vil at omvendt voldsalarm er hovedregel, H\u00f8yre vil at voldsut\u00f8vere skal p\u00e5legges omvendt voldsalarm (elektronisk kontroll), slik at det er ut\u00f8veren, ikke offeret, som m\u00e5 forlate hjemmet eller begrense sin frihet.<\/p>\n\n\n\n<p>Vi vil ha evigvarende kontaktforbud. I de mest alvorlige sakene \u00f8nsker H\u00f8yre \u00e5 innf\u00f8re evigvarende kontaktforbud for \u00e5 gi ofrene \u00f8kt trygghet. Vi vil styrke politiinnsats: H\u00f8yre vil styrke politiets evne til \u00e5 etterforske vold i n\u00e6re relasjoner, inkludert digitale overgrep og vold som foreg\u00e5r p\u00e5 nett.<\/p>\n\n\n\n<p>Vi m\u00e5 ogs\u00e5 se p\u00e5 foreldelsesreglene. Mange ofre bruker lang tid p\u00e5 \u00e5 forst\u00e5 hva de har v\u00e6rt utsatt for \u2013 og p\u00e5 \u00e5 bli trygge nok til \u00e5 anmelde. Da kan dagens foreldelsesregler i praksis bli et hinder for rettferdighet. Bakgrunnen er enkel: Vold i n\u00e6re relasjoner er ofte ikke \u00e9n hendelse, men noe som skjer over tid.&nbsp; Vold i n\u00e6rerelasjoner ber\u00f8rer ikke bare den som blir utsatt for vold, men ogs\u00e5 barn. Det er ogs\u00e5 ofte forbundet med rusbruk. Disse barna kan sees igjen i statistikk over barn som ikke fullf\u00f8rer skole og sliter psykisk. Det er et samfunnsproblem som m\u00e5 l\u00f8ftes h\u00f8yrere opp p\u00e5 dagsorden.<\/p>\n\n\n<div class=\"tags\">\n\t<\/div>\n<div class=\"post-footer alignfull has-background block-editor-block-list__block\" data-align=full>\n\t<div class=\"post-footer-inner\">\n\t\t<h3>Relaterte artikler<\/h3>\n\t\t<div class=\"related-content\"><div class=\"is-card-hoyre\">\n\t<div class=\"teft-card hoyre-teft-card post-teft-card\">\n\t\t<a href=\"https:\/\/hoyre.no\/buskerud\/aktuelt\/buskerud-fylkeskommune-ligger-an-til-a-fa-et-netto-driftsresultat-pa-297-millioner-kroner-for-2025\/\" class=\"teft-card__primary-action\">\n\n\t\t\t\t\t<div class=\"teft-card__media teft-card__media--16-9\">\n\t\t\t\t\t\t<img loading=\"lazy\" decoding=\"async\" width=\"768\" height=\"512\" src=\"https:\/\/hoyre.no\/content\/uploads\/sites\/427\/2025\/10\/tore-opdal-hansen-61887-foto-cf-wesenberg_52522907160_o-768x512.jpg\" class=\"attachment-medium_large size-medium_large\" alt=\"\" srcset=\"https:\/\/hoyre.no\/content\/uploads\/sites\/427\/2025\/10\/tore-opdal-hansen-61887-foto-cf-wesenberg_52522907160_o-768x512.jpg 768w, https:\/\/hoyre.no\/content\/uploads\/sites\/427\/2025\/10\/tore-opdal-hansen-61887-foto-cf-wesenberg_52522907160_o-300x200.jpg 300w, https:\/\/hoyre.no\/content\/uploads\/sites\/427\/2025\/10\/tore-opdal-hansen-61887-foto-cf-wesenberg_52522907160_o-1024x683.jpg 1024w, https:\/\/hoyre.no\/content\/uploads\/sites\/427\/2025\/10\/tore-opdal-hansen-61887-foto-cf-wesenberg_52522907160_o-1536x1024.jpg 1536w, https:\/\/hoyre.no\/content\/uploads\/sites\/427\/2025\/10\/tore-opdal-hansen-61887-foto-cf-wesenberg_52522907160_o-2048x1365.jpg 2048w\" sizes=\"auto, (max-width: 768px) 100vw, 768px\" \/>\t\t<\/div>\n\t\t\n\t\t\t<div class=\"teft-card__content-wrapper\">\n\t\t\t\t<div class=\"teft-card__secondary\">\n\t\t\t\t\t\n\t\t\t\t\t\t\t\t<div class=\"teft-card__meta\">\n\t\t\t\t\t\t\t\t\t<span class=\"post-date\">5. mar 2026<\/span>\n\n\t\t\t\t\t\t\t\t\t<span class=\"post-category\">Nyheter<\/span>\t\t\t\t\t\t\t\t<\/div>\n\t\t\t\t\t\t\t\t\t\t\t<\/div>\n\n\t\t\t\t<div class=\"teft-card__primary\">\n\t\t\t\t\t<h2 class=\"teft-card__title\">Buskerud fylkeskommune ligger an til \u00e5 f\u00e5 et netto driftsresultat p\u00e5 297 millioner kroner for 2025&nbsp;<span class=\"teft-card__primary-title-append\"><\/span><\/h2>\t\t\t\t<\/div>\n\t\t\t<\/div>\n\t\t<\/a>\n\t<\/div>\n\n\t<\/div><div class=\"is-card-hoyre\">\n\t<div class=\"teft-card hoyre-teft-card post-teft-card\">\n\t\t<a href=\"https:\/\/hoyre.no\/buskerud\/aktuelt\/trygghet-vekst-og-samhold-en-helhetlig-satsing-for-framtidens-buskerud\/\" class=\"teft-card__primary-action\">\n\n\t\t\t\t\t<div class=\"teft-card__media teft-card__media--16-9\">\n\t\t\t\t\t\t<img loading=\"lazy\" decoding=\"async\" width=\"768\" height=\"432\" src=\"https:\/\/hoyre.no\/content\/uploads\/sites\/427\/2026\/02\/Tog-elv-skog-768x432.jpeg\" class=\"attachment-medium_large size-medium_large\" alt=\"\" srcset=\"https:\/\/hoyre.no\/content\/uploads\/sites\/427\/2026\/02\/Tog-elv-skog-768x432.jpeg 768w, https:\/\/hoyre.no\/content\/uploads\/sites\/427\/2026\/02\/Tog-elv-skog-300x169.jpeg 300w, https:\/\/hoyre.no\/content\/uploads\/sites\/427\/2026\/02\/Tog-elv-skog-1024x576.jpeg 1024w, https:\/\/hoyre.no\/content\/uploads\/sites\/427\/2026\/02\/Tog-elv-skog-1536x863.jpeg 1536w, https:\/\/hoyre.no\/content\/uploads\/sites\/427\/2026\/02\/Tog-elv-skog.jpeg 2048w\" sizes=\"auto, (max-width: 768px) 100vw, 768px\" \/>\t\t<\/div>\n\t\t\n\t\t\t<div class=\"teft-card__content-wrapper\">\n\t\t\t\t<div class=\"teft-card__secondary\">\n\t\t\t\t\t\n\t\t\t\t\t\t\t\t<div class=\"teft-card__meta\">\n\t\t\t\t\t\t\t\t\t<span class=\"post-date\">27. feb 2026<\/span>\n\n\t\t\t\t\t\t\t\t\t<span class=\"post-category\">Nyheter<\/span>\t\t\t\t\t\t\t\t<\/div>\n\t\t\t\t\t\t\t\t\t\t\t<\/div>\n\n\t\t\t\t<div class=\"teft-card__primary\">\n\t\t\t\t\t<h2 class=\"teft-card__title\">Trygghet, vekst og samhold \u2014 en helhetlig satsing for framtidens Buskerud&nbsp;<span class=\"teft-card__primary-title-append\"><\/span><\/h2>\t\t\t\t<\/div>\n\t\t\t<\/div>\n\t\t<\/a>\n\t<\/div>\n\n\t<\/div><div class=\"is-card-hoyre\">\n\t<div class=\"teft-card hoyre-teft-card post-teft-card\">\n\t\t<a href=\"https:\/\/hoyre.no\/buskerud\/aktuelt\/norge-kan-ikke-miste-gronn-industri-pa-grunn-av-somling\/\" class=\"teft-card__primary-action\">\n\n\t\t\t\t\t<div class=\"teft-card__media teft-card__media--16-9\">\n\t\t\t\t\t\t<img loading=\"lazy\" decoding=\"async\" width=\"768\" height=\"576\" src=\"https:\/\/hoyre.no\/content\/uploads\/sites\/427\/2026\/02\/Tommer-768x576.jpeg\" class=\"attachment-medium_large size-medium_large\" alt=\"\" srcset=\"https:\/\/hoyre.no\/content\/uploads\/sites\/427\/2026\/02\/Tommer-768x576.jpeg 768w, https:\/\/hoyre.no\/content\/uploads\/sites\/427\/2026\/02\/Tommer-300x225.jpeg 300w, https:\/\/hoyre.no\/content\/uploads\/sites\/427\/2026\/02\/Tommer-1024x768.jpeg 1024w, https:\/\/hoyre.no\/content\/uploads\/sites\/427\/2026\/02\/Tommer-1536x1152.jpeg 1536w, https:\/\/hoyre.no\/content\/uploads\/sites\/427\/2026\/02\/Tommer.jpeg 1600w\" sizes=\"auto, (max-width: 768px) 100vw, 768px\" \/>\t\t<\/div>\n\t\t\n\t\t\t<div class=\"teft-card__content-wrapper\">\n\t\t\t\t<div class=\"teft-card__secondary\">\n\t\t\t\t\t\n\t\t\t\t\t\t\t\t<div class=\"teft-card__meta\">\n\t\t\t\t\t\t\t\t\t<span class=\"post-date\">26. feb 2026<\/span>\n\n\t\t\t\t\t\t\t\t\t<span class=\"post-category\">Nyheter<\/span>\t\t\t\t\t\t\t\t<\/div>\n\t\t\t\t\t\t\t\t\t\t\t<\/div>\n\n\t\t\t\t<div class=\"teft-card__primary\">\n\t\t\t\t\t<h2 class=\"teft-card__title\">Norge kan ikke miste gr\u00f8nn industri p\u00e5 grunn av somling&nbsp;<span class=\"teft-card__primary-title-append\"><\/span><\/h2>\t\t\t\t<\/div>\n\t\t\t<\/div>\n\t\t<\/a>\n\t<\/div>\n\n\t<\/div><\/div>\t<\/div>\n<\/div>\n","protected":false},"excerpt":{"rendered":"","protected":false},"author":447,"featured_media":0,"comment_status":"closed","ping_status":"closed","sticky":false,"template":"","format":"standard","meta":{"teft_cards_image_url":"","teft_cards_custom_pretitle":"","teft_cards_image_id":1342,"teft_cards_image_focal_point_x":0.5,"teft_cards_image_focal_point_y":0.5,"teft_cards_title":"","teft_cards_excerpt":"","teft_show_chapters":false,"author_display_name":"Buskerud H\u00f8yre","footnotes":""},"category":[1],"post_tag":[],"hoyre-visibility":[],"article-type":[],"politician":[],"class_list":["post-1341","post","type-post","status-publish","format-standard","hentry","category-nyheter"],"yoast_head":"<!-- This site is optimized with the Yoast SEO plugin v26.6 - https:\/\/yoast.com\/wordpress\/plugins\/seo\/ -->\n<title>Vold i n\u00e6re relasjoner m\u00e5 bekjempes - Buskerud H\u00f8yre<\/title>\n<meta name=\"robots\" content=\"index, follow, max-snippet:-1, max-image-preview:large, max-video-preview:-1\" \/>\n<link rel=\"canonical\" href=\"https:\/\/hoyre.no\/buskerud\/aktuelt\/vold-i-naere-relasjoner-ma-bekjempes\/\" \/>\n<meta property=\"og:locale\" content=\"nb_NO\" \/>\n<meta property=\"og:type\" content=\"article\" \/>\n<meta property=\"og:title\" content=\"Vold i n\u00e6re relasjoner m\u00e5 bekjempes - Buskerud H\u00f8yre\" \/>\n<meta property=\"og:url\" content=\"https:\/\/hoyre.no\/buskerud\/aktuelt\/vold-i-naere-relasjoner-ma-bekjempes\/\" \/>\n<meta property=\"og:site_name\" content=\"Buskerud H\u00f8yre\" \/>\n<meta property=\"article:publisher\" content=\"https:\/\/www.facebook.com\/buskerudhoyre\" \/>\n<meta property=\"article:published_time\" content=\"2026-02-18T12:06:44+00:00\" \/>\n<meta property=\"og:image\" content=\"https:\/\/hoyre.no\/content\/uploads\/sites\/427\/2026\/02\/Tommer-1024x768.jpeg\" \/>\n<meta name=\"author\" content=\"Morten Sandnes\" \/>\n<meta name=\"twitter:card\" content=\"summary_large_image\" \/>\n<meta name=\"twitter:label1\" content=\"Skrevet av\" \/>\n\t<meta name=\"twitter:data1\" content=\"Morten Sandnes\" \/>\n\t<meta name=\"twitter:label2\" content=\"Ansl. lesetid\" \/>\n\t<meta name=\"twitter:data2\" content=\"3 minutter\" \/>\n<script type=\"application\/ld+json\" class=\"yoast-schema-graph\">{\"@context\":\"https:\/\/schema.org\",\"@graph\":[{\"@type\":\"Article\",\"@id\":\"https:\/\/hoyre.no\/buskerud\/aktuelt\/vold-i-naere-relasjoner-ma-bekjempes\/#article\",\"isPartOf\":{\"@id\":\"https:\/\/hoyre.no\/buskerud\/aktuelt\/vold-i-naere-relasjoner-ma-bekjempes\/\"},\"author\":{\"name\":\"Morten Sandnes\",\"@id\":\"https:\/\/hoyre.no\/buskerud\/#\/schema\/person\/b9d4540632544d99376a438798d66b7c\"},\"headline\":\"Vold i n\u00e6re relasjoner m\u00e5 bekjempes\",\"datePublished\":\"2026-02-18T12:06:44+00:00\",\"mainEntityOfPage\":{\"@id\":\"https:\/\/hoyre.no\/buskerud\/aktuelt\/vold-i-naere-relasjoner-ma-bekjempes\/\"},\"wordCount\":537,\"publisher\":{\"@id\":\"https:\/\/hoyre.no\/buskerud\/#organization\"},\"articleSection\":[\"Nyheter\"],\"inLanguage\":\"nb-NO\"},{\"@type\":\"NewsArticle\",\"@id\":\"https:\/\/hoyre.no\/buskerud\/aktuelt\/vold-i-naere-relasjoner-ma-bekjempes\/\",\"url\":\"https:\/\/hoyre.no\/buskerud\/aktuelt\/vold-i-naere-relasjoner-ma-bekjempes\/\",\"name\":\"Vold i n\u00e6re relasjoner m\u00e5 bekjempes - Buskerud H\u00f8yre\",\"isPartOf\":{\"@id\":\"https:\/\/hoyre.no\/buskerud\/#website\"},\"datePublished\":\"2026-02-18T12:06:44+00:00\",\"breadcrumb\":{\"@id\":\"https:\/\/hoyre.no\/buskerud\/aktuelt\/vold-i-naere-relasjoner-ma-bekjempes\/#breadcrumb\"},\"inLanguage\":\"nb-NO\",\"potentialAction\":[{\"@type\":\"ReadAction\",\"target\":[\"https:\/\/hoyre.no\/buskerud\/aktuelt\/vold-i-naere-relasjoner-ma-bekjempes\/\"]}]},{\"@type\":\"BreadcrumbList\",\"@id\":\"https:\/\/hoyre.no\/buskerud\/aktuelt\/vold-i-naere-relasjoner-ma-bekjempes\/#breadcrumb\",\"itemListElement\":[{\"@type\":\"ListItem\",\"position\":1,\"name\":\"Til hoyre.no\",\"item\":\"https:\/\/hoyre.no\"},{\"@type\":\"ListItem\",\"position\":2,\"name\":\"Hjem\",\"item\":\"https:\/\/hoyre.no\/buskerud\/\"},{\"@type\":\"ListItem\",\"position\":3,\"name\":\"Vold i n\u00e6re relasjoner m\u00e5 bekjempes\"}]},{\"@type\":\"WebSite\",\"@id\":\"https:\/\/hoyre.no\/buskerud\/#website\",\"url\":\"https:\/\/hoyre.no\/buskerud\/\",\"name\":\"Buskerud H\u00f8yre\",\"description\":\"Bare enda et H\u00f8yres nettsteder-nettsted\",\"publisher\":{\"@id\":\"https:\/\/hoyre.no\/buskerud\/#organization\"},\"inLanguage\":\"nb-NO\"},{\"@type\":\"Organization\",\"@id\":\"https:\/\/hoyre.no\/buskerud\/#organization\",\"name\":\"Buskerud H\u00f8yre\",\"url\":\"https:\/\/hoyre.no\/buskerud\/\",\"logo\":{\"@type\":\"ImageObject\",\"inLanguage\":\"nb-NO\",\"@id\":\"https:\/\/hoyre.no\/buskerud\/#\/schema\/logo\/image\/\",\"url\":\"https:\/\/hoyre.no\/content\/uploads\/sites\/427\/2023\/02\/hoyre_logo.png\",\"contentUrl\":\"https:\/\/hoyre.no\/content\/uploads\/sites\/427\/2023\/02\/hoyre_logo.png\",\"width\":1000,\"height\":1000,\"caption\":\"Buskerud H\u00f8yre\"},\"image\":{\"@id\":\"https:\/\/hoyre.no\/buskerud\/#\/schema\/logo\/image\/\"},\"sameAs\":[\"https:\/\/www.facebook.com\/buskerudhoyre\"]},{\"@type\":\"Person\",\"@id\":\"https:\/\/hoyre.no\/buskerud\/#\/schema\/person\/b9d4540632544d99376a438798d66b7c\",\"name\":\"Morten Sandnes\",\"image\":{\"@type\":\"ImageObject\",\"inLanguage\":\"nb-NO\",\"@id\":\"https:\/\/hoyre.no\/buskerud\/#\/schema\/person\/image\/\",\"url\":\"https:\/\/secure.gravatar.com\/avatar\/06423fc2e4fb8b22541b850a0adbc333c842aa89f8eb095c538ff0a052469848?s=96&d=mm&r=g\",\"contentUrl\":\"https:\/\/secure.gravatar.com\/avatar\/06423fc2e4fb8b22541b850a0adbc333c842aa89f8eb095c538ff0a052469848?s=96&d=mm&r=g\",\"caption\":\"Morten Sandnes\"},\"url\":\"https:\/\/hoyre.no\/buskerud\/aktuelt\/author\/m11329653\/\"}]}<\/script>\n<!-- \/ Yoast SEO plugin. -->","yoast_head_json":{"title":"Vold i n\u00e6re relasjoner m\u00e5 bekjempes - Buskerud H\u00f8yre","robots":{"index":"index","follow":"follow","max-snippet":"max-snippet:-1","max-image-preview":"max-image-preview:large","max-video-preview":"max-video-preview:-1"},"canonical":"https:\/\/hoyre.no\/buskerud\/aktuelt\/vold-i-naere-relasjoner-ma-bekjempes\/","og_locale":"nb_NO","og_type":"article","og_title":"Vold i n\u00e6re relasjoner m\u00e5 bekjempes - Buskerud H\u00f8yre","og_url":"https:\/\/hoyre.no\/buskerud\/aktuelt\/vold-i-naere-relasjoner-ma-bekjempes\/","og_site_name":"Buskerud H\u00f8yre","article_publisher":"https:\/\/www.facebook.com\/buskerudhoyre","article_published_time":"2026-02-18T12:06:44+00:00","og_image":[{"url":"https:\/\/hoyre.no\/content\/uploads\/sites\/427\/2026\/02\/Tommer-1024x768.jpeg","width":"","height":"","type":""}],"author":"Morten Sandnes","twitter_card":"summary_large_image","twitter_misc":{"Skrevet av":"Morten Sandnes","Ansl. lesetid":"3 minutter"},"schema":{"@context":"https:\/\/schema.org","@graph":[{"@type":"Article","@id":"https:\/\/hoyre.no\/buskerud\/aktuelt\/vold-i-naere-relasjoner-ma-bekjempes\/#article","isPartOf":{"@id":"https:\/\/hoyre.no\/buskerud\/aktuelt\/vold-i-naere-relasjoner-ma-bekjempes\/"},"author":{"name":"Morten Sandnes","@id":"https:\/\/hoyre.no\/buskerud\/#\/schema\/person\/b9d4540632544d99376a438798d66b7c"},"headline":"Vold i n\u00e6re relasjoner m\u00e5 bekjempes","datePublished":"2026-02-18T12:06:44+00:00","mainEntityOfPage":{"@id":"https:\/\/hoyre.no\/buskerud\/aktuelt\/vold-i-naere-relasjoner-ma-bekjempes\/"},"wordCount":537,"publisher":{"@id":"https:\/\/hoyre.no\/buskerud\/#organization"},"articleSection":["Nyheter"],"inLanguage":"nb-NO"},{"@type":"NewsArticle","@id":"https:\/\/hoyre.no\/buskerud\/aktuelt\/vold-i-naere-relasjoner-ma-bekjempes\/","url":"https:\/\/hoyre.no\/buskerud\/aktuelt\/vold-i-naere-relasjoner-ma-bekjempes\/","name":"Vold i n\u00e6re relasjoner m\u00e5 bekjempes - Buskerud H\u00f8yre","isPartOf":{"@id":"https:\/\/hoyre.no\/buskerud\/#website"},"datePublished":"2026-02-18T12:06:44+00:00","breadcrumb":{"@id":"https:\/\/hoyre.no\/buskerud\/aktuelt\/vold-i-naere-relasjoner-ma-bekjempes\/#breadcrumb"},"inLanguage":"nb-NO","potentialAction":[{"@type":"ReadAction","target":["https:\/\/hoyre.no\/buskerud\/aktuelt\/vold-i-naere-relasjoner-ma-bekjempes\/"]}]},{"@type":"BreadcrumbList","@id":"https:\/\/hoyre.no\/buskerud\/aktuelt\/vold-i-naere-relasjoner-ma-bekjempes\/#breadcrumb","itemListElement":[{"@type":"ListItem","position":1,"name":"Til hoyre.no","item":"https:\/\/hoyre.no"},{"@type":"ListItem","position":2,"name":"Hjem","item":"https:\/\/hoyre.no\/buskerud\/"},{"@type":"ListItem","position":3,"name":"Vold i n\u00e6re relasjoner m\u00e5 bekjempes"}]},{"@type":"WebSite","@id":"https:\/\/hoyre.no\/buskerud\/#website","url":"https:\/\/hoyre.no\/buskerud\/","name":"Buskerud H\u00f8yre","description":"Bare enda et H\u00f8yres nettsteder-nettsted","publisher":{"@id":"https:\/\/hoyre.no\/buskerud\/#organization"},"inLanguage":"nb-NO"},{"@type":"Organization","@id":"https:\/\/hoyre.no\/buskerud\/#organization","name":"Buskerud H\u00f8yre","url":"https:\/\/hoyre.no\/buskerud\/","logo":{"@type":"ImageObject","inLanguage":"nb-NO","@id":"https:\/\/hoyre.no\/buskerud\/#\/schema\/logo\/image\/","url":"https:\/\/hoyre.no\/content\/uploads\/sites\/427\/2023\/02\/hoyre_logo.png","contentUrl":"https:\/\/hoyre.no\/content\/uploads\/sites\/427\/2023\/02\/hoyre_logo.png","width":1000,"height":1000,"caption":"Buskerud H\u00f8yre"},"image":{"@id":"https:\/\/hoyre.no\/buskerud\/#\/schema\/logo\/image\/"},"sameAs":["https:\/\/www.facebook.com\/buskerudhoyre"]},{"@type":"Person","@id":"https:\/\/hoyre.no\/buskerud\/#\/schema\/person\/b9d4540632544d99376a438798d66b7c","name":"Morten Sandnes","image":{"@type":"ImageObject","inLanguage":"nb-NO","@id":"https:\/\/hoyre.no\/buskerud\/#\/schema\/person\/image\/","url":"https:\/\/secure.gravatar.com\/avatar\/06423fc2e4fb8b22541b850a0adbc333c842aa89f8eb095c538ff0a052469848?s=96&d=mm&r=g","contentUrl":"https:\/\/secure.gravatar.com\/avatar\/06423fc2e4fb8b22541b850a0adbc333c842aa89f8eb095c538ff0a052469848?s=96&d=mm&r=g","caption":"Morten Sandnes"},"url":"https:\/\/hoyre.no\/buskerud\/aktuelt\/author\/m11329653\/"}]}},"distributor_meta":false,"distributor_terms":false,"distributor_media":false,"distributor_original_site_name":"Buskerud H\u00f8yre","distributor_original_site_url":"https:\/\/hoyre.no\/buskerud","push-errors":false,"_links":{"self":[{"href":"https:\/\/hoyre.no\/buskerud\/wp-json\/wp\/v2\/posts\/1341","targetHints":{"allow":["GET"]}}],"collection":[{"href":"https:\/\/hoyre.no\/buskerud\/wp-json\/wp\/v2\/posts"}],"about":[{"href":"https:\/\/hoyre.no\/buskerud\/wp-json\/wp\/v2\/types\/post"}],"author":[{"embeddable":true,"href":"https:\/\/hoyre.no\/buskerud\/wp-json\/wp\/v2\/users\/447"}],"replies":[{"embeddable":true,"href":"https:\/\/hoyre.no\/buskerud\/wp-json\/wp\/v2\/comments?post=1341"}],"version-history":[{"count":2,"href":"https:\/\/hoyre.no\/buskerud\/wp-json\/wp\/v2\/posts\/1341\/revisions"}],"predecessor-version":[{"id":1344,"href":"https:\/\/hoyre.no\/buskerud\/wp-json\/wp\/v2\/posts\/1341\/revisions\/1344"}],"wp:attachment":[{"href":"https:\/\/hoyre.no\/buskerud\/wp-json\/wp\/v2\/media?parent=1341"}],"wp:term":[{"taxonomy":"category","embeddable":true,"href":"https:\/\/hoyre.no\/buskerud\/wp-json\/wp\/v2\/category?post=1341"},{"taxonomy":"post_tag","embeddable":true,"href":"https:\/\/hoyre.no\/buskerud\/wp-json\/wp\/v2\/post_tag?post=1341"},{"taxonomy":"hoyre-visibility","embeddable":true,"href":"https:\/\/hoyre.no\/buskerud\/wp-json\/wp\/v2\/hoyre-visibility?post=1341"},{"taxonomy":"article-type","embeddable":true,"href":"https:\/\/hoyre.no\/buskerud\/wp-json\/wp\/v2\/article-type?post=1341"},{"taxonomy":"politician","embeddable":true,"href":"https:\/\/hoyre.no\/buskerud\/wp-json\/wp\/v2\/politician?post=1341"}],"curies":[{"name":"wp","href":"https:\/\/api.w.org\/{rel}","templated":true}]}}