{"id":1361,"date":"2026-02-26T21:16:25","date_gmt":"2026-02-26T20:16:25","guid":{"rendered":"https:\/\/hoyre.no\/buskerud\/?p=1361"},"modified":"2026-02-26T21:16:26","modified_gmt":"2026-02-26T20:16:26","slug":"norge-kan-ikke-miste-gronn-industri-pa-grunn-av-somling","status":"publish","type":"post","link":"https:\/\/hoyre.no\/buskerud\/aktuelt\/norge-kan-ikke-miste-gronn-industri-pa-grunn-av-somling\/","title":{"rendered":"Norge kan ikke miste gr\u00f8nn industri p\u00e5 grunn av somling"},"content":{"rendered":"\n<p class=\"preamble\">Billeruds beslutning om \u00e5 trekke seg ut av samarbeidet med Viken Skog er et alvorlig varsko for hele norsk skogn\u00e6ring, og norsk n\u00e6ringsliv, uttaler Buskerud H\u00f8yres \u00e5rsm\u00f8te.<\/p>\t\t\t<div class=\"post-meta wp-block teft-byline-wrapper\">\n\t\t\t\t<div class=\"top\">\n\t\t\t\t\t<div class=\"signature\">\n\t\t\t\t\t\t<div class=\"teft-byline\">\n\t\t\t\t\t\t\t\t\t\t\t\t\t\t<div>\n\t\t\t\t\t\t\t\t<h3>H\u00f8yres redaksjon<\/h3>\t\t\t\t\t\t\t\t\n\t\t\t\t\t\t\t\t\t\t\t\t\t\t\t\t\t<span class=\"date\">Sist oppdatert: 26. februar 2026<\/span>\n\t\t\t\t\t\t\t\t\t\t\t\t\t\t\t\t\t\t\t\t\t\t\t\t\t<span class=\"reading-time\" itemprop=\"timeRequired\" content=\"PT1M\"><em>Ca. 1 minutter lesetid<\/em><\/span>\n\t\t\t\t\t\t\t\t\t\t\t\t\t\t\t<\/div>\n\t\t\t\t\t\t<\/div>\n\t\t\t\t\t<\/div>\n\t\t\t\t\t\t<div class=\"sharing\">\n\t\t<a class=\"share-button share-link copy-link\" data-copy=\"https:\/\/hoyre.no\/buskerud\/aktuelt\/norge-kan-ikke-miste-gronn-industri-pa-grunn-av-somling\/\" target=\"_blank\"><span class=\"screen-reader-text\">Del link<\/span><\/a>\n\t\t<a class=\"share-button share-twitter\" href=\"http:\/\/twitter.com\/share?text=Norge kan ikke miste gr\u00f8nn industri p\u00e5 grunn av somling&#038;url=https:\/\/hoyre.no\/buskerud\/aktuelt\/norge-kan-ikke-miste-gronn-industri-pa-grunn-av-somling\/&#038;hashtags=Hoyre\" target=\"_blank\"><span class=\"screen-reader-text\">Del p\u00e5 twitter<\/span><\/a>\n\t\t<a class=\"share-button share-facebook\" href=\"https:\/\/www.facebook.com\/sharer\/sharer.php?u=https:\/\/hoyre.no\/buskerud\/aktuelt\/norge-kan-ikke-miste-gronn-industri-pa-grunn-av-somling\/\" target=\"_blank\"><span class=\"screen-reader-text\">Del p\u00e5 facebook<\/span><\/a>\n\t<\/div>\n\t\t\t\t\t<\/div>\n\t\t\t<\/div>\n\n\t\t\t<figure class=\"hoyre-image-wrapper\"><div class=\"hoyre-image\"><img loading=\"lazy\" decoding=\"async\" width=\"1600\" height=\"1200\" src=\"https:\/\/hoyre.no\/content\/uploads\/sites\/427\/2026\/02\/Tommer.jpeg\" class=\"attachment-scaled size-scaled\" alt=\"\" style=\"object-position: 50% 50%\" srcset=\"https:\/\/hoyre.no\/content\/uploads\/sites\/427\/2026\/02\/Tommer.jpeg 1600w, https:\/\/hoyre.no\/content\/uploads\/sites\/427\/2026\/02\/Tommer-300x225.jpeg 300w, https:\/\/hoyre.no\/content\/uploads\/sites\/427\/2026\/02\/Tommer-1024x768.jpeg 1024w, https:\/\/hoyre.no\/content\/uploads\/sites\/427\/2026\/02\/Tommer-768x576.jpeg 768w, https:\/\/hoyre.no\/content\/uploads\/sites\/427\/2026\/02\/Tommer-1536x1152.jpeg 1536w\" sizes=\"auto, (max-width: 1600px) 100vw, 1600px\" \/><\/div><\/figure>\n\n\n\n\n<p>Etter seks \u00e5r med planlegging av en ny fibermassefabrikk \u2013 et prosjekt som skulle utnytte norsk t\u00f8mmer, skape arbeidsplasser og bli blant verdens mest klimavennlige anlegg \u2013 kortsluttes n\u00e5 hele prosjektet. En satsing som skulle gi Norge tilgang p\u00e5 en st\u00f8rre del av verdikjeden for t\u00f8mmerstokken.<\/p>\n\n\n\n<p>Grunnen er Arbeiderpartiets langvarige og uforutsigbare behandling av milj\u00f8tillatelsen<\/p>\n\n\n\n<p>Konsekvensene er langt st\u00f8rre enn at \u00e9n akt\u00f8r trekker seg ut. Dette undergraver Norges ambisjon om \u00f8kt videreforedling av skogressursene, svekker tilliten til norske rammevilk\u00e5r og skremmer bort fremtidige industrielle investeringer. &nbsp;<\/p>\n\n\n\n<p>Buskerud H\u00f8yre mener dette gir et etterlatt inntrykk av at regjeringen jobber mot industrietablering i Buskerud.&nbsp;<\/p>\n\n\n\n<p>N\u00e5r internasjonale akt\u00f8rer peker p\u00e5 uforutsigbarhet og lang saksbehandlingstid som hovedgrunn for \u00e5 forlate milliardprosjekter, m\u00e5 det tas p\u00e5 st\u00f8rste alvor. Dette er Arbeiderpartiets ansvar, og dette m\u00e5 de stilles til ansvar for.<\/p>\n\n\n\n<p>Vi krever at myndighetene umiddelbart sikrer raskere, mer forutsigbare og kunnskapsbaserte konsesjonsprosesser.&nbsp;<\/p>\n\n\n\n<p>Norge har ressursene, viljen og kompetansen \u2013 men uten en forutsigbar, og handlekraftig industripolitikk stopper utviklingen.<\/p>\n\n\n<div class=\"tags\">\n\t<\/div>\n<div class=\"post-footer alignfull has-background block-editor-block-list__block\" data-align=full>\n\t<div class=\"post-footer-inner\">\n\t\t<h3>Relaterte artikler<\/h3>\n\t\t<div class=\"related-content\"><div class=\"is-card-hoyre\">\n\t<div class=\"teft-card hoyre-teft-card post-teft-card\">\n\t\t<a href=\"https:\/\/hoyre.no\/buskerud\/aktuelt\/buskerud-fylkeskommune-ligger-an-til-a-fa-et-netto-driftsresultat-pa-297-millioner-kroner-for-2025\/\" class=\"teft-card__primary-action\">\n\n\t\t\t\t\t<div class=\"teft-card__media teft-card__media--16-9\">\n\t\t\t\t\t\t<img loading=\"lazy\" decoding=\"async\" width=\"768\" height=\"512\" src=\"https:\/\/hoyre.no\/content\/uploads\/sites\/427\/2025\/10\/tore-opdal-hansen-61887-foto-cf-wesenberg_52522907160_o-768x512.jpg\" class=\"attachment-medium_large size-medium_large\" alt=\"\" srcset=\"https:\/\/hoyre.no\/content\/uploads\/sites\/427\/2025\/10\/tore-opdal-hansen-61887-foto-cf-wesenberg_52522907160_o-768x512.jpg 768w, https:\/\/hoyre.no\/content\/uploads\/sites\/427\/2025\/10\/tore-opdal-hansen-61887-foto-cf-wesenberg_52522907160_o-300x200.jpg 300w, https:\/\/hoyre.no\/content\/uploads\/sites\/427\/2025\/10\/tore-opdal-hansen-61887-foto-cf-wesenberg_52522907160_o-1024x683.jpg 1024w, https:\/\/hoyre.no\/content\/uploads\/sites\/427\/2025\/10\/tore-opdal-hansen-61887-foto-cf-wesenberg_52522907160_o-1536x1024.jpg 1536w, https:\/\/hoyre.no\/content\/uploads\/sites\/427\/2025\/10\/tore-opdal-hansen-61887-foto-cf-wesenberg_52522907160_o-2048x1365.jpg 2048w\" sizes=\"auto, (max-width: 768px) 100vw, 768px\" \/>\t\t<\/div>\n\t\t\n\t\t\t<div class=\"teft-card__content-wrapper\">\n\t\t\t\t<div class=\"teft-card__secondary\">\n\t\t\t\t\t\n\t\t\t\t\t\t\t\t<div class=\"teft-card__meta\">\n\t\t\t\t\t\t\t\t\t<span class=\"post-date\">5. mar 2026<\/span>\n\n\t\t\t\t\t\t\t\t\t<span class=\"post-category\">Nyheter<\/span>\t\t\t\t\t\t\t\t<\/div>\n\t\t\t\t\t\t\t\t\t\t\t<\/div>\n\n\t\t\t\t<div class=\"teft-card__primary\">\n\t\t\t\t\t<h2 class=\"teft-card__title\">Buskerud fylkeskommune ligger an til \u00e5 f\u00e5 et netto driftsresultat p\u00e5 297 millioner kroner for 2025&nbsp;<span class=\"teft-card__primary-title-append\"><\/span><\/h2>\t\t\t\t<\/div>\n\t\t\t<\/div>\n\t\t<\/a>\n\t<\/div>\n\n\t<\/div><div class=\"is-card-hoyre\">\n\t<div class=\"teft-card hoyre-teft-card post-teft-card\">\n\t\t<a href=\"https:\/\/hoyre.no\/buskerud\/aktuelt\/trygghet-vekst-og-samhold-en-helhetlig-satsing-for-framtidens-buskerud\/\" class=\"teft-card__primary-action\">\n\n\t\t\t\t\t<div class=\"teft-card__media teft-card__media--16-9\">\n\t\t\t\t\t\t<img loading=\"lazy\" decoding=\"async\" width=\"768\" height=\"432\" src=\"https:\/\/hoyre.no\/content\/uploads\/sites\/427\/2026\/02\/Tog-elv-skog-768x432.jpeg\" class=\"attachment-medium_large size-medium_large\" alt=\"\" srcset=\"https:\/\/hoyre.no\/content\/uploads\/sites\/427\/2026\/02\/Tog-elv-skog-768x432.jpeg 768w, https:\/\/hoyre.no\/content\/uploads\/sites\/427\/2026\/02\/Tog-elv-skog-300x169.jpeg 300w, https:\/\/hoyre.no\/content\/uploads\/sites\/427\/2026\/02\/Tog-elv-skog-1024x576.jpeg 1024w, https:\/\/hoyre.no\/content\/uploads\/sites\/427\/2026\/02\/Tog-elv-skog-1536x863.jpeg 1536w, https:\/\/hoyre.no\/content\/uploads\/sites\/427\/2026\/02\/Tog-elv-skog.jpeg 2048w\" sizes=\"auto, (max-width: 768px) 100vw, 768px\" \/>\t\t<\/div>\n\t\t\n\t\t\t<div class=\"teft-card__content-wrapper\">\n\t\t\t\t<div class=\"teft-card__secondary\">\n\t\t\t\t\t\n\t\t\t\t\t\t\t\t<div class=\"teft-card__meta\">\n\t\t\t\t\t\t\t\t\t<span class=\"post-date\">27. feb 2026<\/span>\n\n\t\t\t\t\t\t\t\t\t<span class=\"post-category\">Nyheter<\/span>\t\t\t\t\t\t\t\t<\/div>\n\t\t\t\t\t\t\t\t\t\t\t<\/div>\n\n\t\t\t\t<div class=\"teft-card__primary\">\n\t\t\t\t\t<h2 class=\"teft-card__title\">Trygghet, vekst og samhold \u2014 en helhetlig satsing for framtidens Buskerud&nbsp;<span class=\"teft-card__primary-title-append\"><\/span><\/h2>\t\t\t\t<\/div>\n\t\t\t<\/div>\n\t\t<\/a>\n\t<\/div>\n\n\t<\/div><div class=\"is-card-hoyre\">\n\t<div class=\"teft-card hoyre-teft-card post-teft-card\">\n\t\t<a href=\"https:\/\/hoyre.no\/buskerud\/aktuelt\/vold-i-naere-relasjoner-ma-bekjempes\/\" class=\"teft-card__primary-action\">\n\n\t\t\t\t\t<div class=\"teft-card__media teft-card__media--16-9\">\n\t\t\t\t\t\t<img loading=\"lazy\" decoding=\"async\" width=\"640\" height=\"640\" src=\"https:\/\/hoyre.no\/content\/uploads\/sites\/427\/2026\/02\/Kristin-og-Kristin-2.jpg\" class=\"attachment-medium_large size-medium_large\" alt=\"\" srcset=\"https:\/\/hoyre.no\/content\/uploads\/sites\/427\/2026\/02\/Kristin-og-Kristin-2.jpg 640w, https:\/\/hoyre.no\/content\/uploads\/sites\/427\/2026\/02\/Kristin-og-Kristin-2-300x300.jpg 300w, https:\/\/hoyre.no\/content\/uploads\/sites\/427\/2026\/02\/Kristin-og-Kristin-2-150x150.jpg 150w\" sizes=\"auto, (max-width: 640px) 100vw, 640px\" \/>\t\t<\/div>\n\t\t\n\t\t\t<div class=\"teft-card__content-wrapper\">\n\t\t\t\t<div class=\"teft-card__secondary\">\n\t\t\t\t\t\n\t\t\t\t\t\t\t\t<div class=\"teft-card__meta\">\n\t\t\t\t\t\t\t\t\t<span class=\"post-date\">18. feb 2026<\/span>\n\n\t\t\t\t\t\t\t\t\t<span class=\"post-category\">Nyheter<\/span>\t\t\t\t\t\t\t\t<\/div>\n\t\t\t\t\t\t\t\t\t\t\t<\/div>\n\n\t\t\t\t<div class=\"teft-card__primary\">\n\t\t\t\t\t<h2 class=\"teft-card__title\">Vold i n\u00e6re relasjoner m\u00e5 bekjempes&nbsp;<span class=\"teft-card__primary-title-append\"><\/span><\/h2>\t\t\t\t<\/div>\n\t\t\t<\/div>\n\t\t<\/a>\n\t<\/div>\n\n\t<\/div><\/div>\t<\/div>\n<\/div>\n","protected":false},"excerpt":{"rendered":"","protected":false},"author":447,"featured_media":0,"comment_status":"closed","ping_status":"closed","sticky":false,"template":"","format":"standard","meta":{"teft_cards_image_url":"","teft_cards_custom_pretitle":"","teft_cards_image_id":1362,"teft_cards_image_focal_point_x":0.5,"teft_cards_image_focal_point_y":0.5,"teft_cards_title":"","teft_cards_excerpt":"","teft_show_chapters":false,"author_display_name":"Buskerud H\u00f8yre","footnotes":""},"category":[1],"post_tag":[],"hoyre-visibility":[],"article-type":[],"politician":[],"class_list":["post-1361","post","type-post","status-publish","format-standard","hentry","category-nyheter"],"yoast_head":"<!-- This site is optimized with the Yoast SEO plugin v26.6 - https:\/\/yoast.com\/wordpress\/plugins\/seo\/ -->\n<title>Norge kan ikke miste gr\u00f8nn industri p\u00e5 grunn av somling - Buskerud H\u00f8yre<\/title>\n<meta name=\"robots\" content=\"index, follow, max-snippet:-1, max-image-preview:large, max-video-preview:-1\" \/>\n<link rel=\"canonical\" href=\"https:\/\/hoyre.no\/buskerud\/aktuelt\/norge-kan-ikke-miste-gronn-industri-pa-grunn-av-somling\/\" \/>\n<meta property=\"og:locale\" content=\"nb_NO\" \/>\n<meta property=\"og:type\" content=\"article\" \/>\n<meta property=\"og:title\" content=\"Norge kan ikke miste gr\u00f8nn industri p\u00e5 grunn av somling - Buskerud H\u00f8yre\" \/>\n<meta property=\"og:url\" content=\"https:\/\/hoyre.no\/buskerud\/aktuelt\/norge-kan-ikke-miste-gronn-industri-pa-grunn-av-somling\/\" \/>\n<meta property=\"og:site_name\" content=\"Buskerud H\u00f8yre\" \/>\n<meta property=\"article:publisher\" content=\"https:\/\/www.facebook.com\/buskerudhoyre\" \/>\n<meta property=\"article:published_time\" content=\"2026-02-26T20:16:25+00:00\" \/>\n<meta property=\"article:modified_time\" content=\"2026-02-26T20:16:26+00:00\" \/>\n<meta property=\"og:image\" content=\"https:\/\/hoyre.no\/content\/uploads\/sites\/427\/2026\/02\/Kristin-og-Kristin-2.jpg\" \/>\n<meta name=\"author\" content=\"Morten Sandnes\" \/>\n<meta name=\"twitter:card\" content=\"summary_large_image\" \/>\n<meta name=\"twitter:label1\" content=\"Skrevet av\" \/>\n\t<meta name=\"twitter:data1\" content=\"Morten Sandnes\" \/>\n\t<meta name=\"twitter:label2\" content=\"Ansl. lesetid\" \/>\n\t<meta name=\"twitter:data2\" content=\"2 minutter\" \/>\n<script type=\"application\/ld+json\" class=\"yoast-schema-graph\">{\"@context\":\"https:\/\/schema.org\",\"@graph\":[{\"@type\":\"Article\",\"@id\":\"https:\/\/hoyre.no\/buskerud\/aktuelt\/norge-kan-ikke-miste-gronn-industri-pa-grunn-av-somling\/#article\",\"isPartOf\":{\"@id\":\"https:\/\/hoyre.no\/buskerud\/aktuelt\/norge-kan-ikke-miste-gronn-industri-pa-grunn-av-somling\/\"},\"author\":{\"name\":\"Morten Sandnes\",\"@id\":\"https:\/\/hoyre.no\/buskerud\/#\/schema\/person\/b9d4540632544d99376a438798d66b7c\"},\"headline\":\"Norge kan ikke miste gr\u00f8nn industri p\u00e5 grunn av somling\",\"datePublished\":\"2026-02-26T20:16:25+00:00\",\"dateModified\":\"2026-02-26T20:16:26+00:00\",\"mainEntityOfPage\":{\"@id\":\"https:\/\/hoyre.no\/buskerud\/aktuelt\/norge-kan-ikke-miste-gronn-industri-pa-grunn-av-somling\/\"},\"wordCount\":228,\"publisher\":{\"@id\":\"https:\/\/hoyre.no\/buskerud\/#organization\"},\"articleSection\":[\"Nyheter\"],\"inLanguage\":\"nb-NO\"},{\"@type\":\"NewsArticle\",\"@id\":\"https:\/\/hoyre.no\/buskerud\/aktuelt\/norge-kan-ikke-miste-gronn-industri-pa-grunn-av-somling\/\",\"url\":\"https:\/\/hoyre.no\/buskerud\/aktuelt\/norge-kan-ikke-miste-gronn-industri-pa-grunn-av-somling\/\",\"name\":\"Norge kan ikke miste gr\u00f8nn industri p\u00e5 grunn av somling - Buskerud H\u00f8yre\",\"isPartOf\":{\"@id\":\"https:\/\/hoyre.no\/buskerud\/#website\"},\"datePublished\":\"2026-02-26T20:16:25+00:00\",\"dateModified\":\"2026-02-26T20:16:26+00:00\",\"breadcrumb\":{\"@id\":\"https:\/\/hoyre.no\/buskerud\/aktuelt\/norge-kan-ikke-miste-gronn-industri-pa-grunn-av-somling\/#breadcrumb\"},\"inLanguage\":\"nb-NO\",\"potentialAction\":[{\"@type\":\"ReadAction\",\"target\":[\"https:\/\/hoyre.no\/buskerud\/aktuelt\/norge-kan-ikke-miste-gronn-industri-pa-grunn-av-somling\/\"]}]},{\"@type\":\"BreadcrumbList\",\"@id\":\"https:\/\/hoyre.no\/buskerud\/aktuelt\/norge-kan-ikke-miste-gronn-industri-pa-grunn-av-somling\/#breadcrumb\",\"itemListElement\":[{\"@type\":\"ListItem\",\"position\":1,\"name\":\"Til hoyre.no\",\"item\":\"https:\/\/hoyre.no\"},{\"@type\":\"ListItem\",\"position\":2,\"name\":\"Hjem\",\"item\":\"https:\/\/hoyre.no\/buskerud\/\"},{\"@type\":\"ListItem\",\"position\":3,\"name\":\"Norge kan ikke miste gr\u00f8nn industri p\u00e5 grunn av somling\"}]},{\"@type\":\"WebSite\",\"@id\":\"https:\/\/hoyre.no\/buskerud\/#website\",\"url\":\"https:\/\/hoyre.no\/buskerud\/\",\"name\":\"Buskerud H\u00f8yre\",\"description\":\"Bare enda et H\u00f8yres nettsteder-nettsted\",\"publisher\":{\"@id\":\"https:\/\/hoyre.no\/buskerud\/#organization\"},\"inLanguage\":\"nb-NO\"},{\"@type\":\"Organization\",\"@id\":\"https:\/\/hoyre.no\/buskerud\/#organization\",\"name\":\"Buskerud H\u00f8yre\",\"url\":\"https:\/\/hoyre.no\/buskerud\/\",\"logo\":{\"@type\":\"ImageObject\",\"inLanguage\":\"nb-NO\",\"@id\":\"https:\/\/hoyre.no\/buskerud\/#\/schema\/logo\/image\/\",\"url\":\"https:\/\/hoyre.no\/content\/uploads\/sites\/427\/2023\/02\/hoyre_logo.png\",\"contentUrl\":\"https:\/\/hoyre.no\/content\/uploads\/sites\/427\/2023\/02\/hoyre_logo.png\",\"width\":1000,\"height\":1000,\"caption\":\"Buskerud H\u00f8yre\"},\"image\":{\"@id\":\"https:\/\/hoyre.no\/buskerud\/#\/schema\/logo\/image\/\"},\"sameAs\":[\"https:\/\/www.facebook.com\/buskerudhoyre\"]},{\"@type\":\"Person\",\"@id\":\"https:\/\/hoyre.no\/buskerud\/#\/schema\/person\/b9d4540632544d99376a438798d66b7c\",\"name\":\"Morten Sandnes\",\"image\":{\"@type\":\"ImageObject\",\"inLanguage\":\"nb-NO\",\"@id\":\"https:\/\/hoyre.no\/buskerud\/#\/schema\/person\/image\/\",\"url\":\"https:\/\/secure.gravatar.com\/avatar\/06423fc2e4fb8b22541b850a0adbc333c842aa89f8eb095c538ff0a052469848?s=96&d=mm&r=g\",\"contentUrl\":\"https:\/\/secure.gravatar.com\/avatar\/06423fc2e4fb8b22541b850a0adbc333c842aa89f8eb095c538ff0a052469848?s=96&d=mm&r=g\",\"caption\":\"Morten Sandnes\"},\"url\":\"https:\/\/hoyre.no\/buskerud\/aktuelt\/author\/m11329653\/\"}]}<\/script>\n<!-- \/ Yoast SEO plugin. -->","yoast_head_json":{"title":"Norge kan ikke miste gr\u00f8nn industri p\u00e5 grunn av somling - Buskerud H\u00f8yre","robots":{"index":"index","follow":"follow","max-snippet":"max-snippet:-1","max-image-preview":"max-image-preview:large","max-video-preview":"max-video-preview:-1"},"canonical":"https:\/\/hoyre.no\/buskerud\/aktuelt\/norge-kan-ikke-miste-gronn-industri-pa-grunn-av-somling\/","og_locale":"nb_NO","og_type":"article","og_title":"Norge kan ikke miste gr\u00f8nn industri p\u00e5 grunn av somling - Buskerud H\u00f8yre","og_url":"https:\/\/hoyre.no\/buskerud\/aktuelt\/norge-kan-ikke-miste-gronn-industri-pa-grunn-av-somling\/","og_site_name":"Buskerud H\u00f8yre","article_publisher":"https:\/\/www.facebook.com\/buskerudhoyre","article_published_time":"2026-02-26T20:16:25+00:00","article_modified_time":"2026-02-26T20:16:26+00:00","og_image":[{"url":"https:\/\/hoyre.no\/content\/uploads\/sites\/427\/2026\/02\/Kristin-og-Kristin-2.jpg","width":"","height":"","type":""}],"author":"Morten Sandnes","twitter_card":"summary_large_image","twitter_misc":{"Skrevet av":"Morten Sandnes","Ansl. lesetid":"2 minutter"},"schema":{"@context":"https:\/\/schema.org","@graph":[{"@type":"Article","@id":"https:\/\/hoyre.no\/buskerud\/aktuelt\/norge-kan-ikke-miste-gronn-industri-pa-grunn-av-somling\/#article","isPartOf":{"@id":"https:\/\/hoyre.no\/buskerud\/aktuelt\/norge-kan-ikke-miste-gronn-industri-pa-grunn-av-somling\/"},"author":{"name":"Morten Sandnes","@id":"https:\/\/hoyre.no\/buskerud\/#\/schema\/person\/b9d4540632544d99376a438798d66b7c"},"headline":"Norge kan ikke miste gr\u00f8nn industri p\u00e5 grunn av somling","datePublished":"2026-02-26T20:16:25+00:00","dateModified":"2026-02-26T20:16:26+00:00","mainEntityOfPage":{"@id":"https:\/\/hoyre.no\/buskerud\/aktuelt\/norge-kan-ikke-miste-gronn-industri-pa-grunn-av-somling\/"},"wordCount":228,"publisher":{"@id":"https:\/\/hoyre.no\/buskerud\/#organization"},"articleSection":["Nyheter"],"inLanguage":"nb-NO"},{"@type":"NewsArticle","@id":"https:\/\/hoyre.no\/buskerud\/aktuelt\/norge-kan-ikke-miste-gronn-industri-pa-grunn-av-somling\/","url":"https:\/\/hoyre.no\/buskerud\/aktuelt\/norge-kan-ikke-miste-gronn-industri-pa-grunn-av-somling\/","name":"Norge kan ikke miste gr\u00f8nn industri p\u00e5 grunn av somling - Buskerud H\u00f8yre","isPartOf":{"@id":"https:\/\/hoyre.no\/buskerud\/#website"},"datePublished":"2026-02-26T20:16:25+00:00","dateModified":"2026-02-26T20:16:26+00:00","breadcrumb":{"@id":"https:\/\/hoyre.no\/buskerud\/aktuelt\/norge-kan-ikke-miste-gronn-industri-pa-grunn-av-somling\/#breadcrumb"},"inLanguage":"nb-NO","potentialAction":[{"@type":"ReadAction","target":["https:\/\/hoyre.no\/buskerud\/aktuelt\/norge-kan-ikke-miste-gronn-industri-pa-grunn-av-somling\/"]}]},{"@type":"BreadcrumbList","@id":"https:\/\/hoyre.no\/buskerud\/aktuelt\/norge-kan-ikke-miste-gronn-industri-pa-grunn-av-somling\/#breadcrumb","itemListElement":[{"@type":"ListItem","position":1,"name":"Til hoyre.no","item":"https:\/\/hoyre.no"},{"@type":"ListItem","position":2,"name":"Hjem","item":"https:\/\/hoyre.no\/buskerud\/"},{"@type":"ListItem","position":3,"name":"Norge kan ikke miste gr\u00f8nn industri p\u00e5 grunn av somling"}]},{"@type":"WebSite","@id":"https:\/\/hoyre.no\/buskerud\/#website","url":"https:\/\/hoyre.no\/buskerud\/","name":"Buskerud H\u00f8yre","description":"Bare enda et H\u00f8yres nettsteder-nettsted","publisher":{"@id":"https:\/\/hoyre.no\/buskerud\/#organization"},"inLanguage":"nb-NO"},{"@type":"Organization","@id":"https:\/\/hoyre.no\/buskerud\/#organization","name":"Buskerud H\u00f8yre","url":"https:\/\/hoyre.no\/buskerud\/","logo":{"@type":"ImageObject","inLanguage":"nb-NO","@id":"https:\/\/hoyre.no\/buskerud\/#\/schema\/logo\/image\/","url":"https:\/\/hoyre.no\/content\/uploads\/sites\/427\/2023\/02\/hoyre_logo.png","contentUrl":"https:\/\/hoyre.no\/content\/uploads\/sites\/427\/2023\/02\/hoyre_logo.png","width":1000,"height":1000,"caption":"Buskerud H\u00f8yre"},"image":{"@id":"https:\/\/hoyre.no\/buskerud\/#\/schema\/logo\/image\/"},"sameAs":["https:\/\/www.facebook.com\/buskerudhoyre"]},{"@type":"Person","@id":"https:\/\/hoyre.no\/buskerud\/#\/schema\/person\/b9d4540632544d99376a438798d66b7c","name":"Morten Sandnes","image":{"@type":"ImageObject","inLanguage":"nb-NO","@id":"https:\/\/hoyre.no\/buskerud\/#\/schema\/person\/image\/","url":"https:\/\/secure.gravatar.com\/avatar\/06423fc2e4fb8b22541b850a0adbc333c842aa89f8eb095c538ff0a052469848?s=96&d=mm&r=g","contentUrl":"https:\/\/secure.gravatar.com\/avatar\/06423fc2e4fb8b22541b850a0adbc333c842aa89f8eb095c538ff0a052469848?s=96&d=mm&r=g","caption":"Morten Sandnes"},"url":"https:\/\/hoyre.no\/buskerud\/aktuelt\/author\/m11329653\/"}]}},"distributor_meta":false,"distributor_terms":false,"distributor_media":false,"distributor_original_site_name":"Buskerud H\u00f8yre","distributor_original_site_url":"https:\/\/hoyre.no\/buskerud","push-errors":false,"_links":{"self":[{"href":"https:\/\/hoyre.no\/buskerud\/wp-json\/wp\/v2\/posts\/1361","targetHints":{"allow":["GET"]}}],"collection":[{"href":"https:\/\/hoyre.no\/buskerud\/wp-json\/wp\/v2\/posts"}],"about":[{"href":"https:\/\/hoyre.no\/buskerud\/wp-json\/wp\/v2\/types\/post"}],"author":[{"embeddable":true,"href":"https:\/\/hoyre.no\/buskerud\/wp-json\/wp\/v2\/users\/447"}],"replies":[{"embeddable":true,"href":"https:\/\/hoyre.no\/buskerud\/wp-json\/wp\/v2\/comments?post=1361"}],"version-history":[{"count":1,"href":"https:\/\/hoyre.no\/buskerud\/wp-json\/wp\/v2\/posts\/1361\/revisions"}],"predecessor-version":[{"id":1363,"href":"https:\/\/hoyre.no\/buskerud\/wp-json\/wp\/v2\/posts\/1361\/revisions\/1363"}],"wp:attachment":[{"href":"https:\/\/hoyre.no\/buskerud\/wp-json\/wp\/v2\/media?parent=1361"}],"wp:term":[{"taxonomy":"category","embeddable":true,"href":"https:\/\/hoyre.no\/buskerud\/wp-json\/wp\/v2\/category?post=1361"},{"taxonomy":"post_tag","embeddable":true,"href":"https:\/\/hoyre.no\/buskerud\/wp-json\/wp\/v2\/post_tag?post=1361"},{"taxonomy":"hoyre-visibility","embeddable":true,"href":"https:\/\/hoyre.no\/buskerud\/wp-json\/wp\/v2\/hoyre-visibility?post=1361"},{"taxonomy":"article-type","embeddable":true,"href":"https:\/\/hoyre.no\/buskerud\/wp-json\/wp\/v2\/article-type?post=1361"},{"taxonomy":"politician","embeddable":true,"href":"https:\/\/hoyre.no\/buskerud\/wp-json\/wp\/v2\/politician?post=1361"}],"curies":[{"name":"wp","href":"https:\/\/api.w.org\/{rel}","templated":true}]}}