{"id":1364,"date":"2026-02-27T16:01:53","date_gmt":"2026-02-27T15:01:53","guid":{"rendered":"https:\/\/hoyre.no\/buskerud\/?p=1364"},"modified":"2026-02-27T16:01:53","modified_gmt":"2026-02-27T15:01:53","slug":"trygghet-vekst-og-samhold-en-helhetlig-satsing-for-framtidens-buskerud","status":"publish","type":"post","link":"https:\/\/hoyre.no\/buskerud\/aktuelt\/trygghet-vekst-og-samhold-en-helhetlig-satsing-for-framtidens-buskerud\/","title":{"rendered":"Trygghet, vekst og samhold \u2014 en helhetlig satsing for framtidens Buskerud"},"content":{"rendered":"\n<p class=\"preamble\">Buskerud H\u00f8yre vil styrke infrastruktur, boligbygging og totalforsvaret for \u00e5 sikre verdiskaping, bosetting og beredskap i hele fylket. Vi vil ha forutsigbare rammer, effektiv planlegging og tettere samarbeid mellom stat, kommune, n\u00e6ringsliv og frivillighet, slik at lokalsamfunn kan bidra til trygghet, deltakelse og framtidstro.<\/p>\t\t\t<div class=\"post-meta wp-block teft-byline-wrapper\">\n\t\t\t\t<div class=\"top\">\n\t\t\t\t\t<div class=\"signature\">\n\t\t\t\t\t\t<div class=\"teft-byline\">\n\t\t\t\t\t\t\t\t\t\t\t\t\t\t<div>\n\t\t\t\t\t\t\t\t<h3>H\u00f8yres redaksjon<\/h3>\t\t\t\t\t\t\t\t\n\t\t\t\t\t\t\t\t\t\t\t\t\t\t\t\t\t<span class=\"date\">Sist oppdatert: 27. februar 2026<\/span>\n\t\t\t\t\t\t\t\t\t\t\t\t\t\t\t\t\t\t\t\t\t\t\t\t\t<span class=\"reading-time\" itemprop=\"timeRequired\" content=\"PT11M\"><em>Ca. 11 minutter lesetid<\/em><\/span>\n\t\t\t\t\t\t\t\t\t\t\t\t\t\t\t<\/div>\n\t\t\t\t\t\t<\/div>\n\t\t\t\t\t<\/div>\n\t\t\t\t\t\t<div class=\"sharing\">\n\t\t<a class=\"share-button share-link copy-link\" data-copy=\"https:\/\/hoyre.no\/buskerud\/aktuelt\/trygghet-vekst-og-samhold-en-helhetlig-satsing-for-framtidens-buskerud\/\" target=\"_blank\"><span class=\"screen-reader-text\">Del link<\/span><\/a>\n\t\t<a class=\"share-button share-twitter\" href=\"http:\/\/twitter.com\/share?text=Trygghet, vekst og samhold \u2014 en helhetlig satsing for framtidens Buskerud&#038;url=https:\/\/hoyre.no\/buskerud\/aktuelt\/trygghet-vekst-og-samhold-en-helhetlig-satsing-for-framtidens-buskerud\/&#038;hashtags=Hoyre\" target=\"_blank\"><span class=\"screen-reader-text\">Del p\u00e5 twitter<\/span><\/a>\n\t\t<a class=\"share-button share-facebook\" href=\"https:\/\/www.facebook.com\/sharer\/sharer.php?u=https:\/\/hoyre.no\/buskerud\/aktuelt\/trygghet-vekst-og-samhold-en-helhetlig-satsing-for-framtidens-buskerud\/\" target=\"_blank\"><span class=\"screen-reader-text\">Del p\u00e5 facebook<\/span><\/a>\n\t<\/div>\n\t\t\t\t\t<\/div>\n\t\t\t<\/div>\n\n\t\t\t<figure class=\"hoyre-image-wrapper\"><div class=\"hoyre-image\"><img loading=\"lazy\" decoding=\"async\" width=\"2048\" height=\"1151\" src=\"https:\/\/hoyre.no\/content\/uploads\/sites\/427\/2026\/02\/Tog-elv-skog.jpeg\" class=\"attachment-scaled size-scaled\" alt=\"\" style=\"object-position: 50% 50%\" srcset=\"https:\/\/hoyre.no\/content\/uploads\/sites\/427\/2026\/02\/Tog-elv-skog.jpeg 2048w, https:\/\/hoyre.no\/content\/uploads\/sites\/427\/2026\/02\/Tog-elv-skog-300x169.jpeg 300w, https:\/\/hoyre.no\/content\/uploads\/sites\/427\/2026\/02\/Tog-elv-skog-1024x576.jpeg 1024w, https:\/\/hoyre.no\/content\/uploads\/sites\/427\/2026\/02\/Tog-elv-skog-768x432.jpeg 768w, https:\/\/hoyre.no\/content\/uploads\/sites\/427\/2026\/02\/Tog-elv-skog-1536x863.jpeg 1536w\" sizes=\"auto, (max-width: 2048px) 100vw, 2048px\" \/><\/div><\/figure>\n\n\n\n\n<p><strong>Storresolusjon Buskerud H\u00f8yres \u00e5rsm\u00f8te 2026<\/strong><\/p>\n\n\n\n<p>Det er krevende tider og mange ser til myndighetene for l\u00f8sninger og handling. Buskerud H\u00f8yre mener at det ansvaret som er gitt til kommuner og fylkeskommuner m\u00e5 suppleres av et n\u00e6ringsliv og frivillighet sammen med ansvaret til hver enkelt for \u00e5 skape det samfunnet som er rammene for trygghet og framtidstro selv i urolige tider preget av konflikt og m\u00f8rke fremtidsbeskrivelser.<\/p>\n\n\n\n<p>Demokratiet som gir hver enkelt mulighet for deltakelse, bygger p\u00e5 at hver deltar med sitt. Det \u00e5 delta med kunnskap, kompetanse, erfaring og vilje er grunnmuren for den tillit, forventning og omfordelingen som bygger et inkluderende samfunn.<\/p>\n\n\n\n<p>Dette utfordres av byr\u00e5kratisering, uavklart ansvar og utilstrekkelige midler til gjennomf\u00f8ringen av alle de velferdsordningene og rettighetene som samfunnet v\u00e5rt forvalter.<\/p>\n\n\n\n<p>Kommuner og fylkeskommuner i Norge utfordres av demografiske endringer, endringer i n\u00e6ringslivet sammensetning og muligheter sammen med begrensede muligheter til \u00e5 skaffe egne inntekter, derfor er m\u00e5ten oppgavene l\u00f8ses og organiseres p\u00e5 viktig for \u00e5 utnytte knappe ressurser.<\/p>\n\n\n\n<p>Buskerud H\u00f8yre tar i denne resolusjonen tak i noen hovedtemaer som viser bredden av utfordringene som vi ser for fremtidens Buskerud. V\u00e5rt behov for \u00f8kt grad av trygghet og infrastruktur som sikrer verdiskapning, bolyst og attraktivitet i hele fylket.<\/p>\n\n\n\n<p><strong>Infrastruktur og bosetting i hele landet<\/strong><\/p>\n\n\n\n<p>God infrastruktur er avgj\u00f8rende for verdiskaping, bosetting, beredskap og livskvalitet i hele landet. Vei, bane, bolig, digital kommunikasjon og energiforsyning m\u00e5 planlegges og utvikles i sammenheng for \u00e5 m\u00f8te fremtidens behov.<\/p>\n\n\n\n<p>I et moderne samfunn er trygg, rask og p\u00e5litelig digital kommunikasjon like viktig som transport av varer og mennesker. Stabil og forutsigbar energiforsyning er avgj\u00f8rende for n\u00e6ringsutvikling, bosetting og beredskap, og en bred energimiks med h\u00f8y leveringssikkerhet skal prioriteres.<\/p>\n\n\n\n<p>Buskerud er et sentralt bindeledd mellom \u00f8st og vest. Effektive jernbane- og veiforbindelser mellom Oslo og Bergen er avgj\u00f8rende for daglig mobilitet, n\u00e6ringsliv, klima og totalforsvaret. Bergensbanens forkortelse med Ringeriksbanen vil gi raskere transport, redusere behovet for flyreiser, styrke beredskap og gi bedre kapasitet for person- og godstransport.<\/p>\n\n\n\n<p>Regionale prosjekter som ny firefelts E134 (Dagslett \u2013 E18) og ny Holmenbru i Drammen er viktige for fremkommelighet, trafikksikkerhet og robusthet for b\u00e5de lokal og n\u00e6ringsrettet trafikk. Effektiv fremkommelighet p\u00e5 E18 mellom Drammen og Oslo og jernbanen mellom Kongsberg og Oslo er ogs\u00e5 helt sentralt.<\/p>\n\n\n\n<p>Kommuner og fylkeskommuner trenger forutsigbare rammer, statlig medfinansiering og tydelige prioriteringer for \u00e5 kunne bidra til helhetlige l\u00f8sninger. Infrastrukturpolitikken m\u00e5 redusere avstand, b\u00e5de i tid, kostnader og s\u00e5rbarhet, og sikre utvikling og trygghet i hele landet.<\/p>\n\n\n\n<h3 class=\"wp-block-heading\">H\u00f8yre vil:<\/h3>\n\n\n\n<ul class=\"wp-block-list\">\n<li>De demografiske utfordringene landet st\u00e5r ovenfor kan i betydelig grad l\u00f8ses ved \u00e5 ta bedre i bruk den arbeidskraftreserven som finnes i den s\u00e5kalte \u00abeldreb\u00f8lgen\u00bb. Mange seniorer \u00f8nsker, kan og vil delta i arbeidslivet.<\/li>\n\n\n\n<li>Videreutvikle og utvide Nye Veiers portef\u00f8lje til \u00e5 omfatte flere av de st\u00f8rste infrastrukturprosjektene av nasjonal betydning, for \u00e5 sikre langsiktig planlegging, effektiv gjennomf\u00f8ring og forutsigbar finansiering.<\/li>\n\n\n\n<li>Prioritere FRE16 med Ringeriksbanen som nasjonalt hovedprosjekt for en raskere, moderne, mer p\u00e5litelig og milj\u00f8vennlig jernbaneforbindelse mellom Oslo og Bergen.<\/li>\n\n\n\n<li>Utvikle Bergensbanen som et milj\u00f8vennlig alternativ til fly, med kortere reisetid, \u00f8kt kapasitet og bedre regularitet.<\/li>\n\n\n\n<li>Styrke jernbanens rolle i nasjonal beredskap, inkludert evakuering og transport av personell og materiell i kriser.<\/li>\n\n\n\n<li>Fullf\u00f8re viktige regionale transportprosjekter som ny firefelts E134 (Dagslett-E18) og ny Holmenbru i Drammen for bedre fremkommelighet, trafikksikkerhet og robusthet for lokal og n\u00e6ringstrafikk.<\/li>\n\n\n\n<li>Jobbe for tiltak for \u00e5 styrke trafikksikkerhet og beredskap p\u00e5 riksvei 7 i Hallingdal<\/li>\n\n\n\n<li>Sikre god fremkommelighet p\u00e5 E18 mellom Drammen og Oslo ved \u00e5 ta hele veikapasiteten i bruk, og st\u00f8tte videre utbygging av E18 i Asker.<\/li>\n\n\n\n<li>Sikre minst to togavganger i timen mellom Kongsberg og Oslo, med en times reisevei.<\/li>\n\n\n\n<li>Se vei, bane, bolig og arealutvikling i sammenheng for \u00e5 redusere transporttid og legge til rette for boliger n\u00e6r knutepunkter.<\/li>\n\n\n\n<li>Tilrettelegge for effektiv kollektivtrafikk p\u00e5 E18 mellom Drammen og Oslo, med bedre fremkommelighet og et styrket ekspressbusstilbud.<\/li>\n\n\n\n<li>Styrke digital infrastruktur i hele fylket for sikker og p\u00e5litelig tilgang til kommunikasjon og offentlige tjenester.<\/li>\n\n\n\n<li>Behandle digital infrastruktur og transport av data som samfunnskritisk infrastruktur p\u00e5 linje med vei, bane og energi.<\/li>\n\n\n\n<li>Sikre stabil og forutsigbar energiforsyning, som grunnlag for bosetting, n\u00e6ringsutvikling og beredskap i hele Buskerud.<\/li>\n\n\n\n<li>Gj\u00f8re kjernekraft til et reelt alternativ i norsk energiforsyning for \u00e5 sikre stabil, utslippsfri kraft i et langsiktig perspektiv.<\/li>\n\n\n\n<li>Ha en bredb\u00e5ndutbygging som sikrer dekningsgrad p\u00e5 mer enn 90%.<\/li>\n<\/ul>\n\n\n\n<p>Bolig- og arealpolitikken m\u00e5 legge til rette for flere og mer tilgjengelige boliger, ogs\u00e5 \u00f8konomisk, blant annet gjennom transformasjon av eksisterende industri- og boligomr\u00e5der. Samtidig m\u00e5 investeringer i vei og bane redusere tidsbruk, styrke fremkommelighet og gi bedre sammenheng mellom hjem, arbeid og fritid.<\/p>\n\n\n\n<p>\u00c5 eie egen bolig gir trygghet, forutsigbarhet og st\u00f8rre frihet i hverdagen. Eierlinjen har tjent Norge godt, og H\u00f8yre mener flere skal f\u00e5 muligheten til \u00e5 eie sitt eget hjem. I dag er boligdr\u00f8mmen vanskelig \u00e5 realisere for mange, selv for dem som jobber, sparer og tar ansvar. H\u00f8ye priser, strenge regler og h\u00f8ye inngangskostnader gj\u00f8r veien inn i boligmarkedet un\u00f8dvendig bratt.<\/p>\n\n\n\n<p>H\u00f8yre vil gj\u00f8re det enklere \u00e5 bygge flere boliger, raskere og rimeligere, og s\u00f8rge for at det l\u00f8nner seg \u00e5 spare til egen bolig. \u00d8kt boligbygging og bedre rammevilk\u00e5r for sparing er avgj\u00f8rende for at flere skal f\u00e5 muligheten til \u00e5 eie en bolig de kan etablere seg i og realisere boligdr\u00f8mmen.<\/p>\n\n\n\n<h3 class=\"wp-block-heading\">H\u00f8yre vil:<\/h3>\n\n\n\n<ul class=\"wp-block-list\">\n<li>Reformere og forenkle plan- og bygningsloven og betydelig redusere antallet statlig p\u00e5lagte krav til kommunal byggesaksbehandling, slik at kommunene raskere kan legge til rette for boligbygging og redusere kostnadsdrivende forsinkelser.<\/li>\n\n\n\n<li>Skjerpe krav til Statsforvalter for p\u00e5 sikre en effektiv samordning av statlige akt\u00f8rer med innsigelsesrett. Statsforvalter skal ha st\u00f8rre fokus p\u00e5 oppf\u00f8lging av vedtak fremfor innsigelser.<\/li>\n\n\n\n<li>Forenkle tekniske forskrifter (TEK) ved \u00e5 fjerne krav som ikke er direkte knyttet til sikkerhet og helse, og gi st\u00f8rre rom for rimeligere boligtyper.<\/li>\n\n\n\n<li>Innf\u00f8re bindende tidsfrister i plan- og byggesaker, der manglende behandling innen fristen gir \u00f8konomiske konsekvenser for det offentlige, som dagb\u00f8ter.<\/li>\n\n\n\n<li>Tillate innleie av arbeidskraft i bransjer med behov for midlertidig kapasitet, med klare krav til HMS, l\u00f8nns- og arbeidsvilk\u00e5r, slik at innleie kan brukes som et supplement til faste stillinger og bidra til at verdiskapning og effektivitet i n\u00e6ringslivet, inkludert boligbygging.<\/li>\n\n\n\n<li>Styrke startl\u00e5nsordningen i Husbanken, slik at flere med stabil inntekt, men manglende egenkapital, kan komme inn i boligmarkedet, og sikre fleksibel praksis og lik behandling mellom kommunene.<\/li>\n\n\n\n<li>Innf\u00f8re en midlertidig f\u00f8rstegangskj\u00f8per-ordning, der deler av dokumentavgiften fjernes eller reduseres for unge og f\u00f8rstegangskj\u00f8pere.<\/li>\n\n\n\n<li>Vurdere \u00e5 innf\u00f8re offentlige obligasjonsl\u00e5n som f\u00f8lger bolig.<\/li>\n\n\n\n<li>Justere BSU-ordningen ved \u00e5 heve det totale sparebel\u00f8pet til 360.000kr, det \u00e5rlige sparebel\u00f8pet til 30.000kr og skattefradraget til 22%. Maksimal sparing og \u00e5rlig skattebel\u00f8p \u00f8kes og indeksreguleres \u00e5rlig. Personer som har spart i BSU, kan disponere pengene fritt fra fylte 40 \u00e5r, uten krav om tilbakebetaling av tidligere skattefradrag.<\/li>\n\n\n\n<li>BSU-sparing skal v\u00e6re unntatt i vurdering av stipend og st\u00f8tteordninger.<\/li>\n\n\n\n<li>Innf\u00f8re differensiert skattefradrag for&nbsp;BSU-sparing, med h\u00f8yere fradrag for de f\u00f8rste 100 000 kronene som spares.<\/li>\n<\/ul>\n\n\n\n<p><strong>Totalforsvar og felleskap<\/strong><\/p>\n\n\n\n<p>Usikkerhet og utrygghet har f\u00e5tt en st\u00f8rre plass i v\u00e5r hverdag etter Russlands angrepskrig mot Ukraina. Vi st\u00e5r i den mest alvorlige sikkerhetspolitiske situasjonen i v\u00e5r del av verden siden murens fall, samtidig som v\u00e5r egen s\u00e5rbarhet kommer stadig tydeligere frem.<\/p>\n\n\n\n<p>2026 er utpekt som Totalforsvars\u00e5ret. Dette understreker behovet for \u00e5 vurdere tidligere prioriteringer i lys av dagens situasjon og veien mot et styrket totalforsvar. Behandlingen av totalforsvarsmeldingen og utviklingen i den sikkerhetspolitiske situasjonen viser tydelig at Norge m\u00e5 v\u00e6re bedre forberedt p\u00e5 kriser, konflikter og sammensatte trusler.<\/p>\n\n\n\n<p>Totalforsvaret handler ikke bare om milit\u00e6r kapasitet. Et robust samfunn forutsetter ogs\u00e5 en solid sivil beredskap, fungerende infrastruktur og tillit mellom innbyggere og beslutningstakere. I et teknologisk avansert samfunn er trygghet ogs\u00e5 redundans, det vil si evnen til \u00e5 opprettholde kritiske samfunnsfunksjoner som str\u00f8m, vann, transport og kommunikasjon, ogs\u00e5 n\u00e5r systemer settes under press.<\/p>\n\n\n\n<p>Moderne konflikter utspiller seg ofte i gr\u00e5sonen mellom fred og krig, gjennom p\u00e5virkning, sabotasje og destabilisering av sivilsamfunnet. Angrep p\u00e5 energiforsyning og annen kritisk infrastruktur vil bli brukt til \u00e5 svekke motstandsvilje.<\/p>\n\n\n\n<p>Norge er et langstrakt land med spredt bosetting og lange forsyningslinjer. Det stiller h\u00f8ye krav til beredskap og alternative l\u00f8sninger for \u00e5 sikre liv, helse og grunnleggende tjenester i krise. Slike tiltak er kostbare, men n\u00f8dvendige for \u00e5 sikre langsiktig trygghet og forutsigbarhet for innbyggere, kommuner og n\u00e6ringsliv.<\/p>\n\n\n\n<p>Et sterkt totalforsvar forutsetter ogs\u00e5 et sterkt fellesskap. Kommuner og fylkeskommuner har en avgj\u00f8rende rolle i totalforsvaret. Trygghet bygges hver dag gjennom lokalsamfunn, institusjoner, frivillighet og m\u00f8teplasser der mennesker deltar og tar ansvar. Innenforskap, tillit og felles verdier er en forutsetning for motstandskraft. Et inkluderende samfunn der alle gis mulighet til \u00e5 bidra, styrker b\u00e5de fellesskapet og nasjonal sikkerhet.<\/p>\n\n\n\n<p>Vi m\u00e5 investere i v\u00e5re innbyggere ut ifra v\u00e5re felles verdier med m\u00e5l om at alle skal kunne bidra til en bedre fremtid i et stadig tryggere Norge, ogs\u00e5 i m\u00f8te med en uoversiktlig fremtid<\/p>\n\n\n\n<h3 class=\"wp-block-heading\">H\u00f8yre vil:<\/h3>\n\n\n\n<p><strong>Samarbeid og nasjonal styring<\/strong><\/p>\n\n\n\n<ul class=\"wp-block-list\">\n<li>Styrke og tydeliggj\u00f8re samarbeidet mellom stat, fylke, statsforvalter, kommuner og private akt\u00f8rer, med klare ansvarsforhold i krise og konflikt.<\/li>\n\n\n\n<li>Legge bedre til rette for at n\u00e6ringslivet kan bidra aktivt i totalforsvaret, blant annet gjennom beredskapsavtaler og forutsigbare rammevilk\u00e5r for bedrifter som investerer i beredskap, redundans og sikker produksjon i Norge.<\/li>\n\n\n\n<li>Forsterke statens virkemidler for \u00e5 sikre nasjonal kontroll over kritisk industri, teknologi og infrastruktur for \u00e5 sikre nasjonal sikkerhet.<\/li>\n<\/ul>\n\n\n\n<p><strong>Beredskap, sikkerhet og infrastruktur<\/strong><\/p>\n\n\n\n<ul class=\"wp-block-list\">\n<li>Beredskap og samfunnssikkerhet skal integreres i all offentlig planlegging og investering. Kommuner og fylkeskommuner skal ha en aktiv rolle i totalforsvaret.<\/li>\n\n\n\n<li>Sikre bedre samordning mellom Nasjonal transportplan, langtidsplanen for forsvaret og Totalberedskapsmeldingen, sli at transport- og infrastrukturinvesteringer som hovedregel styrker nasjonal beredskap og totalforsvaret.<\/li>\n\n\n\n<li>Styrke arbeidet med digital sikkerhet og beredskap, og stille tydelige og etterpr\u00f8vbare krav til sikkerhet ved anskaffelse og bruk av digitale l\u00f8sninger i offentlig sektor.<\/li>\n\n\n\n<li>Forsterke investeringene i kraftproduksjon og kraftforsyning som en forutsetning for nasjonal sikkerhet og verdiskaping i hele landet.<\/li>\n\n\n\n<li>Styrke beskyttelsen av infrastruktur som vil v\u00e6re s\u00e6rlig utsatt i en eventuell konflikt, slik&nbsp;som gassledninger og v\u00e5penfabrikker.<\/li>\n\n\n\n<li>\u00d8ke bemanningen i politiet for \u00e5 styrke tryggheten i sivilsamfunnet og beredskapen i hele landet.<\/li>\n\n\n\n<li>Sikre lagring og tilgjengeliggj\u00f8ring av n\u00f8dvendig sivilt utstyr, reservedeler og innsatsfaktorer i Norge for bedre h\u00e5ndtering av krisesituasjoner.<\/li>\n\n\n\n<li>Sikre tilgang, kontroll og tilstrekkelig lagring av mat, medisiner og annet n\u00f8dvendig&nbsp;beredskapsutstyr for konflikter og kriser.<\/li>\n\n\n\n<li>Sikre tilgang p\u00e5 tilstrekkelig materiell, kompetanse og personell for kollektivselskaper og transportakt\u00f8rer i krise- og beredskapssituasjoner.<\/li>\n\n\n\n<li>Forsterke transport- og infrastrukturtiltak rundt kritiske regionale knutepunkt for \u00e5 sikre effektive transport\u00e5rer i krise og konflikt.<\/li>\n<\/ul>\n\n\n\n<p><strong>Forsvar og totalforsvar<\/strong><\/p>\n\n\n\n<ul class=\"wp-block-list\">\n<li>Videreutvikle den allmenne verneplikten for \u00e5 styrke totalforsvaret, herunder bedre samspill mellom milit\u00e6re og sivile beredskapsfunksjoner.<\/li>\n\n\n\n<li>Videreutvikle og utvide siviltjenesten, med m\u00e5l om at en st\u00f8rre del av befolkningen skal bidra til sivile beredskapsoppgaver.<\/li>\n\n\n\n<li>Videreutvikle og styrke Sivilforsvaret som en sentral del av den sivile beredskapen.<\/li>\n\n\n\n<li>Anerkjenne og benytte kompetansen til de som har deltatt i skarpe oppdrag i utenlandstjeneste.<\/li>\n<\/ul>\n\n\n\n<p><strong>Fellesskap og frivillighet<\/strong><\/p>\n\n\n\n<ul class=\"wp-block-list\">\n<li>Styrke investeringsst\u00f8tte til frivillige og sivile hjelpeorganisasjoner, som del av Totalforsvaret<\/li>\n\n\n\n<li>Styrke oppl\u00e6ring i beredskap, samfunnssikkerhet og egenberedskap gjennom skolen ved \u00e5 sikre at alle elever f\u00e5r grunnleggende praktisk kunnskap om beredskap og kriseh\u00e5ndtering, i samarbeid med arbeidsliv og frivillige organisasjoner.<\/li>\n\n\n\n<li>Styrke integreringstiltak som bidrar til deltakelse i arbeid, frivillighet og lokalsamfunn, kombinert med tydelige forventninger til deltakelse i fellesskapet og m\u00e5lrettet spr\u00e5koppl\u00e6ring.<\/li>\n<\/ul>\n\n\n<div class=\"tags\">\n\t<\/div>\n<div class=\"post-footer alignfull has-background block-editor-block-list__block\" data-align=full>\n\t<div class=\"post-footer-inner\">\n\t\t<h3>Relaterte artikler<\/h3>\n\t\t<div class=\"related-content\"><div class=\"is-card-hoyre\">\n\t<div class=\"teft-card hoyre-teft-card post-teft-card\">\n\t\t<a href=\"https:\/\/hoyre.no\/buskerud\/aktuelt\/buskerud-fylkeskommune-ligger-an-til-a-fa-et-netto-driftsresultat-pa-297-millioner-kroner-for-2025\/\" class=\"teft-card__primary-action\">\n\n\t\t\t\t\t<div class=\"teft-card__media teft-card__media--16-9\">\n\t\t\t\t\t\t<img loading=\"lazy\" decoding=\"async\" width=\"768\" height=\"512\" src=\"https:\/\/hoyre.no\/content\/uploads\/sites\/427\/2025\/10\/tore-opdal-hansen-61887-foto-cf-wesenberg_52522907160_o-768x512.jpg\" class=\"attachment-medium_large size-medium_large\" alt=\"\" srcset=\"https:\/\/hoyre.no\/content\/uploads\/sites\/427\/2025\/10\/tore-opdal-hansen-61887-foto-cf-wesenberg_52522907160_o-768x512.jpg 768w, https:\/\/hoyre.no\/content\/uploads\/sites\/427\/2025\/10\/tore-opdal-hansen-61887-foto-cf-wesenberg_52522907160_o-300x200.jpg 300w, https:\/\/hoyre.no\/content\/uploads\/sites\/427\/2025\/10\/tore-opdal-hansen-61887-foto-cf-wesenberg_52522907160_o-1024x683.jpg 1024w, https:\/\/hoyre.no\/content\/uploads\/sites\/427\/2025\/10\/tore-opdal-hansen-61887-foto-cf-wesenberg_52522907160_o-1536x1024.jpg 1536w, https:\/\/hoyre.no\/content\/uploads\/sites\/427\/2025\/10\/tore-opdal-hansen-61887-foto-cf-wesenberg_52522907160_o-2048x1365.jpg 2048w\" sizes=\"auto, (max-width: 768px) 100vw, 768px\" \/>\t\t<\/div>\n\t\t\n\t\t\t<div class=\"teft-card__content-wrapper\">\n\t\t\t\t<div class=\"teft-card__secondary\">\n\t\t\t\t\t\n\t\t\t\t\t\t\t\t<div class=\"teft-card__meta\">\n\t\t\t\t\t\t\t\t\t<span class=\"post-date\">5. mar 2026<\/span>\n\n\t\t\t\t\t\t\t\t\t<span class=\"post-category\">Nyheter<\/span>\t\t\t\t\t\t\t\t<\/div>\n\t\t\t\t\t\t\t\t\t\t\t<\/div>\n\n\t\t\t\t<div class=\"teft-card__primary\">\n\t\t\t\t\t<h2 class=\"teft-card__title\">Buskerud fylkeskommune ligger an til \u00e5 f\u00e5 et netto driftsresultat p\u00e5 297 millioner kroner for 2025&nbsp;<span class=\"teft-card__primary-title-append\"><\/span><\/h2>\t\t\t\t<\/div>\n\t\t\t<\/div>\n\t\t<\/a>\n\t<\/div>\n\n\t<\/div><div class=\"is-card-hoyre\">\n\t<div class=\"teft-card hoyre-teft-card post-teft-card\">\n\t\t<a href=\"https:\/\/hoyre.no\/buskerud\/aktuelt\/norge-kan-ikke-miste-gronn-industri-pa-grunn-av-somling\/\" class=\"teft-card__primary-action\">\n\n\t\t\t\t\t<div class=\"teft-card__media teft-card__media--16-9\">\n\t\t\t\t\t\t<img loading=\"lazy\" decoding=\"async\" width=\"768\" height=\"576\" src=\"https:\/\/hoyre.no\/content\/uploads\/sites\/427\/2026\/02\/Tommer-768x576.jpeg\" class=\"attachment-medium_large size-medium_large\" alt=\"\" srcset=\"https:\/\/hoyre.no\/content\/uploads\/sites\/427\/2026\/02\/Tommer-768x576.jpeg 768w, https:\/\/hoyre.no\/content\/uploads\/sites\/427\/2026\/02\/Tommer-300x225.jpeg 300w, https:\/\/hoyre.no\/content\/uploads\/sites\/427\/2026\/02\/Tommer-1024x768.jpeg 1024w, https:\/\/hoyre.no\/content\/uploads\/sites\/427\/2026\/02\/Tommer-1536x1152.jpeg 1536w, https:\/\/hoyre.no\/content\/uploads\/sites\/427\/2026\/02\/Tommer.jpeg 1600w\" sizes=\"auto, (max-width: 768px) 100vw, 768px\" \/>\t\t<\/div>\n\t\t\n\t\t\t<div class=\"teft-card__content-wrapper\">\n\t\t\t\t<div class=\"teft-card__secondary\">\n\t\t\t\t\t\n\t\t\t\t\t\t\t\t<div class=\"teft-card__meta\">\n\t\t\t\t\t\t\t\t\t<span class=\"post-date\">26. feb 2026<\/span>\n\n\t\t\t\t\t\t\t\t\t<span class=\"post-category\">Nyheter<\/span>\t\t\t\t\t\t\t\t<\/div>\n\t\t\t\t\t\t\t\t\t\t\t<\/div>\n\n\t\t\t\t<div class=\"teft-card__primary\">\n\t\t\t\t\t<h2 class=\"teft-card__title\">Norge kan ikke miste gr\u00f8nn industri p\u00e5 grunn av somling&nbsp;<span class=\"teft-card__primary-title-append\"><\/span><\/h2>\t\t\t\t<\/div>\n\t\t\t<\/div>\n\t\t<\/a>\n\t<\/div>\n\n\t<\/div><div class=\"is-card-hoyre\">\n\t<div class=\"teft-card hoyre-teft-card post-teft-card\">\n\t\t<a href=\"https:\/\/hoyre.no\/buskerud\/aktuelt\/vold-i-naere-relasjoner-ma-bekjempes\/\" class=\"teft-card__primary-action\">\n\n\t\t\t\t\t<div class=\"teft-card__media teft-card__media--16-9\">\n\t\t\t\t\t\t<img loading=\"lazy\" decoding=\"async\" width=\"640\" height=\"640\" src=\"https:\/\/hoyre.no\/content\/uploads\/sites\/427\/2026\/02\/Kristin-og-Kristin-2.jpg\" class=\"attachment-medium_large size-medium_large\" alt=\"\" srcset=\"https:\/\/hoyre.no\/content\/uploads\/sites\/427\/2026\/02\/Kristin-og-Kristin-2.jpg 640w, https:\/\/hoyre.no\/content\/uploads\/sites\/427\/2026\/02\/Kristin-og-Kristin-2-300x300.jpg 300w, https:\/\/hoyre.no\/content\/uploads\/sites\/427\/2026\/02\/Kristin-og-Kristin-2-150x150.jpg 150w\" sizes=\"auto, (max-width: 640px) 100vw, 640px\" \/>\t\t<\/div>\n\t\t\n\t\t\t<div class=\"teft-card__content-wrapper\">\n\t\t\t\t<div class=\"teft-card__secondary\">\n\t\t\t\t\t\n\t\t\t\t\t\t\t\t<div class=\"teft-card__meta\">\n\t\t\t\t\t\t\t\t\t<span class=\"post-date\">18. feb 2026<\/span>\n\n\t\t\t\t\t\t\t\t\t<span class=\"post-category\">Nyheter<\/span>\t\t\t\t\t\t\t\t<\/div>\n\t\t\t\t\t\t\t\t\t\t\t<\/div>\n\n\t\t\t\t<div class=\"teft-card__primary\">\n\t\t\t\t\t<h2 class=\"teft-card__title\">Vold i n\u00e6re relasjoner m\u00e5 bekjempes&nbsp;<span class=\"teft-card__primary-title-append\"><\/span><\/h2>\t\t\t\t<\/div>\n\t\t\t<\/div>\n\t\t<\/a>\n\t<\/div>\n\n\t<\/div><\/div>\t<\/div>\n<\/div>\n","protected":false},"excerpt":{"rendered":"","protected":false},"author":447,"featured_media":0,"comment_status":"closed","ping_status":"closed","sticky":false,"template":"","format":"standard","meta":{"teft_cards_image_url":"","teft_cards_custom_pretitle":"","teft_cards_image_id":1375,"teft_cards_image_focal_point_x":0.5,"teft_cards_image_focal_point_y":0.5,"teft_cards_title":"","teft_cards_excerpt":"","teft_show_chapters":false,"author_display_name":"Buskerud H\u00f8yre","footnotes":""},"category":[1],"post_tag":[],"hoyre-visibility":[],"article-type":[],"politician":[],"class_list":["post-1364","post","type-post","status-publish","format-standard","hentry","category-nyheter"],"yoast_head":"<!-- This site is optimized with the Yoast SEO plugin v26.6 - https:\/\/yoast.com\/wordpress\/plugins\/seo\/ -->\n<title>Trygghet, vekst og samhold \u2014 en helhetlig satsing for framtidens Buskerud - Buskerud H\u00f8yre<\/title>\n<meta name=\"robots\" content=\"index, follow, max-snippet:-1, max-image-preview:large, max-video-preview:-1\" \/>\n<link rel=\"canonical\" href=\"https:\/\/hoyre.no\/buskerud\/aktuelt\/trygghet-vekst-og-samhold-en-helhetlig-satsing-for-framtidens-buskerud\/\" \/>\n<meta property=\"og:locale\" content=\"nb_NO\" \/>\n<meta property=\"og:type\" content=\"article\" \/>\n<meta property=\"og:title\" content=\"Trygghet, vekst og samhold \u2014 en helhetlig satsing for framtidens Buskerud - Buskerud H\u00f8yre\" \/>\n<meta property=\"og:url\" content=\"https:\/\/hoyre.no\/buskerud\/aktuelt\/trygghet-vekst-og-samhold-en-helhetlig-satsing-for-framtidens-buskerud\/\" \/>\n<meta property=\"og:site_name\" content=\"Buskerud H\u00f8yre\" \/>\n<meta property=\"article:publisher\" content=\"https:\/\/www.facebook.com\/buskerudhoyre\" \/>\n<meta property=\"article:published_time\" content=\"2026-02-27T15:01:53+00:00\" \/>\n<meta property=\"og:image\" content=\"https:\/\/hoyre.no\/content\/uploads\/sites\/427\/2026\/02\/Kristin-og-Kristin-2.jpg\" \/>\n<meta name=\"author\" content=\"Morten Sandnes\" \/>\n<meta name=\"twitter:card\" content=\"summary_large_image\" \/>\n<meta name=\"twitter:label1\" content=\"Skrevet av\" \/>\n\t<meta name=\"twitter:data1\" content=\"Morten Sandnes\" \/>\n\t<meta name=\"twitter:label2\" content=\"Ansl. lesetid\" \/>\n\t<meta name=\"twitter:data2\" content=\"11 minutter\" \/>\n<script type=\"application\/ld+json\" class=\"yoast-schema-graph\">{\"@context\":\"https:\/\/schema.org\",\"@graph\":[{\"@type\":\"Article\",\"@id\":\"https:\/\/hoyre.no\/buskerud\/aktuelt\/trygghet-vekst-og-samhold-en-helhetlig-satsing-for-framtidens-buskerud\/#article\",\"isPartOf\":{\"@id\":\"https:\/\/hoyre.no\/buskerud\/aktuelt\/trygghet-vekst-og-samhold-en-helhetlig-satsing-for-framtidens-buskerud\/\"},\"author\":{\"name\":\"Morten Sandnes\",\"@id\":\"https:\/\/hoyre.no\/buskerud\/#\/schema\/person\/b9d4540632544d99376a438798d66b7c\"},\"headline\":\"Trygghet, vekst og samhold \u2014 en helhetlig satsing for framtidens Buskerud\",\"datePublished\":\"2026-02-27T15:01:53+00:00\",\"mainEntityOfPage\":{\"@id\":\"https:\/\/hoyre.no\/buskerud\/aktuelt\/trygghet-vekst-og-samhold-en-helhetlig-satsing-for-framtidens-buskerud\/\"},\"wordCount\":2020,\"publisher\":{\"@id\":\"https:\/\/hoyre.no\/buskerud\/#organization\"},\"articleSection\":[\"Nyheter\"],\"inLanguage\":\"nb-NO\"},{\"@type\":\"NewsArticle\",\"@id\":\"https:\/\/hoyre.no\/buskerud\/aktuelt\/trygghet-vekst-og-samhold-en-helhetlig-satsing-for-framtidens-buskerud\/\",\"url\":\"https:\/\/hoyre.no\/buskerud\/aktuelt\/trygghet-vekst-og-samhold-en-helhetlig-satsing-for-framtidens-buskerud\/\",\"name\":\"Trygghet, vekst og samhold \u2014 en helhetlig satsing for framtidens Buskerud - Buskerud H\u00f8yre\",\"isPartOf\":{\"@id\":\"https:\/\/hoyre.no\/buskerud\/#website\"},\"datePublished\":\"2026-02-27T15:01:53+00:00\",\"breadcrumb\":{\"@id\":\"https:\/\/hoyre.no\/buskerud\/aktuelt\/trygghet-vekst-og-samhold-en-helhetlig-satsing-for-framtidens-buskerud\/#breadcrumb\"},\"inLanguage\":\"nb-NO\",\"potentialAction\":[{\"@type\":\"ReadAction\",\"target\":[\"https:\/\/hoyre.no\/buskerud\/aktuelt\/trygghet-vekst-og-samhold-en-helhetlig-satsing-for-framtidens-buskerud\/\"]}]},{\"@type\":\"BreadcrumbList\",\"@id\":\"https:\/\/hoyre.no\/buskerud\/aktuelt\/trygghet-vekst-og-samhold-en-helhetlig-satsing-for-framtidens-buskerud\/#breadcrumb\",\"itemListElement\":[{\"@type\":\"ListItem\",\"position\":1,\"name\":\"Til hoyre.no\",\"item\":\"https:\/\/hoyre.no\"},{\"@type\":\"ListItem\",\"position\":2,\"name\":\"Hjem\",\"item\":\"https:\/\/hoyre.no\/buskerud\/\"},{\"@type\":\"ListItem\",\"position\":3,\"name\":\"Trygghet, vekst og samhold \u2014 en helhetlig satsing for framtidens Buskerud\"}]},{\"@type\":\"WebSite\",\"@id\":\"https:\/\/hoyre.no\/buskerud\/#website\",\"url\":\"https:\/\/hoyre.no\/buskerud\/\",\"name\":\"Buskerud H\u00f8yre\",\"description\":\"Bare enda et H\u00f8yres nettsteder-nettsted\",\"publisher\":{\"@id\":\"https:\/\/hoyre.no\/buskerud\/#organization\"},\"inLanguage\":\"nb-NO\"},{\"@type\":\"Organization\",\"@id\":\"https:\/\/hoyre.no\/buskerud\/#organization\",\"name\":\"Buskerud H\u00f8yre\",\"url\":\"https:\/\/hoyre.no\/buskerud\/\",\"logo\":{\"@type\":\"ImageObject\",\"inLanguage\":\"nb-NO\",\"@id\":\"https:\/\/hoyre.no\/buskerud\/#\/schema\/logo\/image\/\",\"url\":\"https:\/\/hoyre.no\/content\/uploads\/sites\/427\/2023\/02\/hoyre_logo.png\",\"contentUrl\":\"https:\/\/hoyre.no\/content\/uploads\/sites\/427\/2023\/02\/hoyre_logo.png\",\"width\":1000,\"height\":1000,\"caption\":\"Buskerud H\u00f8yre\"},\"image\":{\"@id\":\"https:\/\/hoyre.no\/buskerud\/#\/schema\/logo\/image\/\"},\"sameAs\":[\"https:\/\/www.facebook.com\/buskerudhoyre\"]},{\"@type\":\"Person\",\"@id\":\"https:\/\/hoyre.no\/buskerud\/#\/schema\/person\/b9d4540632544d99376a438798d66b7c\",\"name\":\"Morten Sandnes\",\"image\":{\"@type\":\"ImageObject\",\"inLanguage\":\"nb-NO\",\"@id\":\"https:\/\/hoyre.no\/buskerud\/#\/schema\/person\/image\/\",\"url\":\"https:\/\/secure.gravatar.com\/avatar\/06423fc2e4fb8b22541b850a0adbc333c842aa89f8eb095c538ff0a052469848?s=96&d=mm&r=g\",\"contentUrl\":\"https:\/\/secure.gravatar.com\/avatar\/06423fc2e4fb8b22541b850a0adbc333c842aa89f8eb095c538ff0a052469848?s=96&d=mm&r=g\",\"caption\":\"Morten Sandnes\"},\"url\":\"https:\/\/hoyre.no\/buskerud\/aktuelt\/author\/m11329653\/\"}]}<\/script>\n<!-- \/ Yoast SEO plugin. -->","yoast_head_json":{"title":"Trygghet, vekst og samhold \u2014 en helhetlig satsing for framtidens Buskerud - Buskerud H\u00f8yre","robots":{"index":"index","follow":"follow","max-snippet":"max-snippet:-1","max-image-preview":"max-image-preview:large","max-video-preview":"max-video-preview:-1"},"canonical":"https:\/\/hoyre.no\/buskerud\/aktuelt\/trygghet-vekst-og-samhold-en-helhetlig-satsing-for-framtidens-buskerud\/","og_locale":"nb_NO","og_type":"article","og_title":"Trygghet, vekst og samhold \u2014 en helhetlig satsing for framtidens Buskerud - Buskerud H\u00f8yre","og_url":"https:\/\/hoyre.no\/buskerud\/aktuelt\/trygghet-vekst-og-samhold-en-helhetlig-satsing-for-framtidens-buskerud\/","og_site_name":"Buskerud H\u00f8yre","article_publisher":"https:\/\/www.facebook.com\/buskerudhoyre","article_published_time":"2026-02-27T15:01:53+00:00","og_image":[{"url":"https:\/\/hoyre.no\/content\/uploads\/sites\/427\/2026\/02\/Kristin-og-Kristin-2.jpg","width":"","height":"","type":""}],"author":"Morten Sandnes","twitter_card":"summary_large_image","twitter_misc":{"Skrevet av":"Morten Sandnes","Ansl. lesetid":"11 minutter"},"schema":{"@context":"https:\/\/schema.org","@graph":[{"@type":"Article","@id":"https:\/\/hoyre.no\/buskerud\/aktuelt\/trygghet-vekst-og-samhold-en-helhetlig-satsing-for-framtidens-buskerud\/#article","isPartOf":{"@id":"https:\/\/hoyre.no\/buskerud\/aktuelt\/trygghet-vekst-og-samhold-en-helhetlig-satsing-for-framtidens-buskerud\/"},"author":{"name":"Morten Sandnes","@id":"https:\/\/hoyre.no\/buskerud\/#\/schema\/person\/b9d4540632544d99376a438798d66b7c"},"headline":"Trygghet, vekst og samhold \u2014 en helhetlig satsing for framtidens Buskerud","datePublished":"2026-02-27T15:01:53+00:00","mainEntityOfPage":{"@id":"https:\/\/hoyre.no\/buskerud\/aktuelt\/trygghet-vekst-og-samhold-en-helhetlig-satsing-for-framtidens-buskerud\/"},"wordCount":2020,"publisher":{"@id":"https:\/\/hoyre.no\/buskerud\/#organization"},"articleSection":["Nyheter"],"inLanguage":"nb-NO"},{"@type":"NewsArticle","@id":"https:\/\/hoyre.no\/buskerud\/aktuelt\/trygghet-vekst-og-samhold-en-helhetlig-satsing-for-framtidens-buskerud\/","url":"https:\/\/hoyre.no\/buskerud\/aktuelt\/trygghet-vekst-og-samhold-en-helhetlig-satsing-for-framtidens-buskerud\/","name":"Trygghet, vekst og samhold \u2014 en helhetlig satsing for framtidens Buskerud - Buskerud H\u00f8yre","isPartOf":{"@id":"https:\/\/hoyre.no\/buskerud\/#website"},"datePublished":"2026-02-27T15:01:53+00:00","breadcrumb":{"@id":"https:\/\/hoyre.no\/buskerud\/aktuelt\/trygghet-vekst-og-samhold-en-helhetlig-satsing-for-framtidens-buskerud\/#breadcrumb"},"inLanguage":"nb-NO","potentialAction":[{"@type":"ReadAction","target":["https:\/\/hoyre.no\/buskerud\/aktuelt\/trygghet-vekst-og-samhold-en-helhetlig-satsing-for-framtidens-buskerud\/"]}]},{"@type":"BreadcrumbList","@id":"https:\/\/hoyre.no\/buskerud\/aktuelt\/trygghet-vekst-og-samhold-en-helhetlig-satsing-for-framtidens-buskerud\/#breadcrumb","itemListElement":[{"@type":"ListItem","position":1,"name":"Til hoyre.no","item":"https:\/\/hoyre.no"},{"@type":"ListItem","position":2,"name":"Hjem","item":"https:\/\/hoyre.no\/buskerud\/"},{"@type":"ListItem","position":3,"name":"Trygghet, vekst og samhold \u2014 en helhetlig satsing for framtidens Buskerud"}]},{"@type":"WebSite","@id":"https:\/\/hoyre.no\/buskerud\/#website","url":"https:\/\/hoyre.no\/buskerud\/","name":"Buskerud H\u00f8yre","description":"Bare enda et H\u00f8yres nettsteder-nettsted","publisher":{"@id":"https:\/\/hoyre.no\/buskerud\/#organization"},"inLanguage":"nb-NO"},{"@type":"Organization","@id":"https:\/\/hoyre.no\/buskerud\/#organization","name":"Buskerud H\u00f8yre","url":"https:\/\/hoyre.no\/buskerud\/","logo":{"@type":"ImageObject","inLanguage":"nb-NO","@id":"https:\/\/hoyre.no\/buskerud\/#\/schema\/logo\/image\/","url":"https:\/\/hoyre.no\/content\/uploads\/sites\/427\/2023\/02\/hoyre_logo.png","contentUrl":"https:\/\/hoyre.no\/content\/uploads\/sites\/427\/2023\/02\/hoyre_logo.png","width":1000,"height":1000,"caption":"Buskerud H\u00f8yre"},"image":{"@id":"https:\/\/hoyre.no\/buskerud\/#\/schema\/logo\/image\/"},"sameAs":["https:\/\/www.facebook.com\/buskerudhoyre"]},{"@type":"Person","@id":"https:\/\/hoyre.no\/buskerud\/#\/schema\/person\/b9d4540632544d99376a438798d66b7c","name":"Morten Sandnes","image":{"@type":"ImageObject","inLanguage":"nb-NO","@id":"https:\/\/hoyre.no\/buskerud\/#\/schema\/person\/image\/","url":"https:\/\/secure.gravatar.com\/avatar\/06423fc2e4fb8b22541b850a0adbc333c842aa89f8eb095c538ff0a052469848?s=96&d=mm&r=g","contentUrl":"https:\/\/secure.gravatar.com\/avatar\/06423fc2e4fb8b22541b850a0adbc333c842aa89f8eb095c538ff0a052469848?s=96&d=mm&r=g","caption":"Morten Sandnes"},"url":"https:\/\/hoyre.no\/buskerud\/aktuelt\/author\/m11329653\/"}]}},"distributor_meta":false,"distributor_terms":false,"distributor_media":false,"distributor_original_site_name":"Buskerud H\u00f8yre","distributor_original_site_url":"https:\/\/hoyre.no\/buskerud","push-errors":false,"_links":{"self":[{"href":"https:\/\/hoyre.no\/buskerud\/wp-json\/wp\/v2\/posts\/1364","targetHints":{"allow":["GET"]}}],"collection":[{"href":"https:\/\/hoyre.no\/buskerud\/wp-json\/wp\/v2\/posts"}],"about":[{"href":"https:\/\/hoyre.no\/buskerud\/wp-json\/wp\/v2\/types\/post"}],"author":[{"embeddable":true,"href":"https:\/\/hoyre.no\/buskerud\/wp-json\/wp\/v2\/users\/447"}],"replies":[{"embeddable":true,"href":"https:\/\/hoyre.no\/buskerud\/wp-json\/wp\/v2\/comments?post=1364"}],"version-history":[{"count":3,"href":"https:\/\/hoyre.no\/buskerud\/wp-json\/wp\/v2\/posts\/1364\/revisions"}],"predecessor-version":[{"id":1377,"href":"https:\/\/hoyre.no\/buskerud\/wp-json\/wp\/v2\/posts\/1364\/revisions\/1377"}],"wp:attachment":[{"href":"https:\/\/hoyre.no\/buskerud\/wp-json\/wp\/v2\/media?parent=1364"}],"wp:term":[{"taxonomy":"category","embeddable":true,"href":"https:\/\/hoyre.no\/buskerud\/wp-json\/wp\/v2\/category?post=1364"},{"taxonomy":"post_tag","embeddable":true,"href":"https:\/\/hoyre.no\/buskerud\/wp-json\/wp\/v2\/post_tag?post=1364"},{"taxonomy":"hoyre-visibility","embeddable":true,"href":"https:\/\/hoyre.no\/buskerud\/wp-json\/wp\/v2\/hoyre-visibility?post=1364"},{"taxonomy":"article-type","embeddable":true,"href":"https:\/\/hoyre.no\/buskerud\/wp-json\/wp\/v2\/article-type?post=1364"},{"taxonomy":"politician","embeddable":true,"href":"https:\/\/hoyre.no\/buskerud\/wp-json\/wp\/v2\/politician?post=1364"}],"curies":[{"name":"wp","href":"https:\/\/api.w.org\/{rel}","templated":true}]}}