{"id":1601,"date":"2026-04-30T13:09:04","date_gmt":"2026-04-30T11:09:04","guid":{"rendered":"https:\/\/hoyre.no\/drammen\/?p=1601"},"modified":"2026-04-30T13:09:04","modified_gmt":"2026-04-30T11:09:04","slug":"stotte-til-eldre-og-parorende-styrkes","status":"publish","type":"post","link":"https:\/\/hoyre.no\/drammen\/aktuelt\/stotte-til-eldre-og-parorende-styrkes\/","title":{"rendered":"St\u00f8tte til eldre og p\u00e5r\u00f8rende styrkes"},"content":{"rendered":"\n<p class=\"preamble\">I Drammen, som i resten av landet, lever flere eldre hjemme lenger enn f\u00f8r. Det er i utgangspunktet en positiv utvikling. De fleste \u00f8nsker \u00e5 bo i eget hjem s\u00e5 lenge det er trygt og godt. Samtidig vet vi at denne utviklingen stiller nye krav \u2013 ikke bare til kommunen, men til oss som lokalsamfunn.<\/p>\t\t\t<div class=\"post-meta wp-block teft-byline-wrapper\">\n\t\t\t\t<div class=\"top\">\n\t\t\t\t\t<div class=\"signature\">\n\t\t\t\t\t\t<div class=\"teft-byline\">\n\t\t\t\t\t\t\t<div class=\"teft-card__media circle-crop\"><img decoding=\"async\" loading=\"lazy\" width=\"500\" height=\"500\" src=\"https:\/\/res.cloudinary.com\/hoyre\/image\/upload\/c_thumb,g_face:center,h_500,w_500,d_defaultprofileimg3.jpg,fl_lossy,f_auto\/w_500\/v20230420\/50100163.jpg\" style=\"background-position:50% 50%;\" alt=\"Andreas Muri\" \/><\/div>\t\t\t\t\t\t\t<div>\n\t\t\t\t\t\t\t\t<h3><a href=\"https:\/\/hoyre.no\/personprofiler\/andreas-muri\/\">Andreas Muri<\/a><\/h3>\t\t\t\t\t\t\t\t\t\t\t\t\t\t\t\t\t<span class=\"position\">Internettredakt\u00f8r<\/span>\n\t\t\t\t\t\t\t\t\n\t\t\t\t\t\t\t\t\t\t\t\t\t\t\t\t\t<span class=\"date\">Sist oppdatert: 30. april 2026<\/span>\n\t\t\t\t\t\t\t\t\t\t\t\t\t\t\t\t\t\t\t\t\t\t\t\t\t<span class=\"reading-time\" itemprop=\"timeRequired\" content=\"PT4M\"><em>Ca. 4 minutter lesetid<\/em><\/span>\n\t\t\t\t\t\t\t\t\t\t\t\t\t\t\t<\/div>\n\t\t\t\t\t\t<\/div>\n\t\t\t\t\t<\/div>\n\t\t\t\t\t\t<div class=\"sharing\">\n\t\t<a class=\"share-button share-link copy-link\" data-copy=\"https:\/\/hoyre.no\/drammen\/aktuelt\/stotte-til-eldre-og-parorende-styrkes\/\" target=\"_blank\"><span class=\"screen-reader-text\">Del link<\/span><\/a>\n\t\t<a class=\"share-button share-twitter\" href=\"http:\/\/twitter.com\/share?text=St\u00f8tte til eldre og p\u00e5r\u00f8rende styrkes&#038;url=https:\/\/hoyre.no\/drammen\/aktuelt\/stotte-til-eldre-og-parorende-styrkes\/&#038;hashtags=Hoyre\" target=\"_blank\"><span class=\"screen-reader-text\">Del p\u00e5 twitter<\/span><\/a>\n\t\t<a class=\"share-button share-facebook\" href=\"https:\/\/www.facebook.com\/sharer\/sharer.php?u=https:\/\/hoyre.no\/drammen\/aktuelt\/stotte-til-eldre-og-parorende-styrkes\/\" target=\"_blank\"><span class=\"screen-reader-text\">Del p\u00e5 facebook<\/span><\/a>\n\t<\/div>\n\t\t\t\t\t<\/div>\n\t\t\t<\/div>\n\n\t\t\t<figure class=\"hoyre-image-wrapper\"><div class=\"hoyre-image\"><img loading=\"lazy\" decoding=\"async\" width=\"2500\" height=\"1875\" src=\"https:\/\/hoyre.no\/content\/uploads\/sites\/201\/2026\/04\/IMG_9539-scaled.jpeg\" class=\"attachment-scaled size-scaled\" alt=\"Andreas Muri og Luciana Soares Rodrigues\" style=\"object-position: 46% 35%\" srcset=\"https:\/\/hoyre.no\/content\/uploads\/sites\/201\/2026\/04\/IMG_9539-scaled.jpeg 2500w, https:\/\/hoyre.no\/content\/uploads\/sites\/201\/2026\/04\/IMG_9539-300x225.jpeg 300w, https:\/\/hoyre.no\/content\/uploads\/sites\/201\/2026\/04\/IMG_9539-1024x768.jpeg 1024w, https:\/\/hoyre.no\/content\/uploads\/sites\/201\/2026\/04\/IMG_9539-768x576.jpeg 768w, https:\/\/hoyre.no\/content\/uploads\/sites\/201\/2026\/04\/IMG_9539-1536x1152.jpeg 1536w, https:\/\/hoyre.no\/content\/uploads\/sites\/201\/2026\/04\/IMG_9539-2048x1536.jpeg 2048w\" sizes=\"auto, (max-width: 2500px) 100vw, 2500px\" \/><\/div><figcaption class=\"caption\">N\u00e5r flere eldre bor hjemme lenger, m\u00e5 vi ogs\u00e5 styrke st\u00f8tten til p\u00e5r\u00f8rende og fellesskapet rundt, skriver Andreas Muri og Luciana Soares Rodrigues.<\/figcaption><\/figure>\n\n\n\n\n<p>For bak kommunale vedtak og budsjetter finnes det mennesker. Ektefeller, voksne barn, naboer og andre p\u00e5r\u00f8rende som hver dag gj\u00f8r en uvurderlig innsats. Mange st\u00e5r i krevende omsorgsoppgaver over lang tid, ofte uten pauser og med lite oppmerksomhet rundt egen belastning. Samtidig vet vi at ensomhet er en av de st\u00f8rste utfordringene blant eldre, s\u00e6rlig for dem som bor alene og har redusert mobilitet.<\/p>\n\n\n\n<p>Derfor er det avgj\u00f8rende at vi ikke bare snakker om at eldre skal \u00abbo trygt hjemme\u00bb, men ogs\u00e5 s\u00f8rger for st\u00f8tte, fellesskap og avlastning i hverdagen \u2013 b\u00e5de for den enkelte og for dem som st\u00e5r rundt.<\/p>\n\n\n\n<p>I budsjettet for 2026 ble samarbeidspartiene i Drammen enige med Senterpartiet om flere konkrete tiltak. H\u00f8yre har v\u00e6rt en sentral del av dette arbeidet, og n\u00e5 f\u00f8lges vedtakene opp av kommunen. De f\u00f8rste tiltakene starter allerede fra sensommeren og h\u00f8sten 2026.<\/p>\n\n\n\n<p>For det f\u00f8rste etableres det en drop-in avlastningstjeneste for personer med demens, tett knyttet til et nytt p\u00e5r\u00f8rendesenter, med planlagt oppstart h\u00f8sten 2026. Dette blir et lavterskeltilbud uten krav om s\u00f8knad eller vedtak. N\u00e5r behovet for avlastning oppst\u00e5r, skal hjelpen v\u00e6re tilgjengelig. For p\u00e5r\u00f8rende kan dette bety etterlengtede pusterom. For personer som lever med demens betyr det et trygt og meningsfullt tilbud. Dette er et tydelig signal om at p\u00e5r\u00f8rende ikke skal st\u00e5 alene.<\/p>\n\n\n\n<p>For det andre etableres det et nytt seniorsenter p\u00e5 Losjeplassen, med oppstart sensommeren 2026. Slike m\u00f8teplasser har stor betydning. De gir sosialt fellesskap, aktivitet og struktur i hverdagen, og bidrar til \u00e5 forebygge ensomhet, funksjonsfall og utrygghet. Dette handler ikke bare om helse og tjenester, men om livskvalitet og tilh\u00f8righet.<\/p>\n\n\n\n<p>For det tredje settes det i gang en henteordning til sosiale aktiviteter og lavterskeltilbud, som i f\u00f8rste omgang pr\u00f8ves ut p\u00e5 Konnerud fra sensommeren 2026. For mange eldre er det ikke mangel p\u00e5 tilbud som er utfordringen, men det \u00e5 komme seg dit. N\u00e5r mobiliteten svikter, kan terskelen bli for h\u00f8y. Denne utpr\u00f8vingen skal gi erfaringer som kan legge grunnlag for \u00e5 utvide ordningen til flere deler av kommunen i \u00e5rene fremover.<\/p>\n\n\n\n<p>I tillegg etableres det nye lavterskeltilbud for hjemmeboende med demens, etter modell av Villa Fredrikke p\u00e5 Bragernes. Det f\u00f8rste nye tilbudet etableres p\u00e5 Str\u00f8ms\u00f8 i 2026, f\u00f8r tilbudet bygges videre ut med en ny lokasjon i Mj\u00f8ndalen fra 2027. Disse tilbudene gir aktivitet, sosial kontakt og avlastning \u2013 b\u00e5de for personer som lever med demens og for deres n\u00e6rmeste.<\/p>\n\n\n\n<p>Til sammen viser disse tiltakene en tydelig retning: Vi tar p\u00e5 alvor at alderdommen ikke bare handler om pleie og omsorg, men ogs\u00e5 om fellesskap, verdighet og st\u00f8tte i hverdagen. Samtidig er vi tydelige p\u00e5 at dette bare er en begynnelse.<\/p>\n\n\n\n<p>Med flere eldre i \u00e5rene som kommer m\u00e5 vi gj\u00f8re mer. Vi m\u00e5 videreutvikle tilbudene, l\u00e6re av erfaringene som n\u00e5 gj\u00f8res og v\u00e6re villige til \u00e5 styrke innsatsen der behovene \u00f8ker. Det vil kreve politisk vilje, godt samarbeid og ansvarlige prioriteringer over tid.<\/p>\n\n\n\n<p>I Drammen skal vi m\u00f8te en stadig st\u00f8rre eldre befolkning med ambisjoner, langsiktighet og vilje til \u00e5 bygge videre p\u00e5 det vi n\u00e5 setter i gang.<\/p>\n\n\n\n<p><strong>Luciana\u00a0Soares\u00a0Rodrigues<\/strong>, medlem av Hovedutvalg for helse og omsorg<\/p>\n\n\n\n<p><strong>Andreas Muri<\/strong>, leder av Hovedutvalg for helse og omsorg<\/p>\n\n\n<div class=\"tags\">\n\t<\/div>\n<div class=\"post-footer alignfull has-background block-editor-block-list__block\" data-align=full>\n\t<div class=\"post-footer-inner\">\n\t\t<h3>Relaterte artikler<\/h3>\n\t\t<div class=\"related-content\"><div class=\"is-card-hoyre\">\n\t<div class=\"teft-card hoyre-teft-card post-teft-card\">\n\t\t<a href=\"https:\/\/hoyre.no\/drammen\/aktuelt\/drammen-trenger-en-internasjonal-skole-og-vi-har-ikke-rad-til-a-la-vaere\/\" class=\"teft-card__primary-action\">\n\n\t\t\t\t\t<div class=\"teft-card__media teft-card__media--16-9\">\n\t\t\t\t\t\t<img loading=\"lazy\" decoding=\"async\" width=\"768\" height=\"512\" src=\"https:\/\/hoyre.no\/content\/uploads\/sites\/201\/2024\/12\/surlien_kristin_0003-768x512.jpg\" class=\"attachment-medium_large size-medium_large\" alt=\"Kristin Surlien\" srcset=\"https:\/\/hoyre.no\/content\/uploads\/sites\/201\/2024\/12\/surlien_kristin_0003-768x512.jpg 768w, https:\/\/hoyre.no\/content\/uploads\/sites\/201\/2024\/12\/surlien_kristin_0003-300x200.jpg 300w, https:\/\/hoyre.no\/content\/uploads\/sites\/201\/2024\/12\/surlien_kristin_0003-1024x683.jpg 1024w, https:\/\/hoyre.no\/content\/uploads\/sites\/201\/2024\/12\/surlien_kristin_0003-1536x1024.jpg 1536w, https:\/\/hoyre.no\/content\/uploads\/sites\/201\/2024\/12\/surlien_kristin_0003-2048x1365.jpg 2048w\" sizes=\"auto, (max-width: 768px) 100vw, 768px\" \/>\t\t<\/div>\n\t\t\n\t\t\t<div class=\"teft-card__content-wrapper\">\n\t\t\t\t<div class=\"teft-card__secondary\">\n\t\t\t\t\t\n\t\t\t\t\t\t\t\t<div class=\"teft-card__meta\">\n\t\t\t\t\t\t\t\t\t<span class=\"post-date\">22. apr 2026<\/span>\n\n\t\t\t\t\t\t\t\t\t\t\t\t\t\t\t\t\t<\/div>\n\t\t\t\t\t\t\t\t\t\t\t<\/div>\n\n\t\t\t\t<div class=\"teft-card__primary\">\n\t\t\t\t\t<h2 class=\"teft-card__title\">Drammen trenger en internasjonal skole \u2013 og vi har ikke r\u00e5d til \u00e5 la v\u00e6re&nbsp;<span class=\"teft-card__primary-title-append\"><\/span><\/h2>\t\t\t\t<\/div>\n\t\t\t<\/div>\n\t\t<\/a>\n\t<\/div>\n\n\t<\/div><div class=\"is-card-hoyre\">\n\t<div class=\"teft-card hoyre-teft-card post-teft-card\">\n\t\t<a href=\"https:\/\/hoyre.no\/drammen\/aktuelt\/hermansen-gjenvalgt-som-ordforerkandidat\/\" class=\"teft-card__primary-action\">\n\n\t\t\t\t\t<div class=\"teft-card__media teft-card__media--16-9\">\n\t\t\t\t\t\t<img loading=\"lazy\" decoding=\"async\" width=\"768\" height=\"541\" src=\"https:\/\/hoyre.no\/content\/uploads\/sites\/201\/2022\/10\/Hermansen_Kjell_Arne_09_22_0278_lowres-768x541.jpg\" class=\"attachment-medium_large size-medium_large\" alt=\"\" srcset=\"https:\/\/hoyre.no\/content\/uploads\/sites\/201\/2022\/10\/Hermansen_Kjell_Arne_09_22_0278_lowres-768x541.jpg 768w, https:\/\/hoyre.no\/content\/uploads\/sites\/201\/2022\/10\/Hermansen_Kjell_Arne_09_22_0278_lowres-300x211.jpg 300w, https:\/\/hoyre.no\/content\/uploads\/sites\/201\/2022\/10\/Hermansen_Kjell_Arne_09_22_0278_lowres-1024x722.jpg 1024w, https:\/\/hoyre.no\/content\/uploads\/sites\/201\/2022\/10\/Hermansen_Kjell_Arne_09_22_0278_lowres.jpg 1490w\" sizes=\"auto, (max-width: 768px) 100vw, 768px\" \/>\t\t<\/div>\n\t\t\n\t\t\t<div class=\"teft-card__content-wrapper\">\n\t\t\t\t<div class=\"teft-card__secondary\">\n\t\t\t\t\t\n\t\t\t\t\t\t\t\t<div class=\"teft-card__meta\">\n\t\t\t\t\t\t\t\t\t<span class=\"post-date\">22. apr 2026<\/span>\n\n\t\t\t\t\t\t\t\t\t\t\t\t\t\t\t\t\t<\/div>\n\t\t\t\t\t\t\t\t\t\t\t<\/div>\n\n\t\t\t\t<div class=\"teft-card__primary\">\n\t\t\t\t\t<h2 class=\"teft-card__title\">Hermansen gjenvalgt som ordf\u00f8rerkandidat&nbsp;<span class=\"teft-card__primary-title-append\"><\/span><\/h2>\t\t\t\t<\/div>\n\t\t\t<\/div>\n\t\t<\/a>\n\t<\/div>\n\n\t<\/div><div class=\"is-card-hoyre\">\n\t<div class=\"teft-card hoyre-teft-card post-teft-card\">\n\t\t<a href=\"https:\/\/hoyre.no\/drammen\/aktuelt\/hvorfor-skal-vi-ha-avgift-for-bedre-folkehelse\/\" class=\"teft-card__primary-action\">\n\n\t\t\t\t\t<div class=\"teft-card__media teft-card__media--16-9\">\n\t\t\t\t\t\t<img loading=\"lazy\" decoding=\"async\" width=\"768\" height=\"768\" src=\"https:\/\/hoyre.no\/content\/uploads\/sites\/201\/2025\/06\/6-Fred-Lowe-edited-768x768.jpg\" class=\"attachment-medium_large size-medium_large\" alt=\"Fred L\u00f8we\" srcset=\"https:\/\/hoyre.no\/content\/uploads\/sites\/201\/2025\/06\/6-Fred-Lowe-edited-768x768.jpg 768w, https:\/\/hoyre.no\/content\/uploads\/sites\/201\/2025\/06\/6-Fred-Lowe-edited-300x300.jpg 300w, https:\/\/hoyre.no\/content\/uploads\/sites\/201\/2025\/06\/6-Fred-Lowe-edited-1024x1024.jpg 1024w, https:\/\/hoyre.no\/content\/uploads\/sites\/201\/2025\/06\/6-Fred-Lowe-edited-150x150.jpg 150w, https:\/\/hoyre.no\/content\/uploads\/sites\/201\/2025\/06\/6-Fred-Lowe-edited-1536x1536.jpg 1536w, https:\/\/hoyre.no\/content\/uploads\/sites\/201\/2025\/06\/6-Fred-Lowe-edited-2048x2048.jpg 2048w\" sizes=\"auto, (max-width: 768px) 100vw, 768px\" \/>\t\t<\/div>\n\t\t\n\t\t\t<div class=\"teft-card__content-wrapper\">\n\t\t\t\t<div class=\"teft-card__secondary\">\n\t\t\t\t\t\n\t\t\t\t\t\t\t\t<div class=\"teft-card__meta\">\n\t\t\t\t\t\t\t\t\t<span class=\"post-date\">20. apr 2026<\/span>\n\n\t\t\t\t\t\t\t\t\t\t\t\t\t\t\t\t\t<\/div>\n\t\t\t\t\t\t\t\t\t\t\t<\/div>\n\n\t\t\t\t<div class=\"teft-card__primary\">\n\t\t\t\t\t<h2 class=\"teft-card__title\">Hvorfor skal vi ha avgift for bedre folkehelse?&nbsp;<span class=\"teft-card__primary-title-append\"><\/span><\/h2>\t\t\t\t<\/div>\n\t\t\t<\/div>\n\t\t<\/a>\n\t<\/div>\n\n\t<\/div><\/div>\t<\/div>\n<\/div>\n","protected":false},"excerpt":{"rendered":"","protected":false},"author":31325,"featured_media":0,"comment_status":"closed","ping_status":"closed","sticky":false,"template":"","format":"standard","meta":{"teft_cards_image_url":"","teft_cards_custom_pretitle":"","teft_cards_image_id":1602,"teft_cards_image_focal_point_x":0.47,"teft_cards_image_focal_point_y":0.34,"teft_cards_title":"","teft_cards_excerpt":"","teft_show_chapters":false,"author_display_name":"","footnotes":""},"category":[1],"post_tag":[],"hoyre-visibility":[],"article-type":[],"politician":[],"class_list":["post-1601","post","type-post","status-publish","format-standard","hentry","category-ukategorisert"],"yoast_head":"<!-- This site is optimized with the Yoast SEO plugin v26.6 - https:\/\/yoast.com\/wordpress\/plugins\/seo\/ -->\n<title>St\u00f8tte til eldre og p\u00e5r\u00f8rende styrkes - Drammen H\u00f8yre<\/title>\n<meta name=\"description\" content=\"Flere eldre bor hjemme lenger i Drammen. Derfor styrkes st\u00f8tte, fellesskap og avlastning for b\u00e5de eldre og p\u00e5r\u00f8rende.\" \/>\n<meta name=\"robots\" content=\"index, follow, max-snippet:-1, max-image-preview:large, max-video-preview:-1\" \/>\n<link rel=\"canonical\" href=\"https:\/\/hoyre.no\/drammen\/aktuelt\/stotte-til-eldre-og-parorende-styrkes\/\" \/>\n<meta property=\"og:locale\" content=\"nb_NO\" \/>\n<meta property=\"og:type\" content=\"article\" \/>\n<meta property=\"og:title\" content=\"St\u00f8tte til eldre og p\u00e5r\u00f8rende styrkes - Drammen H\u00f8yre\" \/>\n<meta property=\"og:description\" content=\"Flere eldre bor hjemme lenger i Drammen. Derfor styrkes st\u00f8tte, fellesskap og avlastning for b\u00e5de eldre og p\u00e5r\u00f8rende.\" \/>\n<meta property=\"og:url\" content=\"https:\/\/hoyre.no\/drammen\/aktuelt\/stotte-til-eldre-og-parorende-styrkes\/\" \/>\n<meta property=\"og:site_name\" content=\"Drammen H\u00f8yre\" \/>\n<meta property=\"article:published_time\" content=\"2026-04-30T11:09:04+00:00\" \/>\n<meta property=\"og:image\" content=\"https:\/\/hoyre.no\/content\/uploads\/sites\/201\/2025\/06\/6-Fred-Lowe-edited-1024x1024.jpg\" \/>\n<meta name=\"author\" content=\"Andreas Muri\" \/>\n<meta name=\"twitter:card\" content=\"summary_large_image\" \/>\n<meta name=\"twitter:label1\" content=\"Skrevet av\" \/>\n\t<meta name=\"twitter:data1\" content=\"Andreas Muri\" \/>\n\t<meta name=\"twitter:label2\" content=\"Ansl. lesetid\" \/>\n\t<meta name=\"twitter:data2\" content=\"4 minutter\" \/>\n<script type=\"application\/ld+json\" class=\"yoast-schema-graph\">{\"@context\":\"https:\/\/schema.org\",\"@graph\":[{\"@type\":\"NewsArticle\",\"@id\":\"https:\/\/hoyre.no\/drammen\/aktuelt\/stotte-til-eldre-og-parorende-styrkes\/\",\"url\":\"https:\/\/hoyre.no\/drammen\/aktuelt\/stotte-til-eldre-og-parorende-styrkes\/\",\"name\":\"St\u00f8tte til eldre og p\u00e5r\u00f8rende styrkes - Drammen H\u00f8yre\",\"isPartOf\":{\"@id\":\"https:\/\/hoyre.no\/drammen\/#website\"},\"datePublished\":\"2026-04-30T11:09:04+00:00\",\"author\":{\"@id\":\"https:\/\/hoyre.no\/drammen\/#\/schema\/person\/9ef799883dc3d60aee7a26f8dcee4e79\"},\"description\":\"Flere eldre bor hjemme lenger i Drammen. Derfor styrkes st\u00f8tte, fellesskap og avlastning for b\u00e5de eldre og p\u00e5r\u00f8rende.\",\"breadcrumb\":{\"@id\":\"https:\/\/hoyre.no\/drammen\/aktuelt\/stotte-til-eldre-og-parorende-styrkes\/#breadcrumb\"},\"inLanguage\":\"nb-NO\",\"potentialAction\":[{\"@type\":\"ReadAction\",\"target\":[\"https:\/\/hoyre.no\/drammen\/aktuelt\/stotte-til-eldre-og-parorende-styrkes\/\"]}]},{\"@type\":\"BreadcrumbList\",\"@id\":\"https:\/\/hoyre.no\/drammen\/aktuelt\/stotte-til-eldre-og-parorende-styrkes\/#breadcrumb\",\"itemListElement\":[{\"@type\":\"ListItem\",\"position\":1,\"name\":\"Til hoyre.no\",\"item\":\"https:\/\/hoyre.no\"},{\"@type\":\"ListItem\",\"position\":2,\"name\":\"Hjem\",\"item\":\"https:\/\/hoyre.no\/drammen\/\"},{\"@type\":\"ListItem\",\"position\":3,\"name\":\"St\u00f8tte til eldre og p\u00e5r\u00f8rende styrkes\"}]},{\"@type\":\"WebSite\",\"@id\":\"https:\/\/hoyre.no\/drammen\/#website\",\"url\":\"https:\/\/hoyre.no\/drammen\/\",\"name\":\"Drammen H\u00f8yre\",\"description\":\"Bare enda et H\u00f8yres nettsteder-nettsted\",\"inLanguage\":\"nb-NO\"},{\"@type\":\"Person\",\"@id\":\"https:\/\/hoyre.no\/drammen\/#\/schema\/person\/9ef799883dc3d60aee7a26f8dcee4e79\",\"name\":\"Andreas Muri\",\"image\":{\"@type\":\"ImageObject\",\"inLanguage\":\"nb-NO\",\"@id\":\"https:\/\/hoyre.no\/drammen\/#\/schema\/person\/image\/\",\"url\":\"https:\/\/secure.gravatar.com\/avatar\/bc23254dd73c7a7ba8bc01067b87bdc5229f99bbdf3318d06519b3c7158a3154?s=96&d=mm&r=g\",\"contentUrl\":\"https:\/\/secure.gravatar.com\/avatar\/bc23254dd73c7a7ba8bc01067b87bdc5229f99bbdf3318d06519b3c7158a3154?s=96&d=mm&r=g\",\"caption\":\"Andreas Muri\"},\"url\":\"https:\/\/hoyre.no\/drammen\/aktuelt\/author\/m50100163\/\"}]}<\/script>\n<!-- \/ Yoast SEO plugin. -->","yoast_head_json":{"title":"St\u00f8tte til eldre og p\u00e5r\u00f8rende styrkes - Drammen H\u00f8yre","description":"Flere eldre bor hjemme lenger i Drammen. Derfor styrkes st\u00f8tte, fellesskap og avlastning for b\u00e5de eldre og p\u00e5r\u00f8rende.","robots":{"index":"index","follow":"follow","max-snippet":"max-snippet:-1","max-image-preview":"max-image-preview:large","max-video-preview":"max-video-preview:-1"},"canonical":"https:\/\/hoyre.no\/drammen\/aktuelt\/stotte-til-eldre-og-parorende-styrkes\/","og_locale":"nb_NO","og_type":"article","og_title":"St\u00f8tte til eldre og p\u00e5r\u00f8rende styrkes - Drammen H\u00f8yre","og_description":"Flere eldre bor hjemme lenger i Drammen. Derfor styrkes st\u00f8tte, fellesskap og avlastning for b\u00e5de eldre og p\u00e5r\u00f8rende.","og_url":"https:\/\/hoyre.no\/drammen\/aktuelt\/stotte-til-eldre-og-parorende-styrkes\/","og_site_name":"Drammen H\u00f8yre","article_published_time":"2026-04-30T11:09:04+00:00","og_image":[{"url":"https:\/\/hoyre.no\/content\/uploads\/sites\/201\/2025\/06\/6-Fred-Lowe-edited-1024x1024.jpg","width":"","height":"","type":""}],"author":"Andreas Muri","twitter_card":"summary_large_image","twitter_misc":{"Skrevet av":"Andreas Muri","Ansl. lesetid":"4 minutter"},"schema":{"@context":"https:\/\/schema.org","@graph":[{"@type":"NewsArticle","@id":"https:\/\/hoyre.no\/drammen\/aktuelt\/stotte-til-eldre-og-parorende-styrkes\/","url":"https:\/\/hoyre.no\/drammen\/aktuelt\/stotte-til-eldre-og-parorende-styrkes\/","name":"St\u00f8tte til eldre og p\u00e5r\u00f8rende styrkes - Drammen H\u00f8yre","isPartOf":{"@id":"https:\/\/hoyre.no\/drammen\/#website"},"datePublished":"2026-04-30T11:09:04+00:00","author":{"@id":"https:\/\/hoyre.no\/drammen\/#\/schema\/person\/9ef799883dc3d60aee7a26f8dcee4e79"},"description":"Flere eldre bor hjemme lenger i Drammen. Derfor styrkes st\u00f8tte, fellesskap og avlastning for b\u00e5de eldre og p\u00e5r\u00f8rende.","breadcrumb":{"@id":"https:\/\/hoyre.no\/drammen\/aktuelt\/stotte-til-eldre-og-parorende-styrkes\/#breadcrumb"},"inLanguage":"nb-NO","potentialAction":[{"@type":"ReadAction","target":["https:\/\/hoyre.no\/drammen\/aktuelt\/stotte-til-eldre-og-parorende-styrkes\/"]}]},{"@type":"BreadcrumbList","@id":"https:\/\/hoyre.no\/drammen\/aktuelt\/stotte-til-eldre-og-parorende-styrkes\/#breadcrumb","itemListElement":[{"@type":"ListItem","position":1,"name":"Til hoyre.no","item":"https:\/\/hoyre.no"},{"@type":"ListItem","position":2,"name":"Hjem","item":"https:\/\/hoyre.no\/drammen\/"},{"@type":"ListItem","position":3,"name":"St\u00f8tte til eldre og p\u00e5r\u00f8rende styrkes"}]},{"@type":"WebSite","@id":"https:\/\/hoyre.no\/drammen\/#website","url":"https:\/\/hoyre.no\/drammen\/","name":"Drammen H\u00f8yre","description":"Bare enda et H\u00f8yres nettsteder-nettsted","inLanguage":"nb-NO"},{"@type":"Person","@id":"https:\/\/hoyre.no\/drammen\/#\/schema\/person\/9ef799883dc3d60aee7a26f8dcee4e79","name":"Andreas Muri","image":{"@type":"ImageObject","inLanguage":"nb-NO","@id":"https:\/\/hoyre.no\/drammen\/#\/schema\/person\/image\/","url":"https:\/\/secure.gravatar.com\/avatar\/bc23254dd73c7a7ba8bc01067b87bdc5229f99bbdf3318d06519b3c7158a3154?s=96&d=mm&r=g","contentUrl":"https:\/\/secure.gravatar.com\/avatar\/bc23254dd73c7a7ba8bc01067b87bdc5229f99bbdf3318d06519b3c7158a3154?s=96&d=mm&r=g","caption":"Andreas Muri"},"url":"https:\/\/hoyre.no\/drammen\/aktuelt\/author\/m50100163\/"}]}},"distributor_meta":false,"distributor_terms":false,"distributor_media":false,"distributor_original_site_name":"Drammen H\u00f8yre","distributor_original_site_url":"https:\/\/hoyre.no\/drammen","push-errors":false,"_links":{"self":[{"href":"https:\/\/hoyre.no\/drammen\/wp-json\/wp\/v2\/posts\/1601","targetHints":{"allow":["GET"]}}],"collection":[{"href":"https:\/\/hoyre.no\/drammen\/wp-json\/wp\/v2\/posts"}],"about":[{"href":"https:\/\/hoyre.no\/drammen\/wp-json\/wp\/v2\/types\/post"}],"author":[{"embeddable":true,"href":"https:\/\/hoyre.no\/drammen\/wp-json\/wp\/v2\/users\/31325"}],"replies":[{"embeddable":true,"href":"https:\/\/hoyre.no\/drammen\/wp-json\/wp\/v2\/comments?post=1601"}],"version-history":[{"count":2,"href":"https:\/\/hoyre.no\/drammen\/wp-json\/wp\/v2\/posts\/1601\/revisions"}],"predecessor-version":[{"id":1604,"href":"https:\/\/hoyre.no\/drammen\/wp-json\/wp\/v2\/posts\/1601\/revisions\/1604"}],"wp:attachment":[{"href":"https:\/\/hoyre.no\/drammen\/wp-json\/wp\/v2\/media?parent=1601"}],"wp:term":[{"taxonomy":"category","embeddable":true,"href":"https:\/\/hoyre.no\/drammen\/wp-json\/wp\/v2\/category?post=1601"},{"taxonomy":"post_tag","embeddable":true,"href":"https:\/\/hoyre.no\/drammen\/wp-json\/wp\/v2\/post_tag?post=1601"},{"taxonomy":"hoyre-visibility","embeddable":true,"href":"https:\/\/hoyre.no\/drammen\/wp-json\/wp\/v2\/hoyre-visibility?post=1601"},{"taxonomy":"article-type","embeddable":true,"href":"https:\/\/hoyre.no\/drammen\/wp-json\/wp\/v2\/article-type?post=1601"},{"taxonomy":"politician","embeddable":true,"href":"https:\/\/hoyre.no\/drammen\/wp-json\/wp\/v2\/politician?post=1601"}],"curies":[{"name":"wp","href":"https:\/\/api.w.org\/{rel}","templated":true}]}}