{"id":49,"date":"2016-11-17T23:00:00","date_gmt":"2016-11-17T22:00:00","guid":{"rendered":"https:\/\/hoyre.no\/drammen\/aktuelt\/uttalelse-arsmotet-s\/"},"modified":"2016-11-17T23:00:00","modified_gmt":"2016-11-17T22:00:00","slug":"uttalelse-arsmotet-s","status":"publish","type":"post","link":"https:\/\/hoyre.no\/drammen\/aktuelt\/uttalelse-arsmotet-s\/","title":{"rendered":"Uttalelse \u00e5rsm\u00f8tet &#8211; Sykehuset"},"content":{"rendered":"<p class=\"preamble\">Drammen H\u00f8yre avhold sitt \u00e5rsm\u00f8te torsdag 16.november p\u00e5 Skur 1. I den anledning besluttet et enstemmig m\u00f8te \u00e5 fremme en uttalelse om sykehuset.<\/p>\t\t\t<div class=\"post-meta wp-block teft-byline-wrapper\">\n\t\t\t\t<div class=\"top\">\n\t\t\t\t\t<div class=\"signature\">\n\t\t\t\t\t\t<div class=\"teft-byline\">\n\t\t\t\t\t\t\t\t\t\t\t\t\t\t<div>\n\t\t\t\t\t\t\t\t<h3>H\u00f8yres redaksjon<\/h3>\t\t\t\t\t\t\t\t\n\t\t\t\t\t\t\t\t\t\t\t\t\t\t\t\t\t<span class=\"date\">Sist oppdatert: 17. november 2016<\/span>\n\t\t\t\t\t\t\t\t\t\t\t\t\t\t\t\t\t\t\t\t\t\t\t\t\t<span class=\"reading-time\" itemprop=\"timeRequired\" content=\"PT1M\"><em>Ca. 1 minutter lesetid<\/em><\/span>\n\t\t\t\t\t\t\t\t\t\t\t\t\t\t\t<\/div>\n\t\t\t\t\t\t<\/div>\n\t\t\t\t\t<\/div>\n\t\t\t\t\t\t<div class=\"sharing\">\n\t\t<a class=\"share-button share-link copy-link\" data-copy=\"https:\/\/hoyre.no\/drammen\/aktuelt\/uttalelse-arsmotet-s\/\" target=\"_blank\"><span class=\"screen-reader-text\">Del link<\/span><\/a>\n\t\t<a class=\"share-button share-twitter\" href=\"http:\/\/twitter.com\/share?text=Uttalelse \u00e5rsm\u00f8tet &#8211; Sykehuset&#038;url=https:\/\/hoyre.no\/drammen\/aktuelt\/uttalelse-arsmotet-s\/&#038;hashtags=Hoyre\" target=\"_blank\"><span class=\"screen-reader-text\">Del p\u00e5 twitter<\/span><\/a>\n\t\t<a class=\"share-button share-facebook\" href=\"https:\/\/www.facebook.com\/sharer\/sharer.php?u=https:\/\/hoyre.no\/drammen\/aktuelt\/uttalelse-arsmotet-s\/\" target=\"_blank\"><span class=\"screen-reader-text\">Del p\u00e5 facebook<\/span><\/a>\n\t<\/div>\n\t\t\t\t\t<\/div>\n\t\t\t<\/div>\n\n\t\t\t<figure class=\"hoyre-image-wrapper\"><div class=\"hoyre-image\"><img loading=\"lazy\" decoding=\"async\" width=\"2002\" height=\"684\" src=\"https:\/\/hoyre.no\/content\/uploads\/sites\/201\/2020\/11\/helse-tema-kopistorr.jpg\" class=\"attachment-scaled size-scaled\" alt=\"\" style=\"object-position: 50% 50%\" srcset=\"https:\/\/hoyre.no\/content\/uploads\/sites\/201\/2020\/11\/helse-tema-kopistorr.jpg 2002w, https:\/\/hoyre.no\/content\/uploads\/sites\/201\/2020\/11\/helse-tema-kopistorr-300x102.jpg 300w, https:\/\/hoyre.no\/content\/uploads\/sites\/201\/2020\/11\/helse-tema-kopistorr-1024x350.jpg 1024w, https:\/\/hoyre.no\/content\/uploads\/sites\/201\/2020\/11\/helse-tema-kopistorr-768x262.jpg 768w, https:\/\/hoyre.no\/content\/uploads\/sites\/201\/2020\/11\/helse-tema-kopistorr-1536x525.jpg 1536w\" sizes=\"auto, (max-width: 2002px) 100vw, 2002px\" \/><\/div><\/figure><div id=\"hoyre-old-article-content-wrapper\"><p>&laquo;Drammen H\u00f8yres \u00e5rsm\u00f8te er glad for at fremdrift n\u00e5r det gjelder bygning av nytt sykehus p\u00e5 Braker\u00f8ya skal holdes. Vi mener at de justeringer av prosjektet som n\u00e5 p\u00e5g\u00e5r ikke m\u00e5 f\u00f8re til at spesialiteter som har v\u00e6rt ved Drammen Sykehus i over 30 \u00e5r flyttes&raquo;. <br \/><\/p><\/div>\n<div class=\"tags\">\n\t<\/div>\n<div class=\"post-footer alignfull has-background block-editor-block-list__block\" data-align=full>\n\t<div class=\"post-footer-inner\">\n\t\t<h3>Relaterte artikler<\/h3>\n\t\t<div class=\"related-content\"><div class=\"is-card-hoyre\">\n\t<div class=\"teft-card hoyre-teft-card post-teft-card\">\n\t\t<a href=\"https:\/\/hoyre.no\/drammen\/aktuelt\/drammen-trenger-en-internasjonal-skole-og-vi-har-ikke-rad-til-a-la-vaere\/\" class=\"teft-card__primary-action\">\n\n\t\t\t\t\t<div class=\"teft-card__media teft-card__media--16-9\">\n\t\t\t\t\t\t<img loading=\"lazy\" decoding=\"async\" width=\"768\" height=\"512\" src=\"https:\/\/hoyre.no\/content\/uploads\/sites\/201\/2024\/12\/surlien_kristin_0003-768x512.jpg\" class=\"attachment-medium_large size-medium_large\" alt=\"Kristin Surlien\" srcset=\"https:\/\/hoyre.no\/content\/uploads\/sites\/201\/2024\/12\/surlien_kristin_0003-768x512.jpg 768w, https:\/\/hoyre.no\/content\/uploads\/sites\/201\/2024\/12\/surlien_kristin_0003-300x200.jpg 300w, https:\/\/hoyre.no\/content\/uploads\/sites\/201\/2024\/12\/surlien_kristin_0003-1024x683.jpg 1024w, https:\/\/hoyre.no\/content\/uploads\/sites\/201\/2024\/12\/surlien_kristin_0003-1536x1024.jpg 1536w, https:\/\/hoyre.no\/content\/uploads\/sites\/201\/2024\/12\/surlien_kristin_0003-2048x1365.jpg 2048w\" sizes=\"auto, (max-width: 768px) 100vw, 768px\" \/>\t\t<\/div>\n\t\t\n\t\t\t<div class=\"teft-card__content-wrapper\">\n\t\t\t\t<div class=\"teft-card__secondary\">\n\t\t\t\t\t\n\t\t\t\t\t\t\t\t<div class=\"teft-card__meta\">\n\t\t\t\t\t\t\t\t\t<span class=\"post-date\">22. apr 2026<\/span>\n\n\t\t\t\t\t\t\t\t\t\t\t\t\t\t\t\t\t<\/div>\n\t\t\t\t\t\t\t\t\t\t\t<\/div>\n\n\t\t\t\t<div class=\"teft-card__primary\">\n\t\t\t\t\t<h2 class=\"teft-card__title\">Drammen trenger en internasjonal skole \u2013 og vi har ikke r\u00e5d til \u00e5 la v\u00e6re&nbsp;<span class=\"teft-card__primary-title-append\"><\/span><\/h2>\t\t\t\t<\/div>\n\t\t\t<\/div>\n\t\t<\/a>\n\t<\/div>\n\n\t<\/div><div class=\"is-card-hoyre\">\n\t<div class=\"teft-card hoyre-teft-card post-teft-card\">\n\t\t<a href=\"https:\/\/hoyre.no\/drammen\/aktuelt\/hermansen-gjenvalgt-som-ordforerkandidat\/\" class=\"teft-card__primary-action\">\n\n\t\t\t\t\t<div class=\"teft-card__media teft-card__media--16-9\">\n\t\t\t\t\t\t<img loading=\"lazy\" decoding=\"async\" width=\"768\" height=\"541\" src=\"https:\/\/hoyre.no\/content\/uploads\/sites\/201\/2022\/10\/Hermansen_Kjell_Arne_09_22_0278_lowres-768x541.jpg\" class=\"attachment-medium_large size-medium_large\" alt=\"\" srcset=\"https:\/\/hoyre.no\/content\/uploads\/sites\/201\/2022\/10\/Hermansen_Kjell_Arne_09_22_0278_lowres-768x541.jpg 768w, https:\/\/hoyre.no\/content\/uploads\/sites\/201\/2022\/10\/Hermansen_Kjell_Arne_09_22_0278_lowres-300x211.jpg 300w, https:\/\/hoyre.no\/content\/uploads\/sites\/201\/2022\/10\/Hermansen_Kjell_Arne_09_22_0278_lowres-1024x722.jpg 1024w, https:\/\/hoyre.no\/content\/uploads\/sites\/201\/2022\/10\/Hermansen_Kjell_Arne_09_22_0278_lowres.jpg 1490w\" sizes=\"auto, (max-width: 768px) 100vw, 768px\" \/>\t\t<\/div>\n\t\t\n\t\t\t<div class=\"teft-card__content-wrapper\">\n\t\t\t\t<div class=\"teft-card__secondary\">\n\t\t\t\t\t\n\t\t\t\t\t\t\t\t<div class=\"teft-card__meta\">\n\t\t\t\t\t\t\t\t\t<span class=\"post-date\">22. apr 2026<\/span>\n\n\t\t\t\t\t\t\t\t\t\t\t\t\t\t\t\t\t<\/div>\n\t\t\t\t\t\t\t\t\t\t\t<\/div>\n\n\t\t\t\t<div class=\"teft-card__primary\">\n\t\t\t\t\t<h2 class=\"teft-card__title\">Hermansen gjenvalgt som ordf\u00f8rerkandidat&nbsp;<span class=\"teft-card__primary-title-append\"><\/span><\/h2>\t\t\t\t<\/div>\n\t\t\t<\/div>\n\t\t<\/a>\n\t<\/div>\n\n\t<\/div><div class=\"is-card-hoyre\">\n\t<div class=\"teft-card hoyre-teft-card post-teft-card\">\n\t\t<a href=\"https:\/\/hoyre.no\/drammen\/aktuelt\/hvorfor-skal-vi-ha-avgift-for-bedre-folkehelse\/\" class=\"teft-card__primary-action\">\n\n\t\t\t\t\t<div class=\"teft-card__media teft-card__media--16-9\">\n\t\t\t\t\t\t<img loading=\"lazy\" decoding=\"async\" width=\"768\" height=\"768\" src=\"https:\/\/hoyre.no\/content\/uploads\/sites\/201\/2025\/06\/6-Fred-Lowe-edited-768x768.jpg\" class=\"attachment-medium_large size-medium_large\" alt=\"Fred L\u00f8we\" srcset=\"https:\/\/hoyre.no\/content\/uploads\/sites\/201\/2025\/06\/6-Fred-Lowe-edited-768x768.jpg 768w, https:\/\/hoyre.no\/content\/uploads\/sites\/201\/2025\/06\/6-Fred-Lowe-edited-300x300.jpg 300w, https:\/\/hoyre.no\/content\/uploads\/sites\/201\/2025\/06\/6-Fred-Lowe-edited-1024x1024.jpg 1024w, https:\/\/hoyre.no\/content\/uploads\/sites\/201\/2025\/06\/6-Fred-Lowe-edited-150x150.jpg 150w, https:\/\/hoyre.no\/content\/uploads\/sites\/201\/2025\/06\/6-Fred-Lowe-edited-1536x1536.jpg 1536w, https:\/\/hoyre.no\/content\/uploads\/sites\/201\/2025\/06\/6-Fred-Lowe-edited-2048x2048.jpg 2048w\" sizes=\"auto, (max-width: 768px) 100vw, 768px\" \/>\t\t<\/div>\n\t\t\n\t\t\t<div class=\"teft-card__content-wrapper\">\n\t\t\t\t<div class=\"teft-card__secondary\">\n\t\t\t\t\t\n\t\t\t\t\t\t\t\t<div class=\"teft-card__meta\">\n\t\t\t\t\t\t\t\t\t<span class=\"post-date\">20. apr 2026<\/span>\n\n\t\t\t\t\t\t\t\t\t\t\t\t\t\t\t\t\t<\/div>\n\t\t\t\t\t\t\t\t\t\t\t<\/div>\n\n\t\t\t\t<div class=\"teft-card__primary\">\n\t\t\t\t\t<h2 class=\"teft-card__title\">Hvorfor skal vi ha avgift for bedre folkehelse?&nbsp;<span class=\"teft-card__primary-title-append\"><\/span><\/h2>\t\t\t\t<\/div>\n\t\t\t<\/div>\n\t\t<\/a>\n\t<\/div>\n\n\t<\/div><\/div>\t<\/div>\n<\/div>\n","protected":false},"excerpt":{"rendered":"","protected":false},"author":0,"featured_media":0,"comment_status":"closed","ping_status":"closed","sticky":false,"template":"","format":"standard","meta":{"teft_cards_image_url":"https:\/\/hoyre.no\/content\/uploads\/sites\/201\/2020\/11\/helse-tema-kopistorr.jpg","teft_cards_custom_pretitle":"","teft_cards_image_id":48,"teft_cards_image_focal_point_x":0,"teft_cards_image_focal_point_y":0,"teft_cards_title":"","teft_cards_excerpt":"","teft_show_chapters":false,"author_display_name":"Kine Strand Bye","footnotes":""},"category":[1],"post_tag":[],"hoyre-visibility":[],"article-type":[],"politician":[],"class_list":["post-49","post","type-post","status-publish","format-standard","hentry","category-ukategorisert"],"yoast_head":"<!-- This site is optimized with the Yoast SEO plugin v26.6 - https:\/\/yoast.com\/wordpress\/plugins\/seo\/ -->\n<title>Uttalelse \u00e5rsm\u00f8tet - Sykehuset - Drammen H\u00f8yre<\/title>\n<meta name=\"robots\" content=\"index, follow, max-snippet:-1, max-image-preview:large, max-video-preview:-1\" \/>\n<link rel=\"canonical\" href=\"https:\/\/hoyre.no\/drammen\/aktuelt\/uttalelse-arsmotet-s\/\" \/>\n<meta property=\"og:locale\" content=\"nb_NO\" \/>\n<meta property=\"og:type\" content=\"article\" \/>\n<meta property=\"og:title\" content=\"Uttalelse \u00e5rsm\u00f8tet - Sykehuset - Drammen H\u00f8yre\" \/>\n<meta property=\"og:url\" content=\"https:\/\/hoyre.no\/drammen\/aktuelt\/uttalelse-arsmotet-s\/\" \/>\n<meta property=\"og:site_name\" content=\"Drammen H\u00f8yre\" \/>\n<meta property=\"article:published_time\" content=\"2016-11-17T22:00:00+00:00\" \/>\n<meta property=\"og:image\" content=\"https:\/\/hoyre.no\/content\/uploads\/sites\/201\/2025\/06\/6-Fred-Lowe-edited-1024x1024.jpg\" \/>\n<meta name=\"twitter:card\" content=\"summary_large_image\" \/>\n<script type=\"application\/ld+json\" class=\"yoast-schema-graph\">{\"@context\":\"https:\/\/schema.org\",\"@graph\":[{\"@type\":\"NewsArticle\",\"@id\":\"https:\/\/hoyre.no\/drammen\/aktuelt\/uttalelse-arsmotet-s\/\",\"url\":\"https:\/\/hoyre.no\/drammen\/aktuelt\/uttalelse-arsmotet-s\/\",\"name\":\"Uttalelse \u00e5rsm\u00f8tet - Sykehuset - Drammen H\u00f8yre\",\"isPartOf\":{\"@id\":\"https:\/\/hoyre.no\/drammen\/#website\"},\"datePublished\":\"2016-11-17T22:00:00+00:00\",\"author\":{\"@id\":\"\"},\"breadcrumb\":{\"@id\":\"https:\/\/hoyre.no\/drammen\/aktuelt\/uttalelse-arsmotet-s\/#breadcrumb\"},\"inLanguage\":\"nb-NO\",\"potentialAction\":[{\"@type\":\"ReadAction\",\"target\":[\"https:\/\/hoyre.no\/drammen\/aktuelt\/uttalelse-arsmotet-s\/\"]}]},{\"@type\":\"BreadcrumbList\",\"@id\":\"https:\/\/hoyre.no\/drammen\/aktuelt\/uttalelse-arsmotet-s\/#breadcrumb\",\"itemListElement\":[{\"@type\":\"ListItem\",\"position\":1,\"name\":\"Til hoyre.no\",\"item\":\"https:\/\/hoyre.no\"},{\"@type\":\"ListItem\",\"position\":2,\"name\":\"Hjem\",\"item\":\"https:\/\/hoyre.no\/drammen\/\"},{\"@type\":\"ListItem\",\"position\":3,\"name\":\"Uttalelse \u00e5rsm\u00f8tet &#8211; Sykehuset\"}]},{\"@type\":\"WebSite\",\"@id\":\"https:\/\/hoyre.no\/drammen\/#website\",\"url\":\"https:\/\/hoyre.no\/drammen\/\",\"name\":\"Drammen H\u00f8yre\",\"description\":\"Bare enda et H\u00f8yres nettsteder-nettsted\",\"inLanguage\":\"nb-NO\"}]}<\/script>\n<!-- \/ Yoast SEO plugin. -->","yoast_head_json":{"title":"Uttalelse \u00e5rsm\u00f8tet - Sykehuset - Drammen H\u00f8yre","robots":{"index":"index","follow":"follow","max-snippet":"max-snippet:-1","max-image-preview":"max-image-preview:large","max-video-preview":"max-video-preview:-1"},"canonical":"https:\/\/hoyre.no\/drammen\/aktuelt\/uttalelse-arsmotet-s\/","og_locale":"nb_NO","og_type":"article","og_title":"Uttalelse \u00e5rsm\u00f8tet - Sykehuset - Drammen H\u00f8yre","og_url":"https:\/\/hoyre.no\/drammen\/aktuelt\/uttalelse-arsmotet-s\/","og_site_name":"Drammen H\u00f8yre","article_published_time":"2016-11-17T22:00:00+00:00","og_image":[{"url":"https:\/\/hoyre.no\/content\/uploads\/sites\/201\/2025\/06\/6-Fred-Lowe-edited-1024x1024.jpg","width":"","height":"","type":""}],"twitter_card":"summary_large_image","schema":{"@context":"https:\/\/schema.org","@graph":[{"@type":"NewsArticle","@id":"https:\/\/hoyre.no\/drammen\/aktuelt\/uttalelse-arsmotet-s\/","url":"https:\/\/hoyre.no\/drammen\/aktuelt\/uttalelse-arsmotet-s\/","name":"Uttalelse \u00e5rsm\u00f8tet - Sykehuset - Drammen H\u00f8yre","isPartOf":{"@id":"https:\/\/hoyre.no\/drammen\/#website"},"datePublished":"2016-11-17T22:00:00+00:00","author":{"@id":""},"breadcrumb":{"@id":"https:\/\/hoyre.no\/drammen\/aktuelt\/uttalelse-arsmotet-s\/#breadcrumb"},"inLanguage":"nb-NO","potentialAction":[{"@type":"ReadAction","target":["https:\/\/hoyre.no\/drammen\/aktuelt\/uttalelse-arsmotet-s\/"]}]},{"@type":"BreadcrumbList","@id":"https:\/\/hoyre.no\/drammen\/aktuelt\/uttalelse-arsmotet-s\/#breadcrumb","itemListElement":[{"@type":"ListItem","position":1,"name":"Til hoyre.no","item":"https:\/\/hoyre.no"},{"@type":"ListItem","position":2,"name":"Hjem","item":"https:\/\/hoyre.no\/drammen\/"},{"@type":"ListItem","position":3,"name":"Uttalelse \u00e5rsm\u00f8tet &#8211; Sykehuset"}]},{"@type":"WebSite","@id":"https:\/\/hoyre.no\/drammen\/#website","url":"https:\/\/hoyre.no\/drammen\/","name":"Drammen H\u00f8yre","description":"Bare enda et H\u00f8yres nettsteder-nettsted","inLanguage":"nb-NO"}]}},"distributor_meta":false,"distributor_terms":false,"distributor_media":false,"distributor_original_site_name":"Drammen H\u00f8yre","distributor_original_site_url":"https:\/\/hoyre.no\/drammen","push-errors":false,"_links":{"self":[{"href":"https:\/\/hoyre.no\/drammen\/wp-json\/wp\/v2\/posts\/49","targetHints":{"allow":["GET"]}}],"collection":[{"href":"https:\/\/hoyre.no\/drammen\/wp-json\/wp\/v2\/posts"}],"about":[{"href":"https:\/\/hoyre.no\/drammen\/wp-json\/wp\/v2\/types\/post"}],"replies":[{"embeddable":true,"href":"https:\/\/hoyre.no\/drammen\/wp-json\/wp\/v2\/comments?post=49"}],"version-history":[{"count":0,"href":"https:\/\/hoyre.no\/drammen\/wp-json\/wp\/v2\/posts\/49\/revisions"}],"wp:attachment":[{"href":"https:\/\/hoyre.no\/drammen\/wp-json\/wp\/v2\/media?parent=49"}],"wp:term":[{"taxonomy":"category","embeddable":true,"href":"https:\/\/hoyre.no\/drammen\/wp-json\/wp\/v2\/category?post=49"},{"taxonomy":"post_tag","embeddable":true,"href":"https:\/\/hoyre.no\/drammen\/wp-json\/wp\/v2\/post_tag?post=49"},{"taxonomy":"hoyre-visibility","embeddable":true,"href":"https:\/\/hoyre.no\/drammen\/wp-json\/wp\/v2\/hoyre-visibility?post=49"},{"taxonomy":"article-type","embeddable":true,"href":"https:\/\/hoyre.no\/drammen\/wp-json\/wp\/v2\/article-type?post=49"},{"taxonomy":"politician","embeddable":true,"href":"https:\/\/hoyre.no\/drammen\/wp-json\/wp\/v2\/politician?post=49"}],"curies":[{"name":"wp","href":"https:\/\/api.w.org\/{rel}","templated":true}]}}