{"id":75,"date":"2017-11-21T23:00:00","date_gmt":"2017-11-21T22:00:00","guid":{"rendered":"https:\/\/hoyre.no\/drammen\/aktuelt\/brudd-i-samarbeidet\/"},"modified":"2017-11-21T23:00:00","modified_gmt":"2017-11-21T22:00:00","slug":"brudd-i-samarbeidet","status":"publish","type":"post","link":"https:\/\/hoyre.no\/drammen\/aktuelt\/brudd-i-samarbeidet\/","title":{"rendered":"Brudd i samarbeidet mellom posisjonspartiene i Drammen Bystyre"},"content":{"rendered":"<p class=\"preamble\">Det borgerlige samarbeidet i Drammen bystyre er brutt hevder Fremskrittspartiet. De fors\u00f8ker \u00e5 legge skylden for dette p\u00e5 H\u00f8yre fordi vi ikke st\u00f8ttet deres varaordf\u00f8rer-vikar-kandidat i forbindelse med at Yousuf Gilani (V) nok en gang s\u00f8kte om permisjon fra sine verv i Drammen bystyre.<\/p><div id=\"hoyre-old-article-content-wrapper\"><p> Venstre, Krf og H\u00f8yre var enige om at Krf skulle f\u00e5 denne plassen n\u00e5, etter at FRP fikk vikariatet i forrige permisjons-periode. Dette ville ikke FRP v\u00e6re med p\u00e5 og fremmet sin egen kandidat. Resultatet ble at ingen av posisjonens to kandidater ble valgt. I stedet kapret Arbeiderpartiet denne posisjonen i Gilanis permisjonsperiode frem til sommeren 2018.<\/p><p>Dette var prikken over i-en i et samarbeid som har v\u00e6rt meget anstrengt i lang tid. H\u00f8yre har arbeidet hardt for \u00e5 komme frem til gode l\u00f8sninger alle fire partier kunne samles om. N\u00e5 var det ikke lenger mulig \u00e5 forene partene og det m\u00e5 vi i H\u00f8yre ta til etterretning.<\/p><p>Drammen H\u00f8yres bystyregruppe vil samle st\u00f8tte, sammen med KRF og Venstre, for et ansvarlig budsjett som ivaretar kommunens oppgaver til beste for byens innbyggere.<\/p><p>Budsjettet behandles i bystyret tirsdag 28. november.  <\/p><br \/><p><br \/><\/p><\/div>\n<div class=\"tags\">\n\t<\/div>\n<div class=\"post-footer alignfull has-background block-editor-block-list__block\" data-align=full>\n\t<div class=\"post-footer-inner\">\n\t\t<h3>Relaterte artikler<\/h3>\n\t\t<div class=\"related-content\"><div class=\"is-card-hoyre\">\n\t<div class=\"teft-card hoyre-teft-card post-teft-card\">\n\t\t<a href=\"https:\/\/hoyre.no\/drammen\/aktuelt\/drammen-trenger-en-internasjonal-skole-og-vi-har-ikke-rad-til-a-la-vaere\/\" class=\"teft-card__primary-action\">\n\n\t\t\t\t\t<div class=\"teft-card__media teft-card__media--16-9\">\n\t\t\t\t\t\t<img loading=\"lazy\" decoding=\"async\" width=\"768\" height=\"512\" src=\"https:\/\/hoyre.no\/content\/uploads\/sites\/201\/2024\/12\/surlien_kristin_0003-768x512.jpg\" class=\"attachment-medium_large size-medium_large\" alt=\"Kristin Surlien\" srcset=\"https:\/\/hoyre.no\/content\/uploads\/sites\/201\/2024\/12\/surlien_kristin_0003-768x512.jpg 768w, https:\/\/hoyre.no\/content\/uploads\/sites\/201\/2024\/12\/surlien_kristin_0003-300x200.jpg 300w, https:\/\/hoyre.no\/content\/uploads\/sites\/201\/2024\/12\/surlien_kristin_0003-1024x683.jpg 1024w, https:\/\/hoyre.no\/content\/uploads\/sites\/201\/2024\/12\/surlien_kristin_0003-1536x1024.jpg 1536w, https:\/\/hoyre.no\/content\/uploads\/sites\/201\/2024\/12\/surlien_kristin_0003-2048x1365.jpg 2048w\" sizes=\"auto, (max-width: 768px) 100vw, 768px\" \/>\t\t<\/div>\n\t\t\n\t\t\t<div class=\"teft-card__content-wrapper\">\n\t\t\t\t<div class=\"teft-card__secondary\">\n\t\t\t\t\t\n\t\t\t\t\t\t\t\t<div class=\"teft-card__meta\">\n\t\t\t\t\t\t\t\t\t<span class=\"post-date\">22. apr 2026<\/span>\n\n\t\t\t\t\t\t\t\t\t\t\t\t\t\t\t\t\t<\/div>\n\t\t\t\t\t\t\t\t\t\t\t<\/div>\n\n\t\t\t\t<div class=\"teft-card__primary\">\n\t\t\t\t\t<h2 class=\"teft-card__title\">Drammen trenger en internasjonal skole \u2013 og vi har ikke r\u00e5d til \u00e5 la v\u00e6re&nbsp;<span class=\"teft-card__primary-title-append\"><\/span><\/h2>\t\t\t\t<\/div>\n\t\t\t<\/div>\n\t\t<\/a>\n\t<\/div>\n\n\t<\/div><div class=\"is-card-hoyre\">\n\t<div class=\"teft-card hoyre-teft-card post-teft-card\">\n\t\t<a href=\"https:\/\/hoyre.no\/drammen\/aktuelt\/hermansen-gjenvalgt-som-ordforerkandidat\/\" class=\"teft-card__primary-action\">\n\n\t\t\t\t\t<div class=\"teft-card__media teft-card__media--16-9\">\n\t\t\t\t\t\t<img loading=\"lazy\" decoding=\"async\" width=\"768\" height=\"541\" src=\"https:\/\/hoyre.no\/content\/uploads\/sites\/201\/2022\/10\/Hermansen_Kjell_Arne_09_22_0278_lowres-768x541.jpg\" class=\"attachment-medium_large size-medium_large\" alt=\"\" srcset=\"https:\/\/hoyre.no\/content\/uploads\/sites\/201\/2022\/10\/Hermansen_Kjell_Arne_09_22_0278_lowres-768x541.jpg 768w, https:\/\/hoyre.no\/content\/uploads\/sites\/201\/2022\/10\/Hermansen_Kjell_Arne_09_22_0278_lowres-300x211.jpg 300w, https:\/\/hoyre.no\/content\/uploads\/sites\/201\/2022\/10\/Hermansen_Kjell_Arne_09_22_0278_lowres-1024x722.jpg 1024w, https:\/\/hoyre.no\/content\/uploads\/sites\/201\/2022\/10\/Hermansen_Kjell_Arne_09_22_0278_lowres.jpg 1490w\" sizes=\"auto, (max-width: 768px) 100vw, 768px\" \/>\t\t<\/div>\n\t\t\n\t\t\t<div class=\"teft-card__content-wrapper\">\n\t\t\t\t<div class=\"teft-card__secondary\">\n\t\t\t\t\t\n\t\t\t\t\t\t\t\t<div class=\"teft-card__meta\">\n\t\t\t\t\t\t\t\t\t<span class=\"post-date\">22. apr 2026<\/span>\n\n\t\t\t\t\t\t\t\t\t\t\t\t\t\t\t\t\t<\/div>\n\t\t\t\t\t\t\t\t\t\t\t<\/div>\n\n\t\t\t\t<div class=\"teft-card__primary\">\n\t\t\t\t\t<h2 class=\"teft-card__title\">Hermansen gjenvalgt som ordf\u00f8rerkandidat&nbsp;<span class=\"teft-card__primary-title-append\"><\/span><\/h2>\t\t\t\t<\/div>\n\t\t\t<\/div>\n\t\t<\/a>\n\t<\/div>\n\n\t<\/div><div class=\"is-card-hoyre\">\n\t<div class=\"teft-card hoyre-teft-card post-teft-card\">\n\t\t<a href=\"https:\/\/hoyre.no\/drammen\/aktuelt\/hvorfor-skal-vi-ha-avgift-for-bedre-folkehelse\/\" class=\"teft-card__primary-action\">\n\n\t\t\t\t\t<div class=\"teft-card__media teft-card__media--16-9\">\n\t\t\t\t\t\t<img loading=\"lazy\" decoding=\"async\" width=\"768\" height=\"768\" src=\"https:\/\/hoyre.no\/content\/uploads\/sites\/201\/2025\/06\/6-Fred-Lowe-edited-768x768.jpg\" class=\"attachment-medium_large size-medium_large\" alt=\"Fred L\u00f8we\" srcset=\"https:\/\/hoyre.no\/content\/uploads\/sites\/201\/2025\/06\/6-Fred-Lowe-edited-768x768.jpg 768w, https:\/\/hoyre.no\/content\/uploads\/sites\/201\/2025\/06\/6-Fred-Lowe-edited-300x300.jpg 300w, https:\/\/hoyre.no\/content\/uploads\/sites\/201\/2025\/06\/6-Fred-Lowe-edited-1024x1024.jpg 1024w, https:\/\/hoyre.no\/content\/uploads\/sites\/201\/2025\/06\/6-Fred-Lowe-edited-150x150.jpg 150w, https:\/\/hoyre.no\/content\/uploads\/sites\/201\/2025\/06\/6-Fred-Lowe-edited-1536x1536.jpg 1536w, https:\/\/hoyre.no\/content\/uploads\/sites\/201\/2025\/06\/6-Fred-Lowe-edited-2048x2048.jpg 2048w\" sizes=\"auto, (max-width: 768px) 100vw, 768px\" \/>\t\t<\/div>\n\t\t\n\t\t\t<div class=\"teft-card__content-wrapper\">\n\t\t\t\t<div class=\"teft-card__secondary\">\n\t\t\t\t\t\n\t\t\t\t\t\t\t\t<div class=\"teft-card__meta\">\n\t\t\t\t\t\t\t\t\t<span class=\"post-date\">20. apr 2026<\/span>\n\n\t\t\t\t\t\t\t\t\t\t\t\t\t\t\t\t\t<\/div>\n\t\t\t\t\t\t\t\t\t\t\t<\/div>\n\n\t\t\t\t<div class=\"teft-card__primary\">\n\t\t\t\t\t<h2 class=\"teft-card__title\">Hvorfor skal vi ha avgift for bedre folkehelse?&nbsp;<span class=\"teft-card__primary-title-append\"><\/span><\/h2>\t\t\t\t<\/div>\n\t\t\t<\/div>\n\t\t<\/a>\n\t<\/div>\n\n\t<\/div><\/div>\t<\/div>\n<\/div>\n","protected":false},"excerpt":{"rendered":"","protected":false},"author":0,"featured_media":0,"comment_status":"closed","ping_status":"closed","sticky":false,"template":"","format":"standard","meta":{"teft_cards_image_url":"","teft_cards_custom_pretitle":"","teft_cards_image_id":0,"teft_cards_image_focal_point_x":0,"teft_cards_image_focal_point_y":0,"teft_cards_title":"","teft_cards_excerpt":"","teft_show_chapters":false,"author_display_name":"","footnotes":""},"category":[1],"post_tag":[],"hoyre-visibility":[],"article-type":[],"politician":[],"class_list":["post-75","post","type-post","status-publish","format-standard","hentry","category-ukategorisert"],"yoast_head":"<!-- This site is optimized with the Yoast SEO plugin v26.6 - https:\/\/yoast.com\/wordpress\/plugins\/seo\/ -->\n<title>Brudd i samarbeidet mellom posisjonspartiene i Drammen Bystyre - Drammen H\u00f8yre<\/title>\n<meta name=\"robots\" content=\"index, follow, max-snippet:-1, max-image-preview:large, max-video-preview:-1\" \/>\n<link rel=\"canonical\" href=\"https:\/\/hoyre.no\/drammen\/aktuelt\/brudd-i-samarbeidet\/\" \/>\n<meta property=\"og:locale\" content=\"nb_NO\" \/>\n<meta property=\"og:type\" content=\"article\" \/>\n<meta property=\"og:title\" content=\"Brudd i samarbeidet mellom posisjonspartiene i Drammen Bystyre - Drammen H\u00f8yre\" \/>\n<meta property=\"og:url\" content=\"https:\/\/hoyre.no\/drammen\/aktuelt\/brudd-i-samarbeidet\/\" \/>\n<meta property=\"og:site_name\" content=\"Drammen H\u00f8yre\" \/>\n<meta property=\"article:published_time\" content=\"2017-11-21T22:00:00+00:00\" \/>\n<meta property=\"og:image\" content=\"https:\/\/hoyre.no\/content\/uploads\/sites\/201\/2025\/06\/6-Fred-Lowe-edited-1024x1024.jpg\" \/>\n<meta name=\"twitter:card\" content=\"summary_large_image\" \/>\n<meta name=\"twitter:label1\" content=\"Ansl. lesetid\" \/>\n\t<meta name=\"twitter:data1\" content=\"1 minutt\" \/>\n<script type=\"application\/ld+json\" class=\"yoast-schema-graph\">{\"@context\":\"https:\/\/schema.org\",\"@graph\":[{\"@type\":\"NewsArticle\",\"@id\":\"https:\/\/hoyre.no\/drammen\/aktuelt\/brudd-i-samarbeidet\/\",\"url\":\"https:\/\/hoyre.no\/drammen\/aktuelt\/brudd-i-samarbeidet\/\",\"name\":\"Brudd i samarbeidet mellom posisjonspartiene i Drammen Bystyre - Drammen H\u00f8yre\",\"isPartOf\":{\"@id\":\"https:\/\/hoyre.no\/drammen\/#website\"},\"datePublished\":\"2017-11-21T22:00:00+00:00\",\"author\":{\"@id\":\"\"},\"breadcrumb\":{\"@id\":\"https:\/\/hoyre.no\/drammen\/aktuelt\/brudd-i-samarbeidet\/#breadcrumb\"},\"inLanguage\":\"nb-NO\",\"potentialAction\":[{\"@type\":\"ReadAction\",\"target\":[\"https:\/\/hoyre.no\/drammen\/aktuelt\/brudd-i-samarbeidet\/\"]}]},{\"@type\":\"BreadcrumbList\",\"@id\":\"https:\/\/hoyre.no\/drammen\/aktuelt\/brudd-i-samarbeidet\/#breadcrumb\",\"itemListElement\":[{\"@type\":\"ListItem\",\"position\":1,\"name\":\"Til hoyre.no\",\"item\":\"https:\/\/hoyre.no\"},{\"@type\":\"ListItem\",\"position\":2,\"name\":\"Hjem\",\"item\":\"https:\/\/hoyre.no\/drammen\/\"},{\"@type\":\"ListItem\",\"position\":3,\"name\":\"Brudd i samarbeidet mellom posisjonspartiene i Drammen Bystyre\"}]},{\"@type\":\"WebSite\",\"@id\":\"https:\/\/hoyre.no\/drammen\/#website\",\"url\":\"https:\/\/hoyre.no\/drammen\/\",\"name\":\"Drammen H\u00f8yre\",\"description\":\"Bare enda et H\u00f8yres nettsteder-nettsted\",\"inLanguage\":\"nb-NO\"}]}<\/script>\n<!-- \/ Yoast SEO plugin. -->","yoast_head_json":{"title":"Brudd i samarbeidet mellom posisjonspartiene i Drammen Bystyre - Drammen H\u00f8yre","robots":{"index":"index","follow":"follow","max-snippet":"max-snippet:-1","max-image-preview":"max-image-preview:large","max-video-preview":"max-video-preview:-1"},"canonical":"https:\/\/hoyre.no\/drammen\/aktuelt\/brudd-i-samarbeidet\/","og_locale":"nb_NO","og_type":"article","og_title":"Brudd i samarbeidet mellom posisjonspartiene i Drammen Bystyre - Drammen H\u00f8yre","og_url":"https:\/\/hoyre.no\/drammen\/aktuelt\/brudd-i-samarbeidet\/","og_site_name":"Drammen H\u00f8yre","article_published_time":"2017-11-21T22:00:00+00:00","og_image":[{"url":"https:\/\/hoyre.no\/content\/uploads\/sites\/201\/2025\/06\/6-Fred-Lowe-edited-1024x1024.jpg","width":"","height":"","type":""}],"twitter_card":"summary_large_image","twitter_misc":{"Ansl. lesetid":"1 minutt"},"schema":{"@context":"https:\/\/schema.org","@graph":[{"@type":"NewsArticle","@id":"https:\/\/hoyre.no\/drammen\/aktuelt\/brudd-i-samarbeidet\/","url":"https:\/\/hoyre.no\/drammen\/aktuelt\/brudd-i-samarbeidet\/","name":"Brudd i samarbeidet mellom posisjonspartiene i Drammen Bystyre - Drammen H\u00f8yre","isPartOf":{"@id":"https:\/\/hoyre.no\/drammen\/#website"},"datePublished":"2017-11-21T22:00:00+00:00","author":{"@id":""},"breadcrumb":{"@id":"https:\/\/hoyre.no\/drammen\/aktuelt\/brudd-i-samarbeidet\/#breadcrumb"},"inLanguage":"nb-NO","potentialAction":[{"@type":"ReadAction","target":["https:\/\/hoyre.no\/drammen\/aktuelt\/brudd-i-samarbeidet\/"]}]},{"@type":"BreadcrumbList","@id":"https:\/\/hoyre.no\/drammen\/aktuelt\/brudd-i-samarbeidet\/#breadcrumb","itemListElement":[{"@type":"ListItem","position":1,"name":"Til hoyre.no","item":"https:\/\/hoyre.no"},{"@type":"ListItem","position":2,"name":"Hjem","item":"https:\/\/hoyre.no\/drammen\/"},{"@type":"ListItem","position":3,"name":"Brudd i samarbeidet mellom posisjonspartiene i Drammen Bystyre"}]},{"@type":"WebSite","@id":"https:\/\/hoyre.no\/drammen\/#website","url":"https:\/\/hoyre.no\/drammen\/","name":"Drammen H\u00f8yre","description":"Bare enda et H\u00f8yres nettsteder-nettsted","inLanguage":"nb-NO"}]}},"distributor_meta":false,"distributor_terms":false,"distributor_media":false,"distributor_original_site_name":"Drammen H\u00f8yre","distributor_original_site_url":"https:\/\/hoyre.no\/drammen","push-errors":false,"_links":{"self":[{"href":"https:\/\/hoyre.no\/drammen\/wp-json\/wp\/v2\/posts\/75","targetHints":{"allow":["GET"]}}],"collection":[{"href":"https:\/\/hoyre.no\/drammen\/wp-json\/wp\/v2\/posts"}],"about":[{"href":"https:\/\/hoyre.no\/drammen\/wp-json\/wp\/v2\/types\/post"}],"replies":[{"embeddable":true,"href":"https:\/\/hoyre.no\/drammen\/wp-json\/wp\/v2\/comments?post=75"}],"version-history":[{"count":0,"href":"https:\/\/hoyre.no\/drammen\/wp-json\/wp\/v2\/posts\/75\/revisions"}],"wp:attachment":[{"href":"https:\/\/hoyre.no\/drammen\/wp-json\/wp\/v2\/media?parent=75"}],"wp:term":[{"taxonomy":"category","embeddable":true,"href":"https:\/\/hoyre.no\/drammen\/wp-json\/wp\/v2\/category?post=75"},{"taxonomy":"post_tag","embeddable":true,"href":"https:\/\/hoyre.no\/drammen\/wp-json\/wp\/v2\/post_tag?post=75"},{"taxonomy":"hoyre-visibility","embeddable":true,"href":"https:\/\/hoyre.no\/drammen\/wp-json\/wp\/v2\/hoyre-visibility?post=75"},{"taxonomy":"article-type","embeddable":true,"href":"https:\/\/hoyre.no\/drammen\/wp-json\/wp\/v2\/article-type?post=75"},{"taxonomy":"politician","embeddable":true,"href":"https:\/\/hoyre.no\/drammen\/wp-json\/wp\/v2\/politician?post=75"}],"curies":[{"name":"wp","href":"https:\/\/api.w.org\/{rel}","templated":true}]}}