{"id":93,"date":"2018-05-20T22:00:00","date_gmt":"2018-05-20T20:00:00","guid":{"rendered":"https:\/\/hoyre.no\/drammen\/aktuelt\/fredrik_andreas_haaning_innstilt_som_ordforerkandidat_i_nye_drammen\/"},"modified":"2018-05-20T22:00:00","modified_gmt":"2018-05-20T20:00:00","slug":"fredrik_andreas_haaning_innstilt_som_ordforerkandidat_i_nye_drammen","status":"publish","type":"post","link":"https:\/\/hoyre.no\/drammen\/aktuelt\/fredrik_andreas_haaning_innstilt_som_ordforerkandidat_i_nye_drammen\/","title":{"rendered":"Fredrik A. Haaning innstilt som ordf\u00f8rerkandidat"},"content":{"rendered":"<figure class=\"hoyre-image-wrapper\"><div class=\"hoyre-image\"><img loading=\"lazy\" decoding=\"async\" width=\"1754\" height=\"1240\" src=\"https:\/\/hoyre.no\/content\/uploads\/sites\/201\/2020\/11\/logo2-3.png\" class=\"attachment-scaled size-scaled\" alt=\"\" style=\"object-position: 50% 50%\" srcset=\"https:\/\/hoyre.no\/content\/uploads\/sites\/201\/2020\/11\/logo2-3.png 1754w, https:\/\/hoyre.no\/content\/uploads\/sites\/201\/2020\/11\/logo2-3-300x212.png 300w, https:\/\/hoyre.no\/content\/uploads\/sites\/201\/2020\/11\/logo2-3-1024x724.png 1024w, https:\/\/hoyre.no\/content\/uploads\/sites\/201\/2020\/11\/logo2-3-768x543.png 768w, https:\/\/hoyre.no\/content\/uploads\/sites\/201\/2020\/11\/logo2-3-1536x1086.png 1536w\" sizes=\"auto, (max-width: 1754px) 100vw, 1754px\" \/><\/div><\/figure><div id=\"hoyre-old-article-content-wrapper\"><p>Nominasjonskomi\u00e9en i &laquo;nye&raquo; Drammen H\u00f8yre presenterte mandag deres enstemmige innstilling p\u00e5 de tre f\u00f8rste listekandidatene ved valget neste h\u00f8st. Nominasjonskomit\u00e9ens innstilling er som f\u00f8lger: <br \/><\/p><ol><li>Fredrik Andreas Haaning<\/li><li>Kristin Surlien<\/li><li>Elly Therese Thoresen<\/li><\/ol><p>Allerede onsdag denne uken finner nominasjonsm\u00f8tet for de tre f\u00f8rste plassene p\u00e5 listen sted i Fylkeshuset. De resterende plassene p\u00e5 H\u00f8yres liste foran kommunevalget 2019 vil fordeles p\u00e5 et nominasjonsm\u00f8te mot slutten av 2018. <\/p><p>Nominasjonskomiteen har best\u00e5tt av <br \/>Johan Baumann, Drammen (leder)<br \/>Elisabeth Lindberg, Drammen (sekret\u00e6r)<br \/>Kristin Haftorn Johansen, Drammen<br \/>Ole Trillhus, Nedre Eiker<br \/>Per Madsen, Nedre Eiker<br \/>Ann Kristin Teigen, Svelvik<br \/>Hj\u00f8rdis Trolsrud, Svelvik<br \/>Marit Gjerde, for Senior H\u00f8yre<br \/>Cornelia Bardalen, for Unge H\u00f8yre.<\/p><p><br \/><\/p><p><br \/><\/p><\/div>\n<div class=\"tags\">\n\t<\/div>\n<div class=\"post-footer alignfull has-background block-editor-block-list__block\" data-align=full>\n\t<div class=\"post-footer-inner\">\n\t\t<h3>Relaterte artikler<\/h3>\n\t\t<div class=\"related-content\"><div class=\"is-card-hoyre\">\n\t<div class=\"teft-card hoyre-teft-card post-teft-card\">\n\t\t<a href=\"https:\/\/hoyre.no\/drammen\/aktuelt\/drammen-trenger-en-internasjonal-skole-og-vi-har-ikke-rad-til-a-la-vaere\/\" class=\"teft-card__primary-action\">\n\n\t\t\t\t\t<div class=\"teft-card__media teft-card__media--16-9\">\n\t\t\t\t\t\t<img loading=\"lazy\" decoding=\"async\" width=\"768\" height=\"512\" src=\"https:\/\/hoyre.no\/content\/uploads\/sites\/201\/2024\/12\/surlien_kristin_0003-768x512.jpg\" class=\"attachment-medium_large size-medium_large\" alt=\"Kristin Surlien\" srcset=\"https:\/\/hoyre.no\/content\/uploads\/sites\/201\/2024\/12\/surlien_kristin_0003-768x512.jpg 768w, https:\/\/hoyre.no\/content\/uploads\/sites\/201\/2024\/12\/surlien_kristin_0003-300x200.jpg 300w, https:\/\/hoyre.no\/content\/uploads\/sites\/201\/2024\/12\/surlien_kristin_0003-1024x683.jpg 1024w, https:\/\/hoyre.no\/content\/uploads\/sites\/201\/2024\/12\/surlien_kristin_0003-1536x1024.jpg 1536w, https:\/\/hoyre.no\/content\/uploads\/sites\/201\/2024\/12\/surlien_kristin_0003-2048x1365.jpg 2048w\" sizes=\"auto, (max-width: 768px) 100vw, 768px\" \/>\t\t<\/div>\n\t\t\n\t\t\t<div class=\"teft-card__content-wrapper\">\n\t\t\t\t<div class=\"teft-card__secondary\">\n\t\t\t\t\t\n\t\t\t\t\t\t\t\t<div class=\"teft-card__meta\">\n\t\t\t\t\t\t\t\t\t<span class=\"post-date\">22. apr 2026<\/span>\n\n\t\t\t\t\t\t\t\t\t\t\t\t\t\t\t\t\t<\/div>\n\t\t\t\t\t\t\t\t\t\t\t<\/div>\n\n\t\t\t\t<div class=\"teft-card__primary\">\n\t\t\t\t\t<h2 class=\"teft-card__title\">Drammen trenger en internasjonal skole \u2013 og vi har ikke r\u00e5d til \u00e5 la v\u00e6re&nbsp;<span class=\"teft-card__primary-title-append\"><\/span><\/h2>\t\t\t\t<\/div>\n\t\t\t<\/div>\n\t\t<\/a>\n\t<\/div>\n\n\t<\/div><div class=\"is-card-hoyre\">\n\t<div class=\"teft-card hoyre-teft-card post-teft-card\">\n\t\t<a href=\"https:\/\/hoyre.no\/drammen\/aktuelt\/hermansen-gjenvalgt-som-ordforerkandidat\/\" class=\"teft-card__primary-action\">\n\n\t\t\t\t\t<div class=\"teft-card__media teft-card__media--16-9\">\n\t\t\t\t\t\t<img loading=\"lazy\" decoding=\"async\" width=\"768\" height=\"541\" src=\"https:\/\/hoyre.no\/content\/uploads\/sites\/201\/2022\/10\/Hermansen_Kjell_Arne_09_22_0278_lowres-768x541.jpg\" class=\"attachment-medium_large size-medium_large\" alt=\"\" srcset=\"https:\/\/hoyre.no\/content\/uploads\/sites\/201\/2022\/10\/Hermansen_Kjell_Arne_09_22_0278_lowres-768x541.jpg 768w, https:\/\/hoyre.no\/content\/uploads\/sites\/201\/2022\/10\/Hermansen_Kjell_Arne_09_22_0278_lowres-300x211.jpg 300w, https:\/\/hoyre.no\/content\/uploads\/sites\/201\/2022\/10\/Hermansen_Kjell_Arne_09_22_0278_lowres-1024x722.jpg 1024w, https:\/\/hoyre.no\/content\/uploads\/sites\/201\/2022\/10\/Hermansen_Kjell_Arne_09_22_0278_lowres.jpg 1490w\" sizes=\"auto, (max-width: 768px) 100vw, 768px\" \/>\t\t<\/div>\n\t\t\n\t\t\t<div class=\"teft-card__content-wrapper\">\n\t\t\t\t<div class=\"teft-card__secondary\">\n\t\t\t\t\t\n\t\t\t\t\t\t\t\t<div class=\"teft-card__meta\">\n\t\t\t\t\t\t\t\t\t<span class=\"post-date\">22. apr 2026<\/span>\n\n\t\t\t\t\t\t\t\t\t\t\t\t\t\t\t\t\t<\/div>\n\t\t\t\t\t\t\t\t\t\t\t<\/div>\n\n\t\t\t\t<div class=\"teft-card__primary\">\n\t\t\t\t\t<h2 class=\"teft-card__title\">Hermansen gjenvalgt som ordf\u00f8rerkandidat&nbsp;<span class=\"teft-card__primary-title-append\"><\/span><\/h2>\t\t\t\t<\/div>\n\t\t\t<\/div>\n\t\t<\/a>\n\t<\/div>\n\n\t<\/div><div class=\"is-card-hoyre\">\n\t<div class=\"teft-card hoyre-teft-card post-teft-card\">\n\t\t<a href=\"https:\/\/hoyre.no\/drammen\/aktuelt\/hvorfor-skal-vi-ha-avgift-for-bedre-folkehelse\/\" class=\"teft-card__primary-action\">\n\n\t\t\t\t\t<div class=\"teft-card__media teft-card__media--16-9\">\n\t\t\t\t\t\t<img loading=\"lazy\" decoding=\"async\" width=\"768\" height=\"768\" src=\"https:\/\/hoyre.no\/content\/uploads\/sites\/201\/2025\/06\/6-Fred-Lowe-edited-768x768.jpg\" class=\"attachment-medium_large size-medium_large\" alt=\"Fred L\u00f8we\" srcset=\"https:\/\/hoyre.no\/content\/uploads\/sites\/201\/2025\/06\/6-Fred-Lowe-edited-768x768.jpg 768w, https:\/\/hoyre.no\/content\/uploads\/sites\/201\/2025\/06\/6-Fred-Lowe-edited-300x300.jpg 300w, https:\/\/hoyre.no\/content\/uploads\/sites\/201\/2025\/06\/6-Fred-Lowe-edited-1024x1024.jpg 1024w, https:\/\/hoyre.no\/content\/uploads\/sites\/201\/2025\/06\/6-Fred-Lowe-edited-150x150.jpg 150w, https:\/\/hoyre.no\/content\/uploads\/sites\/201\/2025\/06\/6-Fred-Lowe-edited-1536x1536.jpg 1536w, https:\/\/hoyre.no\/content\/uploads\/sites\/201\/2025\/06\/6-Fred-Lowe-edited-2048x2048.jpg 2048w\" sizes=\"auto, (max-width: 768px) 100vw, 768px\" \/>\t\t<\/div>\n\t\t\n\t\t\t<div class=\"teft-card__content-wrapper\">\n\t\t\t\t<div class=\"teft-card__secondary\">\n\t\t\t\t\t\n\t\t\t\t\t\t\t\t<div class=\"teft-card__meta\">\n\t\t\t\t\t\t\t\t\t<span class=\"post-date\">20. apr 2026<\/span>\n\n\t\t\t\t\t\t\t\t\t\t\t\t\t\t\t\t\t<\/div>\n\t\t\t\t\t\t\t\t\t\t\t<\/div>\n\n\t\t\t\t<div class=\"teft-card__primary\">\n\t\t\t\t\t<h2 class=\"teft-card__title\">Hvorfor skal vi ha avgift for bedre folkehelse?&nbsp;<span class=\"teft-card__primary-title-append\"><\/span><\/h2>\t\t\t\t<\/div>\n\t\t\t<\/div>\n\t\t<\/a>\n\t<\/div>\n\n\t<\/div><\/div>\t<\/div>\n<\/div>\n","protected":false},"excerpt":{"rendered":"","protected":false},"author":0,"featured_media":0,"comment_status":"closed","ping_status":"closed","sticky":false,"template":"","format":"standard","meta":{"teft_cards_image_url":"https:\/\/hoyre.no\/content\/uploads\/sites\/201\/2020\/11\/logo2-3.png","teft_cards_custom_pretitle":"","teft_cards_image_id":92,"teft_cards_image_focal_point_x":0,"teft_cards_image_focal_point_y":0,"teft_cards_title":"","teft_cards_excerpt":"","teft_show_chapters":false,"author_display_name":"Tord Deildok","footnotes":""},"category":[1],"post_tag":[],"hoyre-visibility":[],"article-type":[],"politician":[],"class_list":["post-93","post","type-post","status-publish","format-standard","hentry","category-ukategorisert"],"yoast_head":"<!-- This site is optimized with the Yoast SEO plugin v26.6 - https:\/\/yoast.com\/wordpress\/plugins\/seo\/ -->\n<title>Fredrik A. Haaning innstilt som ordf\u00f8rerkandidat - Drammen H\u00f8yre<\/title>\n<meta name=\"robots\" content=\"index, follow, max-snippet:-1, max-image-preview:large, max-video-preview:-1\" \/>\n<link rel=\"canonical\" href=\"https:\/\/hoyre.no\/drammen\/aktuelt\/fredrik_andreas_haaning_innstilt_som_ordforerkandidat_i_nye_drammen\/\" \/>\n<meta property=\"og:locale\" content=\"nb_NO\" \/>\n<meta property=\"og:type\" content=\"article\" \/>\n<meta property=\"og:title\" content=\"Fredrik A. Haaning innstilt som ordf\u00f8rerkandidat - Drammen H\u00f8yre\" \/>\n<meta property=\"og:url\" content=\"https:\/\/hoyre.no\/drammen\/aktuelt\/fredrik_andreas_haaning_innstilt_som_ordforerkandidat_i_nye_drammen\/\" \/>\n<meta property=\"og:site_name\" content=\"Drammen H\u00f8yre\" \/>\n<meta property=\"article:published_time\" content=\"2018-05-20T20:00:00+00:00\" \/>\n<meta property=\"og:image\" content=\"https:\/\/hoyre.no\/content\/uploads\/sites\/201\/2025\/06\/6-Fred-Lowe-edited-1024x1024.jpg\" \/>\n<meta name=\"twitter:card\" content=\"summary_large_image\" \/>\n<meta name=\"twitter:label1\" content=\"Ansl. lesetid\" \/>\n\t<meta name=\"twitter:data1\" content=\"1 minutt\" \/>\n<script type=\"application\/ld+json\" class=\"yoast-schema-graph\">{\"@context\":\"https:\/\/schema.org\",\"@graph\":[{\"@type\":\"NewsArticle\",\"@id\":\"https:\/\/hoyre.no\/drammen\/aktuelt\/fredrik_andreas_haaning_innstilt_som_ordforerkandidat_i_nye_drammen\/\",\"url\":\"https:\/\/hoyre.no\/drammen\/aktuelt\/fredrik_andreas_haaning_innstilt_som_ordforerkandidat_i_nye_drammen\/\",\"name\":\"Fredrik A. Haaning innstilt som ordf\u00f8rerkandidat - Drammen H\u00f8yre\",\"isPartOf\":{\"@id\":\"https:\/\/hoyre.no\/drammen\/#website\"},\"datePublished\":\"2018-05-20T20:00:00+00:00\",\"author\":{\"@id\":\"\"},\"breadcrumb\":{\"@id\":\"https:\/\/hoyre.no\/drammen\/aktuelt\/fredrik_andreas_haaning_innstilt_som_ordforerkandidat_i_nye_drammen\/#breadcrumb\"},\"inLanguage\":\"nb-NO\",\"potentialAction\":[{\"@type\":\"ReadAction\",\"target\":[\"https:\/\/hoyre.no\/drammen\/aktuelt\/fredrik_andreas_haaning_innstilt_som_ordforerkandidat_i_nye_drammen\/\"]}]},{\"@type\":\"BreadcrumbList\",\"@id\":\"https:\/\/hoyre.no\/drammen\/aktuelt\/fredrik_andreas_haaning_innstilt_som_ordforerkandidat_i_nye_drammen\/#breadcrumb\",\"itemListElement\":[{\"@type\":\"ListItem\",\"position\":1,\"name\":\"Til hoyre.no\",\"item\":\"https:\/\/hoyre.no\"},{\"@type\":\"ListItem\",\"position\":2,\"name\":\"Hjem\",\"item\":\"https:\/\/hoyre.no\/drammen\/\"},{\"@type\":\"ListItem\",\"position\":3,\"name\":\"Fredrik A. Haaning innstilt som ordf\u00f8rerkandidat\"}]},{\"@type\":\"WebSite\",\"@id\":\"https:\/\/hoyre.no\/drammen\/#website\",\"url\":\"https:\/\/hoyre.no\/drammen\/\",\"name\":\"Drammen H\u00f8yre\",\"description\":\"Bare enda et H\u00f8yres nettsteder-nettsted\",\"inLanguage\":\"nb-NO\"}]}<\/script>\n<!-- \/ Yoast SEO plugin. -->","yoast_head_json":{"title":"Fredrik A. Haaning innstilt som ordf\u00f8rerkandidat - Drammen H\u00f8yre","robots":{"index":"index","follow":"follow","max-snippet":"max-snippet:-1","max-image-preview":"max-image-preview:large","max-video-preview":"max-video-preview:-1"},"canonical":"https:\/\/hoyre.no\/drammen\/aktuelt\/fredrik_andreas_haaning_innstilt_som_ordforerkandidat_i_nye_drammen\/","og_locale":"nb_NO","og_type":"article","og_title":"Fredrik A. Haaning innstilt som ordf\u00f8rerkandidat - Drammen H\u00f8yre","og_url":"https:\/\/hoyre.no\/drammen\/aktuelt\/fredrik_andreas_haaning_innstilt_som_ordforerkandidat_i_nye_drammen\/","og_site_name":"Drammen H\u00f8yre","article_published_time":"2018-05-20T20:00:00+00:00","og_image":[{"url":"https:\/\/hoyre.no\/content\/uploads\/sites\/201\/2025\/06\/6-Fred-Lowe-edited-1024x1024.jpg","width":"","height":"","type":""}],"twitter_card":"summary_large_image","twitter_misc":{"Ansl. lesetid":"1 minutt"},"schema":{"@context":"https:\/\/schema.org","@graph":[{"@type":"NewsArticle","@id":"https:\/\/hoyre.no\/drammen\/aktuelt\/fredrik_andreas_haaning_innstilt_som_ordforerkandidat_i_nye_drammen\/","url":"https:\/\/hoyre.no\/drammen\/aktuelt\/fredrik_andreas_haaning_innstilt_som_ordforerkandidat_i_nye_drammen\/","name":"Fredrik A. Haaning innstilt som ordf\u00f8rerkandidat - Drammen H\u00f8yre","isPartOf":{"@id":"https:\/\/hoyre.no\/drammen\/#website"},"datePublished":"2018-05-20T20:00:00+00:00","author":{"@id":""},"breadcrumb":{"@id":"https:\/\/hoyre.no\/drammen\/aktuelt\/fredrik_andreas_haaning_innstilt_som_ordforerkandidat_i_nye_drammen\/#breadcrumb"},"inLanguage":"nb-NO","potentialAction":[{"@type":"ReadAction","target":["https:\/\/hoyre.no\/drammen\/aktuelt\/fredrik_andreas_haaning_innstilt_som_ordforerkandidat_i_nye_drammen\/"]}]},{"@type":"BreadcrumbList","@id":"https:\/\/hoyre.no\/drammen\/aktuelt\/fredrik_andreas_haaning_innstilt_som_ordforerkandidat_i_nye_drammen\/#breadcrumb","itemListElement":[{"@type":"ListItem","position":1,"name":"Til hoyre.no","item":"https:\/\/hoyre.no"},{"@type":"ListItem","position":2,"name":"Hjem","item":"https:\/\/hoyre.no\/drammen\/"},{"@type":"ListItem","position":3,"name":"Fredrik A. Haaning innstilt som ordf\u00f8rerkandidat"}]},{"@type":"WebSite","@id":"https:\/\/hoyre.no\/drammen\/#website","url":"https:\/\/hoyre.no\/drammen\/","name":"Drammen H\u00f8yre","description":"Bare enda et H\u00f8yres nettsteder-nettsted","inLanguage":"nb-NO"}]}},"distributor_meta":false,"distributor_terms":false,"distributor_media":false,"distributor_original_site_name":"Drammen H\u00f8yre","distributor_original_site_url":"https:\/\/hoyre.no\/drammen","push-errors":false,"_links":{"self":[{"href":"https:\/\/hoyre.no\/drammen\/wp-json\/wp\/v2\/posts\/93","targetHints":{"allow":["GET"]}}],"collection":[{"href":"https:\/\/hoyre.no\/drammen\/wp-json\/wp\/v2\/posts"}],"about":[{"href":"https:\/\/hoyre.no\/drammen\/wp-json\/wp\/v2\/types\/post"}],"replies":[{"embeddable":true,"href":"https:\/\/hoyre.no\/drammen\/wp-json\/wp\/v2\/comments?post=93"}],"version-history":[{"count":0,"href":"https:\/\/hoyre.no\/drammen\/wp-json\/wp\/v2\/posts\/93\/revisions"}],"wp:attachment":[{"href":"https:\/\/hoyre.no\/drammen\/wp-json\/wp\/v2\/media?parent=93"}],"wp:term":[{"taxonomy":"category","embeddable":true,"href":"https:\/\/hoyre.no\/drammen\/wp-json\/wp\/v2\/category?post=93"},{"taxonomy":"post_tag","embeddable":true,"href":"https:\/\/hoyre.no\/drammen\/wp-json\/wp\/v2\/post_tag?post=93"},{"taxonomy":"hoyre-visibility","embeddable":true,"href":"https:\/\/hoyre.no\/drammen\/wp-json\/wp\/v2\/hoyre-visibility?post=93"},{"taxonomy":"article-type","embeddable":true,"href":"https:\/\/hoyre.no\/drammen\/wp-json\/wp\/v2\/article-type?post=93"},{"taxonomy":"politician","embeddable":true,"href":"https:\/\/hoyre.no\/drammen\/wp-json\/wp\/v2\/politician?post=93"}],"curies":[{"name":"wp","href":"https:\/\/api.w.org\/{rel}","templated":true}]}}