{"id":31,"date":"2016-11-19T23:00:00","date_gmt":"2016-11-19T22:00:00","guid":{"rendered":"https:\/\/hoyre.no\/eidskog\/aktuelt\/horingssvar-om-regio\/"},"modified":"2016-11-19T23:00:00","modified_gmt":"2016-11-19T22:00:00","slug":"horingssvar-om-regio","status":"publish","type":"post","link":"https:\/\/hoyre.no\/eidskog\/aktuelt\/horingssvar-om-regio\/","title":{"rendered":"H\u00f8ringssvar om regionreformen"},"content":{"rendered":"<p class=\"preamble\">Forslag til h\u00f8ringssvar p\u00e5 regionreformen fra mindretallet best\u00e5ende av partiene Venstre, Fremskrittspartiet og H\u00f8yre H\u00f8ringsuttalelsen fra Eidskog ble behandlet i Eidskog formannskap 1\/11.<\/p>\t\t\t<div class=\"post-meta wp-block teft-byline-wrapper\">\n\t\t\t\t<div class=\"top\">\n\t\t\t\t\t<div class=\"signature\">\n\t\t\t\t\t\t<div class=\"teft-byline\">\n\t\t\t\t\t\t\t\t\t\t\t\t\t\t<div>\n\t\t\t\t\t\t\t\t<h3>H\u00f8yres redaksjon<\/h3>\t\t\t\t\t\t\t\t\n\t\t\t\t\t\t\t\t\t\t\t\t\t\t\t\t\t<span class=\"date\">Sist oppdatert: 19. november 2016<\/span>\n\t\t\t\t\t\t\t\t\t\t\t\t\t\t\t\t\t\t\t\t\t\t\t\t\t<span class=\"reading-time\" itemprop=\"timeRequired\" content=\"PT3M\"><em>Ca. 3 minutter lesetid<\/em><\/span>\n\t\t\t\t\t\t\t\t\t\t\t\t\t\t\t<\/div>\n\t\t\t\t\t\t<\/div>\n\t\t\t\t\t<\/div>\n\t\t\t\t\t\t<div class=\"sharing\">\n\t\t<a class=\"share-button share-link copy-link\" data-copy=\"https:\/\/hoyre.no\/eidskog\/aktuelt\/horingssvar-om-regio\/\" target=\"_blank\"><span class=\"screen-reader-text\">Del link<\/span><\/a>\n\t\t<a class=\"share-button share-twitter\" href=\"http:\/\/twitter.com\/share?text=H\u00f8ringssvar om regionreformen&#038;url=https:\/\/hoyre.no\/eidskog\/aktuelt\/horingssvar-om-regio\/&#038;hashtags=Hoyre\" target=\"_blank\"><span class=\"screen-reader-text\">Del p\u00e5 twitter<\/span><\/a>\n\t\t<a class=\"share-button share-facebook\" href=\"https:\/\/www.facebook.com\/sharer\/sharer.php?u=https:\/\/hoyre.no\/eidskog\/aktuelt\/horingssvar-om-regio\/\" target=\"_blank\"><span class=\"screen-reader-text\">Del p\u00e5 facebook<\/span><\/a>\n\t<\/div>\n\t\t\t\t\t<\/div>\n\t\t\t<\/div>\n\n\t\t\t<figure class=\"hoyre-image-wrapper\"><div class=\"hoyre-image\"><img loading=\"lazy\" decoding=\"async\" width=\"778\" height=\"847\" src=\"https:\/\/hoyre.no\/content\/uploads\/sites\/84\/2020\/11\/eidskogfylkestilhori_1.png\" class=\"attachment-scaled size-scaled\" alt=\"\" style=\"object-position: 50% 50%\" srcset=\"https:\/\/hoyre.no\/content\/uploads\/sites\/84\/2020\/11\/eidskogfylkestilhori_1.png 778w, https:\/\/hoyre.no\/content\/uploads\/sites\/84\/2020\/11\/eidskogfylkestilhori_1-276x300.png 276w, https:\/\/hoyre.no\/content\/uploads\/sites\/84\/2020\/11\/eidskogfylkestilhori_1-768x836.png 768w\" sizes=\"auto, (max-width: 778px) 100vw, 778px\" \/><\/div><\/figure><div id=\"hoyre-old-article-content-wrapper\"><p><br \/><\/p><p><b>Innledning<\/b><\/p><p>Formannskapet i Eidskog kommune best\u00e5r av representanter for partiene Arbeiderpartiet (4), Senterpartiet (2) og H\u00f8yre (1).<\/p><p>Ved behandling av h\u00f8ringen vedr. regionreformen i formannskapet ble partiene Venstre og Fremskrittspartiet invitert og deltok med hver sin representant. Disse hadde talerett, men ikke stemmerett.<\/p><p>Vi (Eidskog V, Frp og H) vil med dette levere inn et forenklet h\u00f8ringssvar, uten at vi g\u00e5r i dypdykk n\u00e5r det gjelder flertallets vurderinger.<\/p><p><b>Generelt<\/b><\/p><p>Eidskog V, Frp og H mener prim\u00e6rt at Eidskog kommune og Kongsvingerregionen b\u00f8r s\u00f8ke seg vestover til region Akershus. Vi mener flere forhold har betydning for dette. Dette gjelder bl.a. innen omr\u00e5dene samferdsel, n\u00e6ringsliv\/arbeidsliv, pendling, befolkningsvekst, sykehus, kriminalitet, samt interesseorganisasjoner i Oslo\/Akershus. <\/p><p>V\u00e5r beliggenhet gj\u00f8r at vi anser at v\u00e5re viktigste samferdsels\u00e5rer g\u00e5r i retning \u00f8st\/vest. Dette er rv. 2\/E16 mot Kongsvinger\/Kl\u00f8fta, fv. 21\/fv. 170 mot Bj\u00f8rkelangen\/Lillestr\u00f8m, samt Grensebanen\/Kongsvingerbanen. Det er i dag stor trafikk fra Eidskog p\u00e5 disse strekningene og trafikken er \u00f8kende, spesielt p\u00e5 fv. 21\/fv. 170 for Eidskog. Dette skyldes ikke minst at mange av v\u00e5re innbyggere pendler p\u00e5 disse strekningene, bl.a. mot Romerike\/Oslo, da arbeidsmarkedet i Eidskog er noe begrenset for flere yrkesgrupper. Andelen pendlere fra Eidskog er imidlertid st\u00f8rst til Kongsvinger. Andelen pendlere ut av regionen nordover mot Hamar\/Elverum er sv\u00e6rt lav.<\/p><p>V\u00e5rt n\u00e6ringsliv samarbeider i stor utstrekning med n\u00e6ringslivet i Akershus\/Oslo og i mye st\u00f8rre grad enn mot andre regioner i Hedmark. Gardermo-effekten gj\u00f8r seg derfor gjeldende ogs\u00e5 i Kongsvingerregionen. Flere av v\u00e5re lokale bedrifter har en vesentlig del av sin oppgaveportef\u00f8lje i Oslo\/Akershus. Flere har ogs\u00e5 etablert avdelinger i denne regionen, spesielt p\u00e5 Romerike.<\/p><p>Kongsvinger sykehus er sv\u00e6rt viktig for Eidskog og v\u00e5r region. Dette gjelder ikke minst i forhold til avstand til behandling, samt kompetansearbeidsplasser. Mange \u00f8nsker tilknytning til Ahus fremfor et storsykehus i Mj\u00f8sregionen.<\/p><p>Vi anser ogs\u00e5 muligheten for befolkningsvekst, som er en utfordring for b\u00e5de Eidskog og regionen, som st\u00f8rre ved en sammensl\u00e5ing vestover. V\u00e5r region henger geografisk mer sammen med Romerike\/Akershus enn f.eks. Mj\u00f8sregionen.<\/p><p>N\u00e5r en ser p\u00e5 kriminalitetsbildet i Eidskog og Kongsvingerregionen har dette flere fellestrekk med Akershus\/Romerike enn med resten av Hedmark. Kriminelle opererer i st\u00f8rre grad i region Romerike\/Kongsvinger enn Kongsvinger\/Hamar\/Elverum. I forbindelse med n\u00e6rpolitireformen ble det aktivt fors\u00f8kt \u00e5 innlemme Kongsvinger politistasjon med underliggende lensmannskontorer i \u00d8st politidistrikt, med bakgrunn i felles utfordringer mtp. grensekriminalitet. Det ble dessverre ikke noe av dette.<\/p><p>Eidskog er i dag deltaker i flere interesseorganisasjoner sammen med kommuner i Akershus, enten alene eller sammen med andre kommuner i Kongsvingerregionen. Dette gleder bl.a. innen samferdselssektoren.<\/p><p>Flere av v\u00e5re nabokommuner i Kongsvingerregionen har ogs\u00e5 antydet skifte av region vestover mot Akershus. Eidskog er s\u00e5ledes ikke alene i regionen om \u00e5 mene dette.<\/p><p>Vi anser at vi har flere sammenfallende interesser med Akershus enn med Hedmark\/Oppland og anser at en sammensl\u00e5ing vestover vil gi Eidskog og Kongsvingerregionen bedre vekstmuligheter enn vi har i dag. <\/p><p><br \/><\/p><p><b>Slutning<\/b><\/p><ol><li>Eidskog kommune \u00f8nsker prim\u00e6rt \u00e5 s\u00f8ke vestover til region Akershus.<\/li><\/ol><p><br \/><\/p><\/div>\n<div class=\"tags\">\n\t<\/div>\n<div class=\"post-footer alignfull has-background block-editor-block-list__block\" data-align=full>\n\t<div class=\"post-footer-inner\">\n\t\t<h3>Relaterte artikler<\/h3>\n\t\t<div class=\"related-content\"><div class=\"is-card-hoyre\">\n\t<div class=\"teft-card hoyre-teft-card post-teft-card\">\n\t\t<a href=\"https:\/\/hoyre.no\/eidskog\/aktuelt\/partiprogram_eidskog_hoyre_2019\/\" class=\"teft-card__primary-action\">\n\n\t\t\t\t\t<div class=\"teft-card__media teft-card__media--16-9\">\n\t\t\t\t\t\t<img loading=\"lazy\" decoding=\"async\" width=\"768\" height=\"289\" src=\"https:\/\/hoyre.no\/content\/uploads\/sites\/84\/2020\/11\/forside_partiprogram-768x289.jpg\" class=\"attachment-medium_large size-medium_large\" alt=\"\" srcset=\"https:\/\/hoyre.no\/content\/uploads\/sites\/84\/2020\/11\/forside_partiprogram-768x289.jpg 768w, https:\/\/hoyre.no\/content\/uploads\/sites\/84\/2020\/11\/forside_partiprogram-300x113.jpg 300w, https:\/\/hoyre.no\/content\/uploads\/sites\/84\/2020\/11\/forside_partiprogram-1024x386.jpg 1024w, https:\/\/hoyre.no\/content\/uploads\/sites\/84\/2020\/11\/forside_partiprogram.jpg 1280w\" sizes=\"auto, (max-width: 768px) 100vw, 768px\" \/>\t\t<\/div>\n\t\t\n\t\t\t<div class=\"teft-card__content-wrapper\">\n\t\t\t\t<div class=\"teft-card__secondary\">\n\t\t\t\t\t\n\t\t\t\t\t\t\t\t<div class=\"teft-card__meta\">\n\t\t\t\t\t\t\t\t\t<span class=\"post-date\">15. aug 2019<\/span>\n\n\t\t\t\t\t\t\t\t\t\t\t\t\t\t\t\t\t<\/div>\n\t\t\t\t\t\t\t\t\t\t\t<\/div>\n\n\t\t\t\t<div class=\"teft-card__primary\">\n\t\t\t\t\t<h2 class=\"teft-card__title\">Partiprogram Eidskog h\u00f8yre 2019-2023&nbsp;<span class=\"teft-card__primary-title-append\"><\/span><\/h2>\t\t\t\t<\/div>\n\t\t\t<\/div>\n\t\t<\/a>\n\t<\/div>\n\n\t<\/div><div class=\"is-card-hoyre\">\n\t<div class=\"teft-card hoyre-teft-card post-teft-card\">\n\t\t<a href=\"https:\/\/hoyre.no\/eidskog\/aktuelt\/max-ivan-ma-bli-i-ei\/\" class=\"teft-card__primary-action\">\n\n\t\t\t\t\t<div class=\"teft-card__media teft-card__media--16-9\">\n\t\t\t\t\t\t<img loading=\"lazy\" decoding=\"async\" width=\"768\" height=\"455\" src=\"https:\/\/hoyre.no\/content\/uploads\/sites\/84\/2020\/11\/maxivan-768x455.jpg\" class=\"attachment-medium_large size-medium_large\" alt=\"\" srcset=\"https:\/\/hoyre.no\/content\/uploads\/sites\/84\/2020\/11\/maxivan-768x455.jpg 768w, https:\/\/hoyre.no\/content\/uploads\/sites\/84\/2020\/11\/maxivan-300x178.jpg 300w, https:\/\/hoyre.no\/content\/uploads\/sites\/84\/2020\/11\/maxivan-1024x607.jpg 1024w, https:\/\/hoyre.no\/content\/uploads\/sites\/84\/2020\/11\/maxivan-1536x911.jpg 1536w, https:\/\/hoyre.no\/content\/uploads\/sites\/84\/2020\/11\/maxivan-2048x1214.jpg 2048w\" sizes=\"auto, (max-width: 768px) 100vw, 768px\" \/>\t\t<\/div>\n\t\t\n\t\t\t<div class=\"teft-card__content-wrapper\">\n\t\t\t\t<div class=\"teft-card__secondary\">\n\t\t\t\t\t\n\t\t\t\t\t\t\t\t<div class=\"teft-card__meta\">\n\t\t\t\t\t\t\t\t\t<span class=\"post-date\">2. aug 2017<\/span>\n\n\t\t\t\t\t\t\t\t\t\t\t\t\t\t\t\t\t<\/div>\n\t\t\t\t\t\t\t\t\t\t\t<\/div>\n\n\t\t\t\t<div class=\"teft-card__primary\">\n\t\t\t\t\t<h2 class=\"teft-card__title\">Max Ivan m\u00e5 bli i Eidskog!&nbsp;<span class=\"teft-card__primary-title-append\"><\/span><\/h2>\t\t\t\t<\/div>\n\t\t\t<\/div>\n\t\t<\/a>\n\t<\/div>\n\n\t<\/div><div class=\"is-card-hoyre\">\n\t<div class=\"teft-card hoyre-teft-card post-teft-card\">\n\t\t<a href=\"https:\/\/hoyre.no\/eidskog\/aktuelt\/permanent-hoyskoleti\/\" class=\"teft-card__primary-action\">\n\n\t\t\t\t\t<div class=\"teft-card__media teft-card__media--16-9\">\n\t\t\t\t\t\t<img loading=\"lazy\" decoding=\"async\" width=\"768\" height=\"517\" src=\"https:\/\/hoyre.no\/content\/uploads\/sites\/84\/2020\/11\/skjermbilde-2017-08_2-768x517.png\" class=\"attachment-medium_large size-medium_large\" alt=\"\" srcset=\"https:\/\/hoyre.no\/content\/uploads\/sites\/84\/2020\/11\/skjermbilde-2017-08_2-768x517.png 768w, https:\/\/hoyre.no\/content\/uploads\/sites\/84\/2020\/11\/skjermbilde-2017-08_2-300x202.png 300w, https:\/\/hoyre.no\/content\/uploads\/sites\/84\/2020\/11\/skjermbilde-2017-08_2-1024x689.png 1024w, https:\/\/hoyre.no\/content\/uploads\/sites\/84\/2020\/11\/skjermbilde-2017-08_2.png 1426w\" sizes=\"auto, (max-width: 768px) 100vw, 768px\" \/>\t\t<\/div>\n\t\t\n\t\t\t<div class=\"teft-card__content-wrapper\">\n\t\t\t\t<div class=\"teft-card__secondary\">\n\t\t\t\t\t\n\t\t\t\t\t\t\t\t<div class=\"teft-card__meta\">\n\t\t\t\t\t\t\t\t\t<span class=\"post-date\">31. jul 2017<\/span>\n\n\t\t\t\t\t\t\t\t\t\t\t\t\t\t\t\t\t<\/div>\n\t\t\t\t\t\t\t\t\t\t\t<\/div>\n\n\t\t\t\t<div class=\"teft-card__primary\">\n\t\t\t\t\t<h2 class=\"teft-card__title\">Permanent h\u00f8yskoletilbud i Kongsvinger!&nbsp;<span class=\"teft-card__primary-title-append\"><\/span><\/h2>\t\t\t\t<\/div>\n\t\t\t<\/div>\n\t\t<\/a>\n\t<\/div>\n\n\t<\/div><\/div>\t<\/div>\n<\/div>\n","protected":false},"excerpt":{"rendered":"","protected":false},"author":0,"featured_media":0,"comment_status":"closed","ping_status":"closed","sticky":false,"template":"","format":"standard","meta":{"teft_cards_image_url":"https:\/\/hoyre.no\/content\/uploads\/sites\/84\/2020\/11\/eidskogfylkestilhori_1.png","teft_cards_custom_pretitle":"","teft_cards_image_id":30,"teft_cards_image_focal_point_x":0,"teft_cards_image_focal_point_y":0,"teft_cards_title":"","teft_cards_excerpt":"","teft_show_chapters":false,"author_display_name":"Per Olav Stenslet","footnotes":""},"category":[1],"post_tag":[],"hoyre-visibility":[],"article-type":[],"politician":[],"class_list":["post-31","post","type-post","status-publish","format-standard","hentry","category-ukategorisert"],"yoast_head":"<!-- This site is optimized with the Yoast SEO plugin v26.6 - https:\/\/yoast.com\/wordpress\/plugins\/seo\/ -->\n<title>H\u00f8ringssvar om regionreformen - Eidskog H\u00f8yre<\/title>\n<meta name=\"robots\" content=\"index, follow, max-snippet:-1, max-image-preview:large, max-video-preview:-1\" \/>\n<link rel=\"canonical\" href=\"https:\/\/hoyre.no\/eidskog\/aktuelt\/horingssvar-om-regio\/\" \/>\n<meta property=\"og:locale\" content=\"nb_NO\" \/>\n<meta property=\"og:type\" content=\"article\" \/>\n<meta property=\"og:title\" content=\"H\u00f8ringssvar om regionreformen - Eidskog H\u00f8yre\" \/>\n<meta property=\"og:url\" content=\"https:\/\/hoyre.no\/eidskog\/aktuelt\/horingssvar-om-regio\/\" \/>\n<meta property=\"og:site_name\" content=\"Eidskog H\u00f8yre\" \/>\n<meta property=\"article:published_time\" content=\"2016-11-19T22:00:00+00:00\" \/>\n<meta property=\"og:image\" content=\"https:\/\/hoyre.no\/content\/uploads\/sites\/84\/2020\/11\/skjermbilde-2017-08_2-1024x689.png\" \/>\n<meta name=\"twitter:card\" content=\"summary_large_image\" \/>\n<meta name=\"twitter:label1\" content=\"Ansl. lesetid\" \/>\n\t<meta name=\"twitter:data1\" content=\"3 minutter\" \/>\n<script type=\"application\/ld+json\" class=\"yoast-schema-graph\">{\"@context\":\"https:\/\/schema.org\",\"@graph\":[{\"@type\":\"NewsArticle\",\"@id\":\"https:\/\/hoyre.no\/eidskog\/aktuelt\/horingssvar-om-regio\/\",\"url\":\"https:\/\/hoyre.no\/eidskog\/aktuelt\/horingssvar-om-regio\/\",\"name\":\"H\u00f8ringssvar om regionreformen - Eidskog H\u00f8yre\",\"isPartOf\":{\"@id\":\"https:\/\/hoyre.no\/eidskog\/#website\"},\"datePublished\":\"2016-11-19T22:00:00+00:00\",\"author\":{\"@id\":\"\"},\"breadcrumb\":{\"@id\":\"https:\/\/hoyre.no\/eidskog\/aktuelt\/horingssvar-om-regio\/#breadcrumb\"},\"inLanguage\":\"nb-NO\",\"potentialAction\":[{\"@type\":\"ReadAction\",\"target\":[\"https:\/\/hoyre.no\/eidskog\/aktuelt\/horingssvar-om-regio\/\"]}]},{\"@type\":\"BreadcrumbList\",\"@id\":\"https:\/\/hoyre.no\/eidskog\/aktuelt\/horingssvar-om-regio\/#breadcrumb\",\"itemListElement\":[{\"@type\":\"ListItem\",\"position\":1,\"name\":\"Til hoyre.no\",\"item\":\"https:\/\/hoyre.no\"},{\"@type\":\"ListItem\",\"position\":2,\"name\":\"Hjem\",\"item\":\"https:\/\/hoyre.no\/eidskog\/\"},{\"@type\":\"ListItem\",\"position\":3,\"name\":\"H\u00f8ringssvar om regionreformen\"}]},{\"@type\":\"WebSite\",\"@id\":\"https:\/\/hoyre.no\/eidskog\/#website\",\"url\":\"https:\/\/hoyre.no\/eidskog\/\",\"name\":\"Eidskog H\u00f8yre\",\"description\":\"Bare enda et H\u00f8yres nettsteder-nettsted\",\"inLanguage\":\"nb-NO\"}]}<\/script>\n<!-- \/ Yoast SEO plugin. -->","yoast_head_json":{"title":"H\u00f8ringssvar om regionreformen - Eidskog H\u00f8yre","robots":{"index":"index","follow":"follow","max-snippet":"max-snippet:-1","max-image-preview":"max-image-preview:large","max-video-preview":"max-video-preview:-1"},"canonical":"https:\/\/hoyre.no\/eidskog\/aktuelt\/horingssvar-om-regio\/","og_locale":"nb_NO","og_type":"article","og_title":"H\u00f8ringssvar om regionreformen - Eidskog H\u00f8yre","og_url":"https:\/\/hoyre.no\/eidskog\/aktuelt\/horingssvar-om-regio\/","og_site_name":"Eidskog H\u00f8yre","article_published_time":"2016-11-19T22:00:00+00:00","og_image":[{"url":"https:\/\/hoyre.no\/content\/uploads\/sites\/84\/2020\/11\/skjermbilde-2017-08_2-1024x689.png","width":"","height":"","type":""}],"twitter_card":"summary_large_image","twitter_misc":{"Ansl. lesetid":"3 minutter"},"schema":{"@context":"https:\/\/schema.org","@graph":[{"@type":"NewsArticle","@id":"https:\/\/hoyre.no\/eidskog\/aktuelt\/horingssvar-om-regio\/","url":"https:\/\/hoyre.no\/eidskog\/aktuelt\/horingssvar-om-regio\/","name":"H\u00f8ringssvar om regionreformen - Eidskog H\u00f8yre","isPartOf":{"@id":"https:\/\/hoyre.no\/eidskog\/#website"},"datePublished":"2016-11-19T22:00:00+00:00","author":{"@id":""},"breadcrumb":{"@id":"https:\/\/hoyre.no\/eidskog\/aktuelt\/horingssvar-om-regio\/#breadcrumb"},"inLanguage":"nb-NO","potentialAction":[{"@type":"ReadAction","target":["https:\/\/hoyre.no\/eidskog\/aktuelt\/horingssvar-om-regio\/"]}]},{"@type":"BreadcrumbList","@id":"https:\/\/hoyre.no\/eidskog\/aktuelt\/horingssvar-om-regio\/#breadcrumb","itemListElement":[{"@type":"ListItem","position":1,"name":"Til hoyre.no","item":"https:\/\/hoyre.no"},{"@type":"ListItem","position":2,"name":"Hjem","item":"https:\/\/hoyre.no\/eidskog\/"},{"@type":"ListItem","position":3,"name":"H\u00f8ringssvar om regionreformen"}]},{"@type":"WebSite","@id":"https:\/\/hoyre.no\/eidskog\/#website","url":"https:\/\/hoyre.no\/eidskog\/","name":"Eidskog H\u00f8yre","description":"Bare enda et H\u00f8yres nettsteder-nettsted","inLanguage":"nb-NO"}]}},"distributor_meta":false,"distributor_terms":false,"distributor_media":false,"distributor_original_site_name":"Eidskog H\u00f8yre","distributor_original_site_url":"https:\/\/hoyre.no\/eidskog","push-errors":false,"_links":{"self":[{"href":"https:\/\/hoyre.no\/eidskog\/wp-json\/wp\/v2\/posts\/31","targetHints":{"allow":["GET"]}}],"collection":[{"href":"https:\/\/hoyre.no\/eidskog\/wp-json\/wp\/v2\/posts"}],"about":[{"href":"https:\/\/hoyre.no\/eidskog\/wp-json\/wp\/v2\/types\/post"}],"replies":[{"embeddable":true,"href":"https:\/\/hoyre.no\/eidskog\/wp-json\/wp\/v2\/comments?post=31"}],"version-history":[{"count":0,"href":"https:\/\/hoyre.no\/eidskog\/wp-json\/wp\/v2\/posts\/31\/revisions"}],"wp:attachment":[{"href":"https:\/\/hoyre.no\/eidskog\/wp-json\/wp\/v2\/media?parent=31"}],"wp:term":[{"taxonomy":"category","embeddable":true,"href":"https:\/\/hoyre.no\/eidskog\/wp-json\/wp\/v2\/category?post=31"},{"taxonomy":"post_tag","embeddable":true,"href":"https:\/\/hoyre.no\/eidskog\/wp-json\/wp\/v2\/post_tag?post=31"},{"taxonomy":"hoyre-visibility","embeddable":true,"href":"https:\/\/hoyre.no\/eidskog\/wp-json\/wp\/v2\/hoyre-visibility?post=31"},{"taxonomy":"article-type","embeddable":true,"href":"https:\/\/hoyre.no\/eidskog\/wp-json\/wp\/v2\/article-type?post=31"},{"taxonomy":"politician","embeddable":true,"href":"https:\/\/hoyre.no\/eidskog\/wp-json\/wp\/v2\/politician?post=31"}],"curies":[{"name":"wp","href":"https:\/\/api.w.org\/{rel}","templated":true}]}}