{"id":42,"date":"2016-09-01T22:00:00","date_gmt":"2016-09-01T20:00:00","guid":{"rendered":"https:\/\/hoyre.no\/eidskog\/aktuelt\/provenominasjonsmote\/"},"modified":"2016-09-01T22:00:00","modified_gmt":"2016-09-01T20:00:00","slug":"provenominasjonsmote","status":"publish","type":"post","link":"https:\/\/hoyre.no\/eidskog\/aktuelt\/provenominasjonsmote\/","title":{"rendered":"Pr\u00f8venominasjonsm\u00f8tet i Eidskog H\u00f8yre"},"content":{"rendered":"<p class=\"preamble\">Flertallet av de 13 fremm\u00f8tte ved Eidskog H\u00f8yres pr\u00f8venominasjonsm\u00f8te \u00f8nsker Gunnar en fjerde periode p\u00e5 Stortinget.<\/p>\t\t\t<div class=\"post-meta wp-block teft-byline-wrapper\">\n\t\t\t\t<div class=\"top\">\n\t\t\t\t\t<div class=\"signature\">\n\t\t\t\t\t\t<div class=\"teft-byline\">\n\t\t\t\t\t\t\t\t\t\t\t\t\t\t<div>\n\t\t\t\t\t\t\t\t<h3>H\u00f8yres redaksjon<\/h3>\t\t\t\t\t\t\t\t\n\t\t\t\t\t\t\t\t\t\t\t\t\t\t\t\t\t<span class=\"date\">Sist oppdatert: 1. september 2016<\/span>\n\t\t\t\t\t\t\t\t\t\t\t\t\t\t\t\t\t\t\t\t\t\t\t\t\t<span class=\"reading-time\" itemprop=\"timeRequired\" content=\"PT1M\"><em>Ca. 1 minutter lesetid<\/em><\/span>\n\t\t\t\t\t\t\t\t\t\t\t\t\t\t\t<\/div>\n\t\t\t\t\t\t<\/div>\n\t\t\t\t\t<\/div>\n\t\t\t\t\t\t<div class=\"sharing\">\n\t\t<a class=\"share-button share-link copy-link\" data-copy=\"https:\/\/hoyre.no\/eidskog\/aktuelt\/provenominasjonsmote\/\" target=\"_blank\"><span class=\"screen-reader-text\">Del link<\/span><\/a>\n\t\t<a class=\"share-button share-twitter\" href=\"http:\/\/twitter.com\/share?text=Pr\u00f8venominasjonsm\u00f8tet i Eidskog H\u00f8yre&#038;url=https:\/\/hoyre.no\/eidskog\/aktuelt\/provenominasjonsmote\/&#038;hashtags=Hoyre\" target=\"_blank\"><span class=\"screen-reader-text\">Del p\u00e5 twitter<\/span><\/a>\n\t\t<a class=\"share-button share-facebook\" href=\"https:\/\/www.facebook.com\/sharer\/sharer.php?u=https:\/\/hoyre.no\/eidskog\/aktuelt\/provenominasjonsmote\/\" target=\"_blank\"><span class=\"screen-reader-text\">Del p\u00e5 facebook<\/span><\/a>\n\t<\/div>\n\t\t\t\t\t<\/div>\n\t\t\t<\/div>\n\n\t\t\t<figure class=\"hoyre-image-wrapper\"><div class=\"hoyre-image\"><img loading=\"lazy\" decoding=\"async\" width=\"2048\" height=\"1536\" src=\"https:\/\/hoyre.no\/content\/uploads\/sites\/84\/2020\/11\/image.jpg\" class=\"attachment-scaled size-scaled\" alt=\"\" style=\"object-position: 50% 50%\" srcset=\"https:\/\/hoyre.no\/content\/uploads\/sites\/84\/2020\/11\/image.jpg 2048w, https:\/\/hoyre.no\/content\/uploads\/sites\/84\/2020\/11\/image-300x225.jpg 300w, https:\/\/hoyre.no\/content\/uploads\/sites\/84\/2020\/11\/image-1024x768.jpg 1024w, https:\/\/hoyre.no\/content\/uploads\/sites\/84\/2020\/11\/image-768x576.jpg 768w, https:\/\/hoyre.no\/content\/uploads\/sites\/84\/2020\/11\/image-1536x1152.jpg 1536w\" sizes=\"auto, (max-width: 2048px) 100vw, 2048px\" \/><\/div><\/figure><div id=\"hoyre-old-article-content-wrapper\"><p>V\u00e5rt pr\u00f8venominasjonsm\u00f8te ble arrangert i kommunestyresalen torsdag. 13 stemmeberettigede m\u00f8tte opp for \u00e5 utarbeide Eidskog H\u00f8yres innspill til valgkomiteen om hvem som b\u00f8r v\u00e6re Hedmark H\u00f8yres kandidater ved neste \u00e5rs stortingsvalg.<\/p><p>Som kjent gjennom media er det i \u00e5r flere utfordrere til Gunnar Gundersen om topplasseringen. Rangdi Wetterhus Krogstad, som er Gunnars f\u00f8rste vara til Stortinget har i tillegg meddelt at hun ikke vil s\u00f8ke gjenvalg.<\/p><p>De fremm\u00f8tte fikk f\u00f8rst en presentasjon av de kandidatene vi visste har ambisjoner om \u00e5 bli toppkandidat samt de lokale kandidatene. Diskusjonen som fulgte viste at majoriteten av forsamlingen st\u00f8ttet en fjerde periode for Gunnar, men Kristian Tonning Riise ble ogs\u00e5 foresl\u00e5tt som kandidat til f\u00f8rsteplassen.<\/p><p>I den skriftlige avstemmingen om f\u00f8rsteplassen fikk Gunnar 11 stemmer og blir dermed Eidskog H\u00f8yres forslag til toppkandidat.<\/p><p>Etter at toppkandidaten var valgt diskuterte vi, og ble enige, om hver enkelt plass. Resten av listen var f\u00f8lgelig enstemmig.  Det er allerede kjent fra Gl\u00e5mdalen at vi foresl\u00e5r Eli Wathne p\u00e5 2. plass og Kristian Tonning Riise p\u00e5 3. plass. Resten av listen vil vi gjengi i en senere artikkel n\u00e5r referatet er sendt ut til medlemmene.<\/p><p><br \/><\/p><\/div>\n<div class=\"tags\">\n\t<\/div>\n<div class=\"post-footer alignfull has-background block-editor-block-list__block\" data-align=full>\n\t<div class=\"post-footer-inner\">\n\t\t<h3>Relaterte artikler<\/h3>\n\t\t<div class=\"related-content\"><div class=\"is-card-hoyre\">\n\t<div class=\"teft-card hoyre-teft-card post-teft-card\">\n\t\t<a href=\"https:\/\/hoyre.no\/eidskog\/aktuelt\/partiprogram_eidskog_hoyre_2019\/\" class=\"teft-card__primary-action\">\n\n\t\t\t\t\t<div class=\"teft-card__media teft-card__media--16-9\">\n\t\t\t\t\t\t<img loading=\"lazy\" decoding=\"async\" width=\"768\" height=\"289\" src=\"https:\/\/hoyre.no\/content\/uploads\/sites\/84\/2020\/11\/forside_partiprogram-768x289.jpg\" class=\"attachment-medium_large size-medium_large\" alt=\"\" srcset=\"https:\/\/hoyre.no\/content\/uploads\/sites\/84\/2020\/11\/forside_partiprogram-768x289.jpg 768w, https:\/\/hoyre.no\/content\/uploads\/sites\/84\/2020\/11\/forside_partiprogram-300x113.jpg 300w, https:\/\/hoyre.no\/content\/uploads\/sites\/84\/2020\/11\/forside_partiprogram-1024x386.jpg 1024w, https:\/\/hoyre.no\/content\/uploads\/sites\/84\/2020\/11\/forside_partiprogram.jpg 1280w\" sizes=\"auto, (max-width: 768px) 100vw, 768px\" \/>\t\t<\/div>\n\t\t\n\t\t\t<div class=\"teft-card__content-wrapper\">\n\t\t\t\t<div class=\"teft-card__secondary\">\n\t\t\t\t\t\n\t\t\t\t\t\t\t\t<div class=\"teft-card__meta\">\n\t\t\t\t\t\t\t\t\t<span class=\"post-date\">15. aug 2019<\/span>\n\n\t\t\t\t\t\t\t\t\t\t\t\t\t\t\t\t\t<\/div>\n\t\t\t\t\t\t\t\t\t\t\t<\/div>\n\n\t\t\t\t<div class=\"teft-card__primary\">\n\t\t\t\t\t<h2 class=\"teft-card__title\">Partiprogram Eidskog h\u00f8yre 2019-2023&nbsp;<span class=\"teft-card__primary-title-append\"><\/span><\/h2>\t\t\t\t<\/div>\n\t\t\t<\/div>\n\t\t<\/a>\n\t<\/div>\n\n\t<\/div><div class=\"is-card-hoyre\">\n\t<div class=\"teft-card hoyre-teft-card post-teft-card\">\n\t\t<a href=\"https:\/\/hoyre.no\/eidskog\/aktuelt\/max-ivan-ma-bli-i-ei\/\" class=\"teft-card__primary-action\">\n\n\t\t\t\t\t<div class=\"teft-card__media teft-card__media--16-9\">\n\t\t\t\t\t\t<img loading=\"lazy\" decoding=\"async\" width=\"768\" height=\"455\" src=\"https:\/\/hoyre.no\/content\/uploads\/sites\/84\/2020\/11\/maxivan-768x455.jpg\" class=\"attachment-medium_large size-medium_large\" alt=\"\" srcset=\"https:\/\/hoyre.no\/content\/uploads\/sites\/84\/2020\/11\/maxivan-768x455.jpg 768w, https:\/\/hoyre.no\/content\/uploads\/sites\/84\/2020\/11\/maxivan-300x178.jpg 300w, https:\/\/hoyre.no\/content\/uploads\/sites\/84\/2020\/11\/maxivan-1024x607.jpg 1024w, https:\/\/hoyre.no\/content\/uploads\/sites\/84\/2020\/11\/maxivan-1536x911.jpg 1536w, https:\/\/hoyre.no\/content\/uploads\/sites\/84\/2020\/11\/maxivan-2048x1214.jpg 2048w\" sizes=\"auto, (max-width: 768px) 100vw, 768px\" \/>\t\t<\/div>\n\t\t\n\t\t\t<div class=\"teft-card__content-wrapper\">\n\t\t\t\t<div class=\"teft-card__secondary\">\n\t\t\t\t\t\n\t\t\t\t\t\t\t\t<div class=\"teft-card__meta\">\n\t\t\t\t\t\t\t\t\t<span class=\"post-date\">2. aug 2017<\/span>\n\n\t\t\t\t\t\t\t\t\t\t\t\t\t\t\t\t\t<\/div>\n\t\t\t\t\t\t\t\t\t\t\t<\/div>\n\n\t\t\t\t<div class=\"teft-card__primary\">\n\t\t\t\t\t<h2 class=\"teft-card__title\">Max Ivan m\u00e5 bli i Eidskog!&nbsp;<span class=\"teft-card__primary-title-append\"><\/span><\/h2>\t\t\t\t<\/div>\n\t\t\t<\/div>\n\t\t<\/a>\n\t<\/div>\n\n\t<\/div><div class=\"is-card-hoyre\">\n\t<div class=\"teft-card hoyre-teft-card post-teft-card\">\n\t\t<a href=\"https:\/\/hoyre.no\/eidskog\/aktuelt\/permanent-hoyskoleti\/\" class=\"teft-card__primary-action\">\n\n\t\t\t\t\t<div class=\"teft-card__media teft-card__media--16-9\">\n\t\t\t\t\t\t<img loading=\"lazy\" decoding=\"async\" width=\"768\" height=\"517\" src=\"https:\/\/hoyre.no\/content\/uploads\/sites\/84\/2020\/11\/skjermbilde-2017-08_2-768x517.png\" class=\"attachment-medium_large size-medium_large\" alt=\"\" srcset=\"https:\/\/hoyre.no\/content\/uploads\/sites\/84\/2020\/11\/skjermbilde-2017-08_2-768x517.png 768w, https:\/\/hoyre.no\/content\/uploads\/sites\/84\/2020\/11\/skjermbilde-2017-08_2-300x202.png 300w, https:\/\/hoyre.no\/content\/uploads\/sites\/84\/2020\/11\/skjermbilde-2017-08_2-1024x689.png 1024w, https:\/\/hoyre.no\/content\/uploads\/sites\/84\/2020\/11\/skjermbilde-2017-08_2.png 1426w\" sizes=\"auto, (max-width: 768px) 100vw, 768px\" \/>\t\t<\/div>\n\t\t\n\t\t\t<div class=\"teft-card__content-wrapper\">\n\t\t\t\t<div class=\"teft-card__secondary\">\n\t\t\t\t\t\n\t\t\t\t\t\t\t\t<div class=\"teft-card__meta\">\n\t\t\t\t\t\t\t\t\t<span class=\"post-date\">31. jul 2017<\/span>\n\n\t\t\t\t\t\t\t\t\t\t\t\t\t\t\t\t\t<\/div>\n\t\t\t\t\t\t\t\t\t\t\t<\/div>\n\n\t\t\t\t<div class=\"teft-card__primary\">\n\t\t\t\t\t<h2 class=\"teft-card__title\">Permanent h\u00f8yskoletilbud i Kongsvinger!&nbsp;<span class=\"teft-card__primary-title-append\"><\/span><\/h2>\t\t\t\t<\/div>\n\t\t\t<\/div>\n\t\t<\/a>\n\t<\/div>\n\n\t<\/div><\/div>\t<\/div>\n<\/div>\n","protected":false},"excerpt":{"rendered":"","protected":false},"author":0,"featured_media":0,"comment_status":"closed","ping_status":"closed","sticky":false,"template":"","format":"standard","meta":{"teft_cards_image_url":"https:\/\/hoyre.no\/content\/uploads\/sites\/84\/2020\/11\/image.jpg","teft_cards_custom_pretitle":"","teft_cards_image_id":41,"teft_cards_image_focal_point_x":0,"teft_cards_image_focal_point_y":0,"teft_cards_title":"","teft_cards_excerpt":"","teft_show_chapters":false,"author_display_name":"Sverre Holm","footnotes":""},"category":[1],"post_tag":[],"hoyre-visibility":[],"article-type":[],"politician":[],"class_list":["post-42","post","type-post","status-publish","format-standard","hentry","category-ukategorisert"],"yoast_head":"<!-- This site is optimized with the Yoast SEO plugin v26.6 - https:\/\/yoast.com\/wordpress\/plugins\/seo\/ -->\n<title>Pr\u00f8venominasjonsm\u00f8tet i Eidskog H\u00f8yre - Eidskog H\u00f8yre<\/title>\n<meta name=\"robots\" content=\"index, follow, max-snippet:-1, max-image-preview:large, max-video-preview:-1\" \/>\n<link rel=\"canonical\" href=\"https:\/\/hoyre.no\/eidskog\/aktuelt\/provenominasjonsmote\/\" \/>\n<meta property=\"og:locale\" content=\"nb_NO\" \/>\n<meta property=\"og:type\" content=\"article\" \/>\n<meta property=\"og:title\" content=\"Pr\u00f8venominasjonsm\u00f8tet i Eidskog H\u00f8yre - Eidskog H\u00f8yre\" \/>\n<meta property=\"og:url\" content=\"https:\/\/hoyre.no\/eidskog\/aktuelt\/provenominasjonsmote\/\" \/>\n<meta property=\"og:site_name\" content=\"Eidskog H\u00f8yre\" \/>\n<meta property=\"article:published_time\" content=\"2016-09-01T20:00:00+00:00\" \/>\n<meta property=\"og:image\" content=\"https:\/\/hoyre.no\/content\/uploads\/sites\/84\/2020\/11\/skjermbilde-2017-08_2-1024x689.png\" \/>\n<meta name=\"twitter:card\" content=\"summary_large_image\" \/>\n<meta name=\"twitter:label1\" content=\"Ansl. lesetid\" \/>\n\t<meta name=\"twitter:data1\" content=\"1 minutt\" \/>\n<script type=\"application\/ld+json\" class=\"yoast-schema-graph\">{\"@context\":\"https:\/\/schema.org\",\"@graph\":[{\"@type\":\"NewsArticle\",\"@id\":\"https:\/\/hoyre.no\/eidskog\/aktuelt\/provenominasjonsmote\/\",\"url\":\"https:\/\/hoyre.no\/eidskog\/aktuelt\/provenominasjonsmote\/\",\"name\":\"Pr\u00f8venominasjonsm\u00f8tet i Eidskog H\u00f8yre - Eidskog H\u00f8yre\",\"isPartOf\":{\"@id\":\"https:\/\/hoyre.no\/eidskog\/#website\"},\"datePublished\":\"2016-09-01T20:00:00+00:00\",\"author\":{\"@id\":\"\"},\"breadcrumb\":{\"@id\":\"https:\/\/hoyre.no\/eidskog\/aktuelt\/provenominasjonsmote\/#breadcrumb\"},\"inLanguage\":\"nb-NO\",\"potentialAction\":[{\"@type\":\"ReadAction\",\"target\":[\"https:\/\/hoyre.no\/eidskog\/aktuelt\/provenominasjonsmote\/\"]}]},{\"@type\":\"BreadcrumbList\",\"@id\":\"https:\/\/hoyre.no\/eidskog\/aktuelt\/provenominasjonsmote\/#breadcrumb\",\"itemListElement\":[{\"@type\":\"ListItem\",\"position\":1,\"name\":\"Til hoyre.no\",\"item\":\"https:\/\/hoyre.no\"},{\"@type\":\"ListItem\",\"position\":2,\"name\":\"Hjem\",\"item\":\"https:\/\/hoyre.no\/eidskog\/\"},{\"@type\":\"ListItem\",\"position\":3,\"name\":\"Pr\u00f8venominasjonsm\u00f8tet i Eidskog H\u00f8yre\"}]},{\"@type\":\"WebSite\",\"@id\":\"https:\/\/hoyre.no\/eidskog\/#website\",\"url\":\"https:\/\/hoyre.no\/eidskog\/\",\"name\":\"Eidskog H\u00f8yre\",\"description\":\"Bare enda et H\u00f8yres nettsteder-nettsted\",\"inLanguage\":\"nb-NO\"}]}<\/script>\n<!-- \/ Yoast SEO plugin. -->","yoast_head_json":{"title":"Pr\u00f8venominasjonsm\u00f8tet i Eidskog H\u00f8yre - Eidskog H\u00f8yre","robots":{"index":"index","follow":"follow","max-snippet":"max-snippet:-1","max-image-preview":"max-image-preview:large","max-video-preview":"max-video-preview:-1"},"canonical":"https:\/\/hoyre.no\/eidskog\/aktuelt\/provenominasjonsmote\/","og_locale":"nb_NO","og_type":"article","og_title":"Pr\u00f8venominasjonsm\u00f8tet i Eidskog H\u00f8yre - Eidskog H\u00f8yre","og_url":"https:\/\/hoyre.no\/eidskog\/aktuelt\/provenominasjonsmote\/","og_site_name":"Eidskog H\u00f8yre","article_published_time":"2016-09-01T20:00:00+00:00","og_image":[{"url":"https:\/\/hoyre.no\/content\/uploads\/sites\/84\/2020\/11\/skjermbilde-2017-08_2-1024x689.png","width":"","height":"","type":""}],"twitter_card":"summary_large_image","twitter_misc":{"Ansl. lesetid":"1 minutt"},"schema":{"@context":"https:\/\/schema.org","@graph":[{"@type":"NewsArticle","@id":"https:\/\/hoyre.no\/eidskog\/aktuelt\/provenominasjonsmote\/","url":"https:\/\/hoyre.no\/eidskog\/aktuelt\/provenominasjonsmote\/","name":"Pr\u00f8venominasjonsm\u00f8tet i Eidskog H\u00f8yre - Eidskog H\u00f8yre","isPartOf":{"@id":"https:\/\/hoyre.no\/eidskog\/#website"},"datePublished":"2016-09-01T20:00:00+00:00","author":{"@id":""},"breadcrumb":{"@id":"https:\/\/hoyre.no\/eidskog\/aktuelt\/provenominasjonsmote\/#breadcrumb"},"inLanguage":"nb-NO","potentialAction":[{"@type":"ReadAction","target":["https:\/\/hoyre.no\/eidskog\/aktuelt\/provenominasjonsmote\/"]}]},{"@type":"BreadcrumbList","@id":"https:\/\/hoyre.no\/eidskog\/aktuelt\/provenominasjonsmote\/#breadcrumb","itemListElement":[{"@type":"ListItem","position":1,"name":"Til hoyre.no","item":"https:\/\/hoyre.no"},{"@type":"ListItem","position":2,"name":"Hjem","item":"https:\/\/hoyre.no\/eidskog\/"},{"@type":"ListItem","position":3,"name":"Pr\u00f8venominasjonsm\u00f8tet i Eidskog H\u00f8yre"}]},{"@type":"WebSite","@id":"https:\/\/hoyre.no\/eidskog\/#website","url":"https:\/\/hoyre.no\/eidskog\/","name":"Eidskog H\u00f8yre","description":"Bare enda et H\u00f8yres nettsteder-nettsted","inLanguage":"nb-NO"}]}},"distributor_meta":false,"distributor_terms":false,"distributor_media":false,"distributor_original_site_name":"Eidskog H\u00f8yre","distributor_original_site_url":"https:\/\/hoyre.no\/eidskog","push-errors":false,"_links":{"self":[{"href":"https:\/\/hoyre.no\/eidskog\/wp-json\/wp\/v2\/posts\/42","targetHints":{"allow":["GET"]}}],"collection":[{"href":"https:\/\/hoyre.no\/eidskog\/wp-json\/wp\/v2\/posts"}],"about":[{"href":"https:\/\/hoyre.no\/eidskog\/wp-json\/wp\/v2\/types\/post"}],"replies":[{"embeddable":true,"href":"https:\/\/hoyre.no\/eidskog\/wp-json\/wp\/v2\/comments?post=42"}],"version-history":[{"count":0,"href":"https:\/\/hoyre.no\/eidskog\/wp-json\/wp\/v2\/posts\/42\/revisions"}],"wp:attachment":[{"href":"https:\/\/hoyre.no\/eidskog\/wp-json\/wp\/v2\/media?parent=42"}],"wp:term":[{"taxonomy":"category","embeddable":true,"href":"https:\/\/hoyre.no\/eidskog\/wp-json\/wp\/v2\/category?post=42"},{"taxonomy":"post_tag","embeddable":true,"href":"https:\/\/hoyre.no\/eidskog\/wp-json\/wp\/v2\/post_tag?post=42"},{"taxonomy":"hoyre-visibility","embeddable":true,"href":"https:\/\/hoyre.no\/eidskog\/wp-json\/wp\/v2\/hoyre-visibility?post=42"},{"taxonomy":"article-type","embeddable":true,"href":"https:\/\/hoyre.no\/eidskog\/wp-json\/wp\/v2\/article-type?post=42"},{"taxonomy":"politician","embeddable":true,"href":"https:\/\/hoyre.no\/eidskog\/wp-json\/wp\/v2\/politician?post=42"}],"curies":[{"name":"wp","href":"https:\/\/api.w.org\/{rel}","templated":true}]}}