{"id":44,"date":"2016-12-08T23:00:00","date_gmt":"2016-12-08T22:00:00","guid":{"rendered":"https:\/\/hoyre.no\/eidskog\/aktuelt\/referat-fra-arsmotet\/"},"modified":"2016-12-08T23:00:00","modified_gmt":"2016-12-08T22:00:00","slug":"referat-fra-arsmotet","status":"publish","type":"post","link":"https:\/\/hoyre.no\/eidskog\/aktuelt\/referat-fra-arsmotet\/","title":{"rendered":"Referat fra \u00e5rsm\u00f8tet 2016"},"content":{"rendered":"<p class=\"preamble\">Eidskog H\u00f8yres \u00e5rsm\u00f8te ble holdt p\u00e5 Bruksg\u00e5rden, Magnor den 24\/11-2016.<\/p>\t\t\t<div class=\"post-meta wp-block teft-byline-wrapper\">\n\t\t\t\t<div class=\"top\">\n\t\t\t\t\t<div class=\"signature\">\n\t\t\t\t\t\t<div class=\"teft-byline\">\n\t\t\t\t\t\t\t\t\t\t\t\t\t\t<div>\n\t\t\t\t\t\t\t\t<h3>H\u00f8yres redaksjon<\/h3>\t\t\t\t\t\t\t\t\n\t\t\t\t\t\t\t\t\t\t\t\t\t\t\t\t\t<span class=\"date\">Sist oppdatert: 8. desember 2016<\/span>\n\t\t\t\t\t\t\t\t\t\t\t\t\t\t\t\t\t\t\t\t\t\t\t\t\t<span class=\"reading-time\" itemprop=\"timeRequired\" content=\"PT4M\"><em>Ca. 4 minutter lesetid<\/em><\/span>\n\t\t\t\t\t\t\t\t\t\t\t\t\t\t\t<\/div>\n\t\t\t\t\t\t<\/div>\n\t\t\t\t\t<\/div>\n\t\t\t\t\t\t<div class=\"sharing\">\n\t\t<a class=\"share-button share-link copy-link\" data-copy=\"https:\/\/hoyre.no\/eidskog\/aktuelt\/referat-fra-arsmotet\/\" target=\"_blank\"><span class=\"screen-reader-text\">Del link<\/span><\/a>\n\t\t<a class=\"share-button share-twitter\" href=\"http:\/\/twitter.com\/share?text=Referat fra \u00e5rsm\u00f8tet 2016&#038;url=https:\/\/hoyre.no\/eidskog\/aktuelt\/referat-fra-arsmotet\/&#038;hashtags=Hoyre\" target=\"_blank\"><span class=\"screen-reader-text\">Del p\u00e5 twitter<\/span><\/a>\n\t\t<a class=\"share-button share-facebook\" href=\"https:\/\/www.facebook.com\/sharer\/sharer.php?u=https:\/\/hoyre.no\/eidskog\/aktuelt\/referat-fra-arsmotet\/\" target=\"_blank\"><span class=\"screen-reader-text\">Del p\u00e5 facebook<\/span><\/a>\n\t<\/div>\n\t\t\t\t\t<\/div>\n\t\t\t<\/div>\n\n\t\t\t<figure class=\"hoyre-image-wrapper\"><div class=\"hoyre-image\"><img loading=\"lazy\" decoding=\"async\" width=\"2054\" height=\"742\" src=\"https:\/\/hoyre.no\/content\/uploads\/sites\/84\/2020\/11\/skjermbilde-2016-12_2.png\" class=\"attachment-scaled size-scaled\" alt=\"\" style=\"object-position: 50% 50%\" srcset=\"https:\/\/hoyre.no\/content\/uploads\/sites\/84\/2020\/11\/skjermbilde-2016-12_2.png 2054w, https:\/\/hoyre.no\/content\/uploads\/sites\/84\/2020\/11\/skjermbilde-2016-12_2-300x108.png 300w, https:\/\/hoyre.no\/content\/uploads\/sites\/84\/2020\/11\/skjermbilde-2016-12_2-1024x370.png 1024w, https:\/\/hoyre.no\/content\/uploads\/sites\/84\/2020\/11\/skjermbilde-2016-12_2-768x277.png 768w, https:\/\/hoyre.no\/content\/uploads\/sites\/84\/2020\/11\/skjermbilde-2016-12_2-1536x555.png 1536w, https:\/\/hoyre.no\/content\/uploads\/sites\/84\/2020\/11\/skjermbilde-2016-12_2-2048x740.png 2048w\" sizes=\"auto, (max-width: 2054px) 100vw, 2054px\" \/><\/div><\/figure><div id=\"hoyre-old-article-content-wrapper\"><div><p>Referat fra \u00e5rsm\u00f8te i Eidskog H\u00f8yre <\/p><\/div><p><\/p><p>24\/11-2016 kl 1900 \u2013Bruksg\u00e5rden Magnor<\/p><h1>1.   Innkalling<\/h1><p>Innkallingen (vedlagt) ble godkjent.<\/p><p>9 stemmeberettigede medlemmer var tilstede p\u00e5 m\u00f8tet. <\/p><h1>2.   Saksliste<\/h1><p>Sakslisten ble godkjent <\/p><p>Sidsel Mobrenna ble valgt til m\u00f8teleder.<\/p><p>Tormod Nymoen ble valgt til referent.<\/p><h1>3.   Styrets og kommunestyrets beretning. <\/h1><p>\u00c5rsberetningen (vedlagt) ble delt ut i m\u00f8tet og lest opp av m\u00f8teleder, Guttorm Kristiansen og Per Stenslet <\/p><p>Ingen kommentarer til rapporten.<\/p><p>\u00c5rsrapporten ble enstemmig godkjent. Beretningen sendes ut til medlemmene p\u00e5 e-post.<\/p><h1>4.   Godkjenning av regnskap. <\/h1><p>2015 og 2016 (10 mnd) regnskapene ble tatt til orientering (Vedlagt). <\/p><h1>5.   Kontingent.<\/h1><p>Kontingenten fastsettes til 440 kroner pr \u00e5r. Dette er minimumssatsen<\/p><h1>6.   Valg. <\/h1><p>Valgkomiteens innstilling ble lagt fram. <\/p><p>F\u00f8lgende ble enstemmig valgt:<\/p><p><b>Leder<\/b>:                       Sidsel Mobrenna      (1 \u00e5r) (ikke p\u00e5 valg)<\/p><p><b>Nestleder<\/b>:                 Tormod Nymoen      (1 \u00e5r) (ikke p\u00e5 valg)<\/p><p><b>Styremedlem<\/b>:            Hans Einar Holth      (1 \u00e5r) (ikke p\u00e5 valg)<\/p><p><b>Styremedlem<\/b>:            Mona Lisa Flaen       (1 \u00e5r) (ikke p\u00e5 valg)<\/p><p><b>Styremedlem<\/b>:            Sverre Holm    (1 \u00e5r) (WEB-ansvarlig) (ikke p\u00e5 valg)<\/p><p><b>Styremedlem<\/b>:            Per Olav Stenslet(1 \u00e5r)      (Kasserer\/gruppeleder) (ikke p\u00e5 valg)<\/p><p><b>Varamedlem<\/b>:             Anne \u00d8iseth    (2 \u00e5r)<\/p><p><\/p><p>Guttorm Kristiansen  tiltrer styret i egenskap av medlem av formannskapet <\/p><p>Per J\u00f8rgen Lerud tiltrer styret i egenskap av nestleder i Kongsvingerregionens Seniorh\u00f8yre <\/p><p><\/p><p><b>Revisor<\/b>:                                Jan Einar Mobrenna        (1 \u00e5r) (ikke p\u00e5 valg)<\/p><p>                                             Svein Olaf S\u00e6ter            (2 \u00e5r)     <\/p><p><b><br \/><\/b><\/p><p><b>Valgkomite<\/b>:<\/p><p>Anne \u00d8iseth (2 \u00e5r) gjenvalg <\/p><p>Guttorm Kristiansen (2 \u00e5r) <\/p><p>Jan E. Mobrenna (1 \u00e5r) (ikke p\u00e5 valg)<\/p><p><br \/><\/p><p><b>Valg av utsendinger til Hedmark H\u00f8yres \u00e5rsm\u00f8te:<\/b><\/p><p>Sidsel Mobrenna (Foreningsleder)<\/p><p>Per Stenslet (Gruppeleder)<\/p><p>Guttorm Kristiansen<\/p><p>Anne \u00d8iseth<\/p><p><i>Vara:<\/i><\/p><p>Lorentz S\u00e6thern<\/p><p>Mona Lisa Flaen<\/p><p>Sverre Holm<\/p><p>Svein Olaf S\u00e6ter<\/p><h1>7.   Vedtektsendringer.<\/h1><p>Nye \u00abFellesvedtekter &#8211; kommuneforeninger\u00bb vedtatt av sentralstyret l\u00e5 ved m\u00f8te- <br \/> innkallingen til \u00e5rsm\u00f8tet. Disse erstatter tidligere \u00abNormallover for kommuneforeninger\u00bb. De nye fellesvedtektene er p\u00e5 en del omr\u00e5der mer omfattende enn tidligere. Dette gjelder spesielt oppgaver tildelt styret (\u00a75) og \u00e5rsm\u00f8tet (\u00a76). <br \/> \u00c5rsm\u00f8tet i kommuneforeningene skal avholdes innen 1. desember som tidligere vedtatt, mens regnskapet for foreningen skal f\u00f8lge kalender\u00e5ret i hht partiloven. Dette betyr at de nye fellesvedtektene gir styret ansvaret for \u00e5 godkjenne regnskap og revisjonsrapport n\u00e5r \u00e5ret er omme, mens \u00e5rsm\u00f8tet f\u00e5r regnskap og revisjonsrapport til orientering ved neste \u00e5rsm\u00f8te. \u00c5rsm\u00f8tet, som foreningens h\u00f8yeste myndighet, mente dette var en uheldig l\u00f8sning. <\/p><p> \u00c5rsm\u00f8tet vedtok likevel de nye \u00abFellesvedtekter \u2013 kommuneforeninger\u00bb for Eidskog H\u00f8yre uten forslag til endringer. Styret fikk i oppdrag \u00e5 avklare p\u00e5 hvilket grunnlag H\u00f8yre \u00f8nsker \u00e5 avvike fra regnskapspraksis blant foreninger.<\/p><h1>8.   Innkomne saker. <\/h1><p>Ingen.<\/p><p><\/p><p>\u00c5rsm\u00f8tet ble hevet.<\/p><p><\/p><p>Etter den formelle delen av programmet ble det servert kaffe og kake. Vi fikk ogs\u00e5 en sv\u00e6rt s\u00e5 interessant orientering om n\u00e6rpolitireformen i Innlandet politidistrikt og polititjenesten i Gl\u00e5mdalsregionen framover ved politistasjonssjef Terje Didriksen. <\/p><p><\/p><p><\/p><p>Vestmarka 25\/11 2016 <\/p><p><\/p><p>Tormod Nymoen<\/p><p><\/p><p>Referent<\/p><p><\/p><p>Vedlegg:<\/p><p>Innkalling og saksliste<\/p><p>\u00c5rsrapport<\/p><p>Regnskap<\/p><p>Styrets  innstilling til valgkomite<\/p><p>Valgkomiteens innstilling. <\/p><p><\/p><p><\/p><p><br \/><\/p><\/div>\n<div class=\"tags\">\n\t<\/div>\n<div class=\"post-footer alignfull has-background block-editor-block-list__block\" data-align=full>\n\t<div class=\"post-footer-inner\">\n\t\t<h3>Relaterte artikler<\/h3>\n\t\t<div class=\"related-content\"><div class=\"is-card-hoyre\">\n\t<div class=\"teft-card hoyre-teft-card post-teft-card\">\n\t\t<a href=\"https:\/\/hoyre.no\/eidskog\/aktuelt\/partiprogram_eidskog_hoyre_2019\/\" class=\"teft-card__primary-action\">\n\n\t\t\t\t\t<div class=\"teft-card__media teft-card__media--16-9\">\n\t\t\t\t\t\t<img loading=\"lazy\" decoding=\"async\" width=\"768\" height=\"289\" src=\"https:\/\/hoyre.no\/content\/uploads\/sites\/84\/2020\/11\/forside_partiprogram-768x289.jpg\" class=\"attachment-medium_large size-medium_large\" alt=\"\" srcset=\"https:\/\/hoyre.no\/content\/uploads\/sites\/84\/2020\/11\/forside_partiprogram-768x289.jpg 768w, https:\/\/hoyre.no\/content\/uploads\/sites\/84\/2020\/11\/forside_partiprogram-300x113.jpg 300w, https:\/\/hoyre.no\/content\/uploads\/sites\/84\/2020\/11\/forside_partiprogram-1024x386.jpg 1024w, https:\/\/hoyre.no\/content\/uploads\/sites\/84\/2020\/11\/forside_partiprogram.jpg 1280w\" sizes=\"auto, (max-width: 768px) 100vw, 768px\" \/>\t\t<\/div>\n\t\t\n\t\t\t<div class=\"teft-card__content-wrapper\">\n\t\t\t\t<div class=\"teft-card__secondary\">\n\t\t\t\t\t\n\t\t\t\t\t\t\t\t<div class=\"teft-card__meta\">\n\t\t\t\t\t\t\t\t\t<span class=\"post-date\">15. aug 2019<\/span>\n\n\t\t\t\t\t\t\t\t\t\t\t\t\t\t\t\t\t<\/div>\n\t\t\t\t\t\t\t\t\t\t\t<\/div>\n\n\t\t\t\t<div class=\"teft-card__primary\">\n\t\t\t\t\t<h2 class=\"teft-card__title\">Partiprogram Eidskog h\u00f8yre 2019-2023&nbsp;<span class=\"teft-card__primary-title-append\"><\/span><\/h2>\t\t\t\t<\/div>\n\t\t\t<\/div>\n\t\t<\/a>\n\t<\/div>\n\n\t<\/div><div class=\"is-card-hoyre\">\n\t<div class=\"teft-card hoyre-teft-card post-teft-card\">\n\t\t<a href=\"https:\/\/hoyre.no\/eidskog\/aktuelt\/max-ivan-ma-bli-i-ei\/\" class=\"teft-card__primary-action\">\n\n\t\t\t\t\t<div class=\"teft-card__media teft-card__media--16-9\">\n\t\t\t\t\t\t<img loading=\"lazy\" decoding=\"async\" width=\"768\" height=\"455\" src=\"https:\/\/hoyre.no\/content\/uploads\/sites\/84\/2020\/11\/maxivan-768x455.jpg\" class=\"attachment-medium_large size-medium_large\" alt=\"\" srcset=\"https:\/\/hoyre.no\/content\/uploads\/sites\/84\/2020\/11\/maxivan-768x455.jpg 768w, https:\/\/hoyre.no\/content\/uploads\/sites\/84\/2020\/11\/maxivan-300x178.jpg 300w, https:\/\/hoyre.no\/content\/uploads\/sites\/84\/2020\/11\/maxivan-1024x607.jpg 1024w, https:\/\/hoyre.no\/content\/uploads\/sites\/84\/2020\/11\/maxivan-1536x911.jpg 1536w, https:\/\/hoyre.no\/content\/uploads\/sites\/84\/2020\/11\/maxivan-2048x1214.jpg 2048w\" sizes=\"auto, (max-width: 768px) 100vw, 768px\" \/>\t\t<\/div>\n\t\t\n\t\t\t<div class=\"teft-card__content-wrapper\">\n\t\t\t\t<div class=\"teft-card__secondary\">\n\t\t\t\t\t\n\t\t\t\t\t\t\t\t<div class=\"teft-card__meta\">\n\t\t\t\t\t\t\t\t\t<span class=\"post-date\">2. aug 2017<\/span>\n\n\t\t\t\t\t\t\t\t\t\t\t\t\t\t\t\t\t<\/div>\n\t\t\t\t\t\t\t\t\t\t\t<\/div>\n\n\t\t\t\t<div class=\"teft-card__primary\">\n\t\t\t\t\t<h2 class=\"teft-card__title\">Max Ivan m\u00e5 bli i Eidskog!&nbsp;<span class=\"teft-card__primary-title-append\"><\/span><\/h2>\t\t\t\t<\/div>\n\t\t\t<\/div>\n\t\t<\/a>\n\t<\/div>\n\n\t<\/div><div class=\"is-card-hoyre\">\n\t<div class=\"teft-card hoyre-teft-card post-teft-card\">\n\t\t<a href=\"https:\/\/hoyre.no\/eidskog\/aktuelt\/permanent-hoyskoleti\/\" class=\"teft-card__primary-action\">\n\n\t\t\t\t\t<div class=\"teft-card__media teft-card__media--16-9\">\n\t\t\t\t\t\t<img loading=\"lazy\" decoding=\"async\" width=\"768\" height=\"517\" src=\"https:\/\/hoyre.no\/content\/uploads\/sites\/84\/2020\/11\/skjermbilde-2017-08_2-768x517.png\" class=\"attachment-medium_large size-medium_large\" alt=\"\" srcset=\"https:\/\/hoyre.no\/content\/uploads\/sites\/84\/2020\/11\/skjermbilde-2017-08_2-768x517.png 768w, https:\/\/hoyre.no\/content\/uploads\/sites\/84\/2020\/11\/skjermbilde-2017-08_2-300x202.png 300w, https:\/\/hoyre.no\/content\/uploads\/sites\/84\/2020\/11\/skjermbilde-2017-08_2-1024x689.png 1024w, https:\/\/hoyre.no\/content\/uploads\/sites\/84\/2020\/11\/skjermbilde-2017-08_2.png 1426w\" sizes=\"auto, (max-width: 768px) 100vw, 768px\" \/>\t\t<\/div>\n\t\t\n\t\t\t<div class=\"teft-card__content-wrapper\">\n\t\t\t\t<div class=\"teft-card__secondary\">\n\t\t\t\t\t\n\t\t\t\t\t\t\t\t<div class=\"teft-card__meta\">\n\t\t\t\t\t\t\t\t\t<span class=\"post-date\">31. jul 2017<\/span>\n\n\t\t\t\t\t\t\t\t\t\t\t\t\t\t\t\t\t<\/div>\n\t\t\t\t\t\t\t\t\t\t\t<\/div>\n\n\t\t\t\t<div class=\"teft-card__primary\">\n\t\t\t\t\t<h2 class=\"teft-card__title\">Permanent h\u00f8yskoletilbud i Kongsvinger!&nbsp;<span class=\"teft-card__primary-title-append\"><\/span><\/h2>\t\t\t\t<\/div>\n\t\t\t<\/div>\n\t\t<\/a>\n\t<\/div>\n\n\t<\/div><\/div>\t<\/div>\n<\/div>\n","protected":false},"excerpt":{"rendered":"","protected":false},"author":0,"featured_media":0,"comment_status":"closed","ping_status":"closed","sticky":false,"template":"","format":"standard","meta":{"teft_cards_image_url":"https:\/\/hoyre.no\/content\/uploads\/sites\/84\/2020\/11\/skjermbilde-2016-12_2.png","teft_cards_custom_pretitle":"","teft_cards_image_id":43,"teft_cards_image_focal_point_x":0,"teft_cards_image_focal_point_y":0,"teft_cards_title":"","teft_cards_excerpt":"","teft_show_chapters":false,"author_display_name":"Thormod Nymoen","footnotes":""},"category":[1],"post_tag":[],"hoyre-visibility":[],"article-type":[],"politician":[],"class_list":["post-44","post","type-post","status-publish","format-standard","hentry","category-ukategorisert"],"yoast_head":"<!-- This site is optimized with the Yoast SEO plugin v26.6 - https:\/\/yoast.com\/wordpress\/plugins\/seo\/ -->\n<title>Referat fra \u00e5rsm\u00f8tet 2016 - Eidskog H\u00f8yre<\/title>\n<meta name=\"robots\" content=\"index, follow, max-snippet:-1, max-image-preview:large, max-video-preview:-1\" \/>\n<link rel=\"canonical\" href=\"https:\/\/hoyre.no\/eidskog\/aktuelt\/referat-fra-arsmotet\/\" \/>\n<meta property=\"og:locale\" content=\"nb_NO\" \/>\n<meta property=\"og:type\" content=\"article\" \/>\n<meta property=\"og:title\" content=\"Referat fra \u00e5rsm\u00f8tet 2016 - Eidskog H\u00f8yre\" \/>\n<meta property=\"og:url\" content=\"https:\/\/hoyre.no\/eidskog\/aktuelt\/referat-fra-arsmotet\/\" \/>\n<meta property=\"og:site_name\" content=\"Eidskog H\u00f8yre\" \/>\n<meta property=\"article:published_time\" content=\"2016-12-08T22:00:00+00:00\" \/>\n<meta property=\"og:image\" content=\"https:\/\/hoyre.no\/content\/uploads\/sites\/84\/2020\/11\/skjermbilde-2017-08_2-1024x689.png\" \/>\n<meta name=\"twitter:card\" content=\"summary_large_image\" \/>\n<meta name=\"twitter:label1\" content=\"Ansl. lesetid\" \/>\n\t<meta name=\"twitter:data1\" content=\"2 minutter\" \/>\n<script type=\"application\/ld+json\" class=\"yoast-schema-graph\">{\"@context\":\"https:\/\/schema.org\",\"@graph\":[{\"@type\":\"NewsArticle\",\"@id\":\"https:\/\/hoyre.no\/eidskog\/aktuelt\/referat-fra-arsmotet\/\",\"url\":\"https:\/\/hoyre.no\/eidskog\/aktuelt\/referat-fra-arsmotet\/\",\"name\":\"Referat fra \u00e5rsm\u00f8tet 2016 - Eidskog H\u00f8yre\",\"isPartOf\":{\"@id\":\"https:\/\/hoyre.no\/eidskog\/#website\"},\"datePublished\":\"2016-12-08T22:00:00+00:00\",\"author\":{\"@id\":\"\"},\"breadcrumb\":{\"@id\":\"https:\/\/hoyre.no\/eidskog\/aktuelt\/referat-fra-arsmotet\/#breadcrumb\"},\"inLanguage\":\"nb-NO\",\"potentialAction\":[{\"@type\":\"ReadAction\",\"target\":[\"https:\/\/hoyre.no\/eidskog\/aktuelt\/referat-fra-arsmotet\/\"]}]},{\"@type\":\"BreadcrumbList\",\"@id\":\"https:\/\/hoyre.no\/eidskog\/aktuelt\/referat-fra-arsmotet\/#breadcrumb\",\"itemListElement\":[{\"@type\":\"ListItem\",\"position\":1,\"name\":\"Til hoyre.no\",\"item\":\"https:\/\/hoyre.no\"},{\"@type\":\"ListItem\",\"position\":2,\"name\":\"Hjem\",\"item\":\"https:\/\/hoyre.no\/eidskog\/\"},{\"@type\":\"ListItem\",\"position\":3,\"name\":\"Referat fra \u00e5rsm\u00f8tet 2016\"}]},{\"@type\":\"WebSite\",\"@id\":\"https:\/\/hoyre.no\/eidskog\/#website\",\"url\":\"https:\/\/hoyre.no\/eidskog\/\",\"name\":\"Eidskog H\u00f8yre\",\"description\":\"Bare enda et H\u00f8yres nettsteder-nettsted\",\"inLanguage\":\"nb-NO\"}]}<\/script>\n<!-- \/ Yoast SEO plugin. -->","yoast_head_json":{"title":"Referat fra \u00e5rsm\u00f8tet 2016 - Eidskog H\u00f8yre","robots":{"index":"index","follow":"follow","max-snippet":"max-snippet:-1","max-image-preview":"max-image-preview:large","max-video-preview":"max-video-preview:-1"},"canonical":"https:\/\/hoyre.no\/eidskog\/aktuelt\/referat-fra-arsmotet\/","og_locale":"nb_NO","og_type":"article","og_title":"Referat fra \u00e5rsm\u00f8tet 2016 - Eidskog H\u00f8yre","og_url":"https:\/\/hoyre.no\/eidskog\/aktuelt\/referat-fra-arsmotet\/","og_site_name":"Eidskog H\u00f8yre","article_published_time":"2016-12-08T22:00:00+00:00","og_image":[{"url":"https:\/\/hoyre.no\/content\/uploads\/sites\/84\/2020\/11\/skjermbilde-2017-08_2-1024x689.png","width":"","height":"","type":""}],"twitter_card":"summary_large_image","twitter_misc":{"Ansl. lesetid":"2 minutter"},"schema":{"@context":"https:\/\/schema.org","@graph":[{"@type":"NewsArticle","@id":"https:\/\/hoyre.no\/eidskog\/aktuelt\/referat-fra-arsmotet\/","url":"https:\/\/hoyre.no\/eidskog\/aktuelt\/referat-fra-arsmotet\/","name":"Referat fra \u00e5rsm\u00f8tet 2016 - Eidskog H\u00f8yre","isPartOf":{"@id":"https:\/\/hoyre.no\/eidskog\/#website"},"datePublished":"2016-12-08T22:00:00+00:00","author":{"@id":""},"breadcrumb":{"@id":"https:\/\/hoyre.no\/eidskog\/aktuelt\/referat-fra-arsmotet\/#breadcrumb"},"inLanguage":"nb-NO","potentialAction":[{"@type":"ReadAction","target":["https:\/\/hoyre.no\/eidskog\/aktuelt\/referat-fra-arsmotet\/"]}]},{"@type":"BreadcrumbList","@id":"https:\/\/hoyre.no\/eidskog\/aktuelt\/referat-fra-arsmotet\/#breadcrumb","itemListElement":[{"@type":"ListItem","position":1,"name":"Til hoyre.no","item":"https:\/\/hoyre.no"},{"@type":"ListItem","position":2,"name":"Hjem","item":"https:\/\/hoyre.no\/eidskog\/"},{"@type":"ListItem","position":3,"name":"Referat fra \u00e5rsm\u00f8tet 2016"}]},{"@type":"WebSite","@id":"https:\/\/hoyre.no\/eidskog\/#website","url":"https:\/\/hoyre.no\/eidskog\/","name":"Eidskog H\u00f8yre","description":"Bare enda et H\u00f8yres nettsteder-nettsted","inLanguage":"nb-NO"}]}},"distributor_meta":false,"distributor_terms":false,"distributor_media":false,"distributor_original_site_name":"Eidskog H\u00f8yre","distributor_original_site_url":"https:\/\/hoyre.no\/eidskog","push-errors":false,"_links":{"self":[{"href":"https:\/\/hoyre.no\/eidskog\/wp-json\/wp\/v2\/posts\/44","targetHints":{"allow":["GET"]}}],"collection":[{"href":"https:\/\/hoyre.no\/eidskog\/wp-json\/wp\/v2\/posts"}],"about":[{"href":"https:\/\/hoyre.no\/eidskog\/wp-json\/wp\/v2\/types\/post"}],"replies":[{"embeddable":true,"href":"https:\/\/hoyre.no\/eidskog\/wp-json\/wp\/v2\/comments?post=44"}],"version-history":[{"count":0,"href":"https:\/\/hoyre.no\/eidskog\/wp-json\/wp\/v2\/posts\/44\/revisions"}],"wp:attachment":[{"href":"https:\/\/hoyre.no\/eidskog\/wp-json\/wp\/v2\/media?parent=44"}],"wp:term":[{"taxonomy":"category","embeddable":true,"href":"https:\/\/hoyre.no\/eidskog\/wp-json\/wp\/v2\/category?post=44"},{"taxonomy":"post_tag","embeddable":true,"href":"https:\/\/hoyre.no\/eidskog\/wp-json\/wp\/v2\/post_tag?post=44"},{"taxonomy":"hoyre-visibility","embeddable":true,"href":"https:\/\/hoyre.no\/eidskog\/wp-json\/wp\/v2\/hoyre-visibility?post=44"},{"taxonomy":"article-type","embeddable":true,"href":"https:\/\/hoyre.no\/eidskog\/wp-json\/wp\/v2\/article-type?post=44"},{"taxonomy":"politician","embeddable":true,"href":"https:\/\/hoyre.no\/eidskog\/wp-json\/wp\/v2\/politician?post=44"}],"curies":[{"name":"wp","href":"https:\/\/api.w.org\/{rel}","templated":true}]}}