{"id":46,"date":"2016-11-11T23:00:00","date_gmt":"2016-11-11T22:00:00","guid":{"rendered":"https:\/\/hoyre.no\/eidskog\/aktuelt\/resyme-fra-kommunest\/"},"modified":"2016-11-11T23:00:00","modified_gmt":"2016-11-11T22:00:00","slug":"resyme-fra-kommunest","status":"publish","type":"post","link":"https:\/\/hoyre.no\/eidskog\/aktuelt\/resyme-fra-kommunest\/","title":{"rendered":"Resym\u00e9 fra kommunestyrem\u00f8tet 18\/10-16"},"content":{"rendered":"<p class=\"preamble\">Hovedpunkter fra kommunestyrem\u00f8tet 18\/10-16. Ett og et halvt \u00e5r etter at mesteparten av Eidskog n\u00e6ringsservice ble overf\u00f8rt til R\u00e5dmannen er det fortsattot og sammenblanding mellom ENKF og kommunen. Ved valget til h\u00f8sten blir det bare to steder \u00e5 avgi stemme. Les mer under.<\/p>\t\t\t<div class=\"post-meta wp-block teft-byline-wrapper\">\n\t\t\t\t<div class=\"top\">\n\t\t\t\t\t<div class=\"signature\">\n\t\t\t\t\t\t<div class=\"teft-byline\">\n\t\t\t\t\t\t\t\t\t\t\t\t\t\t<div>\n\t\t\t\t\t\t\t\t<h3>H\u00f8yres redaksjon<\/h3>\t\t\t\t\t\t\t\t\n\t\t\t\t\t\t\t\t\t\t\t\t\t\t\t\t\t<span class=\"date\">Sist oppdatert: 11. november 2016<\/span>\n\t\t\t\t\t\t\t\t\t\t\t\t\t\t\t\t\t\t\t\t\t\t\t\t\t<span class=\"reading-time\" itemprop=\"timeRequired\" content=\"PT4M\"><em>Ca. 4 minutter lesetid<\/em><\/span>\n\t\t\t\t\t\t\t\t\t\t\t\t\t\t\t<\/div>\n\t\t\t\t\t\t<\/div>\n\t\t\t\t\t<\/div>\n\t\t\t\t\t\t<div class=\"sharing\">\n\t\t<a class=\"share-button share-link copy-link\" data-copy=\"https:\/\/hoyre.no\/eidskog\/aktuelt\/resyme-fra-kommunest\/\" target=\"_blank\"><span class=\"screen-reader-text\">Del link<\/span><\/a>\n\t\t<a class=\"share-button share-twitter\" href=\"http:\/\/twitter.com\/share?text=Resym\u00e9 fra kommunestyrem\u00f8tet 18\/10-16&#038;url=https:\/\/hoyre.no\/eidskog\/aktuelt\/resyme-fra-kommunest\/&#038;hashtags=Hoyre\" target=\"_blank\"><span class=\"screen-reader-text\">Del p\u00e5 twitter<\/span><\/a>\n\t\t<a class=\"share-button share-facebook\" href=\"https:\/\/www.facebook.com\/sharer\/sharer.php?u=https:\/\/hoyre.no\/eidskog\/aktuelt\/resyme-fra-kommunest\/\" target=\"_blank\"><span class=\"screen-reader-text\">Del p\u00e5 facebook<\/span><\/a>\n\t<\/div>\n\t\t\t\t\t<\/div>\n\t\t\t<\/div>\n\n\t\t\t<figure class=\"hoyre-image-wrapper\"><div class=\"hoyre-image\"><img loading=\"lazy\" decoding=\"async\" width=\"2048\" height=\"1536\" src=\"https:\/\/hoyre.no\/content\/uploads\/sites\/84\/2020\/11\/img-0258.png\" class=\"attachment-scaled size-scaled\" alt=\"\" style=\"object-position: 50% 50%\" srcset=\"https:\/\/hoyre.no\/content\/uploads\/sites\/84\/2020\/11\/img-0258.png 2048w, https:\/\/hoyre.no\/content\/uploads\/sites\/84\/2020\/11\/img-0258-300x225.png 300w, https:\/\/hoyre.no\/content\/uploads\/sites\/84\/2020\/11\/img-0258-1024x768.png 1024w, https:\/\/hoyre.no\/content\/uploads\/sites\/84\/2020\/11\/img-0258-768x576.png 768w, https:\/\/hoyre.no\/content\/uploads\/sites\/84\/2020\/11\/img-0258-1536x1152.png 1536w\" sizes=\"auto, (max-width: 2048px) 100vw, 2048px\" \/><\/div><\/figure><div id=\"hoyre-old-article-content-wrapper\"><div>RESYM\u00c9 FRA KOMMUNESTYRET 18.10.16<\/div><div>Dette er et resym\u00e9 fra saker som ble behandlet i kommunestyrem\u00f8tet den 18.10.16.<\/div><div>F\u00f8r vi begynte med sakslista hadde vi et foredrag v\/Torfinn Smines fra administrasjonen, samt gruppearbeid p\u00e5 tvers av partiene, om planstrategi for 2016-2019.<\/div><div>Deretter hadde vi et \u00abkurs\u00bb om landbruksforvaltningen\/-lovgivningen v\/Fylkesmannen.<\/div><div>Vi skal ogs\u00e5 i den n\u00e6rmeste tiden svare p\u00e5 3 viktige h\u00f8ringer. Dette gjelder regionreformen, n\u00e6rpolitireformen og foretakstilh\u00f8righet for Kongsvinger sykehus.<\/div><div><br \/><\/div><div>Fra sakslista:<\/div><div>1. M\u00f8teprotokoll<\/div><div>Nok en gang var det feil og mangler i m\u00f8teprotokollen. Hans Einar har tidligere i \u00e5r p\u00e5pekt dette og det har i flg. ordf\u00f8rer og administrasjonen blitt rettet opp. Denne gang gjaldt det protokollen fra kommunestyrem\u00f8tet 20.09.16. <\/div><div><br \/><\/div><div>Siden Per ble valgt til \u00e5 underskrive protokollen i kommunestyrem\u00f8tet den 20.09.16 gikk han grundig gjennom den, ikke minst mtp. tidligere feil og mangler. Per fant som beskrevet b\u00e5de feil og mangler. Dette tok han opp med b\u00e5de ordf\u00f8rer og politisk sekret\u00e6r i forkant av m\u00f8tet, dette bl.a. fordi v\u00e5r politiske sekret\u00e6r er fersk i stillingen og vi var ikke ute etter \u00e5 \u00abta\u00bb henne. Vi f\u00e5r ta det som en l\u00e6rdom, men uansett oppfordrer Per ALLE v\u00e5re, som har representert oss i et kommunestyrem\u00f8te, om \u00e5 sjekke protokollen n\u00f8ye.<\/div><div><br \/><\/div><div>2. Tertialrapporteringer<\/div><div>Vi behandlet rapporter for 2. tertial b\u00e5de for kommunen og ENKF. Begge leverer positive \u00f8konomiske resultater. Hans Einar og Per tok ordet i disse sakene. Begge p\u00e5pekte at det er en sammenblanding mellom bokf\u00f8rte inntekter og utgifter i kommunen og ENKF. Vi ser s\u00e5gar at inntekten har blitt f\u00f8rt i det ene regnskapet, mens utgiften har blitt f\u00f8rt i det andre. <\/div><div><br \/><\/div><div>Overf\u00f8ringen av deler av ENKF til kommunen har v\u00e6rt og er fortsatt rotete. Og dette m\u00e5 vi tydeligvis leve med en stund til fremover. Men v\u00e6r sikker: Vi skal f\u00f8lge dette med argus\u00f8yne.<\/div><div><br \/><\/div><div>3. Brukerr\u00e5d i helse<\/div><div>Vi vedtok \u00e5 innf\u00f8re et brukerr\u00e5d med 5 brukerrepresentanter i enhet for helse. Hensikten er at brukeren kan p\u00e5virke innholdet og kvaliteten p\u00e5 tjenestene som enheten gir. Brukerr\u00e5det skal ogs\u00e5 involveres i prosesser som strategi, planleggings- og utviklingsarbeid som vedr\u00f8rer enheten. Vi vedtok ogs\u00e5 retningslinjer for brukerr\u00e5det.<\/div><div><br \/><\/div><div>4. Demensteam<\/div><div>Denne saken hadde vi f\u00f8rst til behandling i kommunestyret i juni 2016, men den ble sendt tilbake til utvalget for videre behandling. Innstillingen denne gangen fra HOL var ikke helt som vi og demensforeningen \u00f8nsket, men i flg. \u00abv\u00e5re\u00bb i HOL ble dette et kompromiss. Vi fikk imidlertid inn et punkt om evaluering av vedtaket etter ett \u00e5r, s\u00e5 vi f\u00e5r se p\u00e5 vedtaket som et skritt i riktig retning.<\/div><div><br \/><\/div><div>Tildelingskontoret er demensteam for kommunen og demenskoordinator f\u00e5r \u00f8kt sin stilling med 20%.<\/div><div><br \/><\/div><div>5. N\u00e6ringsstrategi for Kongsvingerregionen<\/div><div>Vi vedtok enstemmig n\u00e6ringsstrategien for Kongsvingerregionen som forelagt fra Byregionprosjektet.<\/div><div><br \/><\/div><div>Forslag til n\u00e6ringsstrategi har v\u00e6rt ute til h\u00f8ring. Ett av v\u00e5re medlemmer, Sverre Holm, har skrevet sitt eget h\u00f8ringssvar, som prosjektet har innarbeidet. Takk til Sverre for dette.<\/div><div><br \/><\/div><div>Det er viktig n\u00e5 at Eidskog kommune blir aktive i sin n\u00e6ringsstrategi og ikke bare sitte passive og se p\u00e5 at prosjektet driver dette videre. Dette m\u00e5 vi utfordre ordf\u00f8reren p\u00e5.<\/div><div><br \/><\/div><div>6. Stortingsvalget 2017<\/div><div>Vi behandlet sak vedr. antall stemmedager og stemmesteder i forbindelse med Stortingsvalget 2017. Guttorm utgjorde mindretallet i valgstyret og vi fulgte opp dette i kommunestyret.<\/div><div><br \/><\/div><div>Forslaget fra flertallet i valgstyret var at det skal v\u00e6re kun 2 stemmesteder og 2 stemmedager. Sammen med V og Frp foreslo vi \u00e5 opprettholde dagens 7 stemmesteder og 1 stemmedag, som vi har hatt de siste \u00e5rene og som ikke minst har fungert bra.<\/div><div><br \/><\/div><div>Per holdt et innlegg hvor han begrunnet dette, ikke minst var det viktig \u00e5 beholde stemmestedene rundt om i kommunen for v\u00e5re eldre velgere. For disse er det \u00e5 avgi stemme n\u00e6rmest en plikt og en kultur\/tradisjon. P\u00e5 enkelte stemmesteder er det ogs\u00e5 kaffe og kaker\/vafler som gj\u00f8r at velgerne kan treffe andre fra samme valgkrets og snakke litt politikk. Noen ser frem til denne dagen og dette m\u00f8tet.<\/div><div><br \/><\/div><div>Vi fikk faktisk med oss representanter fra b\u00e5de Ap og Sp og klarte nesten \u00e5 f\u00e5 flertall for v\u00e5rt forslag. Avstemmingen ble 13-12 i v\u00e5r disfav\u00f8r. <\/div><div><br \/><\/div><div>Vedtaket ble da at det skal avholdes valg over 2 dager i 2017, s\u00f8ndag 10. og mandag 11. september. Det blir imidlertid kun mulig \u00e5 avgi stemme p\u00e5 Magnor og Skotterud.<\/div><div><br \/><\/div><div><br \/><\/div><div><br \/><\/div><div>Per Olav Stenslet<\/div><div>Gruppeleder Eidskog H\u00f8yre<\/div><p><br \/><\/p><p><br \/><\/p><\/div>\n<div class=\"tags\">\n\t<\/div>\n<div class=\"post-footer alignfull has-background block-editor-block-list__block\" data-align=full>\n\t<div class=\"post-footer-inner\">\n\t\t<h3>Relaterte artikler<\/h3>\n\t\t<div class=\"related-content\"><div class=\"is-card-hoyre\">\n\t<div class=\"teft-card hoyre-teft-card post-teft-card\">\n\t\t<a href=\"https:\/\/hoyre.no\/eidskog\/aktuelt\/partiprogram_eidskog_hoyre_2019\/\" class=\"teft-card__primary-action\">\n\n\t\t\t\t\t<div class=\"teft-card__media teft-card__media--16-9\">\n\t\t\t\t\t\t<img loading=\"lazy\" decoding=\"async\" width=\"768\" height=\"289\" src=\"https:\/\/hoyre.no\/content\/uploads\/sites\/84\/2020\/11\/forside_partiprogram-768x289.jpg\" class=\"attachment-medium_large size-medium_large\" alt=\"\" srcset=\"https:\/\/hoyre.no\/content\/uploads\/sites\/84\/2020\/11\/forside_partiprogram-768x289.jpg 768w, https:\/\/hoyre.no\/content\/uploads\/sites\/84\/2020\/11\/forside_partiprogram-300x113.jpg 300w, https:\/\/hoyre.no\/content\/uploads\/sites\/84\/2020\/11\/forside_partiprogram-1024x386.jpg 1024w, https:\/\/hoyre.no\/content\/uploads\/sites\/84\/2020\/11\/forside_partiprogram.jpg 1280w\" sizes=\"auto, (max-width: 768px) 100vw, 768px\" \/>\t\t<\/div>\n\t\t\n\t\t\t<div class=\"teft-card__content-wrapper\">\n\t\t\t\t<div class=\"teft-card__secondary\">\n\t\t\t\t\t\n\t\t\t\t\t\t\t\t<div class=\"teft-card__meta\">\n\t\t\t\t\t\t\t\t\t<span class=\"post-date\">15. aug 2019<\/span>\n\n\t\t\t\t\t\t\t\t\t\t\t\t\t\t\t\t\t<\/div>\n\t\t\t\t\t\t\t\t\t\t\t<\/div>\n\n\t\t\t\t<div class=\"teft-card__primary\">\n\t\t\t\t\t<h2 class=\"teft-card__title\">Partiprogram Eidskog h\u00f8yre 2019-2023&nbsp;<span class=\"teft-card__primary-title-append\"><\/span><\/h2>\t\t\t\t<\/div>\n\t\t\t<\/div>\n\t\t<\/a>\n\t<\/div>\n\n\t<\/div><div class=\"is-card-hoyre\">\n\t<div class=\"teft-card hoyre-teft-card post-teft-card\">\n\t\t<a href=\"https:\/\/hoyre.no\/eidskog\/aktuelt\/max-ivan-ma-bli-i-ei\/\" class=\"teft-card__primary-action\">\n\n\t\t\t\t\t<div class=\"teft-card__media teft-card__media--16-9\">\n\t\t\t\t\t\t<img loading=\"lazy\" decoding=\"async\" width=\"768\" height=\"455\" src=\"https:\/\/hoyre.no\/content\/uploads\/sites\/84\/2020\/11\/maxivan-768x455.jpg\" class=\"attachment-medium_large size-medium_large\" alt=\"\" srcset=\"https:\/\/hoyre.no\/content\/uploads\/sites\/84\/2020\/11\/maxivan-768x455.jpg 768w, https:\/\/hoyre.no\/content\/uploads\/sites\/84\/2020\/11\/maxivan-300x178.jpg 300w, https:\/\/hoyre.no\/content\/uploads\/sites\/84\/2020\/11\/maxivan-1024x607.jpg 1024w, https:\/\/hoyre.no\/content\/uploads\/sites\/84\/2020\/11\/maxivan-1536x911.jpg 1536w, https:\/\/hoyre.no\/content\/uploads\/sites\/84\/2020\/11\/maxivan-2048x1214.jpg 2048w\" sizes=\"auto, (max-width: 768px) 100vw, 768px\" \/>\t\t<\/div>\n\t\t\n\t\t\t<div class=\"teft-card__content-wrapper\">\n\t\t\t\t<div class=\"teft-card__secondary\">\n\t\t\t\t\t\n\t\t\t\t\t\t\t\t<div class=\"teft-card__meta\">\n\t\t\t\t\t\t\t\t\t<span class=\"post-date\">2. aug 2017<\/span>\n\n\t\t\t\t\t\t\t\t\t\t\t\t\t\t\t\t\t<\/div>\n\t\t\t\t\t\t\t\t\t\t\t<\/div>\n\n\t\t\t\t<div class=\"teft-card__primary\">\n\t\t\t\t\t<h2 class=\"teft-card__title\">Max Ivan m\u00e5 bli i Eidskog!&nbsp;<span class=\"teft-card__primary-title-append\"><\/span><\/h2>\t\t\t\t<\/div>\n\t\t\t<\/div>\n\t\t<\/a>\n\t<\/div>\n\n\t<\/div><div class=\"is-card-hoyre\">\n\t<div class=\"teft-card hoyre-teft-card post-teft-card\">\n\t\t<a href=\"https:\/\/hoyre.no\/eidskog\/aktuelt\/permanent-hoyskoleti\/\" class=\"teft-card__primary-action\">\n\n\t\t\t\t\t<div class=\"teft-card__media teft-card__media--16-9\">\n\t\t\t\t\t\t<img loading=\"lazy\" decoding=\"async\" width=\"768\" height=\"517\" src=\"https:\/\/hoyre.no\/content\/uploads\/sites\/84\/2020\/11\/skjermbilde-2017-08_2-768x517.png\" class=\"attachment-medium_large size-medium_large\" alt=\"\" srcset=\"https:\/\/hoyre.no\/content\/uploads\/sites\/84\/2020\/11\/skjermbilde-2017-08_2-768x517.png 768w, https:\/\/hoyre.no\/content\/uploads\/sites\/84\/2020\/11\/skjermbilde-2017-08_2-300x202.png 300w, https:\/\/hoyre.no\/content\/uploads\/sites\/84\/2020\/11\/skjermbilde-2017-08_2-1024x689.png 1024w, https:\/\/hoyre.no\/content\/uploads\/sites\/84\/2020\/11\/skjermbilde-2017-08_2.png 1426w\" sizes=\"auto, (max-width: 768px) 100vw, 768px\" \/>\t\t<\/div>\n\t\t\n\t\t\t<div class=\"teft-card__content-wrapper\">\n\t\t\t\t<div class=\"teft-card__secondary\">\n\t\t\t\t\t\n\t\t\t\t\t\t\t\t<div class=\"teft-card__meta\">\n\t\t\t\t\t\t\t\t\t<span class=\"post-date\">31. jul 2017<\/span>\n\n\t\t\t\t\t\t\t\t\t\t\t\t\t\t\t\t\t<\/div>\n\t\t\t\t\t\t\t\t\t\t\t<\/div>\n\n\t\t\t\t<div class=\"teft-card__primary\">\n\t\t\t\t\t<h2 class=\"teft-card__title\">Permanent h\u00f8yskoletilbud i Kongsvinger!&nbsp;<span class=\"teft-card__primary-title-append\"><\/span><\/h2>\t\t\t\t<\/div>\n\t\t\t<\/div>\n\t\t<\/a>\n\t<\/div>\n\n\t<\/div><\/div>\t<\/div>\n<\/div>\n","protected":false},"excerpt":{"rendered":"","protected":false},"author":0,"featured_media":0,"comment_status":"closed","ping_status":"closed","sticky":false,"template":"","format":"standard","meta":{"teft_cards_image_url":"https:\/\/hoyre.no\/content\/uploads\/sites\/84\/2020\/11\/img-0258.png","teft_cards_custom_pretitle":"","teft_cards_image_id":45,"teft_cards_image_focal_point_x":0,"teft_cards_image_focal_point_y":0,"teft_cards_title":"","teft_cards_excerpt":"","teft_show_chapters":false,"author_display_name":"Per Olav Stenslet","footnotes":""},"category":[1],"post_tag":[],"hoyre-visibility":[],"article-type":[],"politician":[],"class_list":["post-46","post","type-post","status-publish","format-standard","hentry","category-ukategorisert"],"yoast_head":"<!-- This site is optimized with the Yoast SEO plugin v26.6 - https:\/\/yoast.com\/wordpress\/plugins\/seo\/ -->\n<title>Resym\u00e9 fra kommunestyrem\u00f8tet 18\/10-16 - Eidskog H\u00f8yre<\/title>\n<meta name=\"robots\" content=\"index, follow, max-snippet:-1, max-image-preview:large, max-video-preview:-1\" \/>\n<link rel=\"canonical\" href=\"https:\/\/hoyre.no\/eidskog\/aktuelt\/resyme-fra-kommunest\/\" \/>\n<meta property=\"og:locale\" content=\"nb_NO\" \/>\n<meta property=\"og:type\" content=\"article\" \/>\n<meta property=\"og:title\" content=\"Resym\u00e9 fra kommunestyrem\u00f8tet 18\/10-16 - Eidskog H\u00f8yre\" \/>\n<meta property=\"og:url\" content=\"https:\/\/hoyre.no\/eidskog\/aktuelt\/resyme-fra-kommunest\/\" \/>\n<meta property=\"og:site_name\" content=\"Eidskog H\u00f8yre\" \/>\n<meta property=\"article:published_time\" content=\"2016-11-11T22:00:00+00:00\" \/>\n<meta property=\"og:image\" content=\"https:\/\/hoyre.no\/content\/uploads\/sites\/84\/2020\/11\/skjermbilde-2017-08_2-1024x689.png\" \/>\n<meta name=\"twitter:card\" content=\"summary_large_image\" \/>\n<meta name=\"twitter:label1\" content=\"Ansl. lesetid\" \/>\n\t<meta name=\"twitter:data1\" content=\"4 minutter\" \/>\n<script type=\"application\/ld+json\" class=\"yoast-schema-graph\">{\"@context\":\"https:\/\/schema.org\",\"@graph\":[{\"@type\":\"NewsArticle\",\"@id\":\"https:\/\/hoyre.no\/eidskog\/aktuelt\/resyme-fra-kommunest\/\",\"url\":\"https:\/\/hoyre.no\/eidskog\/aktuelt\/resyme-fra-kommunest\/\",\"name\":\"Resym\u00e9 fra kommunestyrem\u00f8tet 18\/10-16 - Eidskog H\u00f8yre\",\"isPartOf\":{\"@id\":\"https:\/\/hoyre.no\/eidskog\/#website\"},\"datePublished\":\"2016-11-11T22:00:00+00:00\",\"author\":{\"@id\":\"\"},\"breadcrumb\":{\"@id\":\"https:\/\/hoyre.no\/eidskog\/aktuelt\/resyme-fra-kommunest\/#breadcrumb\"},\"inLanguage\":\"nb-NO\",\"potentialAction\":[{\"@type\":\"ReadAction\",\"target\":[\"https:\/\/hoyre.no\/eidskog\/aktuelt\/resyme-fra-kommunest\/\"]}]},{\"@type\":\"BreadcrumbList\",\"@id\":\"https:\/\/hoyre.no\/eidskog\/aktuelt\/resyme-fra-kommunest\/#breadcrumb\",\"itemListElement\":[{\"@type\":\"ListItem\",\"position\":1,\"name\":\"Til hoyre.no\",\"item\":\"https:\/\/hoyre.no\"},{\"@type\":\"ListItem\",\"position\":2,\"name\":\"Hjem\",\"item\":\"https:\/\/hoyre.no\/eidskog\/\"},{\"@type\":\"ListItem\",\"position\":3,\"name\":\"Resym\u00e9 fra kommunestyrem\u00f8tet 18\/10-16\"}]},{\"@type\":\"WebSite\",\"@id\":\"https:\/\/hoyre.no\/eidskog\/#website\",\"url\":\"https:\/\/hoyre.no\/eidskog\/\",\"name\":\"Eidskog H\u00f8yre\",\"description\":\"Bare enda et H\u00f8yres nettsteder-nettsted\",\"inLanguage\":\"nb-NO\"}]}<\/script>\n<!-- \/ Yoast SEO plugin. -->","yoast_head_json":{"title":"Resym\u00e9 fra kommunestyrem\u00f8tet 18\/10-16 - Eidskog H\u00f8yre","robots":{"index":"index","follow":"follow","max-snippet":"max-snippet:-1","max-image-preview":"max-image-preview:large","max-video-preview":"max-video-preview:-1"},"canonical":"https:\/\/hoyre.no\/eidskog\/aktuelt\/resyme-fra-kommunest\/","og_locale":"nb_NO","og_type":"article","og_title":"Resym\u00e9 fra kommunestyrem\u00f8tet 18\/10-16 - Eidskog H\u00f8yre","og_url":"https:\/\/hoyre.no\/eidskog\/aktuelt\/resyme-fra-kommunest\/","og_site_name":"Eidskog H\u00f8yre","article_published_time":"2016-11-11T22:00:00+00:00","og_image":[{"url":"https:\/\/hoyre.no\/content\/uploads\/sites\/84\/2020\/11\/skjermbilde-2017-08_2-1024x689.png","width":"","height":"","type":""}],"twitter_card":"summary_large_image","twitter_misc":{"Ansl. lesetid":"4 minutter"},"schema":{"@context":"https:\/\/schema.org","@graph":[{"@type":"NewsArticle","@id":"https:\/\/hoyre.no\/eidskog\/aktuelt\/resyme-fra-kommunest\/","url":"https:\/\/hoyre.no\/eidskog\/aktuelt\/resyme-fra-kommunest\/","name":"Resym\u00e9 fra kommunestyrem\u00f8tet 18\/10-16 - Eidskog H\u00f8yre","isPartOf":{"@id":"https:\/\/hoyre.no\/eidskog\/#website"},"datePublished":"2016-11-11T22:00:00+00:00","author":{"@id":""},"breadcrumb":{"@id":"https:\/\/hoyre.no\/eidskog\/aktuelt\/resyme-fra-kommunest\/#breadcrumb"},"inLanguage":"nb-NO","potentialAction":[{"@type":"ReadAction","target":["https:\/\/hoyre.no\/eidskog\/aktuelt\/resyme-fra-kommunest\/"]}]},{"@type":"BreadcrumbList","@id":"https:\/\/hoyre.no\/eidskog\/aktuelt\/resyme-fra-kommunest\/#breadcrumb","itemListElement":[{"@type":"ListItem","position":1,"name":"Til hoyre.no","item":"https:\/\/hoyre.no"},{"@type":"ListItem","position":2,"name":"Hjem","item":"https:\/\/hoyre.no\/eidskog\/"},{"@type":"ListItem","position":3,"name":"Resym\u00e9 fra kommunestyrem\u00f8tet 18\/10-16"}]},{"@type":"WebSite","@id":"https:\/\/hoyre.no\/eidskog\/#website","url":"https:\/\/hoyre.no\/eidskog\/","name":"Eidskog H\u00f8yre","description":"Bare enda et H\u00f8yres nettsteder-nettsted","inLanguage":"nb-NO"}]}},"distributor_meta":false,"distributor_terms":false,"distributor_media":false,"distributor_original_site_name":"Eidskog H\u00f8yre","distributor_original_site_url":"https:\/\/hoyre.no\/eidskog","push-errors":false,"_links":{"self":[{"href":"https:\/\/hoyre.no\/eidskog\/wp-json\/wp\/v2\/posts\/46","targetHints":{"allow":["GET"]}}],"collection":[{"href":"https:\/\/hoyre.no\/eidskog\/wp-json\/wp\/v2\/posts"}],"about":[{"href":"https:\/\/hoyre.no\/eidskog\/wp-json\/wp\/v2\/types\/post"}],"replies":[{"embeddable":true,"href":"https:\/\/hoyre.no\/eidskog\/wp-json\/wp\/v2\/comments?post=46"}],"version-history":[{"count":0,"href":"https:\/\/hoyre.no\/eidskog\/wp-json\/wp\/v2\/posts\/46\/revisions"}],"wp:attachment":[{"href":"https:\/\/hoyre.no\/eidskog\/wp-json\/wp\/v2\/media?parent=46"}],"wp:term":[{"taxonomy":"category","embeddable":true,"href":"https:\/\/hoyre.no\/eidskog\/wp-json\/wp\/v2\/category?post=46"},{"taxonomy":"post_tag","embeddable":true,"href":"https:\/\/hoyre.no\/eidskog\/wp-json\/wp\/v2\/post_tag?post=46"},{"taxonomy":"hoyre-visibility","embeddable":true,"href":"https:\/\/hoyre.no\/eidskog\/wp-json\/wp\/v2\/hoyre-visibility?post=46"},{"taxonomy":"article-type","embeddable":true,"href":"https:\/\/hoyre.no\/eidskog\/wp-json\/wp\/v2\/article-type?post=46"},{"taxonomy":"politician","embeddable":true,"href":"https:\/\/hoyre.no\/eidskog\/wp-json\/wp\/v2\/politician?post=46"}],"curies":[{"name":"wp","href":"https:\/\/api.w.org\/{rel}","templated":true}]}}