{"id":48,"date":"2017-01-27T23:00:00","date_gmt":"2017-01-27T22:00:00","guid":{"rendered":"https:\/\/hoyre.no\/eidskog\/aktuelt\/samleside-over-press\/"},"modified":"2017-01-27T23:00:00","modified_gmt":"2017-01-27T22:00:00","slug":"samleside-over-press","status":"publish","type":"post","link":"https:\/\/hoyre.no\/eidskog\/aktuelt\/samleside-over-press\/","title":{"rendered":"Samleside over pressedekningen av Hedmark H\u00f8yres \u00e5rsm\u00f8te 2017"},"content":{"rendered":"<p class=\"preamble\">P\u00e5 denne siden legger vi inn linker til pressedekningen fra Hedmark H\u00f8yres \u00e5rsm\u00f8te. \u00c5rsm\u00f8tet ble holdt p\u00e5 Scandic Hotell i Hamar helgen 27 \u201429 januar 2017. Innslagene er i omvendt kronologisk rekkef\u00f8lge, de nyeste innleggene \u00f8verst. Meld gjerne fra til webredakt\u00f8renhvis hvis du kommer over artikler eller nyhetsinnslag som mangler. Linker til artikler eller innslag som bare er tilgjengelig for de med abonnement legges ikke ut.<\/p>\t\t\t<div class=\"post-meta wp-block teft-byline-wrapper\">\n\t\t\t\t<div class=\"top\">\n\t\t\t\t\t<div class=\"signature\">\n\t\t\t\t\t\t<div class=\"teft-byline\">\n\t\t\t\t\t\t\t\t\t\t\t\t\t\t<div>\n\t\t\t\t\t\t\t\t<h3>H\u00f8yres redaksjon<\/h3>\t\t\t\t\t\t\t\t\n\t\t\t\t\t\t\t\t\t\t\t\t\t\t\t\t\t<span class=\"date\">Sist oppdatert: 27. januar 2017<\/span>\n\t\t\t\t\t\t\t\t\t\t\t\t\t\t\t\t\t\t\t\t\t\t\t\t\t<span class=\"reading-time\" itemprop=\"timeRequired\" content=\"PT1M\"><em>Ca. 1 minutter lesetid<\/em><\/span>\n\t\t\t\t\t\t\t\t\t\t\t\t\t\t\t<\/div>\n\t\t\t\t\t\t<\/div>\n\t\t\t\t\t<\/div>\n\t\t\t\t\t\t<div class=\"sharing\">\n\t\t<a class=\"share-button share-link copy-link\" data-copy=\"https:\/\/hoyre.no\/eidskog\/aktuelt\/samleside-over-press\/\" target=\"_blank\"><span class=\"screen-reader-text\">Del link<\/span><\/a>\n\t\t<a class=\"share-button share-twitter\" href=\"http:\/\/twitter.com\/share?text=Samleside over pressedekningen av Hedmark H\u00f8yres \u00e5rsm\u00f8te 2017&#038;url=https:\/\/hoyre.no\/eidskog\/aktuelt\/samleside-over-press\/&#038;hashtags=Hoyre\" target=\"_blank\"><span class=\"screen-reader-text\">Del p\u00e5 twitter<\/span><\/a>\n\t\t<a class=\"share-button share-facebook\" href=\"https:\/\/www.facebook.com\/sharer\/sharer.php?u=https:\/\/hoyre.no\/eidskog\/aktuelt\/samleside-over-press\/\" target=\"_blank\"><span class=\"screen-reader-text\">Del p\u00e5 facebook<\/span><\/a>\n\t<\/div>\n\t\t\t\t\t<\/div>\n\t\t\t<\/div>\n\n\t\t\t<figure class=\"hoyre-image-wrapper\"><div class=\"hoyre-image\"><img loading=\"lazy\" decoding=\"async\" width=\"1044\" height=\"741\" src=\"https:\/\/hoyre.no\/content\/uploads\/sites\/84\/2020\/11\/medier_5.png\" class=\"attachment-scaled size-scaled\" alt=\"\" style=\"object-position: 50% 50%\" srcset=\"https:\/\/hoyre.no\/content\/uploads\/sites\/84\/2020\/11\/medier_5.png 1044w, https:\/\/hoyre.no\/content\/uploads\/sites\/84\/2020\/11\/medier_5-300x213.png 300w, https:\/\/hoyre.no\/content\/uploads\/sites\/84\/2020\/11\/medier_5-1024x727.png 1024w, https:\/\/hoyre.no\/content\/uploads\/sites\/84\/2020\/11\/medier_5-768x545.png 768w\" sizes=\"auto, (max-width: 1044px) 100vw, 1044px\" \/><\/div><\/figure><div id=\"hoyre-old-article-content-wrapper\"><h1>L\u00f8rdag 28\/1<\/h1><p><a href=\"https:\/\/tv.nrk.no\/serie\/dagsrevyen\/NNFA02012817\/28-01-2017\">NRK \u2014 L\u00f8rdagsrevyen, hovedoppslag<\/a><\/p><p><a href=\"http:\/\/www.ostlendingen.no\/rovdyr\/politikk\/hoyre\/gundersen-klar-til-a-stemme-imot-regjeringen\/s\/5-69-360748\">\u00d8stlendingen p\u00e5 nett<\/a> \u2014 intervju med Gunnar og Kristian, ogs\u00e5 trykket i Gl\u00e5mdalens papirutgave mandag 30\/1.<\/p><p><a href=\"https:\/\/www.nrk.no\/ho\/hedmark-hoyre-samler-seg-om-ulveuttalelse-1.13347516\">NRK Hedmark og Oppland p\u00e5 nett<\/a><\/p><p><a href=\"http:\/\/www.h-a.no\/nyhet\/hedmark-hoyre-samlet-i-ulve-krav\">Hamar Arbeiderblad p\u00e5 nett<\/a>, referert i <a href=\"http:\/\/www.dn.no\/nyheter\/2017\/01\/28\/1432\/hedmark-hoyre-samler-seg-bak-ulvekrav\">Dagens n\u00e6ringsliv<\/a>, <a href=\"http:\/\/www.klassekampen.no\/article\/20170128\/NTBI\/1408653521\">Klassekampen<\/a>, <a href=\"http:\/\/www.dagsavisen.no\/innenriks\/hedmark-hoyre-samler-seg-bak-ulvekrav-1.918739\">Dagsavisen<\/a> samt flere region\u2014 og lokalaviser.<\/p><h1>Fredag 27\/1<\/h1><p><a href=\"http:\/\/www.ostlendingen.no\/rovdyr\/hoyre\/politikk\/hoyre-hedret-for-ulveinnsats\/s\/5-69-360617\">\u00d8stlendingen om tildelingen av H\u00f8yreb\u00f8lgen i gull til \u00d8yvind B\u00e6k (Trysil H\u00f8yre)<\/a><\/p><p><a href=\"https:\/\/tv.nrk.no\/serie\/distriktsnyheter-oestnytt\/DKOP99012717\/27-01-2017#t\">NRK Hedmark og Oppland\u2014 \u00d8stnytt, hovedoppslag<\/a><\/p><p><br \/><\/p><p><br \/><\/p><\/div>\n<div class=\"tags\">\n\t<\/div>\n<div class=\"post-footer alignfull has-background block-editor-block-list__block\" data-align=full>\n\t<div class=\"post-footer-inner\">\n\t\t<h3>Relaterte artikler<\/h3>\n\t\t<div class=\"related-content\"><div class=\"is-card-hoyre\">\n\t<div class=\"teft-card hoyre-teft-card post-teft-card\">\n\t\t<a href=\"https:\/\/hoyre.no\/eidskog\/aktuelt\/partiprogram_eidskog_hoyre_2019\/\" class=\"teft-card__primary-action\">\n\n\t\t\t\t\t<div class=\"teft-card__media teft-card__media--16-9\">\n\t\t\t\t\t\t<img loading=\"lazy\" decoding=\"async\" width=\"768\" height=\"289\" src=\"https:\/\/hoyre.no\/content\/uploads\/sites\/84\/2020\/11\/forside_partiprogram-768x289.jpg\" class=\"attachment-medium_large size-medium_large\" alt=\"\" srcset=\"https:\/\/hoyre.no\/content\/uploads\/sites\/84\/2020\/11\/forside_partiprogram-768x289.jpg 768w, https:\/\/hoyre.no\/content\/uploads\/sites\/84\/2020\/11\/forside_partiprogram-300x113.jpg 300w, https:\/\/hoyre.no\/content\/uploads\/sites\/84\/2020\/11\/forside_partiprogram-1024x386.jpg 1024w, https:\/\/hoyre.no\/content\/uploads\/sites\/84\/2020\/11\/forside_partiprogram.jpg 1280w\" sizes=\"auto, (max-width: 768px) 100vw, 768px\" \/>\t\t<\/div>\n\t\t\n\t\t\t<div class=\"teft-card__content-wrapper\">\n\t\t\t\t<div class=\"teft-card__secondary\">\n\t\t\t\t\t\n\t\t\t\t\t\t\t\t<div class=\"teft-card__meta\">\n\t\t\t\t\t\t\t\t\t<span class=\"post-date\">15. aug 2019<\/span>\n\n\t\t\t\t\t\t\t\t\t\t\t\t\t\t\t\t\t<\/div>\n\t\t\t\t\t\t\t\t\t\t\t<\/div>\n\n\t\t\t\t<div class=\"teft-card__primary\">\n\t\t\t\t\t<h2 class=\"teft-card__title\">Partiprogram Eidskog h\u00f8yre 2019-2023&nbsp;<span class=\"teft-card__primary-title-append\"><\/span><\/h2>\t\t\t\t<\/div>\n\t\t\t<\/div>\n\t\t<\/a>\n\t<\/div>\n\n\t<\/div><div class=\"is-card-hoyre\">\n\t<div class=\"teft-card hoyre-teft-card post-teft-card\">\n\t\t<a href=\"https:\/\/hoyre.no\/eidskog\/aktuelt\/max-ivan-ma-bli-i-ei\/\" class=\"teft-card__primary-action\">\n\n\t\t\t\t\t<div class=\"teft-card__media teft-card__media--16-9\">\n\t\t\t\t\t\t<img loading=\"lazy\" decoding=\"async\" width=\"768\" height=\"455\" src=\"https:\/\/hoyre.no\/content\/uploads\/sites\/84\/2020\/11\/maxivan-768x455.jpg\" class=\"attachment-medium_large size-medium_large\" alt=\"\" srcset=\"https:\/\/hoyre.no\/content\/uploads\/sites\/84\/2020\/11\/maxivan-768x455.jpg 768w, https:\/\/hoyre.no\/content\/uploads\/sites\/84\/2020\/11\/maxivan-300x178.jpg 300w, https:\/\/hoyre.no\/content\/uploads\/sites\/84\/2020\/11\/maxivan-1024x607.jpg 1024w, https:\/\/hoyre.no\/content\/uploads\/sites\/84\/2020\/11\/maxivan-1536x911.jpg 1536w, https:\/\/hoyre.no\/content\/uploads\/sites\/84\/2020\/11\/maxivan-2048x1214.jpg 2048w\" sizes=\"auto, (max-width: 768px) 100vw, 768px\" \/>\t\t<\/div>\n\t\t\n\t\t\t<div class=\"teft-card__content-wrapper\">\n\t\t\t\t<div class=\"teft-card__secondary\">\n\t\t\t\t\t\n\t\t\t\t\t\t\t\t<div class=\"teft-card__meta\">\n\t\t\t\t\t\t\t\t\t<span class=\"post-date\">2. aug 2017<\/span>\n\n\t\t\t\t\t\t\t\t\t\t\t\t\t\t\t\t\t<\/div>\n\t\t\t\t\t\t\t\t\t\t\t<\/div>\n\n\t\t\t\t<div class=\"teft-card__primary\">\n\t\t\t\t\t<h2 class=\"teft-card__title\">Max Ivan m\u00e5 bli i Eidskog!&nbsp;<span class=\"teft-card__primary-title-append\"><\/span><\/h2>\t\t\t\t<\/div>\n\t\t\t<\/div>\n\t\t<\/a>\n\t<\/div>\n\n\t<\/div><div class=\"is-card-hoyre\">\n\t<div class=\"teft-card hoyre-teft-card post-teft-card\">\n\t\t<a href=\"https:\/\/hoyre.no\/eidskog\/aktuelt\/permanent-hoyskoleti\/\" class=\"teft-card__primary-action\">\n\n\t\t\t\t\t<div class=\"teft-card__media teft-card__media--16-9\">\n\t\t\t\t\t\t<img loading=\"lazy\" decoding=\"async\" width=\"768\" height=\"517\" src=\"https:\/\/hoyre.no\/content\/uploads\/sites\/84\/2020\/11\/skjermbilde-2017-08_2-768x517.png\" class=\"attachment-medium_large size-medium_large\" alt=\"\" srcset=\"https:\/\/hoyre.no\/content\/uploads\/sites\/84\/2020\/11\/skjermbilde-2017-08_2-768x517.png 768w, https:\/\/hoyre.no\/content\/uploads\/sites\/84\/2020\/11\/skjermbilde-2017-08_2-300x202.png 300w, https:\/\/hoyre.no\/content\/uploads\/sites\/84\/2020\/11\/skjermbilde-2017-08_2-1024x689.png 1024w, https:\/\/hoyre.no\/content\/uploads\/sites\/84\/2020\/11\/skjermbilde-2017-08_2.png 1426w\" sizes=\"auto, (max-width: 768px) 100vw, 768px\" \/>\t\t<\/div>\n\t\t\n\t\t\t<div class=\"teft-card__content-wrapper\">\n\t\t\t\t<div class=\"teft-card__secondary\">\n\t\t\t\t\t\n\t\t\t\t\t\t\t\t<div class=\"teft-card__meta\">\n\t\t\t\t\t\t\t\t\t<span class=\"post-date\">31. jul 2017<\/span>\n\n\t\t\t\t\t\t\t\t\t\t\t\t\t\t\t\t\t<\/div>\n\t\t\t\t\t\t\t\t\t\t\t<\/div>\n\n\t\t\t\t<div class=\"teft-card__primary\">\n\t\t\t\t\t<h2 class=\"teft-card__title\">Permanent h\u00f8yskoletilbud i Kongsvinger!&nbsp;<span class=\"teft-card__primary-title-append\"><\/span><\/h2>\t\t\t\t<\/div>\n\t\t\t<\/div>\n\t\t<\/a>\n\t<\/div>\n\n\t<\/div><\/div>\t<\/div>\n<\/div>\n","protected":false},"excerpt":{"rendered":"","protected":false},"author":0,"featured_media":0,"comment_status":"closed","ping_status":"closed","sticky":false,"template":"","format":"standard","meta":{"teft_cards_image_url":"https:\/\/hoyre.no\/content\/uploads\/sites\/84\/2020\/11\/medier_5.png","teft_cards_custom_pretitle":"","teft_cards_image_id":47,"teft_cards_image_focal_point_x":0,"teft_cards_image_focal_point_y":0,"teft_cards_title":"","teft_cards_excerpt":"","teft_show_chapters":false,"author_display_name":"Sverre Holm","footnotes":""},"category":[1],"post_tag":[],"hoyre-visibility":[],"article-type":[],"politician":[],"class_list":["post-48","post","type-post","status-publish","format-standard","hentry","category-ukategorisert"],"yoast_head":"<!-- This site is optimized with the Yoast SEO plugin v26.6 - https:\/\/yoast.com\/wordpress\/plugins\/seo\/ -->\n<title>Samleside over pressedekningen av Hedmark H\u00f8yres \u00e5rsm\u00f8te 2017 - Eidskog H\u00f8yre<\/title>\n<meta name=\"robots\" content=\"index, follow, max-snippet:-1, max-image-preview:large, max-video-preview:-1\" \/>\n<link rel=\"canonical\" href=\"https:\/\/hoyre.no\/eidskog\/aktuelt\/samleside-over-press\/\" \/>\n<meta property=\"og:locale\" content=\"nb_NO\" \/>\n<meta property=\"og:type\" content=\"article\" \/>\n<meta property=\"og:title\" content=\"Samleside over pressedekningen av Hedmark H\u00f8yres \u00e5rsm\u00f8te 2017 - Eidskog H\u00f8yre\" \/>\n<meta property=\"og:url\" content=\"https:\/\/hoyre.no\/eidskog\/aktuelt\/samleside-over-press\/\" \/>\n<meta property=\"og:site_name\" content=\"Eidskog H\u00f8yre\" \/>\n<meta property=\"article:published_time\" content=\"2017-01-27T22:00:00+00:00\" \/>\n<meta property=\"og:image\" content=\"https:\/\/hoyre.no\/content\/uploads\/sites\/84\/2020\/11\/skjermbilde-2017-08_2-1024x689.png\" \/>\n<meta name=\"twitter:card\" content=\"summary_large_image\" \/>\n<meta name=\"twitter:label1\" content=\"Ansl. lesetid\" \/>\n\t<meta name=\"twitter:data1\" content=\"1 minutt\" \/>\n<script type=\"application\/ld+json\" class=\"yoast-schema-graph\">{\"@context\":\"https:\/\/schema.org\",\"@graph\":[{\"@type\":\"NewsArticle\",\"@id\":\"https:\/\/hoyre.no\/eidskog\/aktuelt\/samleside-over-press\/\",\"url\":\"https:\/\/hoyre.no\/eidskog\/aktuelt\/samleside-over-press\/\",\"name\":\"Samleside over pressedekningen av Hedmark H\u00f8yres \u00e5rsm\u00f8te 2017 - Eidskog H\u00f8yre\",\"isPartOf\":{\"@id\":\"https:\/\/hoyre.no\/eidskog\/#website\"},\"datePublished\":\"2017-01-27T22:00:00+00:00\",\"author\":{\"@id\":\"\"},\"breadcrumb\":{\"@id\":\"https:\/\/hoyre.no\/eidskog\/aktuelt\/samleside-over-press\/#breadcrumb\"},\"inLanguage\":\"nb-NO\",\"potentialAction\":[{\"@type\":\"ReadAction\",\"target\":[\"https:\/\/hoyre.no\/eidskog\/aktuelt\/samleside-over-press\/\"]}]},{\"@type\":\"BreadcrumbList\",\"@id\":\"https:\/\/hoyre.no\/eidskog\/aktuelt\/samleside-over-press\/#breadcrumb\",\"itemListElement\":[{\"@type\":\"ListItem\",\"position\":1,\"name\":\"Til hoyre.no\",\"item\":\"https:\/\/hoyre.no\"},{\"@type\":\"ListItem\",\"position\":2,\"name\":\"Hjem\",\"item\":\"https:\/\/hoyre.no\/eidskog\/\"},{\"@type\":\"ListItem\",\"position\":3,\"name\":\"Samleside over pressedekningen av Hedmark H\u00f8yres \u00e5rsm\u00f8te 2017\"}]},{\"@type\":\"WebSite\",\"@id\":\"https:\/\/hoyre.no\/eidskog\/#website\",\"url\":\"https:\/\/hoyre.no\/eidskog\/\",\"name\":\"Eidskog H\u00f8yre\",\"description\":\"Bare enda et H\u00f8yres nettsteder-nettsted\",\"inLanguage\":\"nb-NO\"}]}<\/script>\n<!-- \/ Yoast SEO plugin. -->","yoast_head_json":{"title":"Samleside over pressedekningen av Hedmark H\u00f8yres \u00e5rsm\u00f8te 2017 - Eidskog H\u00f8yre","robots":{"index":"index","follow":"follow","max-snippet":"max-snippet:-1","max-image-preview":"max-image-preview:large","max-video-preview":"max-video-preview:-1"},"canonical":"https:\/\/hoyre.no\/eidskog\/aktuelt\/samleside-over-press\/","og_locale":"nb_NO","og_type":"article","og_title":"Samleside over pressedekningen av Hedmark H\u00f8yres \u00e5rsm\u00f8te 2017 - Eidskog H\u00f8yre","og_url":"https:\/\/hoyre.no\/eidskog\/aktuelt\/samleside-over-press\/","og_site_name":"Eidskog H\u00f8yre","article_published_time":"2017-01-27T22:00:00+00:00","og_image":[{"url":"https:\/\/hoyre.no\/content\/uploads\/sites\/84\/2020\/11\/skjermbilde-2017-08_2-1024x689.png","width":"","height":"","type":""}],"twitter_card":"summary_large_image","twitter_misc":{"Ansl. lesetid":"1 minutt"},"schema":{"@context":"https:\/\/schema.org","@graph":[{"@type":"NewsArticle","@id":"https:\/\/hoyre.no\/eidskog\/aktuelt\/samleside-over-press\/","url":"https:\/\/hoyre.no\/eidskog\/aktuelt\/samleside-over-press\/","name":"Samleside over pressedekningen av Hedmark H\u00f8yres \u00e5rsm\u00f8te 2017 - Eidskog H\u00f8yre","isPartOf":{"@id":"https:\/\/hoyre.no\/eidskog\/#website"},"datePublished":"2017-01-27T22:00:00+00:00","author":{"@id":""},"breadcrumb":{"@id":"https:\/\/hoyre.no\/eidskog\/aktuelt\/samleside-over-press\/#breadcrumb"},"inLanguage":"nb-NO","potentialAction":[{"@type":"ReadAction","target":["https:\/\/hoyre.no\/eidskog\/aktuelt\/samleside-over-press\/"]}]},{"@type":"BreadcrumbList","@id":"https:\/\/hoyre.no\/eidskog\/aktuelt\/samleside-over-press\/#breadcrumb","itemListElement":[{"@type":"ListItem","position":1,"name":"Til hoyre.no","item":"https:\/\/hoyre.no"},{"@type":"ListItem","position":2,"name":"Hjem","item":"https:\/\/hoyre.no\/eidskog\/"},{"@type":"ListItem","position":3,"name":"Samleside over pressedekningen av Hedmark H\u00f8yres \u00e5rsm\u00f8te 2017"}]},{"@type":"WebSite","@id":"https:\/\/hoyre.no\/eidskog\/#website","url":"https:\/\/hoyre.no\/eidskog\/","name":"Eidskog H\u00f8yre","description":"Bare enda et H\u00f8yres nettsteder-nettsted","inLanguage":"nb-NO"}]}},"distributor_meta":false,"distributor_terms":false,"distributor_media":false,"distributor_original_site_name":"Eidskog H\u00f8yre","distributor_original_site_url":"https:\/\/hoyre.no\/eidskog","push-errors":false,"_links":{"self":[{"href":"https:\/\/hoyre.no\/eidskog\/wp-json\/wp\/v2\/posts\/48","targetHints":{"allow":["GET"]}}],"collection":[{"href":"https:\/\/hoyre.no\/eidskog\/wp-json\/wp\/v2\/posts"}],"about":[{"href":"https:\/\/hoyre.no\/eidskog\/wp-json\/wp\/v2\/types\/post"}],"replies":[{"embeddable":true,"href":"https:\/\/hoyre.no\/eidskog\/wp-json\/wp\/v2\/comments?post=48"}],"version-history":[{"count":0,"href":"https:\/\/hoyre.no\/eidskog\/wp-json\/wp\/v2\/posts\/48\/revisions"}],"wp:attachment":[{"href":"https:\/\/hoyre.no\/eidskog\/wp-json\/wp\/v2\/media?parent=48"}],"wp:term":[{"taxonomy":"category","embeddable":true,"href":"https:\/\/hoyre.no\/eidskog\/wp-json\/wp\/v2\/category?post=48"},{"taxonomy":"post_tag","embeddable":true,"href":"https:\/\/hoyre.no\/eidskog\/wp-json\/wp\/v2\/post_tag?post=48"},{"taxonomy":"hoyre-visibility","embeddable":true,"href":"https:\/\/hoyre.no\/eidskog\/wp-json\/wp\/v2\/hoyre-visibility?post=48"},{"taxonomy":"article-type","embeddable":true,"href":"https:\/\/hoyre.no\/eidskog\/wp-json\/wp\/v2\/article-type?post=48"},{"taxonomy":"politician","embeddable":true,"href":"https:\/\/hoyre.no\/eidskog\/wp-json\/wp\/v2\/politician?post=48"}],"curies":[{"name":"wp","href":"https:\/\/api.w.org\/{rel}","templated":true}]}}