{"id":1217,"date":"2026-04-22T12:26:09","date_gmt":"2026-04-22T10:26:09","guid":{"rendered":"https:\/\/hoyre.no\/eidsvoll\/?p=1217"},"modified":"2026-04-22T13:23:02","modified_gmt":"2026-04-22T11:23:02","slug":"pasientreiser-ma-fungere-na-haster-det-a-rydde-opp","status":"publish","type":"post","link":"https:\/\/hoyre.no\/eidsvoll\/aktuelt\/pasientreiser-ma-fungere-na-haster-det-a-rydde-opp\/","title":{"rendered":"Pasientreiser m\u00e5 fungere. N\u00e5 haster det \u00e5 rydde opp"},"content":{"rendered":"\n<p class=\"preamble\">Utfordringene med pasientreiser fra Kongsvinger sykehus er fortsatt ikke l\u00f8st. N\u00e5 tar H\u00f8yre saken videre, b\u00e5de lokalt og nasjonalt.<\/p>\t\t\t<div class=\"post-meta wp-block teft-byline-wrapper\">\n\t\t\t\t<div class=\"top\">\n\t\t\t\t\t<div class=\"signature\">\n\t\t\t\t\t\t<div class=\"teft-byline\">\n\t\t\t\t\t\t\t\t\t\t\t\t\t\t<div>\n\t\t\t\t\t\t\t\t<h3>H\u00f8yres redaksjon<\/h3>\t\t\t\t\t\t\t\t\n\t\t\t\t\t\t\t\t\t\t\t\t\t\t\t\t\t<span class=\"date\">Sist oppdatert: 22. april 2026<\/span>\n\t\t\t\t\t\t\t\t\t\t\t\t\t\t\t\t\t\t\t\t\t\t\t\t\t<span class=\"reading-time\" itemprop=\"timeRequired\" content=\"PT2M\"><em>Ca. 2 minutter lesetid<\/em><\/span>\n\t\t\t\t\t\t\t\t\t\t\t\t\t\t\t<\/div>\n\t\t\t\t\t\t<\/div>\n\t\t\t\t\t<\/div>\n\t\t\t\t\t\t<div class=\"sharing\">\n\t\t<a class=\"share-button share-link copy-link\" data-copy=\"https:\/\/hoyre.no\/eidsvoll\/aktuelt\/pasientreiser-ma-fungere-na-haster-det-a-rydde-opp\/\" target=\"_blank\"><span class=\"screen-reader-text\">Del link<\/span><\/a>\n\t\t<a class=\"share-button share-twitter\" href=\"http:\/\/twitter.com\/share?text=Pasientreiser m\u00e5 fungere. N\u00e5 haster det \u00e5 rydde opp&#038;url=https:\/\/hoyre.no\/eidsvoll\/aktuelt\/pasientreiser-ma-fungere-na-haster-det-a-rydde-opp\/&#038;hashtags=Hoyre\" target=\"_blank\"><span class=\"screen-reader-text\">Del p\u00e5 twitter<\/span><\/a>\n\t\t<a class=\"share-button share-facebook\" href=\"https:\/\/www.facebook.com\/sharer\/sharer.php?u=https:\/\/hoyre.no\/eidsvoll\/aktuelt\/pasientreiser-ma-fungere-na-haster-det-a-rydde-opp\/\" target=\"_blank\"><span class=\"screen-reader-text\">Del p\u00e5 facebook<\/span><\/a>\n\t<\/div>\n\t\t\t\t\t<\/div>\n\t\t\t<\/div>\n\n\t\t\t<figure class=\"hoyre-image-wrapper\"><div class=\"hoyre-image\"><img loading=\"lazy\" decoding=\"async\" width=\"1024\" height=\"683\" src=\"https:\/\/hoyre.no\/content\/uploads\/sites\/199\/2026\/04\/tone_w_troen.jpg\" class=\"attachment-scaled size-scaled\" alt=\"\" style=\"object-position: 50% 50%\" srcset=\"https:\/\/hoyre.no\/content\/uploads\/sites\/199\/2026\/04\/tone_w_troen.jpg 1024w, https:\/\/hoyre.no\/content\/uploads\/sites\/199\/2026\/04\/tone_w_troen-300x200.jpg 300w, https:\/\/hoyre.no\/content\/uploads\/sites\/199\/2026\/04\/tone_w_troen-768x512.jpg 768w\" sizes=\"auto, (max-width: 1024px) 100vw, 1024px\" \/><\/div><figcaption class=\"caption\">\u2013 Dette er en utfordring som mer eller mindre har eksistert siden 1. mars 2024. N\u00e5 haster det med \u00e5 rydde opp, sier stortingsrepresentant Tone Wilhelmsen Tr\u00f8en. <\/figcaption><\/figure>\n\n\n\n\n<p>Stortingsrepresentant Tone Wilhelmsen Tr\u00f8en (H) har nylig stilt sp\u00f8rsm\u00e5l til helseministeren om situasjonen. Bakgrunnen er at pasienter fortsatt opplever \u00e5 m\u00e5tte organisere transport selv \u2013 og i noen tilfeller legge ut store summer for \u00e5 komme seg hjem etter behandling.<\/p>\n\n\n\n<p>\u2013 Det er uholdbart at pasienter og deres p\u00e5r\u00f8rende selv m\u00e5 st\u00e5 for \u00e5 organisere og legge ut for transport fra Kongsvinger sykehus. For mange er det krevende \u00e5 m\u00e5tte betale store bel\u00f8p for drosje, s\u00e6rlig n\u00e5r dette egentlig burde dekkes gjennom pasientreiseordningen. S\u00e6rlig er tilbudet d\u00e5rlig p\u00e5 natt, helg og helligdager, sier Tr\u00f8en.<\/p>\n\n\n\n<p><br>Hun peker ogs\u00e5 p\u00e5 at dette har v\u00e6rt en kjent utfordring over tid:<br>\u2013 Dette er en utfordring som mer eller mindre har eksistert siden 1. mars 2024. N\u00e5 haster det med \u00e5 rydde opp.<\/p>\n\n\n\n<p><br>Du kan lese hele sp\u00f8rsm\u00e5let og svaret fra helseministeren her:<br><a href=\"https:\/\/www.stortinget.no\/no\/Saker-og-publikasjoner\/Sporsmal\/Skriftlige-sporsmal-og-svar\/Skriftlig-sporsmal\/?qnid=120623\">https:\/\/www.stortinget.no\/no\/Saker-og-publikasjoner\/Sporsmal\/Skriftlige-sporsmal-og-svar\/Skriftlig-sporsmal\/?qnid=120623<\/a><br><br><strong>Har fulgt saken siden 2024<br><\/strong>Eidsvoll H\u00f8yre har jobbet med denne saken over lengre tid. Allerede i 2024 ble utfordringene l\u00f8ftet gjennom flere kanaler, b\u00e5de lokalt og regionalt.<br>Den gang ble det etablert en l\u00f8sning der pasienter skulle slippe \u00e5 legge ut for transport selv. Dette ble bekreftet gjennom dialog med blant annet helsefellesskapet og relevante akt\u00f8rer.<\/p>\n\n\n\n<p><br><strong>Les saken fra 2024 her:<br><\/strong><a href=\"https:\/\/hoyre.no\/eidsvoll\/aktuelt\/losning-pa-plass-for-pasientreiser-fra-kongsvinger-na-slipper-pasientene-a-betale-selv\/\">https:\/\/hoyre.no\/eidsvoll\/aktuelt\/losning-pa-plass-for-pasientreiser-fra-kongsvinger-na-slipper-pasientene-a-betale-selv\/<\/a><br>P\u00e5 bakgrunn av dette er det ekstra alvorlig at ordningen n\u00e5 ikke ser ut til \u00e5 fungere i praksis.<\/p>\n\n\n<div class=\"tags\">\n\t<\/div>\n<div class=\"post-footer alignfull has-background block-editor-block-list__block\" data-align=full>\n\t<div class=\"post-footer-inner\">\n\t\t<h3>Relaterte artikler<\/h3>\n\t\t<div class=\"related-content\"><div class=\"is-card-hoyre\">\n\t<div class=\"teft-card hoyre-teft-card post-teft-card\">\n\t\t<a href=\"https:\/\/hoyre.no\/eidsvoll\/aktuelt\/eidsvoll-i-endring-refleksjoner-etter-snart-ett-ar-med-ny-politisk-retning\/\" class=\"teft-card__primary-action\">\n\n\t\t\t\t\t<div class=\"teft-card__media teft-card__media--16-9\">\n\t\t\t\t\t\t<img loading=\"lazy\" decoding=\"async\" width=\"768\" height=\"576\" src=\"https:\/\/hoyre.no\/content\/uploads\/sites\/199\/2024\/08\/EidsvollHoyre_Sundet-768x576.jpg\" class=\"attachment-medium_large size-medium_large\" alt=\"\" srcset=\"https:\/\/hoyre.no\/content\/uploads\/sites\/199\/2024\/08\/EidsvollHoyre_Sundet-768x576.jpg 768w, https:\/\/hoyre.no\/content\/uploads\/sites\/199\/2024\/08\/EidsvollHoyre_Sundet-300x225.jpg 300w, https:\/\/hoyre.no\/content\/uploads\/sites\/199\/2024\/08\/EidsvollHoyre_Sundet-1024x768.jpg 1024w, https:\/\/hoyre.no\/content\/uploads\/sites\/199\/2024\/08\/EidsvollHoyre_Sundet-1536x1152.jpg 1536w, https:\/\/hoyre.no\/content\/uploads\/sites\/199\/2024\/08\/EidsvollHoyre_Sundet.jpg 2000w\" sizes=\"auto, (max-width: 768px) 100vw, 768px\" \/>\t\t<\/div>\n\t\t\n\t\t\t<div class=\"teft-card__content-wrapper\">\n\t\t\t\t<div class=\"teft-card__secondary\">\n\t\t\t\t\t\n\t\t\t\t\t\t\t\t<div class=\"teft-card__meta\">\n\t\t\t\t\t\t\t\t\t<span class=\"post-date\">18. aug 2024<\/span>\n\n\t\t\t\t\t\t\t\t\t<span class=\"post-category\">Eidsvoll H\u00f8yre<\/span>\t\t\t\t\t\t\t\t<\/div>\n\t\t\t\t\t\t\t\t\t\t\t<\/div>\n\n\t\t\t\t<div class=\"teft-card__primary\">\n\t\t\t\t\t<h2 class=\"teft-card__title\">Eidsvoll i endring: Refleksjoner etter snart ett \u00e5r med ny politisk retning&nbsp;<span class=\"teft-card__primary-title-append\"><\/span><\/h2>\t\t\t\t<\/div>\n\t\t\t<\/div>\n\t\t<\/a>\n\t<\/div>\n\n\t<\/div><div class=\"is-card-hoyre\">\n\t<div class=\"teft-card hoyre-teft-card post-teft-card\">\n\t\t<a href=\"https:\/\/hoyre.no\/eidsvoll\/aktuelt\/fremtidens-behov-for-helsetjenester\/\" class=\"teft-card__primary-action\">\n\n\t\t\t\t\t<div class=\"teft-card__media teft-card__media--16-9\">\n\t\t\t\t\t\t<img loading=\"lazy\" decoding=\"async\" width=\"768\" height=\"768\" src=\"https:\/\/hoyre.no\/content\/uploads\/sites\/199\/2024\/08\/siv_sognen-768x768.jpg\" class=\"attachment-medium_large size-medium_large\" alt=\"\" srcset=\"https:\/\/hoyre.no\/content\/uploads\/sites\/199\/2024\/08\/siv_sognen-768x768.jpg 768w, https:\/\/hoyre.no\/content\/uploads\/sites\/199\/2024\/08\/siv_sognen-300x300.jpg 300w, https:\/\/hoyre.no\/content\/uploads\/sites\/199\/2024\/08\/siv_sognen-1024x1024.jpg 1024w, https:\/\/hoyre.no\/content\/uploads\/sites\/199\/2024\/08\/siv_sognen-150x150.jpg 150w, https:\/\/hoyre.no\/content\/uploads\/sites\/199\/2024\/08\/siv_sognen-1536x1536.jpg 1536w, https:\/\/hoyre.no\/content\/uploads\/sites\/199\/2024\/08\/siv_sognen.jpg 2048w\" sizes=\"auto, (max-width: 768px) 100vw, 768px\" \/>\t\t<\/div>\n\t\t\n\t\t\t<div class=\"teft-card__content-wrapper\">\n\t\t\t\t<div class=\"teft-card__secondary\">\n\t\t\t\t\t\n\t\t\t\t\t\t\t\t<div class=\"teft-card__meta\">\n\t\t\t\t\t\t\t\t\t<span class=\"post-date\">18. aug 2024<\/span>\n\n\t\t\t\t\t\t\t\t\t<span class=\"post-category\">Eidsvoll H\u00f8yre<\/span>\t\t\t\t\t\t\t\t<\/div>\n\t\t\t\t\t\t\t\t\t\t\t<\/div>\n\n\t\t\t\t<div class=\"teft-card__primary\">\n\t\t\t\t\t<h2 class=\"teft-card__title\">Fremtidens behov for helsetjenester&nbsp;<span class=\"teft-card__primary-title-append\"><\/span><\/h2>\t\t\t\t<\/div>\n\t\t\t<\/div>\n\t\t<\/a>\n\t<\/div>\n\n\t<\/div><div class=\"is-card-hoyre\">\n\t<div class=\"teft-card hoyre-teft-card post-teft-card\">\n\t\t<a href=\"https:\/\/hoyre.no\/eidsvoll\/aktuelt\/ung-hjelper-eldre\/\" class=\"teft-card__primary-action\">\n\n\t\t\t\t\t<div class=\"teft-card__media teft-card__media--16-9\">\n\t\t\t\t\t\t<img loading=\"lazy\" decoding=\"async\" width=\"450\" height=\"450\" src=\"https:\/\/hoyre.no\/content\/uploads\/sites\/199\/2024\/02\/kaffekopp.jpg\" class=\"attachment-medium_large size-medium_large\" alt=\"\" srcset=\"https:\/\/hoyre.no\/content\/uploads\/sites\/199\/2024\/02\/kaffekopp.jpg 450w, https:\/\/hoyre.no\/content\/uploads\/sites\/199\/2024\/02\/kaffekopp-300x300.jpg 300w, https:\/\/hoyre.no\/content\/uploads\/sites\/199\/2024\/02\/kaffekopp-150x150.jpg 150w\" sizes=\"auto, (max-width: 450px) 100vw, 450px\" \/>\t\t<\/div>\n\t\t\n\t\t\t<div class=\"teft-card__content-wrapper\">\n\t\t\t\t<div class=\"teft-card__secondary\">\n\t\t\t\t\t\n\t\t\t\t\t\t\t\t<div class=\"teft-card__meta\">\n\t\t\t\t\t\t\t\t\t<span class=\"post-date\">10. feb 2024<\/span>\n\n\t\t\t\t\t\t\t\t\t<span class=\"post-category\">Eidsvoll H\u00f8yre<\/span>\t\t\t\t\t\t\t\t<\/div>\n\t\t\t\t\t\t\t\t\t\t\t<\/div>\n\n\t\t\t\t<div class=\"teft-card__primary\">\n\t\t\t\t\t<h2 class=\"teft-card__title\">Ung hjelper Eldre&nbsp;<span class=\"teft-card__primary-title-append\"><\/span><\/h2>\t\t\t\t<\/div>\n\t\t\t<\/div>\n\t\t<\/a>\n\t<\/div>\n\n\t<\/div><\/div>\t<\/div>\n<\/div>\n","protected":false},"excerpt":{"rendered":"","protected":false},"author":21304,"featured_media":0,"comment_status":"closed","ping_status":"closed","sticky":false,"template":"","format":"standard","meta":{"teft_cards_image_url":"","teft_cards_custom_pretitle":"","teft_cards_image_id":1218,"teft_cards_image_focal_point_x":0.5,"teft_cards_image_focal_point_y":0.5,"teft_cards_title":"","teft_cards_excerpt":"","teft_show_chapters":false,"author_display_name":"","footnotes":""},"category":[1],"post_tag":[],"hoyre-visibility":[],"article-type":[],"politician":[],"class_list":["post-1217","post","type-post","status-publish","format-standard","hentry","category-ukategorisert"],"yoast_head":"<!-- This site is optimized with the Yoast SEO plugin v26.6 - https:\/\/yoast.com\/wordpress\/plugins\/seo\/ -->\n<title>Pasientreiser m\u00e5 fungere. N\u00e5 haster det \u00e5 rydde opp - Eidsvoll H\u00f8yre<\/title>\n<meta name=\"robots\" content=\"index, follow, max-snippet:-1, max-image-preview:large, max-video-preview:-1\" \/>\n<link rel=\"canonical\" href=\"https:\/\/hoyre.no\/eidsvoll\/aktuelt\/pasientreiser-ma-fungere-na-haster-det-a-rydde-opp\/\" \/>\n<meta property=\"og:locale\" content=\"nb_NO\" \/>\n<meta property=\"og:type\" content=\"article\" \/>\n<meta property=\"og:title\" content=\"Pasientreiser m\u00e5 fungere. N\u00e5 haster det \u00e5 rydde opp - Eidsvoll H\u00f8yre\" \/>\n<meta property=\"og:url\" content=\"https:\/\/hoyre.no\/eidsvoll\/aktuelt\/pasientreiser-ma-fungere-na-haster-det-a-rydde-opp\/\" \/>\n<meta property=\"og:site_name\" content=\"Eidsvoll H\u00f8yre\" \/>\n<meta property=\"article:published_time\" content=\"2026-04-22T10:26:09+00:00\" \/>\n<meta property=\"article:modified_time\" content=\"2026-04-22T11:23:02+00:00\" \/>\n<meta property=\"og:image\" content=\"https:\/\/hoyre.no\/content\/uploads\/sites\/199\/2024\/02\/IMG_4966-1024x578.jpg\" \/>\n<meta name=\"author\" content=\"Elisabeth Gullikstad Albech\" \/>\n<meta name=\"twitter:card\" content=\"summary_large_image\" \/>\n<meta name=\"twitter:label1\" content=\"Skrevet av\" \/>\n\t<meta name=\"twitter:data1\" content=\"Elisabeth Gullikstad Albech\" \/>\n\t<meta name=\"twitter:label2\" content=\"Ansl. lesetid\" \/>\n\t<meta name=\"twitter:data2\" content=\"2 minutter\" \/>\n<script type=\"application\/ld+json\" class=\"yoast-schema-graph\">{\"@context\":\"https:\/\/schema.org\",\"@graph\":[{\"@type\":\"Article\",\"@id\":\"https:\/\/hoyre.no\/eidsvoll\/aktuelt\/pasientreiser-ma-fungere-na-haster-det-a-rydde-opp\/#article\",\"isPartOf\":{\"@id\":\"https:\/\/hoyre.no\/eidsvoll\/aktuelt\/pasientreiser-ma-fungere-na-haster-det-a-rydde-opp\/\"},\"author\":{\"name\":\"Elisabeth Gullikstad Albech\",\"@id\":\"https:\/\/hoyre.no\/eidsvoll\/#\/schema\/person\/44fd9452b4e6d50cfad4fcfe51a7a74d\"},\"headline\":\"Pasientreiser m\u00e5 fungere. N\u00e5 haster det \u00e5 rydde opp\",\"datePublished\":\"2026-04-22T10:26:09+00:00\",\"dateModified\":\"2026-04-22T11:23:02+00:00\",\"mainEntityOfPage\":{\"@id\":\"https:\/\/hoyre.no\/eidsvoll\/aktuelt\/pasientreiser-ma-fungere-na-haster-det-a-rydde-opp\/\"},\"wordCount\":312,\"publisher\":{\"@id\":\"https:\/\/hoyre.no\/eidsvoll\/#organization\"},\"inLanguage\":\"nb-NO\"},{\"@type\":\"NewsArticle\",\"@id\":\"https:\/\/hoyre.no\/eidsvoll\/aktuelt\/pasientreiser-ma-fungere-na-haster-det-a-rydde-opp\/\",\"url\":\"https:\/\/hoyre.no\/eidsvoll\/aktuelt\/pasientreiser-ma-fungere-na-haster-det-a-rydde-opp\/\",\"name\":\"Pasientreiser m\u00e5 fungere. N\u00e5 haster det \u00e5 rydde opp - Eidsvoll H\u00f8yre\",\"isPartOf\":{\"@id\":\"https:\/\/hoyre.no\/eidsvoll\/#website\"},\"datePublished\":\"2026-04-22T10:26:09+00:00\",\"dateModified\":\"2026-04-22T11:23:02+00:00\",\"breadcrumb\":{\"@id\":\"https:\/\/hoyre.no\/eidsvoll\/aktuelt\/pasientreiser-ma-fungere-na-haster-det-a-rydde-opp\/#breadcrumb\"},\"inLanguage\":\"nb-NO\",\"potentialAction\":[{\"@type\":\"ReadAction\",\"target\":[\"https:\/\/hoyre.no\/eidsvoll\/aktuelt\/pasientreiser-ma-fungere-na-haster-det-a-rydde-opp\/\"]}]},{\"@type\":\"BreadcrumbList\",\"@id\":\"https:\/\/hoyre.no\/eidsvoll\/aktuelt\/pasientreiser-ma-fungere-na-haster-det-a-rydde-opp\/#breadcrumb\",\"itemListElement\":[{\"@type\":\"ListItem\",\"position\":1,\"name\":\"Til hoyre.no\",\"item\":\"https:\/\/hoyre.no\"},{\"@type\":\"ListItem\",\"position\":2,\"name\":\"Hjem\",\"item\":\"https:\/\/hoyre.no\/eidsvoll\/\"},{\"@type\":\"ListItem\",\"position\":3,\"name\":\"Pasientreiser m\u00e5 fungere. N\u00e5 haster det \u00e5 rydde opp\"}]},{\"@type\":\"WebSite\",\"@id\":\"https:\/\/hoyre.no\/eidsvoll\/#website\",\"url\":\"https:\/\/hoyre.no\/eidsvoll\/\",\"name\":\"Eidsvoll H\u00f8yre\",\"description\":\"Bare enda et H\u00f8yres nettsteder-nettsted\",\"publisher\":{\"@id\":\"https:\/\/hoyre.no\/eidsvoll\/#organization\"},\"inLanguage\":\"nb-NO\"},{\"@type\":\"Organization\",\"@id\":\"https:\/\/hoyre.no\/eidsvoll\/#organization\",\"name\":\"Eidsvoll H\u00f8yre\",\"url\":\"https:\/\/hoyre.no\/eidsvoll\/\",\"logo\":{\"@type\":\"ImageObject\",\"inLanguage\":\"nb-NO\",\"@id\":\"https:\/\/hoyre.no\/eidsvoll\/#\/schema\/logo\/image\/\",\"url\":\"https:\/\/hoyre.no\/content\/uploads\/sites\/199\/2022\/11\/2020_RGB_hoyre_logo_profilbilde_01.png\",\"contentUrl\":\"https:\/\/hoyre.no\/content\/uploads\/sites\/199\/2022\/11\/2020_RGB_hoyre_logo_profilbilde_01.png\",\"width\":1000,\"height\":1000,\"caption\":\"Eidsvoll H\u00f8yre\"},\"image\":{\"@id\":\"https:\/\/hoyre.no\/eidsvoll\/#\/schema\/logo\/image\/\"}},{\"@type\":\"Person\",\"@id\":\"https:\/\/hoyre.no\/eidsvoll\/#\/schema\/person\/44fd9452b4e6d50cfad4fcfe51a7a74d\",\"name\":\"Elisabeth Gullikstad Albech\",\"image\":{\"@type\":\"ImageObject\",\"inLanguage\":\"nb-NO\",\"@id\":\"https:\/\/hoyre.no\/eidsvoll\/#\/schema\/person\/image\/\",\"url\":\"https:\/\/secure.gravatar.com\/avatar\/ef1aed1581774a48e0e8ad5e1904d3c9edb0545471a0f1dcbd06726b1acb29d6?s=96&d=mm&r=g\",\"contentUrl\":\"https:\/\/secure.gravatar.com\/avatar\/ef1aed1581774a48e0e8ad5e1904d3c9edb0545471a0f1dcbd06726b1acb29d6?s=96&d=mm&r=g\",\"caption\":\"Elisabeth Gullikstad Albech\"},\"url\":\"https:\/\/hoyre.no\/eidsvoll\/aktuelt\/author\/m52103553\/\"}]}<\/script>\n<!-- \/ Yoast SEO plugin. -->","yoast_head_json":{"title":"Pasientreiser m\u00e5 fungere. N\u00e5 haster det \u00e5 rydde opp - Eidsvoll H\u00f8yre","robots":{"index":"index","follow":"follow","max-snippet":"max-snippet:-1","max-image-preview":"max-image-preview:large","max-video-preview":"max-video-preview:-1"},"canonical":"https:\/\/hoyre.no\/eidsvoll\/aktuelt\/pasientreiser-ma-fungere-na-haster-det-a-rydde-opp\/","og_locale":"nb_NO","og_type":"article","og_title":"Pasientreiser m\u00e5 fungere. N\u00e5 haster det \u00e5 rydde opp - Eidsvoll H\u00f8yre","og_url":"https:\/\/hoyre.no\/eidsvoll\/aktuelt\/pasientreiser-ma-fungere-na-haster-det-a-rydde-opp\/","og_site_name":"Eidsvoll H\u00f8yre","article_published_time":"2026-04-22T10:26:09+00:00","article_modified_time":"2026-04-22T11:23:02+00:00","og_image":[{"url":"https:\/\/hoyre.no\/content\/uploads\/sites\/199\/2024\/02\/IMG_4966-1024x578.jpg","width":"","height":"","type":""}],"author":"Elisabeth Gullikstad Albech","twitter_card":"summary_large_image","twitter_misc":{"Skrevet av":"Elisabeth Gullikstad Albech","Ansl. lesetid":"2 minutter"},"schema":{"@context":"https:\/\/schema.org","@graph":[{"@type":"Article","@id":"https:\/\/hoyre.no\/eidsvoll\/aktuelt\/pasientreiser-ma-fungere-na-haster-det-a-rydde-opp\/#article","isPartOf":{"@id":"https:\/\/hoyre.no\/eidsvoll\/aktuelt\/pasientreiser-ma-fungere-na-haster-det-a-rydde-opp\/"},"author":{"name":"Elisabeth Gullikstad Albech","@id":"https:\/\/hoyre.no\/eidsvoll\/#\/schema\/person\/44fd9452b4e6d50cfad4fcfe51a7a74d"},"headline":"Pasientreiser m\u00e5 fungere. N\u00e5 haster det \u00e5 rydde opp","datePublished":"2026-04-22T10:26:09+00:00","dateModified":"2026-04-22T11:23:02+00:00","mainEntityOfPage":{"@id":"https:\/\/hoyre.no\/eidsvoll\/aktuelt\/pasientreiser-ma-fungere-na-haster-det-a-rydde-opp\/"},"wordCount":312,"publisher":{"@id":"https:\/\/hoyre.no\/eidsvoll\/#organization"},"inLanguage":"nb-NO"},{"@type":"NewsArticle","@id":"https:\/\/hoyre.no\/eidsvoll\/aktuelt\/pasientreiser-ma-fungere-na-haster-det-a-rydde-opp\/","url":"https:\/\/hoyre.no\/eidsvoll\/aktuelt\/pasientreiser-ma-fungere-na-haster-det-a-rydde-opp\/","name":"Pasientreiser m\u00e5 fungere. N\u00e5 haster det \u00e5 rydde opp - Eidsvoll H\u00f8yre","isPartOf":{"@id":"https:\/\/hoyre.no\/eidsvoll\/#website"},"datePublished":"2026-04-22T10:26:09+00:00","dateModified":"2026-04-22T11:23:02+00:00","breadcrumb":{"@id":"https:\/\/hoyre.no\/eidsvoll\/aktuelt\/pasientreiser-ma-fungere-na-haster-det-a-rydde-opp\/#breadcrumb"},"inLanguage":"nb-NO","potentialAction":[{"@type":"ReadAction","target":["https:\/\/hoyre.no\/eidsvoll\/aktuelt\/pasientreiser-ma-fungere-na-haster-det-a-rydde-opp\/"]}]},{"@type":"BreadcrumbList","@id":"https:\/\/hoyre.no\/eidsvoll\/aktuelt\/pasientreiser-ma-fungere-na-haster-det-a-rydde-opp\/#breadcrumb","itemListElement":[{"@type":"ListItem","position":1,"name":"Til hoyre.no","item":"https:\/\/hoyre.no"},{"@type":"ListItem","position":2,"name":"Hjem","item":"https:\/\/hoyre.no\/eidsvoll\/"},{"@type":"ListItem","position":3,"name":"Pasientreiser m\u00e5 fungere. N\u00e5 haster det \u00e5 rydde opp"}]},{"@type":"WebSite","@id":"https:\/\/hoyre.no\/eidsvoll\/#website","url":"https:\/\/hoyre.no\/eidsvoll\/","name":"Eidsvoll H\u00f8yre","description":"Bare enda et H\u00f8yres nettsteder-nettsted","publisher":{"@id":"https:\/\/hoyre.no\/eidsvoll\/#organization"},"inLanguage":"nb-NO"},{"@type":"Organization","@id":"https:\/\/hoyre.no\/eidsvoll\/#organization","name":"Eidsvoll H\u00f8yre","url":"https:\/\/hoyre.no\/eidsvoll\/","logo":{"@type":"ImageObject","inLanguage":"nb-NO","@id":"https:\/\/hoyre.no\/eidsvoll\/#\/schema\/logo\/image\/","url":"https:\/\/hoyre.no\/content\/uploads\/sites\/199\/2022\/11\/2020_RGB_hoyre_logo_profilbilde_01.png","contentUrl":"https:\/\/hoyre.no\/content\/uploads\/sites\/199\/2022\/11\/2020_RGB_hoyre_logo_profilbilde_01.png","width":1000,"height":1000,"caption":"Eidsvoll H\u00f8yre"},"image":{"@id":"https:\/\/hoyre.no\/eidsvoll\/#\/schema\/logo\/image\/"}},{"@type":"Person","@id":"https:\/\/hoyre.no\/eidsvoll\/#\/schema\/person\/44fd9452b4e6d50cfad4fcfe51a7a74d","name":"Elisabeth Gullikstad Albech","image":{"@type":"ImageObject","inLanguage":"nb-NO","@id":"https:\/\/hoyre.no\/eidsvoll\/#\/schema\/person\/image\/","url":"https:\/\/secure.gravatar.com\/avatar\/ef1aed1581774a48e0e8ad5e1904d3c9edb0545471a0f1dcbd06726b1acb29d6?s=96&d=mm&r=g","contentUrl":"https:\/\/secure.gravatar.com\/avatar\/ef1aed1581774a48e0e8ad5e1904d3c9edb0545471a0f1dcbd06726b1acb29d6?s=96&d=mm&r=g","caption":"Elisabeth Gullikstad Albech"},"url":"https:\/\/hoyre.no\/eidsvoll\/aktuelt\/author\/m52103553\/"}]}},"distributor_meta":false,"distributor_terms":false,"distributor_media":false,"distributor_original_site_name":"Eidsvoll H\u00f8yre","distributor_original_site_url":"https:\/\/hoyre.no\/eidsvoll","push-errors":false,"_links":{"self":[{"href":"https:\/\/hoyre.no\/eidsvoll\/wp-json\/wp\/v2\/posts\/1217","targetHints":{"allow":["GET"]}}],"collection":[{"href":"https:\/\/hoyre.no\/eidsvoll\/wp-json\/wp\/v2\/posts"}],"about":[{"href":"https:\/\/hoyre.no\/eidsvoll\/wp-json\/wp\/v2\/types\/post"}],"author":[{"embeddable":true,"href":"https:\/\/hoyre.no\/eidsvoll\/wp-json\/wp\/v2\/users\/21304"}],"replies":[{"embeddable":true,"href":"https:\/\/hoyre.no\/eidsvoll\/wp-json\/wp\/v2\/comments?post=1217"}],"version-history":[{"count":2,"href":"https:\/\/hoyre.no\/eidsvoll\/wp-json\/wp\/v2\/posts\/1217\/revisions"}],"predecessor-version":[{"id":1221,"href":"https:\/\/hoyre.no\/eidsvoll\/wp-json\/wp\/v2\/posts\/1217\/revisions\/1221"}],"wp:attachment":[{"href":"https:\/\/hoyre.no\/eidsvoll\/wp-json\/wp\/v2\/media?parent=1217"}],"wp:term":[{"taxonomy":"category","embeddable":true,"href":"https:\/\/hoyre.no\/eidsvoll\/wp-json\/wp\/v2\/category?post=1217"},{"taxonomy":"post_tag","embeddable":true,"href":"https:\/\/hoyre.no\/eidsvoll\/wp-json\/wp\/v2\/post_tag?post=1217"},{"taxonomy":"hoyre-visibility","embeddable":true,"href":"https:\/\/hoyre.no\/eidsvoll\/wp-json\/wp\/v2\/hoyre-visibility?post=1217"},{"taxonomy":"article-type","embeddable":true,"href":"https:\/\/hoyre.no\/eidsvoll\/wp-json\/wp\/v2\/article-type?post=1217"},{"taxonomy":"politician","embeddable":true,"href":"https:\/\/hoyre.no\/eidsvoll\/wp-json\/wp\/v2\/politician?post=1217"}],"curies":[{"name":"wp","href":"https:\/\/api.w.org\/{rel}","templated":true}]}}