{"id":45,"date":"2022-11-07T19:44:01","date_gmt":"2022-11-07T18:44:01","guid":{"rendered":"https:\/\/hoyre.no\/eigersund\/?p=45"},"modified":"2022-11-07T19:44:01","modified_gmt":"2022-11-07T18:44:01","slug":"nominasjonskomiteens-innstilling-til-eigersund-hoyres-valgliste-til-kommunevalget-2023","status":"publish","type":"post","link":"https:\/\/hoyre.no\/eigersund\/aktuelt\/nominasjonskomiteens-innstilling-til-eigersund-hoyres-valgliste-til-kommunevalget-2023\/","title":{"rendered":"Nominasjonskomiteens innstilling til Eigersund H\u00f8yres valgliste til kommunevalget 2023."},"content":{"rendered":"\n<p class=\"preamble\"><em>Ikke overraskende s\u00e5 er det v\u00e5r tidlig nominerte ordf\u00f8rerkandidat Anja Hovland som topper listen. Hun er ogs\u00e5 den eneste kandidaten p\u00e5 listen som er kumulert.<\/em> <br><br>Eigersund H\u00f8yres nominasjonskomite er n\u00e5 ferdig med sitt arbeid med \u00e5 finne kandidater til kommunevalget i 2023. Arbeidet i nominasjonskomiteen har v\u00e6rt todelt. Arbeidet med \u00e5 finne kandidater til listen har v\u00e6rt ledet av nominasjonskomiteens leder, Knut Sirev\u00e5g og medlemmene Tommy Gunvaldsen, Hanne Christine Rynning-Berg, K\u00e5re \u00d8en Hansen og Anja Hovland. Dette arbeidet har p\u00e5g\u00e5tt n\u00e6rmere et \u00e5r. <br>N\u00e5r antall listekandidater var klart, s\u00e5 trakk Knut, Tommy og Hanne seg ut av komitearbeidet. Dette fordi de selv \u00f8nsker \u00e5 v\u00e6re listekandidater og for \u00e5 sikre en ryddig prosess. Knut, Tommy og Hanne har dermed ikke hatt noen p\u00e5virkning p\u00e5 kandidatenes listeplassering. <br><br>Arbeidet med komiteens endelige innstilling til valgliste har blitt ledet av K\u00e5re \u00d8en Hansen, sammen med Anja Hovland og Arne Stapnes. Sistnevnte tredde inn i nominasjonskomiteen i kraft av sitt verv som styremedlem i Eigersund H\u00f8yre. <br>Nominasjonskomiteen, representert ved K\u00e5re, Arne og Anja, har n\u00e5 avsluttet sitt arbeid, og vi kan med glede presentere nominasjonskomiteens forslag og innstilling til Eigersund H\u00f8yres valgliste til kommunevalget 2023. Komiteens innstilling er enstemmig. <br>Anja Hovland er v\u00e5r ordf\u00f8rerkandidat, og hun topper listen. Anja er den eneste kumulerte kandidaten p\u00e5 listen.<br>Vi gleder oss over \u00e5 kunne presentere en liste med mange spennende navn. Noen er helt ferske i politikken, mens andre har v\u00e6rt med lengre. Listen inneholder dermed en god blanding av kontinuitet og fornyelse. Det gleder oss at det har kommet mange nye medlemmer i prosessen, og at mange av disse har lyst til \u00e5 stille seg til disposisjon. <br>Vi har f\u00e5tt en liste med 28 kandidater. 10 kvinner og 18 menn. Vi er s\u00e6rlig forn\u00f8yd med \u00e5 ha et stort aldersspenn blant kandidatene, der den eldste er f\u00f8dt i 1939 og de to yngste er f\u00f8dt i 2004. <br>Det er en spennende liste, og vi er glad for at v\u00e5r ordf\u00f8rerkandidat Anja Hovland har f\u00e5tt med seg mange dyktige og engasjerte kandidater p\u00e5 listen. Det er et supert lag, og det lover godt for den kommende valgkampen og for Eigersund H\u00f8yre i \u00e5rene som kommer. <br><br><strong>Komiteens enstemmige innstilling til valgliste:<\/strong><br><br><strong>1. Anja Hovland (1969). Ordf\u00f8rerkandidat. Kumulert. <\/strong><br>2. Knut Sirev\u00e5g (1958)<br>3. Iselin Gr\u00f8sfjeld Skogen (1984)<br>4. Anders Midbr\u00f8d (1986)<br>5. Jenny Kvilhaug Tuen (1991)<br>6. Kjell Vidar Nyg\u00e5rd (1959)<br>7. Hanne Christine Rynning-Berg (1966)<br>8. Frank Leidland (1960)<br>9. Lise Ravneberg (1972)<br>10. Tommy Bjell\u00e5s (1978)<br>11. Eirik Iversen \u00c5se (1996)<br>12. Anna Toft Thrana (2004)<br>13. Sven-Erik Hetland (1967)<br>14. Tommy Gunvaldsen (1977)<br>15. Thomas Omlid (1972)<br>16. Lene Johansen (1988)<br>17. Haakon Tollefsen Skeie (2004)<br>18. Carsten Blitzner (2000)<br>19. Tom Rasmussen (1960)<br>20. Elisabeth St\u00f8ylen (1966)<br>21. Joakim Grude (1971)<br>22. Terje Gyland (1964)<br>23. Kristoffer Bertelsen (1991)<br>24. Arild Sleveland (1982)<br>25. Line Aarsland Moen (1985)<br>26. Arnfinn Havs\u00f8 (1939)<br>27. Sidsel Margrethe Salvesen (1959)<br>28. Alf Hansen (1952)<br><br>P\u00e5 vegne av nominasjonskomiteen, <br>K\u00e5re \u00d8en Hansen <\/p>\n\n\n\n\n<p><\/p>\n\n\n<div class=\"tags\">\n\t<\/div>\n<div class=\"post-footer alignfull has-background block-editor-block-list__block\" data-align=full>\n\t<div class=\"post-footer-inner\">\n\t\t<h3>Relaterte artikler<\/h3>\n\t\t\t<\/div>\n<\/div>\n","protected":false},"excerpt":{"rendered":"","protected":false},"author":6546,"featured_media":0,"comment_status":"closed","ping_status":"closed","sticky":false,"template":"","format":"standard","meta":{"teft_cards_image_url":"","teft_cards_custom_pretitle":"","teft_cards_image_id":0,"teft_cards_image_focal_point_x":0,"teft_cards_image_focal_point_y":0,"teft_cards_title":"","teft_cards_excerpt":"","teft_show_chapters":false,"author_display_name":"","footnotes":""},"category":[1],"post_tag":[],"hoyre-visibility":[],"article-type":[],"politician":[],"class_list":["post-45","post","type-post","status-publish","format-standard","hentry","category-ukategorisert"],"yoast_head":"<!-- This site is optimized with the Yoast SEO plugin v26.6 - https:\/\/yoast.com\/wordpress\/plugins\/seo\/ -->\n<title>Nominasjonskomiteens innstilling til Eigersund H\u00f8yres valgliste til kommunevalget 2023. - Eigersund H\u00f8yre<\/title>\n<meta name=\"robots\" content=\"index, follow, max-snippet:-1, max-image-preview:large, max-video-preview:-1\" \/>\n<link rel=\"canonical\" href=\"https:\/\/hoyre.no\/eigersund\/aktuelt\/nominasjonskomiteens-innstilling-til-eigersund-hoyres-valgliste-til-kommunevalget-2023\/\" \/>\n<meta property=\"og:locale\" content=\"nb_NO\" \/>\n<meta property=\"og:type\" content=\"article\" \/>\n<meta property=\"og:title\" content=\"Nominasjonskomiteens innstilling til Eigersund H\u00f8yres valgliste til kommunevalget 2023. - Eigersund H\u00f8yre\" \/>\n<meta property=\"og:url\" content=\"https:\/\/hoyre.no\/eigersund\/aktuelt\/nominasjonskomiteens-innstilling-til-eigersund-hoyres-valgliste-til-kommunevalget-2023\/\" \/>\n<meta property=\"og:site_name\" content=\"Eigersund H\u00f8yre\" \/>\n<meta property=\"article:published_time\" content=\"2022-11-07T18:44:01+00:00\" \/>\n<meta property=\"og:image\" content=\"https:\/\/hoyre.no\/content\/uploads\/sites\/225\/2022\/11\/Hoyres-logo.png\" \/>\n\t<meta property=\"og:image:width\" content=\"1000\" \/>\n\t<meta property=\"og:image:height\" content=\"1000\" \/>\n\t<meta property=\"og:image:type\" content=\"image\/png\" \/>\n<meta name=\"author\" content=\"Anja Hovland\" \/>\n<meta name=\"twitter:card\" content=\"summary_large_image\" \/>\n<meta name=\"twitter:label1\" content=\"Skrevet av\" \/>\n\t<meta name=\"twitter:data1\" content=\"Anja Hovland\" \/>\n\t<meta name=\"twitter:label2\" content=\"Ansl. lesetid\" \/>\n\t<meta name=\"twitter:data2\" content=\"3 minutter\" \/>\n<script type=\"application\/ld+json\" class=\"yoast-schema-graph\">{\"@context\":\"https:\/\/schema.org\",\"@graph\":[{\"@type\":\"NewsArticle\",\"@id\":\"https:\/\/hoyre.no\/eigersund\/aktuelt\/nominasjonskomiteens-innstilling-til-eigersund-hoyres-valgliste-til-kommunevalget-2023\/\",\"url\":\"https:\/\/hoyre.no\/eigersund\/aktuelt\/nominasjonskomiteens-innstilling-til-eigersund-hoyres-valgliste-til-kommunevalget-2023\/\",\"name\":\"Nominasjonskomiteens innstilling til Eigersund H\u00f8yres valgliste til kommunevalget 2023. - Eigersund H\u00f8yre\",\"isPartOf\":{\"@id\":\"https:\/\/hoyre.no\/eigersund\/#website\"},\"datePublished\":\"2022-11-07T18:44:01+00:00\",\"author\":{\"@id\":\"https:\/\/hoyre.no\/eigersund\/#\/schema\/person\/e8beb460184b117a9fdcaa60ed63dde5\"},\"breadcrumb\":{\"@id\":\"https:\/\/hoyre.no\/eigersund\/aktuelt\/nominasjonskomiteens-innstilling-til-eigersund-hoyres-valgliste-til-kommunevalget-2023\/#breadcrumb\"},\"inLanguage\":\"nb-NO\",\"potentialAction\":[{\"@type\":\"ReadAction\",\"target\":[\"https:\/\/hoyre.no\/eigersund\/aktuelt\/nominasjonskomiteens-innstilling-til-eigersund-hoyres-valgliste-til-kommunevalget-2023\/\"]}]},{\"@type\":\"BreadcrumbList\",\"@id\":\"https:\/\/hoyre.no\/eigersund\/aktuelt\/nominasjonskomiteens-innstilling-til-eigersund-hoyres-valgliste-til-kommunevalget-2023\/#breadcrumb\",\"itemListElement\":[{\"@type\":\"ListItem\",\"position\":1,\"name\":\"Til hoyre.no\",\"item\":\"https:\/\/hoyre.no\"},{\"@type\":\"ListItem\",\"position\":2,\"name\":\"Hjem\",\"item\":\"https:\/\/hoyre.no\/eigersund\/\"},{\"@type\":\"ListItem\",\"position\":3,\"name\":\"Nominasjonskomiteens innstilling til Eigersund H\u00f8yres valgliste til kommunevalget 2023.\"}]},{\"@type\":\"WebSite\",\"@id\":\"https:\/\/hoyre.no\/eigersund\/#website\",\"url\":\"https:\/\/hoyre.no\/eigersund\/\",\"name\":\"Eigersund H\u00f8yre\",\"description\":\"Bare enda et H\u00f8yres nettsteder-nettsted\",\"inLanguage\":\"nb-NO\"},{\"@type\":\"Person\",\"@id\":\"https:\/\/hoyre.no\/eigersund\/#\/schema\/person\/e8beb460184b117a9fdcaa60ed63dde5\",\"name\":\"Anja Hovland\",\"image\":{\"@type\":\"ImageObject\",\"inLanguage\":\"nb-NO\",\"@id\":\"https:\/\/hoyre.no\/eigersund\/#\/schema\/person\/image\/\",\"url\":\"https:\/\/secure.gravatar.com\/avatar\/b46c0ecd9bda72fecc2b83dff937b616a8a8b3dc6bc432dbede0a1007a56201e?s=96&d=mm&r=g\",\"contentUrl\":\"https:\/\/secure.gravatar.com\/avatar\/b46c0ecd9bda72fecc2b83dff937b616a8a8b3dc6bc432dbede0a1007a56201e?s=96&d=mm&r=g\",\"caption\":\"Anja Hovland\"},\"url\":\"https:\/\/hoyre.no\/eigersund\/aktuelt\/author\/m50488857\/\"}]}<\/script>\n<!-- \/ Yoast SEO plugin. -->","yoast_head_json":{"title":"Nominasjonskomiteens innstilling til Eigersund H\u00f8yres valgliste til kommunevalget 2023. - Eigersund H\u00f8yre","robots":{"index":"index","follow":"follow","max-snippet":"max-snippet:-1","max-image-preview":"max-image-preview:large","max-video-preview":"max-video-preview:-1"},"canonical":"https:\/\/hoyre.no\/eigersund\/aktuelt\/nominasjonskomiteens-innstilling-til-eigersund-hoyres-valgliste-til-kommunevalget-2023\/","og_locale":"nb_NO","og_type":"article","og_title":"Nominasjonskomiteens innstilling til Eigersund H\u00f8yres valgliste til kommunevalget 2023. - Eigersund H\u00f8yre","og_url":"https:\/\/hoyre.no\/eigersund\/aktuelt\/nominasjonskomiteens-innstilling-til-eigersund-hoyres-valgliste-til-kommunevalget-2023\/","og_site_name":"Eigersund H\u00f8yre","article_published_time":"2022-11-07T18:44:01+00:00","og_image":[{"width":1000,"height":1000,"url":"https:\/\/hoyre.no\/content\/uploads\/sites\/225\/2022\/11\/Hoyres-logo.png","type":"image\/png"}],"author":"Anja Hovland","twitter_card":"summary_large_image","twitter_misc":{"Skrevet av":"Anja Hovland","Ansl. lesetid":"3 minutter"},"schema":{"@context":"https:\/\/schema.org","@graph":[{"@type":"NewsArticle","@id":"https:\/\/hoyre.no\/eigersund\/aktuelt\/nominasjonskomiteens-innstilling-til-eigersund-hoyres-valgliste-til-kommunevalget-2023\/","url":"https:\/\/hoyre.no\/eigersund\/aktuelt\/nominasjonskomiteens-innstilling-til-eigersund-hoyres-valgliste-til-kommunevalget-2023\/","name":"Nominasjonskomiteens innstilling til Eigersund H\u00f8yres valgliste til kommunevalget 2023. - Eigersund H\u00f8yre","isPartOf":{"@id":"https:\/\/hoyre.no\/eigersund\/#website"},"datePublished":"2022-11-07T18:44:01+00:00","author":{"@id":"https:\/\/hoyre.no\/eigersund\/#\/schema\/person\/e8beb460184b117a9fdcaa60ed63dde5"},"breadcrumb":{"@id":"https:\/\/hoyre.no\/eigersund\/aktuelt\/nominasjonskomiteens-innstilling-til-eigersund-hoyres-valgliste-til-kommunevalget-2023\/#breadcrumb"},"inLanguage":"nb-NO","potentialAction":[{"@type":"ReadAction","target":["https:\/\/hoyre.no\/eigersund\/aktuelt\/nominasjonskomiteens-innstilling-til-eigersund-hoyres-valgliste-til-kommunevalget-2023\/"]}]},{"@type":"BreadcrumbList","@id":"https:\/\/hoyre.no\/eigersund\/aktuelt\/nominasjonskomiteens-innstilling-til-eigersund-hoyres-valgliste-til-kommunevalget-2023\/#breadcrumb","itemListElement":[{"@type":"ListItem","position":1,"name":"Til hoyre.no","item":"https:\/\/hoyre.no"},{"@type":"ListItem","position":2,"name":"Hjem","item":"https:\/\/hoyre.no\/eigersund\/"},{"@type":"ListItem","position":3,"name":"Nominasjonskomiteens innstilling til Eigersund H\u00f8yres valgliste til kommunevalget 2023."}]},{"@type":"WebSite","@id":"https:\/\/hoyre.no\/eigersund\/#website","url":"https:\/\/hoyre.no\/eigersund\/","name":"Eigersund H\u00f8yre","description":"Bare enda et H\u00f8yres nettsteder-nettsted","inLanguage":"nb-NO"},{"@type":"Person","@id":"https:\/\/hoyre.no\/eigersund\/#\/schema\/person\/e8beb460184b117a9fdcaa60ed63dde5","name":"Anja Hovland","image":{"@type":"ImageObject","inLanguage":"nb-NO","@id":"https:\/\/hoyre.no\/eigersund\/#\/schema\/person\/image\/","url":"https:\/\/secure.gravatar.com\/avatar\/b46c0ecd9bda72fecc2b83dff937b616a8a8b3dc6bc432dbede0a1007a56201e?s=96&d=mm&r=g","contentUrl":"https:\/\/secure.gravatar.com\/avatar\/b46c0ecd9bda72fecc2b83dff937b616a8a8b3dc6bc432dbede0a1007a56201e?s=96&d=mm&r=g","caption":"Anja Hovland"},"url":"https:\/\/hoyre.no\/eigersund\/aktuelt\/author\/m50488857\/"}]}},"distributor_meta":false,"distributor_terms":false,"distributor_media":false,"distributor_original_site_name":"Eigersund H\u00f8yre","distributor_original_site_url":"https:\/\/hoyre.no\/eigersund","push-errors":false,"_links":{"self":[{"href":"https:\/\/hoyre.no\/eigersund\/wp-json\/wp\/v2\/posts\/45","targetHints":{"allow":["GET"]}}],"collection":[{"href":"https:\/\/hoyre.no\/eigersund\/wp-json\/wp\/v2\/posts"}],"about":[{"href":"https:\/\/hoyre.no\/eigersund\/wp-json\/wp\/v2\/types\/post"}],"author":[{"embeddable":true,"href":"https:\/\/hoyre.no\/eigersund\/wp-json\/wp\/v2\/users\/6546"}],"replies":[{"embeddable":true,"href":"https:\/\/hoyre.no\/eigersund\/wp-json\/wp\/v2\/comments?post=45"}],"version-history":[{"count":1,"href":"https:\/\/hoyre.no\/eigersund\/wp-json\/wp\/v2\/posts\/45\/revisions"}],"predecessor-version":[{"id":46,"href":"https:\/\/hoyre.no\/eigersund\/wp-json\/wp\/v2\/posts\/45\/revisions\/46"}],"wp:attachment":[{"href":"https:\/\/hoyre.no\/eigersund\/wp-json\/wp\/v2\/media?parent=45"}],"wp:term":[{"taxonomy":"category","embeddable":true,"href":"https:\/\/hoyre.no\/eigersund\/wp-json\/wp\/v2\/category?post=45"},{"taxonomy":"post_tag","embeddable":true,"href":"https:\/\/hoyre.no\/eigersund\/wp-json\/wp\/v2\/post_tag?post=45"},{"taxonomy":"hoyre-visibility","embeddable":true,"href":"https:\/\/hoyre.no\/eigersund\/wp-json\/wp\/v2\/hoyre-visibility?post=45"},{"taxonomy":"article-type","embeddable":true,"href":"https:\/\/hoyre.no\/eigersund\/wp-json\/wp\/v2\/article-type?post=45"},{"taxonomy":"politician","embeddable":true,"href":"https:\/\/hoyre.no\/eigersund\/wp-json\/wp\/v2\/politician?post=45"}],"curies":[{"name":"wp","href":"https:\/\/api.w.org\/{rel}","templated":true}]}}