{"id":1102,"date":"2023-08-28T16:31:24","date_gmt":"2023-08-28T14:31:24","guid":{"rendered":"https:\/\/hoyre.no\/elverum\/?p=1102"},"modified":"2023-09-01T14:17:55","modified_gmt":"2023-09-01T12:17:55","slug":"eiendomsskatten-bor-ned","status":"publish","type":"post","link":"https:\/\/hoyre.no\/elverum\/aktuelt\/eiendomsskatten-bor-ned\/","title":{"rendered":"Eiendomsskatten b\u00f8r ned"},"content":{"rendered":"\n<figure class=\"hoyre-image-wrapper\"><div class=\"hoyre-image\"><img loading=\"lazy\" decoding=\"async\" width=\"1628\" height=\"2451\" src=\"https:\/\/hoyre.no\/content\/uploads\/sites\/83\/2023\/05\/Yngve-Saetre.jpg\" class=\"attachment-scaled size-scaled\" alt=\"\" style=\"object-position: 50% 50%\" srcset=\"https:\/\/hoyre.no\/content\/uploads\/sites\/83\/2023\/05\/Yngve-Saetre.jpg 1628w, https:\/\/hoyre.no\/content\/uploads\/sites\/83\/2023\/05\/Yngve-Saetre-199x300.jpg 199w, https:\/\/hoyre.no\/content\/uploads\/sites\/83\/2023\/05\/Yngve-Saetre-680x1024.jpg 680w, https:\/\/hoyre.no\/content\/uploads\/sites\/83\/2023\/05\/Yngve-Saetre-768x1156.jpg 768w, https:\/\/hoyre.no\/content\/uploads\/sites\/83\/2023\/05\/Yngve-Saetre-1020x1536.jpg 1020w, https:\/\/hoyre.no\/content\/uploads\/sites\/83\/2023\/05\/Yngve-Saetre-1360x2048.jpg 1360w\" sizes=\"auto, (max-width: 1628px) 100vw, 1628px\" \/><\/div><figcaption class=\"caption\">Yngve S\u00e6tre Elverum H\u00f8yres ordf\u00f8rerkandidat<\/figcaption><\/figure>\n\n\n\n\n<p>Nylig fikk boligeiere i Elverum regning p\u00e5 eiendomsskatt for 2. kvartal. En gjennomsnittlig bolig p\u00e5 120 kvadratmeter i Elverum betaler n\u00e5 5595 kroner i eiendomsskatt \u00e5rlig. Dette er den h\u00f8yeste eiendomsskatten i hele \u00d8sterdalen. Dette er ogs\u00e5 h\u00f8yere enn kommuner vi ofte sammenlikner oss med som Hamar, Kongsvinger, Gj\u00f8vik, Ringsaker og Stange.<\/p>\n\n\n\n<p>Eiendomsskatt er en annerledes skatt som gis p\u00e5 kvadratmeter i stedet for lommebok. Derfor er det ikke n\u00f8dvendigvis de med best betalingsevne som f\u00e5r de h\u00f8yeste regningene. Dette gir skjeve og ofte uheldige utslag. For eksempel rammes barnefamilier med store hus og h\u00f8y gjeld ogs\u00e5 av h\u00f8y eiendomsskatt.&nbsp;<\/p>\n\n\n\n<p>Det er ingen rasjonell grunn til at Elverum skal ha den h\u00f8yeste eiendomsskatten i \u00d8sterdalen. Dette er tyngende for innbyggerne, og det reduserer Elverums attraktivitet. Eiendomsskatten b\u00f8r derfor senkes. De neste fire \u00e5r vil Elverum H\u00f8yre arbeide for \u00e5 redusere denne skatten s\u00e5 mye som mulig. &nbsp;&nbsp;&nbsp;&nbsp;<\/p>\n\n\n\n<p>Yngve S\u00e6tre, Ordf\u00f8rerkandidat for Elverum H\u00f8yre&nbsp;<\/p>\n\n\n<div class=\"tags\">\n\t\t<div class=\"wp-block-tag-cloud\">\n\t\t\t\t\t<a href=\"https:\/\/hoyre.no\/elverum\/aktuelt\/tag\/elverum-hoyre\/\" class=\"tag-cloud-link\">Elverum H\u00f8yre<\/a>\n\t\t\t<\/div>\n\t<\/div>\n<div class=\"post-footer alignfull has-background block-editor-block-list__block\" data-align=full>\n\t<div class=\"post-footer-inner\">\n\t\t<h3>Relaterte artikler<\/h3>\n\t\t<div class=\"related-content\"><div class=\"is-card-hoyre\">\n\t<div class=\"teft-card hoyre-teft-card post-teft-card\">\n\t\t<a href=\"https:\/\/hoyre.no\/elverum\/aktuelt\/forpliktende-fra-hoyre-forsvaret-foran-andre-samfunnsoppgaver\/\" class=\"teft-card__primary-action\">\n\n\t\t\t<div class=\"teft-card__media teft-card__media--16-9 no-image\"><\/div>\n\t\t\t<div class=\"teft-card__content-wrapper\">\n\t\t\t\t<div class=\"teft-card__secondary\">\n\t\t\t\t\t\n\t\t\t\t\t\t\t\t<div class=\"teft-card__meta\">\n\t\t\t\t\t\t\t\t\t<span class=\"post-date\">19. feb 2026<\/span>\n\n\t\t\t\t\t\t\t\t\t<span class=\"post-category\">Valg 2026<\/span>\t\t\t\t\t\t\t\t<\/div>\n\t\t\t\t\t\t\t\t\t\t\t<\/div>\n\n\t\t\t\t<div class=\"teft-card__primary\">\n\t\t\t\t\t<h2 class=\"teft-card__title\">Forpliktende fra H\u00f8yre: Forsvaret foran andre samfunnsoppgaver&nbsp;<span class=\"teft-card__primary-title-append\"><\/span><\/h2>\t\t\t\t<\/div>\n\t\t\t<\/div>\n\t\t<\/a>\n\t<\/div>\n\n\t<\/div><div class=\"is-card-hoyre\">\n\t<div class=\"teft-card hoyre-teft-card post-teft-card\">\n\t\t<a href=\"https:\/\/hoyre.no\/elverum\/aktuelt\/vi-ma-handle-na\/\" class=\"teft-card__primary-action\">\n\n\t\t\t<div class=\"teft-card__media teft-card__media--16-9 no-image\"><\/div>\n\t\t\t<div class=\"teft-card__content-wrapper\">\n\t\t\t\t<div class=\"teft-card__secondary\">\n\t\t\t\t\t\n\t\t\t\t\t\t\t\t<div class=\"teft-card__meta\">\n\t\t\t\t\t\t\t\t\t<span class=\"post-date\">22. jan 2026<\/span>\n\n\t\t\t\t\t\t\t\t\t<span class=\"post-category\">Ukategorisert<\/span>\t\t\t\t\t\t\t\t<\/div>\n\t\t\t\t\t\t\t\t\t\t\t<\/div>\n\n\t\t\t\t<div class=\"teft-card__primary\">\n\t\t\t\t\t<h2 class=\"teft-card__title\">Vi m\u00e5 handle n\u00e5&nbsp;<span class=\"teft-card__primary-title-append\"><\/span><\/h2>\t\t\t\t<\/div>\n\t\t\t<\/div>\n\t\t<\/a>\n\t<\/div>\n\n\t<\/div><div class=\"is-card-hoyre\">\n\t<div class=\"teft-card hoyre-teft-card post-teft-card\">\n\t\t<a href=\"https:\/\/hoyre.no\/elverum\/aktuelt\/arsmote-i-innlandet-hoyre-10-januar-2026\/\" class=\"teft-card__primary-action\">\n\n\t\t\t<div class=\"teft-card__media teft-card__media--16-9 no-image\"><\/div>\n\t\t\t<div class=\"teft-card__content-wrapper\">\n\t\t\t\t<div class=\"teft-card__secondary\">\n\t\t\t\t\t\n\t\t\t\t\t\t\t\t<div class=\"teft-card__meta\">\n\t\t\t\t\t\t\t\t\t<span class=\"post-date\">11. jan 2026<\/span>\n\n\t\t\t\t\t\t\t\t\t<span class=\"post-category\">Valg 2026<\/span>\t\t\t\t\t\t\t\t<\/div>\n\t\t\t\t\t\t\t\t\t\t\t<\/div>\n\n\t\t\t\t<div class=\"teft-card__primary\">\n\t\t\t\t\t<h2 class=\"teft-card__title\">\u00c5rsm\u00f8te i Innlandet H\u00f8yre 10 januar 2026&nbsp;<span class=\"teft-card__primary-title-append\"><\/span><\/h2>\t\t\t\t<\/div>\n\t\t\t<\/div>\n\t\t<\/a>\n\t<\/div>\n\n\t<\/div><\/div>\t<\/div>\n<\/div>\n","protected":false},"excerpt":{"rendered":"","protected":false},"author":15299,"featured_media":0,"comment_status":"closed","ping_status":"closed","sticky":false,"template":"","format":"standard","meta":{"teft_cards_image_url":"","teft_cards_custom_pretitle":"","teft_cards_image_id":1113,"teft_cards_image_focal_point_x":0.5,"teft_cards_image_focal_point_y":0.5,"teft_cards_title":"","teft_cards_excerpt":"","teft_show_chapters":false,"author_display_name":"","footnotes":""},"category":[10,14],"post_tag":[8],"hoyre-visibility":[],"article-type":[],"politician":[],"class_list":["post-1102","post","type-post","status-publish","format-standard","hentry","category-politkk","category-valg-2023","tag-elverum-hoyre"],"yoast_head":"<!-- This site is optimized with the Yoast SEO plugin v26.6 - https:\/\/yoast.com\/wordpress\/plugins\/seo\/ -->\n<title>Eiendomsskatten b\u00f8r ned - Elverum H\u00f8yre<\/title>\n<meta name=\"robots\" content=\"index, follow, max-snippet:-1, max-image-preview:large, max-video-preview:-1\" \/>\n<link rel=\"canonical\" href=\"https:\/\/hoyre.no\/elverum\/aktuelt\/eiendomsskatten-bor-ned\/\" \/>\n<meta property=\"og:locale\" content=\"nb_NO\" \/>\n<meta property=\"og:type\" content=\"article\" \/>\n<meta property=\"og:title\" content=\"Eiendomsskatten b\u00f8r ned - Elverum H\u00f8yre\" \/>\n<meta property=\"og:url\" content=\"https:\/\/hoyre.no\/elverum\/aktuelt\/eiendomsskatten-bor-ned\/\" \/>\n<meta property=\"og:site_name\" content=\"Elverum H\u00f8yre\" \/>\n<meta property=\"article:published_time\" content=\"2023-08-28T14:31:24+00:00\" \/>\n<meta property=\"article:modified_time\" content=\"2023-09-01T12:17:55+00:00\" \/>\n<meta property=\"og:image\" content=\"https:\/\/hoyre.no\/content\/uploads\/sites\/83\/2025\/06\/Yngve-arsmotet-2025-1-jpg-1024x683.jpg\" \/>\n<meta name=\"author\" content=\"Jan Eirik Krey\" \/>\n<meta name=\"twitter:card\" content=\"summary_large_image\" \/>\n<meta name=\"twitter:label1\" content=\"Skrevet av\" \/>\n\t<meta name=\"twitter:data1\" content=\"Jan Eirik Krey\" \/>\n\t<meta name=\"twitter:label2\" content=\"Ansl. lesetid\" \/>\n\t<meta name=\"twitter:data2\" content=\"1 minutt\" \/>\n<script type=\"application\/ld+json\" class=\"yoast-schema-graph\">{\"@context\":\"https:\/\/schema.org\",\"@graph\":[{\"@type\":\"NewsArticle\",\"@id\":\"https:\/\/hoyre.no\/elverum\/aktuelt\/eiendomsskatten-bor-ned\/\",\"url\":\"https:\/\/hoyre.no\/elverum\/aktuelt\/eiendomsskatten-bor-ned\/\",\"name\":\"Eiendomsskatten b\u00f8r ned - Elverum H\u00f8yre\",\"isPartOf\":{\"@id\":\"https:\/\/hoyre.no\/elverum\/#website\"},\"datePublished\":\"2023-08-28T14:31:24+00:00\",\"dateModified\":\"2023-09-01T12:17:55+00:00\",\"author\":{\"@id\":\"https:\/\/hoyre.no\/elverum\/#\/schema\/person\/b917b07dc5b6b1fa77dff34d119dd2d7\"},\"breadcrumb\":{\"@id\":\"https:\/\/hoyre.no\/elverum\/aktuelt\/eiendomsskatten-bor-ned\/#breadcrumb\"},\"inLanguage\":\"nb-NO\",\"potentialAction\":[{\"@type\":\"ReadAction\",\"target\":[\"https:\/\/hoyre.no\/elverum\/aktuelt\/eiendomsskatten-bor-ned\/\"]}]},{\"@type\":\"BreadcrumbList\",\"@id\":\"https:\/\/hoyre.no\/elverum\/aktuelt\/eiendomsskatten-bor-ned\/#breadcrumb\",\"itemListElement\":[{\"@type\":\"ListItem\",\"position\":1,\"name\":\"Til hoyre.no\",\"item\":\"https:\/\/hoyre.no\"},{\"@type\":\"ListItem\",\"position\":2,\"name\":\"Hjem\",\"item\":\"https:\/\/hoyre.no\/elverum\/\"},{\"@type\":\"ListItem\",\"position\":3,\"name\":\"Eiendomsskatten b\u00f8r ned\"}]},{\"@type\":\"WebSite\",\"@id\":\"https:\/\/hoyre.no\/elverum\/#website\",\"url\":\"https:\/\/hoyre.no\/elverum\/\",\"name\":\"Elverum H\u00f8yre\",\"description\":\"Bare enda et H\u00f8yres nettsteder-nettsted\",\"inLanguage\":\"nb-NO\"},{\"@type\":\"Person\",\"@id\":\"https:\/\/hoyre.no\/elverum\/#\/schema\/person\/b917b07dc5b6b1fa77dff34d119dd2d7\",\"name\":\"Jan Eirik Krey\",\"image\":{\"@type\":\"ImageObject\",\"inLanguage\":\"nb-NO\",\"@id\":\"https:\/\/hoyre.no\/elverum\/#\/schema\/person\/image\/\",\"url\":\"https:\/\/secure.gravatar.com\/avatar\/f36e8644ac04eb8b61e2a333ddd05fa62d3897cc74f2a9f6b1c3995012bb985c?s=96&d=mm&r=g\",\"contentUrl\":\"https:\/\/secure.gravatar.com\/avatar\/f36e8644ac04eb8b61e2a333ddd05fa62d3897cc74f2a9f6b1c3995012bb985c?s=96&d=mm&r=g\",\"caption\":\"Jan Eirik Krey\"},\"url\":\"https:\/\/hoyre.no\/elverum\/aktuelt\/author\/m51914091\/\"}]}<\/script>\n<!-- \/ Yoast SEO plugin. -->","yoast_head_json":{"title":"Eiendomsskatten b\u00f8r ned - Elverum H\u00f8yre","robots":{"index":"index","follow":"follow","max-snippet":"max-snippet:-1","max-image-preview":"max-image-preview:large","max-video-preview":"max-video-preview:-1"},"canonical":"https:\/\/hoyre.no\/elverum\/aktuelt\/eiendomsskatten-bor-ned\/","og_locale":"nb_NO","og_type":"article","og_title":"Eiendomsskatten b\u00f8r ned - Elverum H\u00f8yre","og_url":"https:\/\/hoyre.no\/elverum\/aktuelt\/eiendomsskatten-bor-ned\/","og_site_name":"Elverum H\u00f8yre","article_published_time":"2023-08-28T14:31:24+00:00","article_modified_time":"2023-09-01T12:17:55+00:00","og_image":[{"url":"https:\/\/hoyre.no\/content\/uploads\/sites\/83\/2025\/06\/Yngve-arsmotet-2025-1-jpg-1024x683.jpg","width":"","height":"","type":""}],"author":"Jan Eirik Krey","twitter_card":"summary_large_image","twitter_misc":{"Skrevet av":"Jan Eirik Krey","Ansl. lesetid":"1 minutt"},"schema":{"@context":"https:\/\/schema.org","@graph":[{"@type":"NewsArticle","@id":"https:\/\/hoyre.no\/elverum\/aktuelt\/eiendomsskatten-bor-ned\/","url":"https:\/\/hoyre.no\/elverum\/aktuelt\/eiendomsskatten-bor-ned\/","name":"Eiendomsskatten b\u00f8r ned - Elverum H\u00f8yre","isPartOf":{"@id":"https:\/\/hoyre.no\/elverum\/#website"},"datePublished":"2023-08-28T14:31:24+00:00","dateModified":"2023-09-01T12:17:55+00:00","author":{"@id":"https:\/\/hoyre.no\/elverum\/#\/schema\/person\/b917b07dc5b6b1fa77dff34d119dd2d7"},"breadcrumb":{"@id":"https:\/\/hoyre.no\/elverum\/aktuelt\/eiendomsskatten-bor-ned\/#breadcrumb"},"inLanguage":"nb-NO","potentialAction":[{"@type":"ReadAction","target":["https:\/\/hoyre.no\/elverum\/aktuelt\/eiendomsskatten-bor-ned\/"]}]},{"@type":"BreadcrumbList","@id":"https:\/\/hoyre.no\/elverum\/aktuelt\/eiendomsskatten-bor-ned\/#breadcrumb","itemListElement":[{"@type":"ListItem","position":1,"name":"Til hoyre.no","item":"https:\/\/hoyre.no"},{"@type":"ListItem","position":2,"name":"Hjem","item":"https:\/\/hoyre.no\/elverum\/"},{"@type":"ListItem","position":3,"name":"Eiendomsskatten b\u00f8r ned"}]},{"@type":"WebSite","@id":"https:\/\/hoyre.no\/elverum\/#website","url":"https:\/\/hoyre.no\/elverum\/","name":"Elverum H\u00f8yre","description":"Bare enda et H\u00f8yres nettsteder-nettsted","inLanguage":"nb-NO"},{"@type":"Person","@id":"https:\/\/hoyre.no\/elverum\/#\/schema\/person\/b917b07dc5b6b1fa77dff34d119dd2d7","name":"Jan Eirik Krey","image":{"@type":"ImageObject","inLanguage":"nb-NO","@id":"https:\/\/hoyre.no\/elverum\/#\/schema\/person\/image\/","url":"https:\/\/secure.gravatar.com\/avatar\/f36e8644ac04eb8b61e2a333ddd05fa62d3897cc74f2a9f6b1c3995012bb985c?s=96&d=mm&r=g","contentUrl":"https:\/\/secure.gravatar.com\/avatar\/f36e8644ac04eb8b61e2a333ddd05fa62d3897cc74f2a9f6b1c3995012bb985c?s=96&d=mm&r=g","caption":"Jan Eirik Krey"},"url":"https:\/\/hoyre.no\/elverum\/aktuelt\/author\/m51914091\/"}]}},"distributor_meta":false,"distributor_terms":false,"distributor_media":false,"distributor_original_site_name":"Elverum H\u00f8yre","distributor_original_site_url":"https:\/\/hoyre.no\/elverum","push-errors":false,"_links":{"self":[{"href":"https:\/\/hoyre.no\/elverum\/wp-json\/wp\/v2\/posts\/1102","targetHints":{"allow":["GET"]}}],"collection":[{"href":"https:\/\/hoyre.no\/elverum\/wp-json\/wp\/v2\/posts"}],"about":[{"href":"https:\/\/hoyre.no\/elverum\/wp-json\/wp\/v2\/types\/post"}],"author":[{"embeddable":true,"href":"https:\/\/hoyre.no\/elverum\/wp-json\/wp\/v2\/users\/15299"}],"replies":[{"embeddable":true,"href":"https:\/\/hoyre.no\/elverum\/wp-json\/wp\/v2\/comments?post=1102"}],"version-history":[{"count":2,"href":"https:\/\/hoyre.no\/elverum\/wp-json\/wp\/v2\/posts\/1102\/revisions"}],"predecessor-version":[{"id":1126,"href":"https:\/\/hoyre.no\/elverum\/wp-json\/wp\/v2\/posts\/1102\/revisions\/1126"}],"wp:attachment":[{"href":"https:\/\/hoyre.no\/elverum\/wp-json\/wp\/v2\/media?parent=1102"}],"wp:term":[{"taxonomy":"category","embeddable":true,"href":"https:\/\/hoyre.no\/elverum\/wp-json\/wp\/v2\/category?post=1102"},{"taxonomy":"post_tag","embeddable":true,"href":"https:\/\/hoyre.no\/elverum\/wp-json\/wp\/v2\/post_tag?post=1102"},{"taxonomy":"hoyre-visibility","embeddable":true,"href":"https:\/\/hoyre.no\/elverum\/wp-json\/wp\/v2\/hoyre-visibility?post=1102"},{"taxonomy":"article-type","embeddable":true,"href":"https:\/\/hoyre.no\/elverum\/wp-json\/wp\/v2\/article-type?post=1102"},{"taxonomy":"politician","embeddable":true,"href":"https:\/\/hoyre.no\/elverum\/wp-json\/wp\/v2\/politician?post=1102"}],"curies":[{"name":"wp","href":"https:\/\/api.w.org\/{rel}","templated":true}]}}