{"id":1129,"date":"2023-09-01T14:30:22","date_gmt":"2023-09-01T12:30:22","guid":{"rendered":"https:\/\/hoyre.no\/elverum\/?p=1129"},"modified":"2023-09-01T14:32:07","modified_gmt":"2023-09-01T12:32:07","slug":"andre-viktige-saker-for-elverum-hoyre-5","status":"publish","type":"post","link":"https:\/\/hoyre.no\/elverum\/aktuelt\/andre-viktige-saker-for-elverum-hoyre-5\/","title":{"rendered":"Andre viktige saker for Elverum H\u00f8yre"},"content":{"rendered":"\n<p class=\"preamble\">Frivillighet<\/p>\t\t\t<div class=\"post-meta wp-block teft-byline-wrapper\">\n\t\t\t\t<div class=\"top\">\n\t\t\t\t\t<div class=\"signature\">\n\t\t\t\t\t\t<div class=\"teft-byline\">\n\t\t\t\t\t\t\t\t\t\t\t\t\t\t<div>\n\t\t\t\t\t\t\t\t<h3>H\u00f8yres redaksjon<\/h3>\t\t\t\t\t\t\t\t\n\t\t\t\t\t\t\t\t\t\t\t\t\t\t\t\t\t<span class=\"date\">Sist oppdatert: 1. september 2023<\/span>\n\t\t\t\t\t\t\t\t\t\t\t\t\t\t\t\t\t\t\t\t\t\t\t\t\t<span class=\"reading-time\" itemprop=\"timeRequired\" content=\"PT1M\"><em>Ca. 1 minutter lesetid<\/em><\/span>\n\t\t\t\t\t\t\t\t\t\t\t\t\t\t\t<\/div>\n\t\t\t\t\t\t<\/div>\n\t\t\t\t\t<\/div>\n\t\t\t\t\t\t<div class=\"sharing\">\n\t\t<a class=\"share-button share-link copy-link\" data-copy=\"https:\/\/hoyre.no\/elverum\/aktuelt\/andre-viktige-saker-for-elverum-hoyre-5\/\" target=\"_blank\"><span class=\"screen-reader-text\">Del link<\/span><\/a>\n\t\t<a class=\"share-button share-twitter\" href=\"http:\/\/twitter.com\/share?text=Andre viktige saker for Elverum H\u00f8yre&#038;url=https:\/\/hoyre.no\/elverum\/aktuelt\/andre-viktige-saker-for-elverum-hoyre-5\/&#038;hashtags=Hoyre\" target=\"_blank\"><span class=\"screen-reader-text\">Del p\u00e5 twitter<\/span><\/a>\n\t\t<a class=\"share-button share-facebook\" href=\"https:\/\/www.facebook.com\/sharer\/sharer.php?u=https:\/\/hoyre.no\/elverum\/aktuelt\/andre-viktige-saker-for-elverum-hoyre-5\/\" target=\"_blank\"><span class=\"screen-reader-text\">Del p\u00e5 facebook<\/span><\/a>\n\t<\/div>\n\t\t\t\t\t<\/div>\n\t\t\t<\/div>\n\n\t\t\t<figure class=\"hoyre-image-wrapper\"><div class=\"hoyre-image\"><img loading=\"lazy\" decoding=\"async\" width=\"900\" height=\"848\" src=\"https:\/\/hoyre.no\/content\/uploads\/sites\/83\/2023\/05\/Sykkel-e1687438578107.png\" class=\"attachment-scaled size-scaled\" alt=\"\" style=\"object-position: 50% 50%\" srcset=\"https:\/\/hoyre.no\/content\/uploads\/sites\/83\/2023\/05\/Sykkel-e1687438578107.png 900w, https:\/\/hoyre.no\/content\/uploads\/sites\/83\/2023\/05\/Sykkel-e1687438578107-300x283.png 300w, https:\/\/hoyre.no\/content\/uploads\/sites\/83\/2023\/05\/Sykkel-e1687438578107-768x724.png 768w\" sizes=\"auto, (max-width: 900px) 100vw, 900px\" \/><\/div><\/figure>\n\n\n\n\n<p>Et rikt frivillighetstilbud bidrar positivt til utviklingen i kommunen. I Elverum kommune vil vi at alle skal oppleve \u00e5 kunne ta del i frivillig arbeid. Gjennom det skapes det merverdi og etableres verdifulle relasjoner for alle innbyggere. Gjennom et rikt kulturtilbud er v\u00e5rt \u00f8nske at du som innbygger i kommunen vil \ufb01nne noe som du kan ta del i og som gj\u00f8r at du vil trives og f\u00f8le samhold.<br><br>Tiltak: <br>\u2022 Vi vil jobbe for langsiktige og forutsigbare rammer for frivilligheten og bidra til at kommunen f\u00f8lger opp frivillighetsmeldingen.<\/p>\n\n\n\n<p>\u2022 Vi vil arbeide for \u00e5 etablere frivillighetsr\u00e5d med den hensikt \u00e5 n\u00e5 felles m\u00e5l, blant annet styrke folkehelsen, skape gode oppvekstsvilk\u00e5r og motvirke utenforskap.<\/p>\n\n\n\n<p>\u2022 Vi vil etablere en frivillighetskoordinator som sammen med frivilligsentralen koordinerer all frivillig aktivitet mot kommunens aktiviteter innenfor kommunens ulike sektorer.<\/p>\n\n\n\n<p>\u2022 Vi vil at lag og foreninger f\u00e5r tilgang til egnede og universelt utformede lokaler og anlegg.<\/p>\n\n\n\n<p>\u2022 Vi vil bidra til at det f\u00f8res en anskaffelsespolitikk som legger til rette for at ideelle akt\u00f8rer kan levere offentlig \ufb01nansierte velferdstjenester.<\/p>\n\n\n\n<p>\u2022 Elverum H\u00f8yre vil inkludere relevante frivillige akt\u00f8rer i kommunens beredskaps\u00f8velser.<\/p>\n\n\n\n<p>\u2022 Elverum H\u00f8yre vil inkludere frivillige organisasjoners behov i utformingen av arealplaner og andre kommunale planer.<\/p>\n\n\n\n<p>\u2022 Vi vil at det utarbeides samarbeidsavtaler mellom kommune og frivillige organisasjoner som beskriver samarbeidsform, m\u00f8teplasser og vinn-vinn l\u00f8sninger.<\/p>\n\n\n<div class=\"tags\">\n\t\t<div class=\"wp-block-tag-cloud\">\n\t\t\t\t\t<a href=\"https:\/\/hoyre.no\/elverum\/aktuelt\/tag\/elverum-hoyre\/\" class=\"tag-cloud-link\">Elverum H\u00f8yre<\/a>\n\t\t\t\t\t<a href=\"https:\/\/hoyre.no\/elverum\/aktuelt\/tag\/valg-2023\/\" class=\"tag-cloud-link\">Valg 2023<\/a>\n\t\t\t<\/div>\n\t<\/div>\n<div class=\"post-footer alignfull has-background block-editor-block-list__block\" data-align=full>\n\t<div class=\"post-footer-inner\">\n\t\t<h3>Relaterte artikler<\/h3>\n\t\t<div class=\"related-content\"><div class=\"is-card-hoyre\">\n\t<div class=\"teft-card hoyre-teft-card post-teft-card\">\n\t\t<a href=\"https:\/\/hoyre.no\/elverum\/aktuelt\/forpliktende-fra-hoyre-forsvaret-foran-andre-samfunnsoppgaver\/\" class=\"teft-card__primary-action\">\n\n\t\t\t<div class=\"teft-card__media teft-card__media--16-9 no-image\"><\/div>\n\t\t\t<div class=\"teft-card__content-wrapper\">\n\t\t\t\t<div class=\"teft-card__secondary\">\n\t\t\t\t\t\n\t\t\t\t\t\t\t\t<div class=\"teft-card__meta\">\n\t\t\t\t\t\t\t\t\t<span class=\"post-date\">19. feb 2026<\/span>\n\n\t\t\t\t\t\t\t\t\t<span class=\"post-category\">Valg 2026<\/span>\t\t\t\t\t\t\t\t<\/div>\n\t\t\t\t\t\t\t\t\t\t\t<\/div>\n\n\t\t\t\t<div class=\"teft-card__primary\">\n\t\t\t\t\t<h2 class=\"teft-card__title\">Forpliktende fra H\u00f8yre: Forsvaret foran andre samfunnsoppgaver&nbsp;<span class=\"teft-card__primary-title-append\"><\/span><\/h2>\t\t\t\t<\/div>\n\t\t\t<\/div>\n\t\t<\/a>\n\t<\/div>\n\n\t<\/div><div class=\"is-card-hoyre\">\n\t<div class=\"teft-card hoyre-teft-card post-teft-card\">\n\t\t<a href=\"https:\/\/hoyre.no\/elverum\/aktuelt\/vi-ma-handle-na\/\" class=\"teft-card__primary-action\">\n\n\t\t\t<div class=\"teft-card__media teft-card__media--16-9 no-image\"><\/div>\n\t\t\t<div class=\"teft-card__content-wrapper\">\n\t\t\t\t<div class=\"teft-card__secondary\">\n\t\t\t\t\t\n\t\t\t\t\t\t\t\t<div class=\"teft-card__meta\">\n\t\t\t\t\t\t\t\t\t<span class=\"post-date\">22. jan 2026<\/span>\n\n\t\t\t\t\t\t\t\t\t<span class=\"post-category\">Ukategorisert<\/span>\t\t\t\t\t\t\t\t<\/div>\n\t\t\t\t\t\t\t\t\t\t\t<\/div>\n\n\t\t\t\t<div class=\"teft-card__primary\">\n\t\t\t\t\t<h2 class=\"teft-card__title\">Vi m\u00e5 handle n\u00e5&nbsp;<span class=\"teft-card__primary-title-append\"><\/span><\/h2>\t\t\t\t<\/div>\n\t\t\t<\/div>\n\t\t<\/a>\n\t<\/div>\n\n\t<\/div><div class=\"is-card-hoyre\">\n\t<div class=\"teft-card hoyre-teft-card post-teft-card\">\n\t\t<a href=\"https:\/\/hoyre.no\/elverum\/aktuelt\/arsmote-i-innlandet-hoyre-10-januar-2026\/\" class=\"teft-card__primary-action\">\n\n\t\t\t<div class=\"teft-card__media teft-card__media--16-9 no-image\"><\/div>\n\t\t\t<div class=\"teft-card__content-wrapper\">\n\t\t\t\t<div class=\"teft-card__secondary\">\n\t\t\t\t\t\n\t\t\t\t\t\t\t\t<div class=\"teft-card__meta\">\n\t\t\t\t\t\t\t\t\t<span class=\"post-date\">11. jan 2026<\/span>\n\n\t\t\t\t\t\t\t\t\t<span class=\"post-category\">Valg 2026<\/span>\t\t\t\t\t\t\t\t<\/div>\n\t\t\t\t\t\t\t\t\t\t\t<\/div>\n\n\t\t\t\t<div class=\"teft-card__primary\">\n\t\t\t\t\t<h2 class=\"teft-card__title\">\u00c5rsm\u00f8te i Innlandet H\u00f8yre 10 januar 2026&nbsp;<span class=\"teft-card__primary-title-append\"><\/span><\/h2>\t\t\t\t<\/div>\n\t\t\t<\/div>\n\t\t<\/a>\n\t<\/div>\n\n\t<\/div><\/div>\t<\/div>\n<\/div>\n","protected":false},"excerpt":{"rendered":"","protected":false},"author":15299,"featured_media":0,"comment_status":"closed","ping_status":"closed","sticky":false,"template":"","format":"standard","meta":{"teft_cards_image_url":"","teft_cards_custom_pretitle":"","teft_cards_image_id":597,"teft_cards_image_focal_point_x":0.81,"teft_cards_image_focal_point_y":0.7,"teft_cards_title":"","teft_cards_excerpt":"","teft_show_chapters":false,"author_display_name":"","footnotes":""},"category":[10,14],"post_tag":[8,17],"hoyre-visibility":[],"article-type":[],"politician":[],"class_list":["post-1129","post","type-post","status-publish","format-standard","hentry","category-politkk","category-valg-2023","tag-elverum-hoyre","tag-valg-2023"],"yoast_head":"<!-- This site is optimized with the Yoast SEO plugin v26.6 - https:\/\/yoast.com\/wordpress\/plugins\/seo\/ -->\n<title>Andre viktige saker for Elverum H\u00f8yre - Elverum H\u00f8yre<\/title>\n<meta name=\"robots\" content=\"index, follow, max-snippet:-1, max-image-preview:large, max-video-preview:-1\" \/>\n<link rel=\"canonical\" href=\"https:\/\/hoyre.no\/elverum\/aktuelt\/andre-viktige-saker-for-elverum-hoyre-5\/\" \/>\n<meta property=\"og:locale\" content=\"nb_NO\" \/>\n<meta property=\"og:type\" content=\"article\" \/>\n<meta property=\"og:title\" content=\"Andre viktige saker for Elverum H\u00f8yre - Elverum H\u00f8yre\" \/>\n<meta property=\"og:url\" content=\"https:\/\/hoyre.no\/elverum\/aktuelt\/andre-viktige-saker-for-elverum-hoyre-5\/\" \/>\n<meta property=\"og:site_name\" content=\"Elverum H\u00f8yre\" \/>\n<meta property=\"article:published_time\" content=\"2023-09-01T12:30:22+00:00\" \/>\n<meta property=\"article:modified_time\" content=\"2023-09-01T12:32:07+00:00\" \/>\n<meta property=\"og:image\" content=\"https:\/\/hoyre.no\/content\/uploads\/sites\/83\/2025\/06\/Yngve-arsmotet-2025-1-jpg-1024x683.jpg\" \/>\n<meta name=\"author\" content=\"Jan Eirik Krey\" \/>\n<meta name=\"twitter:card\" content=\"summary_large_image\" \/>\n<meta name=\"twitter:label1\" content=\"Skrevet av\" \/>\n\t<meta name=\"twitter:data1\" content=\"Jan Eirik Krey\" \/>\n\t<meta name=\"twitter:label2\" content=\"Ansl. lesetid\" \/>\n\t<meta name=\"twitter:data2\" content=\"2 minutter\" \/>\n<script type=\"application\/ld+json\" class=\"yoast-schema-graph\">{\"@context\":\"https:\/\/schema.org\",\"@graph\":[{\"@type\":\"NewsArticle\",\"@id\":\"https:\/\/hoyre.no\/elverum\/aktuelt\/andre-viktige-saker-for-elverum-hoyre-5\/\",\"url\":\"https:\/\/hoyre.no\/elverum\/aktuelt\/andre-viktige-saker-for-elverum-hoyre-5\/\",\"name\":\"Andre viktige saker for Elverum H\u00f8yre - Elverum H\u00f8yre\",\"isPartOf\":{\"@id\":\"https:\/\/hoyre.no\/elverum\/#website\"},\"datePublished\":\"2023-09-01T12:30:22+00:00\",\"dateModified\":\"2023-09-01T12:32:07+00:00\",\"author\":{\"@id\":\"https:\/\/hoyre.no\/elverum\/#\/schema\/person\/b917b07dc5b6b1fa77dff34d119dd2d7\"},\"breadcrumb\":{\"@id\":\"https:\/\/hoyre.no\/elverum\/aktuelt\/andre-viktige-saker-for-elverum-hoyre-5\/#breadcrumb\"},\"inLanguage\":\"nb-NO\",\"potentialAction\":[{\"@type\":\"ReadAction\",\"target\":[\"https:\/\/hoyre.no\/elverum\/aktuelt\/andre-viktige-saker-for-elverum-hoyre-5\/\"]}]},{\"@type\":\"BreadcrumbList\",\"@id\":\"https:\/\/hoyre.no\/elverum\/aktuelt\/andre-viktige-saker-for-elverum-hoyre-5\/#breadcrumb\",\"itemListElement\":[{\"@type\":\"ListItem\",\"position\":1,\"name\":\"Til hoyre.no\",\"item\":\"https:\/\/hoyre.no\"},{\"@type\":\"ListItem\",\"position\":2,\"name\":\"Hjem\",\"item\":\"https:\/\/hoyre.no\/elverum\/\"},{\"@type\":\"ListItem\",\"position\":3,\"name\":\"Andre viktige saker for Elverum H\u00f8yre\"}]},{\"@type\":\"WebSite\",\"@id\":\"https:\/\/hoyre.no\/elverum\/#website\",\"url\":\"https:\/\/hoyre.no\/elverum\/\",\"name\":\"Elverum H\u00f8yre\",\"description\":\"Bare enda et H\u00f8yres nettsteder-nettsted\",\"inLanguage\":\"nb-NO\"},{\"@type\":\"Person\",\"@id\":\"https:\/\/hoyre.no\/elverum\/#\/schema\/person\/b917b07dc5b6b1fa77dff34d119dd2d7\",\"name\":\"Jan Eirik Krey\",\"image\":{\"@type\":\"ImageObject\",\"inLanguage\":\"nb-NO\",\"@id\":\"https:\/\/hoyre.no\/elverum\/#\/schema\/person\/image\/\",\"url\":\"https:\/\/secure.gravatar.com\/avatar\/f36e8644ac04eb8b61e2a333ddd05fa62d3897cc74f2a9f6b1c3995012bb985c?s=96&d=mm&r=g\",\"contentUrl\":\"https:\/\/secure.gravatar.com\/avatar\/f36e8644ac04eb8b61e2a333ddd05fa62d3897cc74f2a9f6b1c3995012bb985c?s=96&d=mm&r=g\",\"caption\":\"Jan Eirik Krey\"},\"url\":\"https:\/\/hoyre.no\/elverum\/aktuelt\/author\/m51914091\/\"}]}<\/script>\n<!-- \/ Yoast SEO plugin. -->","yoast_head_json":{"title":"Andre viktige saker for Elverum H\u00f8yre - Elverum H\u00f8yre","robots":{"index":"index","follow":"follow","max-snippet":"max-snippet:-1","max-image-preview":"max-image-preview:large","max-video-preview":"max-video-preview:-1"},"canonical":"https:\/\/hoyre.no\/elverum\/aktuelt\/andre-viktige-saker-for-elverum-hoyre-5\/","og_locale":"nb_NO","og_type":"article","og_title":"Andre viktige saker for Elverum H\u00f8yre - Elverum H\u00f8yre","og_url":"https:\/\/hoyre.no\/elverum\/aktuelt\/andre-viktige-saker-for-elverum-hoyre-5\/","og_site_name":"Elverum H\u00f8yre","article_published_time":"2023-09-01T12:30:22+00:00","article_modified_time":"2023-09-01T12:32:07+00:00","og_image":[{"url":"https:\/\/hoyre.no\/content\/uploads\/sites\/83\/2025\/06\/Yngve-arsmotet-2025-1-jpg-1024x683.jpg","width":"","height":"","type":""}],"author":"Jan Eirik Krey","twitter_card":"summary_large_image","twitter_misc":{"Skrevet av":"Jan Eirik Krey","Ansl. lesetid":"2 minutter"},"schema":{"@context":"https:\/\/schema.org","@graph":[{"@type":"NewsArticle","@id":"https:\/\/hoyre.no\/elverum\/aktuelt\/andre-viktige-saker-for-elverum-hoyre-5\/","url":"https:\/\/hoyre.no\/elverum\/aktuelt\/andre-viktige-saker-for-elverum-hoyre-5\/","name":"Andre viktige saker for Elverum H\u00f8yre - Elverum H\u00f8yre","isPartOf":{"@id":"https:\/\/hoyre.no\/elverum\/#website"},"datePublished":"2023-09-01T12:30:22+00:00","dateModified":"2023-09-01T12:32:07+00:00","author":{"@id":"https:\/\/hoyre.no\/elverum\/#\/schema\/person\/b917b07dc5b6b1fa77dff34d119dd2d7"},"breadcrumb":{"@id":"https:\/\/hoyre.no\/elverum\/aktuelt\/andre-viktige-saker-for-elverum-hoyre-5\/#breadcrumb"},"inLanguage":"nb-NO","potentialAction":[{"@type":"ReadAction","target":["https:\/\/hoyre.no\/elverum\/aktuelt\/andre-viktige-saker-for-elverum-hoyre-5\/"]}]},{"@type":"BreadcrumbList","@id":"https:\/\/hoyre.no\/elverum\/aktuelt\/andre-viktige-saker-for-elverum-hoyre-5\/#breadcrumb","itemListElement":[{"@type":"ListItem","position":1,"name":"Til hoyre.no","item":"https:\/\/hoyre.no"},{"@type":"ListItem","position":2,"name":"Hjem","item":"https:\/\/hoyre.no\/elverum\/"},{"@type":"ListItem","position":3,"name":"Andre viktige saker for Elverum H\u00f8yre"}]},{"@type":"WebSite","@id":"https:\/\/hoyre.no\/elverum\/#website","url":"https:\/\/hoyre.no\/elverum\/","name":"Elverum H\u00f8yre","description":"Bare enda et H\u00f8yres nettsteder-nettsted","inLanguage":"nb-NO"},{"@type":"Person","@id":"https:\/\/hoyre.no\/elverum\/#\/schema\/person\/b917b07dc5b6b1fa77dff34d119dd2d7","name":"Jan Eirik Krey","image":{"@type":"ImageObject","inLanguage":"nb-NO","@id":"https:\/\/hoyre.no\/elverum\/#\/schema\/person\/image\/","url":"https:\/\/secure.gravatar.com\/avatar\/f36e8644ac04eb8b61e2a333ddd05fa62d3897cc74f2a9f6b1c3995012bb985c?s=96&d=mm&r=g","contentUrl":"https:\/\/secure.gravatar.com\/avatar\/f36e8644ac04eb8b61e2a333ddd05fa62d3897cc74f2a9f6b1c3995012bb985c?s=96&d=mm&r=g","caption":"Jan Eirik Krey"},"url":"https:\/\/hoyre.no\/elverum\/aktuelt\/author\/m51914091\/"}]}},"distributor_meta":false,"distributor_terms":false,"distributor_media":false,"distributor_original_site_name":"Elverum H\u00f8yre","distributor_original_site_url":"https:\/\/hoyre.no\/elverum","push-errors":false,"_links":{"self":[{"href":"https:\/\/hoyre.no\/elverum\/wp-json\/wp\/v2\/posts\/1129","targetHints":{"allow":["GET"]}}],"collection":[{"href":"https:\/\/hoyre.no\/elverum\/wp-json\/wp\/v2\/posts"}],"about":[{"href":"https:\/\/hoyre.no\/elverum\/wp-json\/wp\/v2\/types\/post"}],"author":[{"embeddable":true,"href":"https:\/\/hoyre.no\/elverum\/wp-json\/wp\/v2\/users\/15299"}],"replies":[{"embeddable":true,"href":"https:\/\/hoyre.no\/elverum\/wp-json\/wp\/v2\/comments?post=1129"}],"version-history":[{"count":3,"href":"https:\/\/hoyre.no\/elverum\/wp-json\/wp\/v2\/posts\/1129\/revisions"}],"predecessor-version":[{"id":1132,"href":"https:\/\/hoyre.no\/elverum\/wp-json\/wp\/v2\/posts\/1129\/revisions\/1132"}],"wp:attachment":[{"href":"https:\/\/hoyre.no\/elverum\/wp-json\/wp\/v2\/media?parent=1129"}],"wp:term":[{"taxonomy":"category","embeddable":true,"href":"https:\/\/hoyre.no\/elverum\/wp-json\/wp\/v2\/category?post=1129"},{"taxonomy":"post_tag","embeddable":true,"href":"https:\/\/hoyre.no\/elverum\/wp-json\/wp\/v2\/post_tag?post=1129"},{"taxonomy":"hoyre-visibility","embeddable":true,"href":"https:\/\/hoyre.no\/elverum\/wp-json\/wp\/v2\/hoyre-visibility?post=1129"},{"taxonomy":"article-type","embeddable":true,"href":"https:\/\/hoyre.no\/elverum\/wp-json\/wp\/v2\/article-type?post=1129"},{"taxonomy":"politician","embeddable":true,"href":"https:\/\/hoyre.no\/elverum\/wp-json\/wp\/v2\/politician?post=1129"}],"curies":[{"name":"wp","href":"https:\/\/api.w.org\/{rel}","templated":true}]}}