{"id":145,"date":"2021-02-02T14:28:09","date_gmt":"2021-02-02T13:28:09","guid":{"rendered":"https:\/\/hoyre.no\/elverum\/?p=145"},"modified":"2021-02-02T14:28:09","modified_gmt":"2021-02-02T13:28:09","slug":"denne-kampen-skal-vi-vinne","status":"publish","type":"post","link":"https:\/\/hoyre.no\/elverum\/aktuelt\/denne-kampen-skal-vi-vinne\/","title":{"rendered":"Denne kampen skal vi vinne"},"content":{"rendered":"\n<p class=\"preamble\">Generasjoner f\u00f8r oss har kjempet for Elverum sykehus. N\u00e5 er det v\u00e5r tur. Sammen med v\u00e5re nabokommuner skal vi ta opp kampen &#8211; og vinne. <br><br>Kronikk i \u00d8stlendingen 02.02.21<\/p>\t\t\t<div class=\"post-meta wp-block teft-byline-wrapper\">\n\t\t\t\t<div class=\"top\">\n\t\t\t\t\t<div class=\"signature\">\n\t\t\t\t\t\t<div class=\"teft-byline\">\n\t\t\t\t\t\t\t\t\t\t\t\t\t\t<div>\n\t\t\t\t\t\t\t\t<h3>H\u00f8yres redaksjon<\/h3>\t\t\t\t\t\t\t\t\n\t\t\t\t\t\t\t\t\t\t\t\t\t\t\t\t\t<span class=\"date\">Sist oppdatert: 2. februar 2021<\/span>\n\t\t\t\t\t\t\t\t\t\t\t\t\t\t\t\t\t\t\t\t\t\t\t\t\t<span class=\"reading-time\" itemprop=\"timeRequired\" content=\"PT4M\"><em>Ca. 4 minutter lesetid<\/em><\/span>\n\t\t\t\t\t\t\t\t\t\t\t\t\t\t\t<\/div>\n\t\t\t\t\t\t<\/div>\n\t\t\t\t\t<\/div>\n\t\t\t\t\t\t<div class=\"sharing\">\n\t\t<a class=\"share-button share-link copy-link\" data-copy=\"https:\/\/hoyre.no\/elverum\/aktuelt\/denne-kampen-skal-vi-vinne\/\" target=\"_blank\"><span class=\"screen-reader-text\">Del link<\/span><\/a>\n\t\t<a class=\"share-button share-twitter\" href=\"http:\/\/twitter.com\/share?text=Denne kampen skal vi vinne&#038;url=https:\/\/hoyre.no\/elverum\/aktuelt\/denne-kampen-skal-vi-vinne\/&#038;hashtags=Hoyre\" target=\"_blank\"><span class=\"screen-reader-text\">Del p\u00e5 twitter<\/span><\/a>\n\t\t<a class=\"share-button share-facebook\" href=\"https:\/\/www.facebook.com\/sharer\/sharer.php?u=https:\/\/hoyre.no\/elverum\/aktuelt\/denne-kampen-skal-vi-vinne\/\" target=\"_blank\"><span class=\"screen-reader-text\">Del p\u00e5 facebook<\/span><\/a>\n\t<\/div>\n\t\t\t\t\t<\/div>\n\t\t\t<\/div>\n\n\t\t\t<figure class=\"hoyre-image-wrapper\"><div class=\"hoyre-image\"><img loading=\"lazy\" decoding=\"async\" width=\"2048\" height=\"1365\" src=\"https:\/\/hoyre.no\/content\/uploads\/sites\/83\/2021\/01\/Yngve-ved-sykehuset-Elverum-2.jpg\" class=\"attachment-scaled size-scaled\" alt=\"\" style=\"object-position: 50% 50%\" srcset=\"https:\/\/hoyre.no\/content\/uploads\/sites\/83\/2021\/01\/Yngve-ved-sykehuset-Elverum-2.jpg 2048w, https:\/\/hoyre.no\/content\/uploads\/sites\/83\/2021\/01\/Yngve-ved-sykehuset-Elverum-2-300x200.jpg 300w, https:\/\/hoyre.no\/content\/uploads\/sites\/83\/2021\/01\/Yngve-ved-sykehuset-Elverum-2-1024x683.jpg 1024w, https:\/\/hoyre.no\/content\/uploads\/sites\/83\/2021\/01\/Yngve-ved-sykehuset-Elverum-2-768x512.jpg 768w, https:\/\/hoyre.no\/content\/uploads\/sites\/83\/2021\/01\/Yngve-ved-sykehuset-Elverum-2-1536x1024.jpg 1536w\" sizes=\"auto, (max-width: 2048px) 100vw, 2048px\" \/><\/div><figcaption class=\"caption\">Yngve S\u00e6tre ved Elverum sykehus sommeren 2020, Foto Ann Wiseman Stavdal.<\/figcaption><\/figure>\n\n\n\n\n<p><strong>Denne kampen skal vi vinne!<\/strong><\/p>\n\n\n\n<p>Sykehuset i Elverum ble \u00e5pnet 12. september 1925, og har i snart hundre \u00e5r gitt befolkningen trygghet og n\u00f8dvendig hjelp. De siste hundre \u00e5r har det ogs\u00e5 jevnlig v\u00e6rt sykehusstrid. Det siste kapitlet i denne striden kjenner vi godt til. Ny sykehusstruktur og hovedsykehus i Innlandet har v\u00e6rt tema i minst ti \u00e5r.<\/p>\n\n\n\n<p>Elverum H\u00f8yre har hele tiden ment at det er n\u00f8dvendig og riktig med to hovedsykehus i Innlandet, fordelt p\u00e5 ett i Hedmark og ett i Oppland. Selv har jeg hele tiden v\u00e6rt skeptisk til planene om \u00e5 samle alt i ett hovedsykehus for Innlandet, og i fylkestinget stemte jeg imot planene b\u00e5de i 2012 og 2017. &nbsp;&nbsp;<\/p>\n\n\n\n<p>I 2019 kom vedtaket om at det i tillegg til hovedsykehuset ogs\u00e5 skulle v\u00e6re ett akuttsykehus, ett elektivt sykehus og ikke minst at det skulle v\u00e6re balanse mellom \u00f8stlige og vestlige opptaksomr\u00e5der. Dette gjorde at Elverum s\u00e5 gode muligheter for \u00e5 f\u00e5 akuttsykehuset, noe som ville v\u00e6rt en god l\u00f8sning for v\u00e5r region.<\/p>\n\n\n\n<p>Sjelden har vi sett en utredning og et forslag som til de grader kaster alle forutsetninger p\u00e5 b\u00e5ten som det forslaget som ble lagt frem av Helse S\u00f8r-\u00d8st i desember 2020. Premisset om balanse i opptaksomr\u00e5det er forduftet, og alternativet med hovedsykehus i Moelv og akuttsykehus i Elverum er ikke engang utredet. Tre sykehus foresl\u00e5s plassert rundt den nordre delen av Mj\u00f8sa. Samtidig foresl\u00e5s det at hele divisjonen Elverum-Hamar med mellom 1500 og 1600 ansatte legges ned.<\/p>\n\n\n\n<p>Forslaget inneb\u00e6rer at Elverum, \u00d8sterdalen og Sol\u00f8r er tilgodesett med et lokalmedisinsk senter med h\u00f8yst usikkert innhold. \u00d8stre deler av Innlandet er avspist med omtrent ingenting. Som et plaster p\u00e5 s\u00e5ret f\u00e5r vi luftambulansen. Ut fra nasjonale anbefalinger b\u00f8r denne lokaliseres til et akuttsykehus, men dette passer tydeligvis ikke inn i bildet til Helse S\u00f8r-\u00d8st, s\u00e5 derfor hopper man bukk over dette.<\/p>\n\n\n\n<p>Nasjonale anbefalinger om befolkningsgrunnlag i opptaksomr\u00e5de vil man derimot overoppfylle. P\u00e5 denne m\u00e5ten konstrueres et argument for \u00e5 legge ned Elverum sykehus. Forslaget fra Helse S\u00f8r-\u00d8st er et bestillingsverk, hvor man har bestemt seg for konklusjonen p\u00e5 forh\u00e5nd. Det finnes dessverre ikke noe annet ord p\u00e5 dette n\u00e5r rapporten ser bort fra helt sentrale premisser, mangler utredning av sentrale punkter og ikke forholder seg til virkeligheten i sin beskrivelse av Elverum og \u00d8sterdalen. Jeg har ingen tillit til den rapporten som ble presentert 11. desember kl. 15.00 av Helse S\u00f8r \u2013 \u00d8st. &nbsp;<\/p>\n\n\n\n<p>Etter dette er det \u00e5penbart at Elverum kommune har en eneste mulighet. Det er \u00e5 trekke tilbake st\u00f8tten til storsykehuset slik at man i stedet bygger videre p\u00e5 dagens struktur. Dette er glimrende formulert av kommunedirekt\u00f8ren i forslaget som ble enstemmig vedtatt av kommunestyret i Elverum den 20. januar. &nbsp;&nbsp;&nbsp;<\/p>\n\n\n\n<p>Vedtaket betyr ikke at kommunestyret sier nei til alle fremtidige endringer. Men det betyr at vi setter foten ned og sier nei til den uansvarlige raseringen av sykehuset i Elverum som foresl\u00e5s. Med de store avstandene vi har i \u00d8sterdalen og Sol\u00f8r, med de behov vi har knyttet til forsvaret og vinterturismen i Trysil, og med det betydelige kompetansemilj\u00f8et vi besitter, er det helt n\u00f8dvendig \u00e5 videreutvikle akuttsykehuset i Elverum.<\/p>\n\n\n\n<p>Dette er ogs\u00e5 helt i tr\u00e5d med regjeringens store prosjekt om pasientens helsetjeneste. For \u00e5 gi tjenester tilpasset pasientene m\u00e5 vi ha en ryggrad av akuttsykehus balansert fordelt i landet v\u00e5rt. Dette er n\u00f8dvendig for \u00e5 sikre trygghet, n\u00f8dvendig hjelp og akseptabel reisetid for pasientene. For Innlandet sin del betyr det at akuttsykehuset i Elverum m\u00e5 best\u00e5.<\/p>\n\n\n\n<p>Generasjoner f\u00f8r oss har kjempet for sykehuset i Elverum. N\u00e5 er det v\u00e5r tur. Vi gir oss ikke. Sammen med v\u00e5re nabokommuner skal vi f\u00e5 frem behovene og fortrinnene i v\u00e5r region. V\u00e5rt klare m\u00e5l er at ogs\u00e5 kommende generasjoner skal oppleve at det er et skilt i Elverum med et r\u00f8dt kors med hvit bakgrunn hvor det st\u00e5r \u00absykehus\u00bb. Denne kampen skal vi ta. Denne kampen skal vi sammen vinne.<\/p>\n\n\n\n<p>Yngve S\u00e6tre<\/p>\n\n\n\n<p>Gruppeleder i Elverum H\u00f8yre<\/p>\n\n\n\n<p><\/p>\n\n\n\n<figure class=\"wp-block-image size-large is-resized\"><img loading=\"lazy\" decoding=\"async\" src=\"https:\/\/hoyre.no\/content\/uploads\/sites\/83\/2021\/02\/MAL-EVENT-v-1-8-1-1024x576.png\" alt=\"\" class=\"wp-image-154\" width=\"345\" height=\"193\" \/><figcaption><em>Elverum H\u00f8yre har i alle \u00e5r arbeidet iherdig for at sykehuset v\u00e5rt skal best\u00e5 som et akuttsykehus i Innlandet, og vi kommer til \u00e5 fortsette denne kampen til den blir vunnet.<\/em> ( Ref. Elverum H\u00f8yres kommunestyreprogram 2019-2013  s.5)<\/figcaption><\/figure>\n\n\n<div class=\"tags\">\n\t\t<div class=\"wp-block-tag-cloud\">\n\t\t\t\t\t<a href=\"https:\/\/hoyre.no\/elverum\/aktuelt\/tag\/sykehus\/\" class=\"tag-cloud-link\">Sykehus<\/a>\n\t\t\t\t\t<a href=\"https:\/\/hoyre.no\/elverum\/aktuelt\/tag\/sykehussaken\/\" class=\"tag-cloud-link\">sykehussaken<\/a>\n\t\t\t<\/div>\n\t<\/div>\n<div class=\"post-footer alignfull has-background block-editor-block-list__block\" data-align=full>\n\t<div class=\"post-footer-inner\">\n\t\t<h3>Relaterte artikler<\/h3>\n\t\t<div class=\"related-content\"><div class=\"is-card-hoyre\">\n\t<div class=\"teft-card hoyre-teft-card post-teft-card\">\n\t\t<a href=\"https:\/\/hoyre.no\/elverum\/aktuelt\/forpliktende-fra-hoyre-forsvaret-foran-andre-samfunnsoppgaver\/\" class=\"teft-card__primary-action\">\n\n\t\t\t<div class=\"teft-card__media teft-card__media--16-9 no-image\"><\/div>\n\t\t\t<div class=\"teft-card__content-wrapper\">\n\t\t\t\t<div class=\"teft-card__secondary\">\n\t\t\t\t\t\n\t\t\t\t\t\t\t\t<div class=\"teft-card__meta\">\n\t\t\t\t\t\t\t\t\t<span class=\"post-date\">19. feb 2026<\/span>\n\n\t\t\t\t\t\t\t\t\t<span class=\"post-category\">Valg 2026<\/span>\t\t\t\t\t\t\t\t<\/div>\n\t\t\t\t\t\t\t\t\t\t\t<\/div>\n\n\t\t\t\t<div class=\"teft-card__primary\">\n\t\t\t\t\t<h2 class=\"teft-card__title\">Forpliktende fra H\u00f8yre: Forsvaret foran andre samfunnsoppgaver&nbsp;<span class=\"teft-card__primary-title-append\"><\/span><\/h2>\t\t\t\t<\/div>\n\t\t\t<\/div>\n\t\t<\/a>\n\t<\/div>\n\n\t<\/div><div class=\"is-card-hoyre\">\n\t<div class=\"teft-card hoyre-teft-card post-teft-card\">\n\t\t<a href=\"https:\/\/hoyre.no\/elverum\/aktuelt\/vi-ma-handle-na\/\" class=\"teft-card__primary-action\">\n\n\t\t\t<div class=\"teft-card__media teft-card__media--16-9 no-image\"><\/div>\n\t\t\t<div class=\"teft-card__content-wrapper\">\n\t\t\t\t<div class=\"teft-card__secondary\">\n\t\t\t\t\t\n\t\t\t\t\t\t\t\t<div class=\"teft-card__meta\">\n\t\t\t\t\t\t\t\t\t<span class=\"post-date\">22. jan 2026<\/span>\n\n\t\t\t\t\t\t\t\t\t<span class=\"post-category\">Ukategorisert<\/span>\t\t\t\t\t\t\t\t<\/div>\n\t\t\t\t\t\t\t\t\t\t\t<\/div>\n\n\t\t\t\t<div class=\"teft-card__primary\">\n\t\t\t\t\t<h2 class=\"teft-card__title\">Vi m\u00e5 handle n\u00e5&nbsp;<span class=\"teft-card__primary-title-append\"><\/span><\/h2>\t\t\t\t<\/div>\n\t\t\t<\/div>\n\t\t<\/a>\n\t<\/div>\n\n\t<\/div><div class=\"is-card-hoyre\">\n\t<div class=\"teft-card hoyre-teft-card post-teft-card\">\n\t\t<a href=\"https:\/\/hoyre.no\/elverum\/aktuelt\/arsmote-i-innlandet-hoyre-10-januar-2026\/\" class=\"teft-card__primary-action\">\n\n\t\t\t<div class=\"teft-card__media teft-card__media--16-9 no-image\"><\/div>\n\t\t\t<div class=\"teft-card__content-wrapper\">\n\t\t\t\t<div class=\"teft-card__secondary\">\n\t\t\t\t\t\n\t\t\t\t\t\t\t\t<div class=\"teft-card__meta\">\n\t\t\t\t\t\t\t\t\t<span class=\"post-date\">11. jan 2026<\/span>\n\n\t\t\t\t\t\t\t\t\t<span class=\"post-category\">Valg 2026<\/span>\t\t\t\t\t\t\t\t<\/div>\n\t\t\t\t\t\t\t\t\t\t\t<\/div>\n\n\t\t\t\t<div class=\"teft-card__primary\">\n\t\t\t\t\t<h2 class=\"teft-card__title\">\u00c5rsm\u00f8te i Innlandet H\u00f8yre 10 januar 2026&nbsp;<span class=\"teft-card__primary-title-append\"><\/span><\/h2>\t\t\t\t<\/div>\n\t\t\t<\/div>\n\t\t<\/a>\n\t<\/div>\n\n\t<\/div><\/div>\t<\/div>\n<\/div>\n","protected":false},"excerpt":{"rendered":"","protected":false},"author":31451,"featured_media":0,"comment_status":"closed","ping_status":"closed","sticky":true,"template":"","format":"standard","meta":{"teft_cards_image_url":"","teft_cards_custom_pretitle":"","teft_cards_image_id":136,"teft_cards_image_focal_point_x":0.5,"teft_cards_image_focal_point_y":0.5,"teft_cards_title":"","teft_cards_excerpt":"","teft_show_chapters":false,"author_display_name":"","footnotes":""},"category":[5,4],"post_tag":[7,9],"hoyre-visibility":[],"article-type":[],"politician":[],"class_list":["post-145","post","type-post","status-publish","format-standard","hentry","category-hoyre-tar-vare-pa-stemmen-din","category-sykehussaken","tag-sykehus","tag-sykehussaken"],"yoast_head":"<!-- This site is optimized with the Yoast SEO plugin v26.6 - https:\/\/yoast.com\/wordpress\/plugins\/seo\/ -->\n<title>Denne kampen skal vi vinne - Elverum H\u00f8yre<\/title>\n<meta name=\"robots\" content=\"index, follow, max-snippet:-1, max-image-preview:large, max-video-preview:-1\" \/>\n<link rel=\"canonical\" href=\"https:\/\/hoyre.no\/elverum\/aktuelt\/denne-kampen-skal-vi-vinne\/\" \/>\n<meta property=\"og:locale\" content=\"nb_NO\" \/>\n<meta property=\"og:type\" content=\"article\" \/>\n<meta property=\"og:title\" content=\"Denne kampen skal vi vinne - Elverum H\u00f8yre\" \/>\n<meta property=\"og:url\" content=\"https:\/\/hoyre.no\/elverum\/aktuelt\/denne-kampen-skal-vi-vinne\/\" \/>\n<meta property=\"og:site_name\" content=\"Elverum H\u00f8yre\" \/>\n<meta property=\"article:published_time\" content=\"2021-02-02T13:28:09+00:00\" \/>\n<meta property=\"og:image\" content=\"https:\/\/hoyre.no\/content\/uploads\/sites\/83\/2025\/06\/Yngve-arsmotet-2025-1-jpg-1024x683.jpg\" \/>\n<meta name=\"author\" content=\"Ingrid Lium\" \/>\n<meta name=\"twitter:card\" content=\"summary_large_image\" \/>\n<meta name=\"twitter:label1\" content=\"Skrevet av\" \/>\n\t<meta name=\"twitter:data1\" content=\"Ingrid Lium\" \/>\n\t<meta name=\"twitter:label2\" content=\"Ansl. lesetid\" \/>\n\t<meta name=\"twitter:data2\" content=\"4 minutter\" \/>\n<script type=\"application\/ld+json\" class=\"yoast-schema-graph\">{\"@context\":\"https:\/\/schema.org\",\"@graph\":[{\"@type\":\"NewsArticle\",\"@id\":\"https:\/\/hoyre.no\/elverum\/aktuelt\/denne-kampen-skal-vi-vinne\/\",\"url\":\"https:\/\/hoyre.no\/elverum\/aktuelt\/denne-kampen-skal-vi-vinne\/\",\"name\":\"Denne kampen skal vi vinne - Elverum H\u00f8yre\",\"isPartOf\":{\"@id\":\"https:\/\/hoyre.no\/elverum\/#website\"},\"image\":{\"@id\":\"https:\/\/hoyre.no\/elverum\/aktuelt\/denne-kampen-skal-vi-vinne\/#primaryimage\"},\"thumbnailUrl\":\"https:\/\/hoyre.no\/content\/uploads\/sites\/83\/2021\/02\/MAL-EVENT-v-1-8-1-1024x576.png\",\"datePublished\":\"2021-02-02T13:28:09+00:00\",\"author\":{\"@id\":\"https:\/\/hoyre.no\/elverum\/#\/schema\/person\/202f3f12a25acfcb6b3878de278891b5\"},\"breadcrumb\":{\"@id\":\"https:\/\/hoyre.no\/elverum\/aktuelt\/denne-kampen-skal-vi-vinne\/#breadcrumb\"},\"inLanguage\":\"nb-NO\",\"potentialAction\":[{\"@type\":\"ReadAction\",\"target\":[\"https:\/\/hoyre.no\/elverum\/aktuelt\/denne-kampen-skal-vi-vinne\/\"]}]},{\"@type\":\"ImageObject\",\"inLanguage\":\"nb-NO\",\"@id\":\"https:\/\/hoyre.no\/elverum\/aktuelt\/denne-kampen-skal-vi-vinne\/#primaryimage\",\"url\":\"https:\/\/hoyre.no\/content\/uploads\/sites\/83\/2021\/02\/MAL-EVENT-v-1-8-1-1024x576.png\",\"contentUrl\":\"https:\/\/hoyre.no\/content\/uploads\/sites\/83\/2021\/02\/MAL-EVENT-v-1-8-1-1024x576.png\"},{\"@type\":\"BreadcrumbList\",\"@id\":\"https:\/\/hoyre.no\/elverum\/aktuelt\/denne-kampen-skal-vi-vinne\/#breadcrumb\",\"itemListElement\":[{\"@type\":\"ListItem\",\"position\":1,\"name\":\"Til hoyre.no\",\"item\":\"https:\/\/hoyre.no\"},{\"@type\":\"ListItem\",\"position\":2,\"name\":\"Hjem\",\"item\":\"https:\/\/hoyre.no\/elverum\/\"},{\"@type\":\"ListItem\",\"position\":3,\"name\":\"Denne kampen skal vi vinne\"}]},{\"@type\":\"WebSite\",\"@id\":\"https:\/\/hoyre.no\/elverum\/#website\",\"url\":\"https:\/\/hoyre.no\/elverum\/\",\"name\":\"Elverum H\u00f8yre\",\"description\":\"Bare enda et H\u00f8yres nettsteder-nettsted\",\"inLanguage\":\"nb-NO\"},{\"@type\":\"Person\",\"@id\":\"https:\/\/hoyre.no\/elverum\/#\/schema\/person\/202f3f12a25acfcb6b3878de278891b5\",\"name\":\"Ingrid Lium\",\"image\":{\"@type\":\"ImageObject\",\"inLanguage\":\"nb-NO\",\"@id\":\"https:\/\/hoyre.no\/elverum\/#\/schema\/person\/image\/\",\"url\":\"https:\/\/secure.gravatar.com\/avatar\/90ddd306751a907e3c25c4ff5510b01e10ede78cea6cd6826708bfd3fbaed35f?s=96&d=mm&r=g\",\"contentUrl\":\"https:\/\/secure.gravatar.com\/avatar\/90ddd306751a907e3c25c4ff5510b01e10ede78cea6cd6826708bfd3fbaed35f?s=96&d=mm&r=g\",\"caption\":\"Ingrid Lium\"},\"url\":\"https:\/\/hoyre.no\/elverum\/aktuelt\/author\/m50518018\/\"}]}<\/script>\n<!-- \/ Yoast SEO plugin. -->","yoast_head_json":{"title":"Denne kampen skal vi vinne - Elverum H\u00f8yre","robots":{"index":"index","follow":"follow","max-snippet":"max-snippet:-1","max-image-preview":"max-image-preview:large","max-video-preview":"max-video-preview:-1"},"canonical":"https:\/\/hoyre.no\/elverum\/aktuelt\/denne-kampen-skal-vi-vinne\/","og_locale":"nb_NO","og_type":"article","og_title":"Denne kampen skal vi vinne - Elverum H\u00f8yre","og_url":"https:\/\/hoyre.no\/elverum\/aktuelt\/denne-kampen-skal-vi-vinne\/","og_site_name":"Elverum H\u00f8yre","article_published_time":"2021-02-02T13:28:09+00:00","og_image":[{"url":"https:\/\/hoyre.no\/content\/uploads\/sites\/83\/2025\/06\/Yngve-arsmotet-2025-1-jpg-1024x683.jpg","width":"","height":"","type":""}],"author":"Ingrid Lium","twitter_card":"summary_large_image","twitter_misc":{"Skrevet av":"Ingrid Lium","Ansl. lesetid":"4 minutter"},"schema":{"@context":"https:\/\/schema.org","@graph":[{"@type":"NewsArticle","@id":"https:\/\/hoyre.no\/elverum\/aktuelt\/denne-kampen-skal-vi-vinne\/","url":"https:\/\/hoyre.no\/elverum\/aktuelt\/denne-kampen-skal-vi-vinne\/","name":"Denne kampen skal vi vinne - Elverum H\u00f8yre","isPartOf":{"@id":"https:\/\/hoyre.no\/elverum\/#website"},"image":{"@id":"https:\/\/hoyre.no\/elverum\/aktuelt\/denne-kampen-skal-vi-vinne\/#primaryimage"},"thumbnailUrl":"https:\/\/hoyre.no\/content\/uploads\/sites\/83\/2021\/02\/MAL-EVENT-v-1-8-1-1024x576.png","datePublished":"2021-02-02T13:28:09+00:00","author":{"@id":"https:\/\/hoyre.no\/elverum\/#\/schema\/person\/202f3f12a25acfcb6b3878de278891b5"},"breadcrumb":{"@id":"https:\/\/hoyre.no\/elverum\/aktuelt\/denne-kampen-skal-vi-vinne\/#breadcrumb"},"inLanguage":"nb-NO","potentialAction":[{"@type":"ReadAction","target":["https:\/\/hoyre.no\/elverum\/aktuelt\/denne-kampen-skal-vi-vinne\/"]}]},{"@type":"ImageObject","inLanguage":"nb-NO","@id":"https:\/\/hoyre.no\/elverum\/aktuelt\/denne-kampen-skal-vi-vinne\/#primaryimage","url":"https:\/\/hoyre.no\/content\/uploads\/sites\/83\/2021\/02\/MAL-EVENT-v-1-8-1-1024x576.png","contentUrl":"https:\/\/hoyre.no\/content\/uploads\/sites\/83\/2021\/02\/MAL-EVENT-v-1-8-1-1024x576.png"},{"@type":"BreadcrumbList","@id":"https:\/\/hoyre.no\/elverum\/aktuelt\/denne-kampen-skal-vi-vinne\/#breadcrumb","itemListElement":[{"@type":"ListItem","position":1,"name":"Til hoyre.no","item":"https:\/\/hoyre.no"},{"@type":"ListItem","position":2,"name":"Hjem","item":"https:\/\/hoyre.no\/elverum\/"},{"@type":"ListItem","position":3,"name":"Denne kampen skal vi vinne"}]},{"@type":"WebSite","@id":"https:\/\/hoyre.no\/elverum\/#website","url":"https:\/\/hoyre.no\/elverum\/","name":"Elverum H\u00f8yre","description":"Bare enda et H\u00f8yres nettsteder-nettsted","inLanguage":"nb-NO"},{"@type":"Person","@id":"https:\/\/hoyre.no\/elverum\/#\/schema\/person\/202f3f12a25acfcb6b3878de278891b5","name":"Ingrid Lium","image":{"@type":"ImageObject","inLanguage":"nb-NO","@id":"https:\/\/hoyre.no\/elverum\/#\/schema\/person\/image\/","url":"https:\/\/secure.gravatar.com\/avatar\/90ddd306751a907e3c25c4ff5510b01e10ede78cea6cd6826708bfd3fbaed35f?s=96&d=mm&r=g","contentUrl":"https:\/\/secure.gravatar.com\/avatar\/90ddd306751a907e3c25c4ff5510b01e10ede78cea6cd6826708bfd3fbaed35f?s=96&d=mm&r=g","caption":"Ingrid Lium"},"url":"https:\/\/hoyre.no\/elverum\/aktuelt\/author\/m50518018\/"}]}},"distributor_meta":false,"distributor_terms":false,"distributor_media":false,"distributor_original_site_name":"Elverum H\u00f8yre","distributor_original_site_url":"https:\/\/hoyre.no\/elverum","push-errors":false,"_links":{"self":[{"href":"https:\/\/hoyre.no\/elverum\/wp-json\/wp\/v2\/posts\/145","targetHints":{"allow":["GET"]}}],"collection":[{"href":"https:\/\/hoyre.no\/elverum\/wp-json\/wp\/v2\/posts"}],"about":[{"href":"https:\/\/hoyre.no\/elverum\/wp-json\/wp\/v2\/types\/post"}],"author":[{"embeddable":true,"href":"https:\/\/hoyre.no\/elverum\/wp-json\/wp\/v2\/users\/31451"}],"replies":[{"embeddable":true,"href":"https:\/\/hoyre.no\/elverum\/wp-json\/wp\/v2\/comments?post=145"}],"version-history":[{"count":3,"href":"https:\/\/hoyre.no\/elverum\/wp-json\/wp\/v2\/posts\/145\/revisions"}],"predecessor-version":[{"id":156,"href":"https:\/\/hoyre.no\/elverum\/wp-json\/wp\/v2\/posts\/145\/revisions\/156"}],"wp:attachment":[{"href":"https:\/\/hoyre.no\/elverum\/wp-json\/wp\/v2\/media?parent=145"}],"wp:term":[{"taxonomy":"category","embeddable":true,"href":"https:\/\/hoyre.no\/elverum\/wp-json\/wp\/v2\/category?post=145"},{"taxonomy":"post_tag","embeddable":true,"href":"https:\/\/hoyre.no\/elverum\/wp-json\/wp\/v2\/post_tag?post=145"},{"taxonomy":"hoyre-visibility","embeddable":true,"href":"https:\/\/hoyre.no\/elverum\/wp-json\/wp\/v2\/hoyre-visibility?post=145"},{"taxonomy":"article-type","embeddable":true,"href":"https:\/\/hoyre.no\/elverum\/wp-json\/wp\/v2\/article-type?post=145"},{"taxonomy":"politician","embeddable":true,"href":"https:\/\/hoyre.no\/elverum\/wp-json\/wp\/v2\/politician?post=145"}],"curies":[{"name":"wp","href":"https:\/\/api.w.org\/{rel}","templated":true}]}}