{"id":2762,"date":"2026-09-01T14:33:31","date_gmt":"2026-09-01T12:33:31","guid":{"rendered":"https:\/\/hoyre.no\/elverum\/?p=2762"},"modified":"2026-09-01T14:33:31","modified_gmt":"2026-09-01T12:33:31","slug":"nominasjonsmote-25-august-i-elverum-hoyre","status":"publish","type":"post","link":"https:\/\/hoyre.no\/elverum\/aktuelt\/nominasjonsmote-25-august-i-elverum-hoyre\/","title":{"rendered":"Nominasjonsm\u00f8te 25 august i Elverum H\u00f8yre"},"content":{"rendered":"\n<p class=\"wp-block-paragraph\"><\/p>\n\n\n\n\t\t\t<div class=\"post-meta wp-block teft-byline-wrapper\">\n\t\t\t\t<div class=\"top\">\n\t\t\t\t\t<div class=\"signature\">\n\t\t\t\t\t\t<div class=\"teft-byline\">\n\t\t\t\t\t\t\t\t\t\t\t\t\t\t<div>\n\t\t\t\t\t\t\t\t<h3>H\u00f8yres redaksjon<\/h3>\t\t\t\t\t\t\t\t\n\t\t\t\t\t\t\t\t\t\t\t\t\t\t\t\t\t<span class=\"date\">Sist oppdatert: 1. september 2026<\/span>\n\t\t\t\t\t\t\t\t\t\t\t\t\t\t\t\t\t\t\t\t\t\t\t\t\t<span class=\"reading-time\" itemprop=\"timeRequired\" content=\"PT1M\"><em>Ca. 1 minutter lesetid<\/em><\/span>\n\t\t\t\t\t\t\t\t\t\t\t\t\t\t\t<\/div>\n\t\t\t\t\t\t<\/div>\n\t\t\t\t\t<\/div>\n\t\t\t\t\t\t<div class=\"sharing\">\n\t\t<a class=\"share-button share-link copy-link\" data-copy=\"https:\/\/hoyre.no\/elverum\/aktuelt\/nominasjonsmote-25-august-i-elverum-hoyre\/\" target=\"_blank\"><span class=\"screen-reader-text\">Del link<\/span><\/a>\n\t\t<a class=\"share-button share-twitter\" href=\"http:\/\/twitter.com\/share?text=Nominasjonsm\u00f8te 25 august i Elverum H\u00f8yre&#038;url=https:\/\/hoyre.no\/elverum\/aktuelt\/nominasjonsmote-25-august-i-elverum-hoyre\/&#038;hashtags=Hoyre\" target=\"_blank\"><span class=\"screen-reader-text\">Del p\u00e5 twitter<\/span><\/a>\n\t\t<a class=\"share-button share-facebook\" href=\"https:\/\/www.facebook.com\/sharer\/sharer.php?u=https:\/\/hoyre.no\/elverum\/aktuelt\/nominasjonsmote-25-august-i-elverum-hoyre\/\" target=\"_blank\"><span class=\"screen-reader-text\">Del p\u00e5 facebook<\/span><\/a>\n\t<\/div>\n\t\t\t\t\t<\/div>\n\t\t\t<\/div>\n\n\t\t\t<figure class=\"hoyre-image-wrapper\"><div class=\"hoyre-image\"><img loading=\"lazy\" decoding=\"async\" width=\"240\" height=\"320\" src=\"https:\/\/hoyre.no\/content\/uploads\/sites\/83\/2026\/08\/Bilde-Gine-Skurdal-rotated.jpeg\" class=\"attachment-scaled size-scaled\" alt=\"\" style=\"object-position: 50% 50%\" srcset=\"https:\/\/hoyre.no\/content\/uploads\/sites\/83\/2026\/08\/Bilde-Gine-Skurdal-rotated.jpeg 240w, https:\/\/hoyre.no\/content\/uploads\/sites\/83\/2026\/08\/Bilde-Gine-Skurdal-225x300.jpeg 225w\" sizes=\"auto, (max-width: 240px) 100vw, 240px\" \/><\/div><\/figure>\n\n\n\n\n<p class=\"wp-block-paragraph\"><strong>Elverum H\u00f8yres ordf\u00f8rerkandidat<\/strong><br><br>Til nominasjonsm\u00f8tet 25 august hadde nominasjonskomit\u00e9en innstilt Gine Skurdal som Elverum H\u00f8yres ordf\u00f8rerkandidat. Etter nominasjonskomiteens innstilling kom det benkeforslag hvor Steinar Jensen ble foresl\u00e5tt som ordf\u00f8rerkandidat.<br><br>Det ble holdt hovedinnlegg og st\u00f8tteinnlegg for b\u00e5de nominasjonskomiteens innstilte kandidat og benkeforslaget etterfulgt av skriftlig votering.<br><br>Gine Skurdal ble av nominasjonsm\u00f8te valgt til Elverum H\u00f8yres ordf\u00f8rerkandidat med tre flere stemmer enn Steinar Jensen. Av de 27 stemmeberettigede fikk Gine Skurdal 15 stemmer og Steinar Jensen 12 stemmer. \u00a0<br><br>Gine Skurdal ble dermed valgt til Elverum H\u00f8yres ordf\u00f8rerkandidat.<br><br>Vi gratulerer Gine med valget. <br><br>Styret. \u00a0<br><br><br><br><\/p>\n\n\n<div class=\"tags\">\n\t\t<div class=\"wp-block-tag-cloud\">\n\t\t\t\t\t<a href=\"https:\/\/hoyre.no\/elverum\/aktuelt\/tag\/elverum-hoyre\/\" class=\"tag-cloud-link\">Elverum H\u00f8yre<\/a>\n\t\t\t<\/div>\n\t<\/div>\n<div class=\"post-footer alignfull has-background block-editor-block-list__block\" data-align=full>\n\t<div class=\"post-footer-inner\">\n\t\t<h3>Relaterte artikler<\/h3>\n\t\t<div class=\"related-content\"><div class=\"is-card-hoyre\">\n\t<div class=\"teft-card hoyre-teft-card post-teft-card\">\n\t\t<a href=\"https:\/\/hoyre.no\/elverum\/aktuelt\/hoyrenytt-7-i-elverum\/\" class=\"teft-card__primary-action\">\n\n\t\t\t\t\t<div class=\"teft-card__media teft-card__media--16-9\">\n\t\t\t\t\t\t<img loading=\"lazy\" decoding=\"async\" width=\"500\" height=\"262\" src=\"https:\/\/hoyre.no\/content\/uploads\/sites\/83\/2026\/06\/53155-1.png\" class=\"attachment-medium_large size-medium_large\" alt=\"\" srcset=\"https:\/\/hoyre.no\/content\/uploads\/sites\/83\/2026\/06\/53155-1.png 500w, https:\/\/hoyre.no\/content\/uploads\/sites\/83\/2026\/06\/53155-1-300x157.png 300w\" sizes=\"auto, (max-width: 500px) 100vw, 500px\" \/>\t\t<\/div>\n\t\t\n\t\t\t<div class=\"teft-card__content-wrapper\">\n\t\t\t\t<div class=\"teft-card__secondary\">\n\t\t\t\t\t\n\t\t\t\t\t\t\t\t<div class=\"teft-card__meta\">\n\t\t\t\t\t\t\t\t\t<span class=\"post-date\">3. aug 2026<\/span>\n\n\t\t\t\t\t\t\t\t\t<span class=\"post-category\">Valg 2027<\/span>\t\t\t\t\t\t\t\t<\/div>\n\t\t\t\t\t\t\t\t\t\t\t<\/div>\n\n\t\t\t\t<div class=\"teft-card__primary\">\n\t\t\t\t\t<h2 class=\"teft-card__title\">H\u00f8yrenytt 7 i Elverum&nbsp;<span class=\"teft-card__primary-title-append\"><\/span><\/h2>\t\t\t\t<\/div>\n\t\t\t<\/div>\n\t\t<\/a>\n\t<\/div>\n\n\t<\/div><div class=\"is-card-hoyre\">\n\t<div class=\"teft-card hoyre-teft-card post-teft-card\">\n\t\t<a href=\"https:\/\/hoyre.no\/elverum\/aktuelt\/hoyrenytt-i-elverum-6-2026\/\" class=\"teft-card__primary-action\">\n\n\t\t\t\t\t<div class=\"teft-card__media teft-card__media--16-9\">\n\t\t\t\t\t\t<img loading=\"lazy\" decoding=\"async\" width=\"500\" height=\"262\" src=\"https:\/\/hoyre.no\/content\/uploads\/sites\/83\/2026\/06\/53155-1.png\" class=\"attachment-medium_large size-medium_large\" alt=\"\" srcset=\"https:\/\/hoyre.no\/content\/uploads\/sites\/83\/2026\/06\/53155-1.png 500w, https:\/\/hoyre.no\/content\/uploads\/sites\/83\/2026\/06\/53155-1-300x157.png 300w\" sizes=\"auto, (max-width: 500px) 100vw, 500px\" \/>\t\t<\/div>\n\t\t\n\t\t\t<div class=\"teft-card__content-wrapper\">\n\t\t\t\t<div class=\"teft-card__secondary\">\n\t\t\t\t\t\n\t\t\t\t\t\t\t\t<div class=\"teft-card__meta\">\n\t\t\t\t\t\t\t\t\t<span class=\"post-date\">23. jun 2026<\/span>\n\n\t\t\t\t\t\t\t\t\t<span class=\"post-category\">Valg 2027<\/span>\t\t\t\t\t\t\t\t<\/div>\n\t\t\t\t\t\t\t\t\t\t\t<\/div>\n\n\t\t\t\t<div class=\"teft-card__primary\">\n\t\t\t\t\t<h2 class=\"teft-card__title\">H\u00f8yrenytt i Elverum 6\/2026&nbsp;<span class=\"teft-card__primary-title-append\"><\/span><\/h2>\t\t\t\t<\/div>\n\t\t\t<\/div>\n\t\t<\/a>\n\t<\/div>\n\n\t<\/div><div class=\"is-card-hoyre\">\n\t<div class=\"teft-card hoyre-teft-card post-teft-card\">\n\t\t<a href=\"https:\/\/hoyre.no\/elverum\/aktuelt\/stiller-ikke-til-gjenvalg-i-elverum\/\" class=\"teft-card__primary-action\">\n\n\t\t\t\t\t<div class=\"teft-card__media teft-card__media--16-9\">\n\t\t\t\t\t\t<img loading=\"lazy\" decoding=\"async\" width=\"768\" height=\"432\" src=\"https:\/\/hoyre.no\/content\/uploads\/sites\/83\/2026\/06\/Yngve-Saetre-Stortinget-768x432.jpg\" class=\"attachment-medium_large size-medium_large\" alt=\"\" srcset=\"https:\/\/hoyre.no\/content\/uploads\/sites\/83\/2026\/06\/Yngve-Saetre-Stortinget-768x432.jpg 768w, https:\/\/hoyre.no\/content\/uploads\/sites\/83\/2026\/06\/Yngve-Saetre-Stortinget-300x169.jpg 300w, https:\/\/hoyre.no\/content\/uploads\/sites\/83\/2026\/06\/Yngve-Saetre-Stortinget.jpg 960w\" sizes=\"auto, (max-width: 768px) 100vw, 768px\" \/>\t\t<\/div>\n\t\t\n\t\t\t<div class=\"teft-card__content-wrapper\">\n\t\t\t\t<div class=\"teft-card__secondary\">\n\t\t\t\t\t\n\t\t\t\t\t\t\t\t<div class=\"teft-card__meta\">\n\t\t\t\t\t\t\t\t\t<span class=\"post-date\">18. jun 2026<\/span>\n\n\t\t\t\t\t\t\t\t\t<span class=\"post-category\">politikk<\/span>\t\t\t\t\t\t\t\t<\/div>\n\t\t\t\t\t\t\t\t\t\t\t<\/div>\n\n\t\t\t\t<div class=\"teft-card__primary\">\n\t\t\t\t\t<h2 class=\"teft-card__title\">Stiller ikke til gjenvalg i Elverum&nbsp;<span class=\"teft-card__primary-title-append\"><\/span><\/h2>\t\t\t\t<\/div>\n\t\t\t<\/div>\n\t\t<\/a>\n\t<\/div>\n\n\t<\/div><\/div>\t<\/div>\n<\/div>\n","protected":false},"excerpt":{"rendered":"","protected":false},"author":15299,"featured_media":0,"comment_status":"closed","ping_status":"closed","sticky":false,"template":"","format":"standard","meta":{"teft_cards_image_url":"","teft_cards_custom_pretitle":"","teft_cards_image_id":0,"teft_cards_image_focal_point_x":0,"teft_cards_image_focal_point_y":0,"teft_cards_title":"","teft_cards_excerpt":"","teft_show_chapters":false,"author_display_name":"","footnotes":""},"category":[1,23],"post_tag":[8],"hoyre-visibility":[],"article-type":[],"politician":[],"class_list":["post-2762","post","type-post","status-publish","format-standard","hentry","category-ukategorisert","category-valg-2026","tag-elverum-hoyre"],"yoast_head":"<!-- This site is optimized with the Yoast SEO plugin v28.2 - https:\/\/yoast.com\/product\/yoast-seo-wordpress\/ -->\n<title>Nominasjonsm\u00f8te 25 august i Elverum H\u00f8yre - Elverum H\u00f8yre<\/title>\n<meta name=\"robots\" content=\"index, follow, max-snippet:-1, max-image-preview:large, max-video-preview:-1\" \/>\n<link rel=\"canonical\" href=\"https:\/\/hoyre.no\/elverum\/aktuelt\/nominasjonsmote-25-august-i-elverum-hoyre\/\" \/>\n<meta property=\"og:locale\" content=\"nb_NO\" \/>\n<meta property=\"og:type\" content=\"article\" \/>\n<meta property=\"og:title\" content=\"Nominasjonsm\u00f8te 25 august i Elverum H\u00f8yre - Elverum H\u00f8yre\" \/>\n<meta property=\"og:url\" content=\"https:\/\/hoyre.no\/elverum\/aktuelt\/nominasjonsmote-25-august-i-elverum-hoyre\/\" \/>\n<meta property=\"og:site_name\" content=\"Elverum H\u00f8yre\" \/>\n<meta property=\"article:published_time\" content=\"2026-09-01T12:33:31+00:00\" \/>\n<meta property=\"og:image\" content=\"https:\/\/hoyre.no\/content\/uploads\/sites\/83\/2026\/06\/53155-1.png\" \/>\n<meta name=\"author\" content=\"Jan Eirik Krey\" \/>\n<meta name=\"twitter:card\" content=\"summary_large_image\" \/>\n<meta name=\"twitter:label1\" content=\"Skrevet av\" \/>\n\t<meta name=\"twitter:data1\" content=\"Jan Eirik Krey\" \/>\n\t<meta name=\"twitter:label2\" content=\"Ansl. lesetid\" \/>\n\t<meta name=\"twitter:data2\" content=\"1 minutt\" \/>\n<script type=\"application\/ld+json\" class=\"yoast-schema-graph\">{\"@context\":\"https:\\\/\\\/schema.org\",\"@graph\":[{\"@type\":\"Article\",\"@id\":\"https:\\\/\\\/hoyre.no\\\/elverum\\\/aktuelt\\\/nominasjonsmote-25-august-i-elverum-hoyre\\\/#article\",\"isPartOf\":{\"@id\":\"https:\\\/\\\/hoyre.no\\\/elverum\\\/aktuelt\\\/nominasjonsmote-25-august-i-elverum-hoyre\\\/\"},\"author\":{\"name\":\"Jan Eirik Krey\",\"@id\":\"https:\\\/\\\/hoyre.no\\\/elverum\\\/#\\\/schema\\\/person\\\/b917b07dc5b6b1fa77dff34d119dd2d7\"},\"headline\":\"Nominasjonsm\u00f8te 25 august i Elverum H\u00f8yre\",\"datePublished\":\"2026-09-01T12:33:31+00:00\",\"mainEntityOfPage\":{\"@id\":\"https:\\\/\\\/hoyre.no\\\/elverum\\\/aktuelt\\\/nominasjonsmote-25-august-i-elverum-hoyre\\\/\"},\"wordCount\":124,\"keywords\":[\"Elverum H\u00f8yre\"],\"articleSection\":{\"1\":\"Valg 2026\"},\"inLanguage\":\"nb-NO\"},{\"@type\":\"NewsArticle\",\"@id\":\"https:\\\/\\\/hoyre.no\\\/elverum\\\/aktuelt\\\/nominasjonsmote-25-august-i-elverum-hoyre\\\/\",\"url\":\"https:\\\/\\\/hoyre.no\\\/elverum\\\/aktuelt\\\/nominasjonsmote-25-august-i-elverum-hoyre\\\/\",\"name\":\"Nominasjonsm\u00f8te 25 august i Elverum H\u00f8yre - Elverum H\u00f8yre\",\"isPartOf\":{\"@id\":\"https:\\\/\\\/hoyre.no\\\/elverum\\\/#website\"},\"datePublished\":\"2026-09-01T12:33:31+00:00\",\"author\":{\"@id\":\"https:\\\/\\\/hoyre.no\\\/elverum\\\/#\\\/schema\\\/person\\\/b917b07dc5b6b1fa77dff34d119dd2d7\"},\"breadcrumb\":{\"@id\":\"https:\\\/\\\/hoyre.no\\\/elverum\\\/aktuelt\\\/nominasjonsmote-25-august-i-elverum-hoyre\\\/#breadcrumb\"},\"inLanguage\":\"nb-NO\",\"potentialAction\":[{\"@type\":\"ReadAction\",\"target\":[\"https:\\\/\\\/hoyre.no\\\/elverum\\\/aktuelt\\\/nominasjonsmote-25-august-i-elverum-hoyre\\\/\"]}]},{\"@type\":\"BreadcrumbList\",\"@id\":\"https:\\\/\\\/hoyre.no\\\/elverum\\\/aktuelt\\\/nominasjonsmote-25-august-i-elverum-hoyre\\\/#breadcrumb\",\"itemListElement\":[{\"@type\":\"ListItem\",\"position\":1,\"name\":\"Til hoyre.no\",\"item\":\"https:\\\/\\\/hoyre.no\"},{\"@type\":\"ListItem\",\"position\":2,\"name\":\"Hjem\",\"item\":\"https:\\\/\\\/hoyre.no\\\/elverum\\\/\"},{\"@type\":\"ListItem\",\"position\":3,\"name\":\"Nominasjonsm\u00f8te 25 august i Elverum H\u00f8yre\"}]},{\"@type\":\"WebSite\",\"@id\":\"https:\\\/\\\/hoyre.no\\\/elverum\\\/#website\",\"url\":\"https:\\\/\\\/hoyre.no\\\/elverum\\\/\",\"name\":\"Elverum H\u00f8yre\",\"description\":\"Bare enda et H\u00f8yres nettsteder-nettsted\",\"inLanguage\":\"nb-NO\"},{\"@type\":\"Person\",\"@id\":\"https:\\\/\\\/hoyre.no\\\/elverum\\\/#\\\/schema\\\/person\\\/b917b07dc5b6b1fa77dff34d119dd2d7\",\"name\":\"Jan Eirik Krey\",\"image\":{\"@type\":\"ImageObject\",\"inLanguage\":\"nb-NO\",\"@id\":\"https:\\\/\\\/secure.gravatar.com\\\/avatar\\\/f36e8644ac04eb8b61e2a333ddd05fa62d3897cc74f2a9f6b1c3995012bb985c?s=96&d=mm&r=g\",\"url\":\"https:\\\/\\\/secure.gravatar.com\\\/avatar\\\/f36e8644ac04eb8b61e2a333ddd05fa62d3897cc74f2a9f6b1c3995012bb985c?s=96&d=mm&r=g\",\"contentUrl\":\"https:\\\/\\\/secure.gravatar.com\\\/avatar\\\/f36e8644ac04eb8b61e2a333ddd05fa62d3897cc74f2a9f6b1c3995012bb985c?s=96&d=mm&r=g\",\"caption\":\"Jan Eirik Krey\"},\"url\":\"https:\\\/\\\/hoyre.no\\\/elverum\\\/aktuelt\\\/author\\\/m51914091\\\/\"}]}<\/script>\n<!-- \/ Yoast SEO plugin. -->","yoast_head_json":{"title":"Nominasjonsm\u00f8te 25 august i Elverum H\u00f8yre - Elverum H\u00f8yre","robots":{"index":"index","follow":"follow","max-snippet":"max-snippet:-1","max-image-preview":"max-image-preview:large","max-video-preview":"max-video-preview:-1"},"canonical":"https:\/\/hoyre.no\/elverum\/aktuelt\/nominasjonsmote-25-august-i-elverum-hoyre\/","og_locale":"nb_NO","og_type":"article","og_title":"Nominasjonsm\u00f8te 25 august i Elverum H\u00f8yre - Elverum H\u00f8yre","og_url":"https:\/\/hoyre.no\/elverum\/aktuelt\/nominasjonsmote-25-august-i-elverum-hoyre\/","og_site_name":"Elverum H\u00f8yre","article_published_time":"2026-09-01T12:33:31+00:00","og_image":[{"url":"https:\/\/hoyre.no\/content\/uploads\/sites\/83\/2026\/06\/53155-1.png","width":"","height":"","type":""}],"author":"Jan Eirik Krey","twitter_card":"summary_large_image","twitter_misc":{"Skrevet av":"Jan Eirik Krey","Ansl. lesetid":"1 minutt"},"schema":{"@context":"https:\/\/schema.org","@graph":[{"@type":"Article","@id":"https:\/\/hoyre.no\/elverum\/aktuelt\/nominasjonsmote-25-august-i-elverum-hoyre\/#article","isPartOf":{"@id":"https:\/\/hoyre.no\/elverum\/aktuelt\/nominasjonsmote-25-august-i-elverum-hoyre\/"},"author":{"name":"Jan Eirik Krey","@id":"https:\/\/hoyre.no\/elverum\/#\/schema\/person\/b917b07dc5b6b1fa77dff34d119dd2d7"},"headline":"Nominasjonsm\u00f8te 25 august i Elverum H\u00f8yre","datePublished":"2026-09-01T12:33:31+00:00","mainEntityOfPage":{"@id":"https:\/\/hoyre.no\/elverum\/aktuelt\/nominasjonsmote-25-august-i-elverum-hoyre\/"},"wordCount":124,"keywords":["Elverum H\u00f8yre"],"articleSection":{"1":"Valg 2026"},"inLanguage":"nb-NO"},{"@type":"NewsArticle","@id":"https:\/\/hoyre.no\/elverum\/aktuelt\/nominasjonsmote-25-august-i-elverum-hoyre\/","url":"https:\/\/hoyre.no\/elverum\/aktuelt\/nominasjonsmote-25-august-i-elverum-hoyre\/","name":"Nominasjonsm\u00f8te 25 august i Elverum H\u00f8yre - Elverum H\u00f8yre","isPartOf":{"@id":"https:\/\/hoyre.no\/elverum\/#website"},"datePublished":"2026-09-01T12:33:31+00:00","author":{"@id":"https:\/\/hoyre.no\/elverum\/#\/schema\/person\/b917b07dc5b6b1fa77dff34d119dd2d7"},"breadcrumb":{"@id":"https:\/\/hoyre.no\/elverum\/aktuelt\/nominasjonsmote-25-august-i-elverum-hoyre\/#breadcrumb"},"inLanguage":"nb-NO","potentialAction":[{"@type":"ReadAction","target":["https:\/\/hoyre.no\/elverum\/aktuelt\/nominasjonsmote-25-august-i-elverum-hoyre\/"]}]},{"@type":"BreadcrumbList","@id":"https:\/\/hoyre.no\/elverum\/aktuelt\/nominasjonsmote-25-august-i-elverum-hoyre\/#breadcrumb","itemListElement":[{"@type":"ListItem","position":1,"name":"Til hoyre.no","item":"https:\/\/hoyre.no"},{"@type":"ListItem","position":2,"name":"Hjem","item":"https:\/\/hoyre.no\/elverum\/"},{"@type":"ListItem","position":3,"name":"Nominasjonsm\u00f8te 25 august i Elverum H\u00f8yre"}]},{"@type":"WebSite","@id":"https:\/\/hoyre.no\/elverum\/#website","url":"https:\/\/hoyre.no\/elverum\/","name":"Elverum H\u00f8yre","description":"Bare enda et H\u00f8yres nettsteder-nettsted","inLanguage":"nb-NO"},{"@type":"Person","@id":"https:\/\/hoyre.no\/elverum\/#\/schema\/person\/b917b07dc5b6b1fa77dff34d119dd2d7","name":"Jan Eirik Krey","image":{"@type":"ImageObject","inLanguage":"nb-NO","@id":"https:\/\/secure.gravatar.com\/avatar\/f36e8644ac04eb8b61e2a333ddd05fa62d3897cc74f2a9f6b1c3995012bb985c?s=96&d=mm&r=g","url":"https:\/\/secure.gravatar.com\/avatar\/f36e8644ac04eb8b61e2a333ddd05fa62d3897cc74f2a9f6b1c3995012bb985c?s=96&d=mm&r=g","contentUrl":"https:\/\/secure.gravatar.com\/avatar\/f36e8644ac04eb8b61e2a333ddd05fa62d3897cc74f2a9f6b1c3995012bb985c?s=96&d=mm&r=g","caption":"Jan Eirik Krey"},"url":"https:\/\/hoyre.no\/elverum\/aktuelt\/author\/m51914091\/"}]}},"distributor_meta":false,"distributor_terms":false,"distributor_media":false,"distributor_original_site_name":"Elverum H\u00f8yre","distributor_original_site_url":"https:\/\/hoyre.no\/elverum","push-errors":false,"_links":{"self":[{"href":"https:\/\/hoyre.no\/elverum\/wp-json\/wp\/v2\/posts\/2762","targetHints":{"allow":["GET"]}}],"collection":[{"href":"https:\/\/hoyre.no\/elverum\/wp-json\/wp\/v2\/posts"}],"about":[{"href":"https:\/\/hoyre.no\/elverum\/wp-json\/wp\/v2\/types\/post"}],"author":[{"embeddable":true,"href":"https:\/\/hoyre.no\/elverum\/wp-json\/wp\/v2\/users\/15299"}],"replies":[{"embeddable":true,"href":"https:\/\/hoyre.no\/elverum\/wp-json\/wp\/v2\/comments?post=2762"}],"version-history":[{"count":2,"href":"https:\/\/hoyre.no\/elverum\/wp-json\/wp\/v2\/posts\/2762\/revisions"}],"predecessor-version":[{"id":2764,"href":"https:\/\/hoyre.no\/elverum\/wp-json\/wp\/v2\/posts\/2762\/revisions\/2764"}],"wp:attachment":[{"href":"https:\/\/hoyre.no\/elverum\/wp-json\/wp\/v2\/media?parent=2762"}],"wp:term":[{"taxonomy":"category","embeddable":true,"href":"https:\/\/hoyre.no\/elverum\/wp-json\/wp\/v2\/category?post=2762"},{"taxonomy":"post_tag","embeddable":true,"href":"https:\/\/hoyre.no\/elverum\/wp-json\/wp\/v2\/post_tag?post=2762"},{"taxonomy":"hoyre-visibility","embeddable":true,"href":"https:\/\/hoyre.no\/elverum\/wp-json\/wp\/v2\/hoyre-visibility?post=2762"},{"taxonomy":"article-type","embeddable":true,"href":"https:\/\/hoyre.no\/elverum\/wp-json\/wp\/v2\/article-type?post=2762"},{"taxonomy":"politician","embeddable":true,"href":"https:\/\/hoyre.no\/elverum\/wp-json\/wp\/v2\/politician?post=2762"}],"curies":[{"name":"wp","href":"https:\/\/api.w.org\/{rel}","templated":true}]}}