{"id":497,"date":"2022-12-19T14:05:24","date_gmt":"2022-12-19T13:05:24","guid":{"rendered":"https:\/\/hoyre.no\/elverum\/?p=497"},"modified":"2023-01-03T17:11:01","modified_gmt":"2023-01-03T16:11:01","slug":"julehilsen-2022","status":"publish","type":"post","link":"https:\/\/hoyre.no\/elverum\/aktuelt\/julehilsen-2022\/","title":{"rendered":"Julehilsen 2022"},"content":{"rendered":"\n<p class=\"preamble\">Til medlemmer av Elverum H\u00f8yre.<\/p>\t\t\t<div class=\"post-meta wp-block teft-byline-wrapper\">\n\t\t\t\t<div class=\"top\">\n\t\t\t\t\t<div class=\"signature\">\n\t\t\t\t\t\t<div class=\"teft-byline\">\n\t\t\t\t\t\t\t\t\t\t\t\t\t\t<div>\n\t\t\t\t\t\t\t\t<h3>H\u00f8yres redaksjon<\/h3>\t\t\t\t\t\t\t\t\n\t\t\t\t\t\t\t\t\t\t\t\t\t\t\t\t\t<span class=\"date\">Sist oppdatert: 3. januar 2023<\/span>\n\t\t\t\t\t\t\t\t\t\t\t\t\t\t\t\t\t\t\t\t\t\t\t\t\t<span class=\"reading-time\" itemprop=\"timeRequired\" content=\"PT2M\"><em>Ca. 2 minutter lesetid<\/em><\/span>\n\t\t\t\t\t\t\t\t\t\t\t\t\t\t\t<\/div>\n\t\t\t\t\t\t<\/div>\n\t\t\t\t\t<\/div>\n\t\t\t\t\t\t<div class=\"sharing\">\n\t\t<a class=\"share-button share-link copy-link\" data-copy=\"https:\/\/hoyre.no\/elverum\/aktuelt\/julehilsen-2022\/\" target=\"_blank\"><span class=\"screen-reader-text\">Del link<\/span><\/a>\n\t\t<a class=\"share-button share-twitter\" href=\"http:\/\/twitter.com\/share?text=Julehilsen 2022&#038;url=https:\/\/hoyre.no\/elverum\/aktuelt\/julehilsen-2022\/&#038;hashtags=Hoyre\" target=\"_blank\"><span class=\"screen-reader-text\">Del p\u00e5 twitter<\/span><\/a>\n\t\t<a class=\"share-button share-facebook\" href=\"https:\/\/www.facebook.com\/sharer\/sharer.php?u=https:\/\/hoyre.no\/elverum\/aktuelt\/julehilsen-2022\/\" target=\"_blank\"><span class=\"screen-reader-text\">Del p\u00e5 facebook<\/span><\/a>\n\t<\/div>\n\t\t\t\t\t<\/div>\n\t\t\t<\/div>\n\n\t\t\t<figure class=\"hoyre-image-wrapper\"><div class=\"hoyre-image\"><img loading=\"lazy\" decoding=\"async\" width=\"453\" height=\"211\" src=\"https:\/\/hoyre.no\/content\/uploads\/sites\/83\/2022\/12\/th.jpg\" class=\"attachment-scaled size-scaled\" alt=\"\" style=\"object-position: 50% 50%\" srcset=\"https:\/\/hoyre.no\/content\/uploads\/sites\/83\/2022\/12\/th.jpg 453w, https:\/\/hoyre.no\/content\/uploads\/sites\/83\/2022\/12\/th-300x140.jpg 300w\" sizes=\"auto, (max-width: 453px) 100vw, 453px\" \/><\/div><\/figure>\n\n\n\n\n<p>Da er \u00e5rsm\u00f8te gjennomf\u00f8rt og nytt styre er p\u00e5 plass, takk til valgkomiteen for flott arbeid. Det er stor grad av kontinuitet i styre noe som kanskje er greit n\u00e5r vi g\u00e5r inn i nytt \u00e5r med kommunestyrevalg og mange aktiviteter knyttet til valget.<\/p>\n\n\n\n<p>Styret 2023:<br>Leder Vigdis Osbak, nestleder Nils R Melby,<br>medlemsansvarlig Thor Anders Sognli, sekret\u00e6r Hj\u00f8rdis Bj\u00f8lseth, kasserer Stian Ringstad, Yngve S\u00e6tre som gruppeleder i Elverum H\u00f8yre og Jan Eirik Krey som leder for programkomiteen. Vara representanter i styret er Carola Bj\u00f8rklund og Arild Skurdal.<br><br>Nominasjonsm\u00f8tene ble gjennomf\u00f8rt den 31. mai og sist n\u00e5 den 15. november. Yngve S\u00e6tre er v\u00e5r ordf\u00f8rerkandidat, og resten av listen mener vi er solid og god &#8211; og viser bredden i Elverum H\u00f8yre sin medlemsmasse. En stor takk til nominasjonskomiteen for den gode jobben. Listen skal leveres valgstyret i kommunen f\u00f8r utgangen av februar 2023.<br><br>Programkomiteen har utarbeidet et utkast til kortprogram og et mer omfattende program for neste kommunestyreperiode 2023 \u2013 2027. Det er viktig at programmet forankres og arbeidet med dette starter opp i februar.<br><br>M\u00f8teplan for 2023<br>M\u00f8teprogrammet for \u00e5ret er vedlagt og som dere ser har vi allerede lagt inn to m\u00f8ter for Elverum H\u00f8yre sine medlemmer p\u00e5 kommunestyrelista 2023.<br>Det er \u00abKick off\u00bb den 16 januar kl 1900 p\u00e5 r\u00e5dhuset der vi tenker \u00e5 fortelle\/diskutere v\u00e5re rutiner for m\u00f8ter og saksbehandling, og et m\u00f8te den 13 februar for \u00e5 samtale om program for Elverum H\u00f8yre. Vi \u00f8nsker alle medlemmer velkommen til disse m\u00f8tene for \u00e5 v\u00e6re med p\u00e5 \u00e5 forankre programmet og bli kjent med alle kandidater.<br>Vi har lagt inn et medlemsm\u00f8te den 13 mars \u2013 tema for m\u00f8tet kommer vi<br>tilbake til.<br><br>Gruppem\u00f8tene brukes til \u00e5 gjennomg\u00e5 sakene som er til kommende formannskap- og kommunestyrem\u00f8te. Her f\u00e5r vi alle muligheten til \u00e5 komme med v\u00e5re synspunkter og bidra til at beslutninger er best mulig belyst. Gruppem\u00f8tene har vi p\u00e5 r\u00e5dhuset i peisestua kl 1900. Vi g\u00e5r inn gjennom hovedinngangen.<br>Styret \u00f8nsker \u00e5 takke for \u00e5ret som er g\u00e5tt og \u00f8nsker alle nye H\u00f8yre<br>medlemmer velkommen til foreningen. Takk for alle gode bidrag og ikke<br>minst alle forberedelser som n\u00e5 er gjort for 2023 \u2013 valg\u00e5ret.<br><br>Julehilsen Vigdis Osbak\/for styret.<\/p>\n\n\n\n<p><br><\/p>\n\n\n<div class=\"tags\">\n\t<\/div>\n<div class=\"post-footer alignfull has-background block-editor-block-list__block\" data-align=full>\n\t<div class=\"post-footer-inner\">\n\t\t<h3>Relaterte artikler<\/h3>\n\t\t<div class=\"related-content\"><div class=\"is-card-hoyre\">\n\t<div class=\"teft-card hoyre-teft-card post-teft-card\">\n\t\t<a href=\"https:\/\/hoyre.no\/elverum\/aktuelt\/forpliktende-fra-hoyre-forsvaret-foran-andre-samfunnsoppgaver\/\" class=\"teft-card__primary-action\">\n\n\t\t\t<div class=\"teft-card__media teft-card__media--16-9 no-image\"><\/div>\n\t\t\t<div class=\"teft-card__content-wrapper\">\n\t\t\t\t<div class=\"teft-card__secondary\">\n\t\t\t\t\t\n\t\t\t\t\t\t\t\t<div class=\"teft-card__meta\">\n\t\t\t\t\t\t\t\t\t<span class=\"post-date\">19. feb 2026<\/span>\n\n\t\t\t\t\t\t\t\t\t<span class=\"post-category\">Valg 2026<\/span>\t\t\t\t\t\t\t\t<\/div>\n\t\t\t\t\t\t\t\t\t\t\t<\/div>\n\n\t\t\t\t<div class=\"teft-card__primary\">\n\t\t\t\t\t<h2 class=\"teft-card__title\">Forpliktende fra H\u00f8yre: Forsvaret foran andre samfunnsoppgaver&nbsp;<span class=\"teft-card__primary-title-append\"><\/span><\/h2>\t\t\t\t<\/div>\n\t\t\t<\/div>\n\t\t<\/a>\n\t<\/div>\n\n\t<\/div><div class=\"is-card-hoyre\">\n\t<div class=\"teft-card hoyre-teft-card post-teft-card\">\n\t\t<a href=\"https:\/\/hoyre.no\/elverum\/aktuelt\/vi-ma-handle-na\/\" class=\"teft-card__primary-action\">\n\n\t\t\t<div class=\"teft-card__media teft-card__media--16-9 no-image\"><\/div>\n\t\t\t<div class=\"teft-card__content-wrapper\">\n\t\t\t\t<div class=\"teft-card__secondary\">\n\t\t\t\t\t\n\t\t\t\t\t\t\t\t<div class=\"teft-card__meta\">\n\t\t\t\t\t\t\t\t\t<span class=\"post-date\">22. jan 2026<\/span>\n\n\t\t\t\t\t\t\t\t\t<span class=\"post-category\">Ukategorisert<\/span>\t\t\t\t\t\t\t\t<\/div>\n\t\t\t\t\t\t\t\t\t\t\t<\/div>\n\n\t\t\t\t<div class=\"teft-card__primary\">\n\t\t\t\t\t<h2 class=\"teft-card__title\">Vi m\u00e5 handle n\u00e5&nbsp;<span class=\"teft-card__primary-title-append\"><\/span><\/h2>\t\t\t\t<\/div>\n\t\t\t<\/div>\n\t\t<\/a>\n\t<\/div>\n\n\t<\/div><div class=\"is-card-hoyre\">\n\t<div class=\"teft-card hoyre-teft-card post-teft-card\">\n\t\t<a href=\"https:\/\/hoyre.no\/elverum\/aktuelt\/arsmote-i-innlandet-hoyre-10-januar-2026\/\" class=\"teft-card__primary-action\">\n\n\t\t\t<div class=\"teft-card__media teft-card__media--16-9 no-image\"><\/div>\n\t\t\t<div class=\"teft-card__content-wrapper\">\n\t\t\t\t<div class=\"teft-card__secondary\">\n\t\t\t\t\t\n\t\t\t\t\t\t\t\t<div class=\"teft-card__meta\">\n\t\t\t\t\t\t\t\t\t<span class=\"post-date\">11. jan 2026<\/span>\n\n\t\t\t\t\t\t\t\t\t<span class=\"post-category\">Valg 2026<\/span>\t\t\t\t\t\t\t\t<\/div>\n\t\t\t\t\t\t\t\t\t\t\t<\/div>\n\n\t\t\t\t<div class=\"teft-card__primary\">\n\t\t\t\t\t<h2 class=\"teft-card__title\">\u00c5rsm\u00f8te i Innlandet H\u00f8yre 10 januar 2026&nbsp;<span class=\"teft-card__primary-title-append\"><\/span><\/h2>\t\t\t\t<\/div>\n\t\t\t<\/div>\n\t\t<\/a>\n\t<\/div>\n\n\t<\/div><\/div>\t<\/div>\n<\/div>\n","protected":false},"excerpt":{"rendered":"","protected":false},"author":15299,"featured_media":0,"comment_status":"closed","ping_status":"closed","sticky":false,"template":"","format":"standard","meta":{"teft_cards_image_url":"","teft_cards_custom_pretitle":"","teft_cards_image_id":502,"teft_cards_image_focal_point_x":0.5,"teft_cards_image_focal_point_y":0.5,"teft_cards_title":"","teft_cards_excerpt":"","teft_show_chapters":false,"author_display_name":"","footnotes":""},"category":[1],"post_tag":[],"hoyre-visibility":[],"article-type":[],"politician":[],"class_list":["post-497","post","type-post","status-publish","format-standard","hentry","category-ukategorisert"],"yoast_head":"<!-- This site is optimized with the Yoast SEO plugin v26.6 - https:\/\/yoast.com\/wordpress\/plugins\/seo\/ -->\n<title>Julehilsen 2022 - Elverum H\u00f8yre<\/title>\n<meta name=\"robots\" content=\"index, follow, max-snippet:-1, max-image-preview:large, max-video-preview:-1\" \/>\n<link rel=\"canonical\" href=\"https:\/\/hoyre.no\/elverum\/aktuelt\/julehilsen-2022\/\" \/>\n<meta property=\"og:locale\" content=\"nb_NO\" \/>\n<meta property=\"og:type\" content=\"article\" \/>\n<meta property=\"og:title\" content=\"Julehilsen 2022 - Elverum H\u00f8yre\" \/>\n<meta property=\"og:url\" content=\"https:\/\/hoyre.no\/elverum\/aktuelt\/julehilsen-2022\/\" \/>\n<meta property=\"og:site_name\" content=\"Elverum H\u00f8yre\" \/>\n<meta property=\"article:published_time\" content=\"2022-12-19T13:05:24+00:00\" \/>\n<meta property=\"article:modified_time\" content=\"2023-01-03T16:11:01+00:00\" \/>\n<meta property=\"og:image\" content=\"https:\/\/hoyre.no\/content\/uploads\/sites\/83\/2025\/06\/Yngve-arsmotet-2025-1-jpg-1024x683.jpg\" \/>\n<meta name=\"author\" content=\"Jan Eirik Krey\" \/>\n<meta name=\"twitter:card\" content=\"summary_large_image\" \/>\n<meta name=\"twitter:label1\" content=\"Skrevet av\" \/>\n\t<meta name=\"twitter:data1\" content=\"Jan Eirik Krey\" \/>\n\t<meta name=\"twitter:label2\" content=\"Ansl. lesetid\" \/>\n\t<meta name=\"twitter:data2\" content=\"3 minutter\" \/>\n<script type=\"application\/ld+json\" class=\"yoast-schema-graph\">{\"@context\":\"https:\/\/schema.org\",\"@graph\":[{\"@type\":\"NewsArticle\",\"@id\":\"https:\/\/hoyre.no\/elverum\/aktuelt\/julehilsen-2022\/\",\"url\":\"https:\/\/hoyre.no\/elverum\/aktuelt\/julehilsen-2022\/\",\"name\":\"Julehilsen 2022 - Elverum H\u00f8yre\",\"isPartOf\":{\"@id\":\"https:\/\/hoyre.no\/elverum\/#website\"},\"datePublished\":\"2022-12-19T13:05:24+00:00\",\"dateModified\":\"2023-01-03T16:11:01+00:00\",\"author\":{\"@id\":\"https:\/\/hoyre.no\/elverum\/#\/schema\/person\/b917b07dc5b6b1fa77dff34d119dd2d7\"},\"breadcrumb\":{\"@id\":\"https:\/\/hoyre.no\/elverum\/aktuelt\/julehilsen-2022\/#breadcrumb\"},\"inLanguage\":\"nb-NO\",\"potentialAction\":[{\"@type\":\"ReadAction\",\"target\":[\"https:\/\/hoyre.no\/elverum\/aktuelt\/julehilsen-2022\/\"]}]},{\"@type\":\"BreadcrumbList\",\"@id\":\"https:\/\/hoyre.no\/elverum\/aktuelt\/julehilsen-2022\/#breadcrumb\",\"itemListElement\":[{\"@type\":\"ListItem\",\"position\":1,\"name\":\"Til hoyre.no\",\"item\":\"https:\/\/hoyre.no\"},{\"@type\":\"ListItem\",\"position\":2,\"name\":\"Hjem\",\"item\":\"https:\/\/hoyre.no\/elverum\/\"},{\"@type\":\"ListItem\",\"position\":3,\"name\":\"Julehilsen 2022\"}]},{\"@type\":\"WebSite\",\"@id\":\"https:\/\/hoyre.no\/elverum\/#website\",\"url\":\"https:\/\/hoyre.no\/elverum\/\",\"name\":\"Elverum H\u00f8yre\",\"description\":\"Bare enda et H\u00f8yres nettsteder-nettsted\",\"inLanguage\":\"nb-NO\"},{\"@type\":\"Person\",\"@id\":\"https:\/\/hoyre.no\/elverum\/#\/schema\/person\/b917b07dc5b6b1fa77dff34d119dd2d7\",\"name\":\"Jan Eirik Krey\",\"image\":{\"@type\":\"ImageObject\",\"inLanguage\":\"nb-NO\",\"@id\":\"https:\/\/hoyre.no\/elverum\/#\/schema\/person\/image\/\",\"url\":\"https:\/\/secure.gravatar.com\/avatar\/f36e8644ac04eb8b61e2a333ddd05fa62d3897cc74f2a9f6b1c3995012bb985c?s=96&d=mm&r=g\",\"contentUrl\":\"https:\/\/secure.gravatar.com\/avatar\/f36e8644ac04eb8b61e2a333ddd05fa62d3897cc74f2a9f6b1c3995012bb985c?s=96&d=mm&r=g\",\"caption\":\"Jan Eirik Krey\"},\"url\":\"https:\/\/hoyre.no\/elverum\/aktuelt\/author\/m51914091\/\"}]}<\/script>\n<!-- \/ Yoast SEO plugin. -->","yoast_head_json":{"title":"Julehilsen 2022 - Elverum H\u00f8yre","robots":{"index":"index","follow":"follow","max-snippet":"max-snippet:-1","max-image-preview":"max-image-preview:large","max-video-preview":"max-video-preview:-1"},"canonical":"https:\/\/hoyre.no\/elverum\/aktuelt\/julehilsen-2022\/","og_locale":"nb_NO","og_type":"article","og_title":"Julehilsen 2022 - Elverum H\u00f8yre","og_url":"https:\/\/hoyre.no\/elverum\/aktuelt\/julehilsen-2022\/","og_site_name":"Elverum H\u00f8yre","article_published_time":"2022-12-19T13:05:24+00:00","article_modified_time":"2023-01-03T16:11:01+00:00","og_image":[{"url":"https:\/\/hoyre.no\/content\/uploads\/sites\/83\/2025\/06\/Yngve-arsmotet-2025-1-jpg-1024x683.jpg","width":"","height":"","type":""}],"author":"Jan Eirik Krey","twitter_card":"summary_large_image","twitter_misc":{"Skrevet av":"Jan Eirik Krey","Ansl. lesetid":"3 minutter"},"schema":{"@context":"https:\/\/schema.org","@graph":[{"@type":"NewsArticle","@id":"https:\/\/hoyre.no\/elverum\/aktuelt\/julehilsen-2022\/","url":"https:\/\/hoyre.no\/elverum\/aktuelt\/julehilsen-2022\/","name":"Julehilsen 2022 - Elverum H\u00f8yre","isPartOf":{"@id":"https:\/\/hoyre.no\/elverum\/#website"},"datePublished":"2022-12-19T13:05:24+00:00","dateModified":"2023-01-03T16:11:01+00:00","author":{"@id":"https:\/\/hoyre.no\/elverum\/#\/schema\/person\/b917b07dc5b6b1fa77dff34d119dd2d7"},"breadcrumb":{"@id":"https:\/\/hoyre.no\/elverum\/aktuelt\/julehilsen-2022\/#breadcrumb"},"inLanguage":"nb-NO","potentialAction":[{"@type":"ReadAction","target":["https:\/\/hoyre.no\/elverum\/aktuelt\/julehilsen-2022\/"]}]},{"@type":"BreadcrumbList","@id":"https:\/\/hoyre.no\/elverum\/aktuelt\/julehilsen-2022\/#breadcrumb","itemListElement":[{"@type":"ListItem","position":1,"name":"Til hoyre.no","item":"https:\/\/hoyre.no"},{"@type":"ListItem","position":2,"name":"Hjem","item":"https:\/\/hoyre.no\/elverum\/"},{"@type":"ListItem","position":3,"name":"Julehilsen 2022"}]},{"@type":"WebSite","@id":"https:\/\/hoyre.no\/elverum\/#website","url":"https:\/\/hoyre.no\/elverum\/","name":"Elverum H\u00f8yre","description":"Bare enda et H\u00f8yres nettsteder-nettsted","inLanguage":"nb-NO"},{"@type":"Person","@id":"https:\/\/hoyre.no\/elverum\/#\/schema\/person\/b917b07dc5b6b1fa77dff34d119dd2d7","name":"Jan Eirik Krey","image":{"@type":"ImageObject","inLanguage":"nb-NO","@id":"https:\/\/hoyre.no\/elverum\/#\/schema\/person\/image\/","url":"https:\/\/secure.gravatar.com\/avatar\/f36e8644ac04eb8b61e2a333ddd05fa62d3897cc74f2a9f6b1c3995012bb985c?s=96&d=mm&r=g","contentUrl":"https:\/\/secure.gravatar.com\/avatar\/f36e8644ac04eb8b61e2a333ddd05fa62d3897cc74f2a9f6b1c3995012bb985c?s=96&d=mm&r=g","caption":"Jan Eirik Krey"},"url":"https:\/\/hoyre.no\/elverum\/aktuelt\/author\/m51914091\/"}]}},"distributor_meta":false,"distributor_terms":false,"distributor_media":false,"distributor_original_site_name":"Elverum H\u00f8yre","distributor_original_site_url":"https:\/\/hoyre.no\/elverum","push-errors":false,"_links":{"self":[{"href":"https:\/\/hoyre.no\/elverum\/wp-json\/wp\/v2\/posts\/497","targetHints":{"allow":["GET"]}}],"collection":[{"href":"https:\/\/hoyre.no\/elverum\/wp-json\/wp\/v2\/posts"}],"about":[{"href":"https:\/\/hoyre.no\/elverum\/wp-json\/wp\/v2\/types\/post"}],"author":[{"embeddable":true,"href":"https:\/\/hoyre.no\/elverum\/wp-json\/wp\/v2\/users\/15299"}],"replies":[{"embeddable":true,"href":"https:\/\/hoyre.no\/elverum\/wp-json\/wp\/v2\/comments?post=497"}],"version-history":[{"count":4,"href":"https:\/\/hoyre.no\/elverum\/wp-json\/wp\/v2\/posts\/497\/revisions"}],"predecessor-version":[{"id":503,"href":"https:\/\/hoyre.no\/elverum\/wp-json\/wp\/v2\/posts\/497\/revisions\/503"}],"wp:attachment":[{"href":"https:\/\/hoyre.no\/elverum\/wp-json\/wp\/v2\/media?parent=497"}],"wp:term":[{"taxonomy":"category","embeddable":true,"href":"https:\/\/hoyre.no\/elverum\/wp-json\/wp\/v2\/category?post=497"},{"taxonomy":"post_tag","embeddable":true,"href":"https:\/\/hoyre.no\/elverum\/wp-json\/wp\/v2\/post_tag?post=497"},{"taxonomy":"hoyre-visibility","embeddable":true,"href":"https:\/\/hoyre.no\/elverum\/wp-json\/wp\/v2\/hoyre-visibility?post=497"},{"taxonomy":"article-type","embeddable":true,"href":"https:\/\/hoyre.no\/elverum\/wp-json\/wp\/v2\/article-type?post=497"},{"taxonomy":"politician","embeddable":true,"href":"https:\/\/hoyre.no\/elverum\/wp-json\/wp\/v2\/politician?post=497"}],"curies":[{"name":"wp","href":"https:\/\/api.w.org\/{rel}","templated":true}]}}