{"id":709,"date":"2023-06-05T11:00:35","date_gmt":"2023-06-05T09:00:35","guid":{"rendered":"https:\/\/hoyre.no\/elverum\/?p=709"},"modified":"2023-06-17T10:27:19","modified_gmt":"2023-06-17T08:27:19","slug":"regjeringen-sier-ja-til-nytt-mjossykehus","status":"publish","type":"post","link":"https:\/\/hoyre.no\/elverum\/aktuelt\/regjeringen-sier-ja-til-nytt-mjossykehus\/","title":{"rendered":"Regjeringen sier ja til nytt Mj\u00f8ssykehus"},"content":{"rendered":"\n<p class=\"preamble\">Pressemelding |\u00a0Dato: 05.06.2023<\/p>\t\t\t<div class=\"post-meta wp-block teft-byline-wrapper\">\n\t\t\t\t<div class=\"top\">\n\t\t\t\t\t<div class=\"signature\">\n\t\t\t\t\t\t<div class=\"teft-byline\">\n\t\t\t\t\t\t\t\t\t\t\t\t\t\t<div>\n\t\t\t\t\t\t\t\t<h3>H\u00f8yres redaksjon<\/h3>\t\t\t\t\t\t\t\t\n\t\t\t\t\t\t\t\t\t\t\t\t\t\t\t\t\t<span class=\"date\">Sist oppdatert: 17. juni 2023<\/span>\n\t\t\t\t\t\t\t\t\t\t\t\t\t\t\t\t\t\t\t\t\t\t\t\t\t<span class=\"reading-time\" itemprop=\"timeRequired\" content=\"PT2M\"><em>Ca. 2 minutter lesetid<\/em><\/span>\n\t\t\t\t\t\t\t\t\t\t\t\t\t\t\t<\/div>\n\t\t\t\t\t\t<\/div>\n\t\t\t\t\t<\/div>\n\t\t\t\t\t\t<div class=\"sharing\">\n\t\t<a class=\"share-button share-link copy-link\" data-copy=\"https:\/\/hoyre.no\/elverum\/aktuelt\/regjeringen-sier-ja-til-nytt-mjossykehus\/\" target=\"_blank\"><span class=\"screen-reader-text\">Del link<\/span><\/a>\n\t\t<a class=\"share-button share-twitter\" href=\"http:\/\/twitter.com\/share?text=Regjeringen sier ja til nytt Mj\u00f8ssykehus&#038;url=https:\/\/hoyre.no\/elverum\/aktuelt\/regjeringen-sier-ja-til-nytt-mjossykehus\/&#038;hashtags=Hoyre\" target=\"_blank\"><span class=\"screen-reader-text\">Del p\u00e5 twitter<\/span><\/a>\n\t\t<a class=\"share-button share-facebook\" href=\"https:\/\/www.facebook.com\/sharer\/sharer.php?u=https:\/\/hoyre.no\/elverum\/aktuelt\/regjeringen-sier-ja-til-nytt-mjossykehus\/\" target=\"_blank\"><span class=\"screen-reader-text\">Del p\u00e5 facebook<\/span><\/a>\n\t<\/div>\n\t\t\t\t\t<\/div>\n\t\t\t<\/div>\n\n\t\t\t<figure class=\"hoyre-image-wrapper\"><div class=\"hoyre-image\"><img loading=\"lazy\" decoding=\"async\" width=\"2048\" height=\"1365\" src=\"https:\/\/hoyre.no\/content\/uploads\/sites\/83\/2021\/01\/Yngve-ved-sykehuset-Elverum-2.jpg\" class=\"attachment-scaled size-scaled\" alt=\"\" style=\"object-position: 50% 50%\" srcset=\"https:\/\/hoyre.no\/content\/uploads\/sites\/83\/2021\/01\/Yngve-ved-sykehuset-Elverum-2.jpg 2048w, https:\/\/hoyre.no\/content\/uploads\/sites\/83\/2021\/01\/Yngve-ved-sykehuset-Elverum-2-300x200.jpg 300w, https:\/\/hoyre.no\/content\/uploads\/sites\/83\/2021\/01\/Yngve-ved-sykehuset-Elverum-2-1024x683.jpg 1024w, https:\/\/hoyre.no\/content\/uploads\/sites\/83\/2021\/01\/Yngve-ved-sykehuset-Elverum-2-768x512.jpg 768w, https:\/\/hoyre.no\/content\/uploads\/sites\/83\/2021\/01\/Yngve-ved-sykehuset-Elverum-2-1536x1024.jpg 1536w\" sizes=\"auto, (max-width: 2048px) 100vw, 2048px\" \/><\/div><\/figure>\n\n\n\n\n<p>Regjeringen har besluttet \u00e5 si ja til nytt Mj\u00f8ssykehus lokalisert i Moelv i Innlandet. N\u00e5r sykehuset st\u00e5r klart, vil det gi et betydelig styrket tilbud for innbyggerne i Innlandet. Samtidig vil sykehuset i Elverum f\u00e5 mer aktivitet enn det som l\u00e5 i forslaget fra Helse S\u00f8r-\u00d8st.<br><br>Beslutningen inneb\u00e6rer blant annet:<\/p>\n\n\n\n<ul class=\"wp-block-list\"><li>P\u00e5 sykehuset i Elverum blir det mer d\u00f8gn- og dagkirurgi innen ortopedi, planlagt kirurgi, et bevegelsessenter med et styrket rehabiliteringstilbud og indremedisinske akuttfunksjoner.<\/li><li>Regjeringen \u00f8nsker ogs\u00e5 at det legges til rette for et f\u00f8detilbud med barselavdeling ved Elverum sykehus, og ber Helse S\u00f8r-\u00d8st utrede dette.<\/li><li>Kunnskapsdepartementet vil bli bedt om \u00e5 sette i gang et arbeid med m\u00e5l om \u00e5 etablere egen fysioterapiutdanning i Elverum.<br><br><\/li><\/ul>\n\n\n\n<h2 class=\"wp-block-heading\"><strong>BAKGRUNN: REGJERINGENS VEDTAK OM SYKEHUSET INNLANDET<\/strong><\/h2>\n\n\n\n<ol class=\"wp-block-list\"><li>Det kommuniseres at regjeringen vil at Sykehuset Innlandet skal videreutvikles gjennom;<ul><li>Etablering av et Mj\u00f8ssykehus i Moelv.<\/li><li>Et forsterket Elverum sykehus sammenlignet med gjeldende vedtak i Helse S\u00f8r-\u00d8st RHF. Det er et klart m\u00e5l \u00e5 utnytte mer av bygningsmassen p\u00e5 Elverum.<\/li><li>Et Tynset sykehus hvor dagens virksomhet videref\u00f8res med aktivitet og arbeidsplasser minimum p\u00e5 dagens niv\u00e5&nbsp;<\/li><li>Et allsidig lokalsykehus p\u00e5 Lillehammer, inkludert at Lillehammer sykehus har ortopedi og generell kirurgi for eget lokalsykehusomr\u00e5de.&nbsp;<\/li><\/ul><\/li><li>Basert p\u00e5 dette m\u00e5lbildet ber regjeringen om at Helse S\u00f8r-\u00d8st legger til rette for:<ul><li>Videreutvikling av det elektive ortopediske tilbudet ved Elverum sykehus, hvor mer d\u00f8gn- og dagkirurgi innen ortopedi legges til Elverum sykehus.<\/li><li>Et sterkt rehabiliteringstilbud ved Elverum sykehus, herunder en videref\u00f8ring av d\u00f8gntilbudet som i dag finnes i Ottestad (avdeling for medisinsk rehabilitering) som flyttes til Elverum, istedenfor Moelv. Det skal gj\u00f8res n\u00f8dvendige bygningsmessige tilpasninger.<\/li><li>En styrking av tilbudet ved Tynset sykehus.<\/li><li>Etablering av et bevegelsessenter ved Elverum sykehus, med elektiv ortopedi og fysikalsk medisin og rehabilitering som en stamme for et slikt fagmilj\u00f8, sammen med NAVs senter for tekniske hjelpemidler, h\u00f8yskolens oppl\u00e6ring i kropps\u00f8ving og relevante ideelle akt\u00f8rer.<\/li><li>Regjeringen ber ogs\u00e5 Helse S\u00f8r-\u00d8st om at det gj\u00f8res en egen vurdering av mulighetene for samspill mellom forsvarets aktivitet og et styrket medisinsk milj\u00f8 ved Elverum sykehus innen rehabilitering og et bevegelsessenter. Videre skal det vurderes hvordan det akuttmedisinske tilbudet kan ivareta forsvarets behov, og om det er muligheter for samarbeid om for eksempel oppl\u00e6ring og trening.<\/li><\/ul><\/li><li>Regjeringen \u00f8nsker ogs\u00e5 at det legges til rette for et f\u00f8detilbud med barselavdeling ved Elverum sykehus, og ber Helse S\u00f8r-\u00d8st utrede dette.<\/li><li>Det kommuniseres fra regjeringen, i tr\u00e5d med tidligere vedtak fra Helse S\u00f8r-\u00d8st at de indremedisinske akuttfunksjonene skal legges til Elverum sykehus for det opptaksomr\u00e5det som i dag har sykehuset i Elverum som sitt lokalsykehus (jf. vedtak av styret i Helse S\u00f8r-\u00d8st 22. september 2022).<\/li><li>Regjeringen orienterer om at den har bedt Kunnskapsdepartementet om \u00e5 sette i gang et arbeid med m\u00e5l om \u00e5 etablere egen fysioterapiutdanning i Elverum for \u00e5 bygge et enda sterkere fagmilj\u00f8 i Elverum knyttet til bevegelsessenteret.<\/li><\/ol>\n\n\n<div class=\"tags\">\n\t<\/div>\n<div class=\"post-footer alignfull has-background block-editor-block-list__block\" data-align=full>\n\t<div class=\"post-footer-inner\">\n\t\t<h3>Relaterte artikler<\/h3>\n\t\t<div class=\"related-content\"><div class=\"is-card-hoyre\">\n\t<div class=\"teft-card hoyre-teft-card post-teft-card\">\n\t\t<a href=\"https:\/\/hoyre.no\/elverum\/aktuelt\/forpliktende-fra-hoyre-forsvaret-foran-andre-samfunnsoppgaver\/\" class=\"teft-card__primary-action\">\n\n\t\t\t<div class=\"teft-card__media teft-card__media--16-9 no-image\"><\/div>\n\t\t\t<div class=\"teft-card__content-wrapper\">\n\t\t\t\t<div class=\"teft-card__secondary\">\n\t\t\t\t\t\n\t\t\t\t\t\t\t\t<div class=\"teft-card__meta\">\n\t\t\t\t\t\t\t\t\t<span class=\"post-date\">19. feb 2026<\/span>\n\n\t\t\t\t\t\t\t\t\t<span class=\"post-category\">Valg 2026<\/span>\t\t\t\t\t\t\t\t<\/div>\n\t\t\t\t\t\t\t\t\t\t\t<\/div>\n\n\t\t\t\t<div class=\"teft-card__primary\">\n\t\t\t\t\t<h2 class=\"teft-card__title\">Forpliktende fra H\u00f8yre: Forsvaret foran andre samfunnsoppgaver&nbsp;<span class=\"teft-card__primary-title-append\"><\/span><\/h2>\t\t\t\t<\/div>\n\t\t\t<\/div>\n\t\t<\/a>\n\t<\/div>\n\n\t<\/div><div class=\"is-card-hoyre\">\n\t<div class=\"teft-card hoyre-teft-card post-teft-card\">\n\t\t<a href=\"https:\/\/hoyre.no\/elverum\/aktuelt\/vi-ma-handle-na\/\" class=\"teft-card__primary-action\">\n\n\t\t\t<div class=\"teft-card__media teft-card__media--16-9 no-image\"><\/div>\n\t\t\t<div class=\"teft-card__content-wrapper\">\n\t\t\t\t<div class=\"teft-card__secondary\">\n\t\t\t\t\t\n\t\t\t\t\t\t\t\t<div class=\"teft-card__meta\">\n\t\t\t\t\t\t\t\t\t<span class=\"post-date\">22. jan 2026<\/span>\n\n\t\t\t\t\t\t\t\t\t<span class=\"post-category\">Ukategorisert<\/span>\t\t\t\t\t\t\t\t<\/div>\n\t\t\t\t\t\t\t\t\t\t\t<\/div>\n\n\t\t\t\t<div class=\"teft-card__primary\">\n\t\t\t\t\t<h2 class=\"teft-card__title\">Vi m\u00e5 handle n\u00e5&nbsp;<span class=\"teft-card__primary-title-append\"><\/span><\/h2>\t\t\t\t<\/div>\n\t\t\t<\/div>\n\t\t<\/a>\n\t<\/div>\n\n\t<\/div><div class=\"is-card-hoyre\">\n\t<div class=\"teft-card hoyre-teft-card post-teft-card\">\n\t\t<a href=\"https:\/\/hoyre.no\/elverum\/aktuelt\/arsmote-i-innlandet-hoyre-10-januar-2026\/\" class=\"teft-card__primary-action\">\n\n\t\t\t<div class=\"teft-card__media teft-card__media--16-9 no-image\"><\/div>\n\t\t\t<div class=\"teft-card__content-wrapper\">\n\t\t\t\t<div class=\"teft-card__secondary\">\n\t\t\t\t\t\n\t\t\t\t\t\t\t\t<div class=\"teft-card__meta\">\n\t\t\t\t\t\t\t\t\t<span class=\"post-date\">11. jan 2026<\/span>\n\n\t\t\t\t\t\t\t\t\t<span class=\"post-category\">Valg 2026<\/span>\t\t\t\t\t\t\t\t<\/div>\n\t\t\t\t\t\t\t\t\t\t\t<\/div>\n\n\t\t\t\t<div class=\"teft-card__primary\">\n\t\t\t\t\t<h2 class=\"teft-card__title\">\u00c5rsm\u00f8te i Innlandet H\u00f8yre 10 januar 2026&nbsp;<span class=\"teft-card__primary-title-append\"><\/span><\/h2>\t\t\t\t<\/div>\n\t\t\t<\/div>\n\t\t<\/a>\n\t<\/div>\n\n\t<\/div><\/div>\t<\/div>\n<\/div>\n","protected":false},"excerpt":{"rendered":"","protected":false},"author":15299,"featured_media":0,"comment_status":"closed","ping_status":"closed","sticky":false,"template":"","format":"standard","meta":{"teft_cards_image_url":"","teft_cards_custom_pretitle":"","teft_cards_image_id":134,"teft_cards_image_focal_point_x":0.5,"teft_cards_image_focal_point_y":0.5,"teft_cards_title":"","teft_cards_excerpt":"","teft_show_chapters":false,"author_display_name":"","footnotes":""},"category":[1],"post_tag":[],"hoyre-visibility":[],"article-type":[],"politician":[],"class_list":["post-709","post","type-post","status-publish","format-standard","hentry","category-ukategorisert"],"yoast_head":"<!-- This site is optimized with the Yoast SEO plugin v26.6 - https:\/\/yoast.com\/wordpress\/plugins\/seo\/ -->\n<title>Regjeringen sier ja til nytt Mj\u00f8ssykehus - Elverum H\u00f8yre<\/title>\n<meta name=\"robots\" content=\"index, follow, max-snippet:-1, max-image-preview:large, max-video-preview:-1\" \/>\n<link rel=\"canonical\" href=\"https:\/\/hoyre.no\/elverum\/aktuelt\/regjeringen-sier-ja-til-nytt-mjossykehus\/\" \/>\n<meta property=\"og:locale\" content=\"nb_NO\" \/>\n<meta property=\"og:type\" content=\"article\" \/>\n<meta property=\"og:title\" content=\"Regjeringen sier ja til nytt Mj\u00f8ssykehus - Elverum H\u00f8yre\" \/>\n<meta property=\"og:url\" content=\"https:\/\/hoyre.no\/elverum\/aktuelt\/regjeringen-sier-ja-til-nytt-mjossykehus\/\" \/>\n<meta property=\"og:site_name\" content=\"Elverum H\u00f8yre\" \/>\n<meta property=\"article:published_time\" content=\"2023-06-05T09:00:35+00:00\" \/>\n<meta property=\"article:modified_time\" content=\"2023-06-17T08:27:19+00:00\" \/>\n<meta property=\"og:image\" content=\"https:\/\/hoyre.no\/content\/uploads\/sites\/83\/2025\/06\/Yngve-arsmotet-2025-1-jpg-1024x683.jpg\" \/>\n<meta name=\"author\" content=\"Jan Eirik Krey\" \/>\n<meta name=\"twitter:card\" content=\"summary_large_image\" \/>\n<meta name=\"twitter:label1\" content=\"Skrevet av\" \/>\n\t<meta name=\"twitter:data1\" content=\"Jan Eirik Krey\" \/>\n\t<meta name=\"twitter:label2\" content=\"Ansl. lesetid\" \/>\n\t<meta name=\"twitter:data2\" content=\"3 minutter\" \/>\n<script type=\"application\/ld+json\" class=\"yoast-schema-graph\">{\"@context\":\"https:\/\/schema.org\",\"@graph\":[{\"@type\":\"NewsArticle\",\"@id\":\"https:\/\/hoyre.no\/elverum\/aktuelt\/regjeringen-sier-ja-til-nytt-mjossykehus\/\",\"url\":\"https:\/\/hoyre.no\/elverum\/aktuelt\/regjeringen-sier-ja-til-nytt-mjossykehus\/\",\"name\":\"Regjeringen sier ja til nytt Mj\u00f8ssykehus - Elverum H\u00f8yre\",\"isPartOf\":{\"@id\":\"https:\/\/hoyre.no\/elverum\/#website\"},\"datePublished\":\"2023-06-05T09:00:35+00:00\",\"dateModified\":\"2023-06-17T08:27:19+00:00\",\"author\":{\"@id\":\"https:\/\/hoyre.no\/elverum\/#\/schema\/person\/b917b07dc5b6b1fa77dff34d119dd2d7\"},\"breadcrumb\":{\"@id\":\"https:\/\/hoyre.no\/elverum\/aktuelt\/regjeringen-sier-ja-til-nytt-mjossykehus\/#breadcrumb\"},\"inLanguage\":\"nb-NO\",\"potentialAction\":[{\"@type\":\"ReadAction\",\"target\":[\"https:\/\/hoyre.no\/elverum\/aktuelt\/regjeringen-sier-ja-til-nytt-mjossykehus\/\"]}]},{\"@type\":\"BreadcrumbList\",\"@id\":\"https:\/\/hoyre.no\/elverum\/aktuelt\/regjeringen-sier-ja-til-nytt-mjossykehus\/#breadcrumb\",\"itemListElement\":[{\"@type\":\"ListItem\",\"position\":1,\"name\":\"Til hoyre.no\",\"item\":\"https:\/\/hoyre.no\"},{\"@type\":\"ListItem\",\"position\":2,\"name\":\"Hjem\",\"item\":\"https:\/\/hoyre.no\/elverum\/\"},{\"@type\":\"ListItem\",\"position\":3,\"name\":\"Regjeringen sier ja til nytt Mj\u00f8ssykehus\"}]},{\"@type\":\"WebSite\",\"@id\":\"https:\/\/hoyre.no\/elverum\/#website\",\"url\":\"https:\/\/hoyre.no\/elverum\/\",\"name\":\"Elverum H\u00f8yre\",\"description\":\"Bare enda et H\u00f8yres nettsteder-nettsted\",\"inLanguage\":\"nb-NO\"},{\"@type\":\"Person\",\"@id\":\"https:\/\/hoyre.no\/elverum\/#\/schema\/person\/b917b07dc5b6b1fa77dff34d119dd2d7\",\"name\":\"Jan Eirik Krey\",\"image\":{\"@type\":\"ImageObject\",\"inLanguage\":\"nb-NO\",\"@id\":\"https:\/\/hoyre.no\/elverum\/#\/schema\/person\/image\/\",\"url\":\"https:\/\/secure.gravatar.com\/avatar\/f36e8644ac04eb8b61e2a333ddd05fa62d3897cc74f2a9f6b1c3995012bb985c?s=96&d=mm&r=g\",\"contentUrl\":\"https:\/\/secure.gravatar.com\/avatar\/f36e8644ac04eb8b61e2a333ddd05fa62d3897cc74f2a9f6b1c3995012bb985c?s=96&d=mm&r=g\",\"caption\":\"Jan Eirik Krey\"},\"url\":\"https:\/\/hoyre.no\/elverum\/aktuelt\/author\/m51914091\/\"}]}<\/script>\n<!-- \/ Yoast SEO plugin. -->","yoast_head_json":{"title":"Regjeringen sier ja til nytt Mj\u00f8ssykehus - Elverum H\u00f8yre","robots":{"index":"index","follow":"follow","max-snippet":"max-snippet:-1","max-image-preview":"max-image-preview:large","max-video-preview":"max-video-preview:-1"},"canonical":"https:\/\/hoyre.no\/elverum\/aktuelt\/regjeringen-sier-ja-til-nytt-mjossykehus\/","og_locale":"nb_NO","og_type":"article","og_title":"Regjeringen sier ja til nytt Mj\u00f8ssykehus - Elverum H\u00f8yre","og_url":"https:\/\/hoyre.no\/elverum\/aktuelt\/regjeringen-sier-ja-til-nytt-mjossykehus\/","og_site_name":"Elverum H\u00f8yre","article_published_time":"2023-06-05T09:00:35+00:00","article_modified_time":"2023-06-17T08:27:19+00:00","og_image":[{"url":"https:\/\/hoyre.no\/content\/uploads\/sites\/83\/2025\/06\/Yngve-arsmotet-2025-1-jpg-1024x683.jpg","width":"","height":"","type":""}],"author":"Jan Eirik Krey","twitter_card":"summary_large_image","twitter_misc":{"Skrevet av":"Jan Eirik Krey","Ansl. lesetid":"3 minutter"},"schema":{"@context":"https:\/\/schema.org","@graph":[{"@type":"NewsArticle","@id":"https:\/\/hoyre.no\/elverum\/aktuelt\/regjeringen-sier-ja-til-nytt-mjossykehus\/","url":"https:\/\/hoyre.no\/elverum\/aktuelt\/regjeringen-sier-ja-til-nytt-mjossykehus\/","name":"Regjeringen sier ja til nytt Mj\u00f8ssykehus - Elverum H\u00f8yre","isPartOf":{"@id":"https:\/\/hoyre.no\/elverum\/#website"},"datePublished":"2023-06-05T09:00:35+00:00","dateModified":"2023-06-17T08:27:19+00:00","author":{"@id":"https:\/\/hoyre.no\/elverum\/#\/schema\/person\/b917b07dc5b6b1fa77dff34d119dd2d7"},"breadcrumb":{"@id":"https:\/\/hoyre.no\/elverum\/aktuelt\/regjeringen-sier-ja-til-nytt-mjossykehus\/#breadcrumb"},"inLanguage":"nb-NO","potentialAction":[{"@type":"ReadAction","target":["https:\/\/hoyre.no\/elverum\/aktuelt\/regjeringen-sier-ja-til-nytt-mjossykehus\/"]}]},{"@type":"BreadcrumbList","@id":"https:\/\/hoyre.no\/elverum\/aktuelt\/regjeringen-sier-ja-til-nytt-mjossykehus\/#breadcrumb","itemListElement":[{"@type":"ListItem","position":1,"name":"Til hoyre.no","item":"https:\/\/hoyre.no"},{"@type":"ListItem","position":2,"name":"Hjem","item":"https:\/\/hoyre.no\/elverum\/"},{"@type":"ListItem","position":3,"name":"Regjeringen sier ja til nytt Mj\u00f8ssykehus"}]},{"@type":"WebSite","@id":"https:\/\/hoyre.no\/elverum\/#website","url":"https:\/\/hoyre.no\/elverum\/","name":"Elverum H\u00f8yre","description":"Bare enda et H\u00f8yres nettsteder-nettsted","inLanguage":"nb-NO"},{"@type":"Person","@id":"https:\/\/hoyre.no\/elverum\/#\/schema\/person\/b917b07dc5b6b1fa77dff34d119dd2d7","name":"Jan Eirik Krey","image":{"@type":"ImageObject","inLanguage":"nb-NO","@id":"https:\/\/hoyre.no\/elverum\/#\/schema\/person\/image\/","url":"https:\/\/secure.gravatar.com\/avatar\/f36e8644ac04eb8b61e2a333ddd05fa62d3897cc74f2a9f6b1c3995012bb985c?s=96&d=mm&r=g","contentUrl":"https:\/\/secure.gravatar.com\/avatar\/f36e8644ac04eb8b61e2a333ddd05fa62d3897cc74f2a9f6b1c3995012bb985c?s=96&d=mm&r=g","caption":"Jan Eirik Krey"},"url":"https:\/\/hoyre.no\/elverum\/aktuelt\/author\/m51914091\/"}]}},"distributor_meta":false,"distributor_terms":false,"distributor_media":false,"distributor_original_site_name":"Elverum H\u00f8yre","distributor_original_site_url":"https:\/\/hoyre.no\/elverum","push-errors":false,"_links":{"self":[{"href":"https:\/\/hoyre.no\/elverum\/wp-json\/wp\/v2\/posts\/709","targetHints":{"allow":["GET"]}}],"collection":[{"href":"https:\/\/hoyre.no\/elverum\/wp-json\/wp\/v2\/posts"}],"about":[{"href":"https:\/\/hoyre.no\/elverum\/wp-json\/wp\/v2\/types\/post"}],"author":[{"embeddable":true,"href":"https:\/\/hoyre.no\/elverum\/wp-json\/wp\/v2\/users\/15299"}],"replies":[{"embeddable":true,"href":"https:\/\/hoyre.no\/elverum\/wp-json\/wp\/v2\/comments?post=709"}],"version-history":[{"count":2,"href":"https:\/\/hoyre.no\/elverum\/wp-json\/wp\/v2\/posts\/709\/revisions"}],"predecessor-version":[{"id":715,"href":"https:\/\/hoyre.no\/elverum\/wp-json\/wp\/v2\/posts\/709\/revisions\/715"}],"wp:attachment":[{"href":"https:\/\/hoyre.no\/elverum\/wp-json\/wp\/v2\/media?parent=709"}],"wp:term":[{"taxonomy":"category","embeddable":true,"href":"https:\/\/hoyre.no\/elverum\/wp-json\/wp\/v2\/category?post=709"},{"taxonomy":"post_tag","embeddable":true,"href":"https:\/\/hoyre.no\/elverum\/wp-json\/wp\/v2\/post_tag?post=709"},{"taxonomy":"hoyre-visibility","embeddable":true,"href":"https:\/\/hoyre.no\/elverum\/wp-json\/wp\/v2\/hoyre-visibility?post=709"},{"taxonomy":"article-type","embeddable":true,"href":"https:\/\/hoyre.no\/elverum\/wp-json\/wp\/v2\/article-type?post=709"},{"taxonomy":"politician","embeddable":true,"href":"https:\/\/hoyre.no\/elverum\/wp-json\/wp\/v2\/politician?post=709"}],"curies":[{"name":"wp","href":"https:\/\/api.w.org\/{rel}","templated":true}]}}