{"id":98,"date":"2016-01-15T13:47:52","date_gmt":"2016-01-15T12:47:52","guid":{"rendered":"https:\/\/hoyre.no\/elverum\/aktuelt\/vekstkraft-for-elverum\/"},"modified":"2016-01-15T13:47:52","modified_gmt":"2016-01-15T12:47:52","slug":"vekstkraft-for-elverum","status":"publish","type":"post","link":"https:\/\/hoyre.no\/elverum\/aktuelt\/vekstkraft-for-elverum\/","title":{"rendered":"Vekstkraft for Elverum"},"content":{"rendered":"<p class=\"preamble\">I h\u00f8st fikk vi etterlengtede positive nyheter om \u00f8konomien til Elverum kommune<\/p>\t\t\t<div class=\"post-meta wp-block teft-byline-wrapper\">\n\t\t\t\t<div class=\"top\">\n\t\t\t\t\t<div class=\"signature\">\n\t\t\t\t\t\t<div class=\"teft-byline\">\n\t\t\t\t\t\t\t\t\t\t\t\t\t\t<div>\n\t\t\t\t\t\t\t\t<h3>H\u00f8yres redaksjon<\/h3>\t\t\t\t\t\t\t\t\n\t\t\t\t\t\t\t\t\t\t\t\t\t\t\t\t\t<span class=\"date\">Sist oppdatert: 15. januar 2016<\/span>\n\t\t\t\t\t\t\t\t\t\t\t\t\t\t\t\t\t\t\t\t\t\t\t\t\t<span class=\"reading-time\" itemprop=\"timeRequired\" content=\"PT3M\"><em>Ca. 3 minutter lesetid<\/em><\/span>\n\t\t\t\t\t\t\t\t\t\t\t\t\t\t\t<\/div>\n\t\t\t\t\t\t<\/div>\n\t\t\t\t\t<\/div>\n\t\t\t\t\t\t<div class=\"sharing\">\n\t\t<a class=\"share-button share-link copy-link\" data-copy=\"https:\/\/hoyre.no\/elverum\/aktuelt\/vekstkraft-for-elverum\/\" target=\"_blank\"><span class=\"screen-reader-text\">Del link<\/span><\/a>\n\t\t<a class=\"share-button share-twitter\" href=\"http:\/\/twitter.com\/share?text=Vekstkraft for Elverum&#038;url=https:\/\/hoyre.no\/elverum\/aktuelt\/vekstkraft-for-elverum\/&#038;hashtags=Hoyre\" target=\"_blank\"><span class=\"screen-reader-text\">Del p\u00e5 twitter<\/span><\/a>\n\t\t<a class=\"share-button share-facebook\" href=\"https:\/\/www.facebook.com\/sharer\/sharer.php?u=https:\/\/hoyre.no\/elverum\/aktuelt\/vekstkraft-for-elverum\/\" target=\"_blank\"><span class=\"screen-reader-text\">Del p\u00e5 facebook<\/span><\/a>\n\t<\/div>\n\t\t\t\t\t<\/div>\n\t\t\t<\/div>\n\n\t\t\t<figure class=\"hoyre-image-wrapper\"><div class=\"hoyre-image\"><img loading=\"lazy\" decoding=\"async\" width=\"1093\" height=\"728\" src=\"https:\/\/hoyre.no\/content\/uploads\/sites\/83\/2020\/11\/yngve-foran-radhuset-2.png\" class=\"attachment-scaled size-scaled\" alt=\"\" style=\"object-position: 50% 50%\" srcset=\"https:\/\/hoyre.no\/content\/uploads\/sites\/83\/2020\/11\/yngve-foran-radhuset-2.png 1093w, https:\/\/hoyre.no\/content\/uploads\/sites\/83\/2020\/11\/yngve-foran-radhuset-2-300x200.png 300w, https:\/\/hoyre.no\/content\/uploads\/sites\/83\/2020\/11\/yngve-foran-radhuset-2-1024x682.png 1024w, https:\/\/hoyre.no\/content\/uploads\/sites\/83\/2020\/11\/yngve-foran-radhuset-2-768x512.png 768w\" sizes=\"auto, (max-width: 1093px) 100vw, 1093px\" \/><\/div><\/figure><div id=\"hoyre-old-article-content-wrapper\"><div>I h\u00f8st fikk vi etterlengtede positive nyheter om \u00f8konomien til Elverum kommune. \u00d8konomien er fortsatt utfordrende, men vi er i ferd med legge de st\u00f8rste problemene bak oss, og kan se fremtiden lysere i m\u00f8te. Hovedgrunnen til det er at kommunens omstillingsarbeid omsider gir resultater. Det er grunn til \u00e5 gi honn\u00f8r til r\u00e5dmannen og alle medarbeiderne i Elverum kommune for godt utf\u00f8rt endringsarbeid over lang tid.  <\/div><div><br><\/div><div>Budsjettet til samarbeidspartiene H\u00f8yre, Senterpartiet, Frp, Venstre og Team Elverum ble vedtatt i kommunestyret 17. desember. Selv om budsjettet er stramt gir det betydelig vekstkraft. Vi skal investere brutto ca. 1,4 milliarder kroner i den neste fire\u00e5rsperioden. Dette er investeringer som vil trygge fremtiden og skape \u00f8kt velferd for innbyggerne.  <\/div><div><br><\/div><div>I 2016 er det ogs\u00e5 budsjettert med 33,5 millioner kroner i nye driftstiltak som kommer innbyggerne til gode. Spesielt viktig er det at vi ansetter to nye psykologer, vi \u00f8ker rammen til barnevernet med 2 millioner kroner og vi styrker hel<\/div><div>ses\u00f8stertjenesten for flyktninger. Dette er gode velferdstiltak rettet mot utsatte grupper.   <\/div><div>Vi gir ogs\u00e5 et tilskudd til idrettsr\u00e5det p\u00e5 500.000 kroner i 2016. Det vil bidra til aktivitet og komme mange barn, unge og ildsjeler til gode. Dessuten \u00f8ker vi varaordf\u00f8rers stilling til 80 prosent. Dette vil styrke den politiske ledelsen i kommunen, og gj\u00f8re det mulig med en tettere oppf\u00f8lging innenfor viktige omr\u00e5der som planarbeid, forsvaret og integrering. <\/div><div><br><\/div><div>Vi skal ogs\u00e5 bruke 1,5 millioner kroner \u00e5rlig p\u00e5 \u00e5 videref\u00f8re prosjektet Flyktninger i arbeid. Resultatene i dette prosjektet er imponerende, og det er spesielt viktig \u00e5 fortsette dette med dagens flyktningsituasjon. Vi styrker ogs\u00e5 budsjettet til kultursektoren med 100.000 kroner, hovedsakelig rettet mot barn og unge. <\/div><div><br><\/div><div>Budsjettet gir oss 1,5 millioner kroner p\u00e5 bunnlinja i 2016, og 81 millioner kroner totalt for den neste fire\u00e5rsperioden. Vi har fremdeles et trangt budsjett for 2016, og det blir derfor viktig med budsjettdisiplin og moderasjon fra b\u00e5de politisk og administrativ side. Vi m\u00e5 ha litt is i magen og holde oss i skinnet helt til vi er i m\u00e5l med omstillingsarbeidet. Pengebruken m\u00e5 begrenses selv om vi har mange gode tiltak vi gjerne skulle ha brukt penger p\u00e5.<\/div><div><br><\/div><div>Elverum kommune har hatt vekst i antall innbyggere i mange \u00e5r, og if\u00f8lge SSB sine prognoser vil det v\u00e6re over 600 flere innbyggere i Elverum om fire \u00e5r. Vi er kommet til et punkt hvor vi m\u00e5 gjennomf\u00f8re store investeringer for \u00e5 legge til rette for fortsatt vekst. Samarbeidspartiene prioriterer de viktige investeringene som vil gi fremtidig vekstkraft for Elverum. De neste fire \u00e5rene skal vi investere 197 millioner kroner i ny skole i Ydalir, og 396 millioner kroner i Helsehuset. Vi skal ogs\u00e5 ruste opp Lillemoen skole, bygge omsorgsboliger og demenssenter, og lage en fremdriftsplan for opprusting av Hanstad skole. Alt dette vil \u00f8ke velferdsniv\u00e5et og komme innbyggerne til gode.  <\/div><div><br><\/div><div>Det er et gammelt ordtak som sier at \u00abDe gamle sj\u00f8menn styrte etter stjernene \u2013 ikke for \u00e5 komme dit, men for \u00e5 holde st\u00f8 kurs\u00bb. N\u00e5 er det tid for \u00e5 la seg inspisere av dette ordtaket. Vi skal ikke vingle, stoppe opp eller snu. Vi skal holde fast ved v\u00e5re m\u00e5l, sikte h\u00f8yt og holde st\u00f8 kurs. P\u00e5 den m\u00e5ten kan vi gi vekstkraft for Elverum i 2016 og \u00e5rene som kommer.   <\/div><div><br><\/div><div>Yngve S\u00e6tre<\/div><div>Gruppeleder i Elverum H\u00f8yre <\/div><div><br><\/div><\/div>\n<div class=\"tags\">\n\t<\/div>\n<div class=\"post-footer alignfull has-background block-editor-block-list__block\" data-align=full>\n\t<div class=\"post-footer-inner\">\n\t\t<h3>Relaterte artikler<\/h3>\n\t\t<div class=\"related-content\"><div class=\"is-card-hoyre\">\n\t<div class=\"teft-card hoyre-teft-card post-teft-card\">\n\t\t<a href=\"https:\/\/hoyre.no\/elverum\/aktuelt\/forpliktende-fra-hoyre-forsvaret-foran-andre-samfunnsoppgaver\/\" class=\"teft-card__primary-action\">\n\n\t\t\t<div class=\"teft-card__media teft-card__media--16-9 no-image\"><\/div>\n\t\t\t<div class=\"teft-card__content-wrapper\">\n\t\t\t\t<div class=\"teft-card__secondary\">\n\t\t\t\t\t\n\t\t\t\t\t\t\t\t<div class=\"teft-card__meta\">\n\t\t\t\t\t\t\t\t\t<span class=\"post-date\">19. feb 2026<\/span>\n\n\t\t\t\t\t\t\t\t\t<span class=\"post-category\">Valg 2026<\/span>\t\t\t\t\t\t\t\t<\/div>\n\t\t\t\t\t\t\t\t\t\t\t<\/div>\n\n\t\t\t\t<div class=\"teft-card__primary\">\n\t\t\t\t\t<h2 class=\"teft-card__title\">Forpliktende fra H\u00f8yre: Forsvaret foran andre samfunnsoppgaver&nbsp;<span class=\"teft-card__primary-title-append\"><\/span><\/h2>\t\t\t\t<\/div>\n\t\t\t<\/div>\n\t\t<\/a>\n\t<\/div>\n\n\t<\/div><div class=\"is-card-hoyre\">\n\t<div class=\"teft-card hoyre-teft-card post-teft-card\">\n\t\t<a href=\"https:\/\/hoyre.no\/elverum\/aktuelt\/vi-ma-handle-na\/\" class=\"teft-card__primary-action\">\n\n\t\t\t<div class=\"teft-card__media teft-card__media--16-9 no-image\"><\/div>\n\t\t\t<div class=\"teft-card__content-wrapper\">\n\t\t\t\t<div class=\"teft-card__secondary\">\n\t\t\t\t\t\n\t\t\t\t\t\t\t\t<div class=\"teft-card__meta\">\n\t\t\t\t\t\t\t\t\t<span class=\"post-date\">22. jan 2026<\/span>\n\n\t\t\t\t\t\t\t\t\t<span class=\"post-category\">Ukategorisert<\/span>\t\t\t\t\t\t\t\t<\/div>\n\t\t\t\t\t\t\t\t\t\t\t<\/div>\n\n\t\t\t\t<div class=\"teft-card__primary\">\n\t\t\t\t\t<h2 class=\"teft-card__title\">Vi m\u00e5 handle n\u00e5&nbsp;<span class=\"teft-card__primary-title-append\"><\/span><\/h2>\t\t\t\t<\/div>\n\t\t\t<\/div>\n\t\t<\/a>\n\t<\/div>\n\n\t<\/div><div class=\"is-card-hoyre\">\n\t<div class=\"teft-card hoyre-teft-card post-teft-card\">\n\t\t<a href=\"https:\/\/hoyre.no\/elverum\/aktuelt\/arsmote-i-innlandet-hoyre-10-januar-2026\/\" class=\"teft-card__primary-action\">\n\n\t\t\t<div class=\"teft-card__media teft-card__media--16-9 no-image\"><\/div>\n\t\t\t<div class=\"teft-card__content-wrapper\">\n\t\t\t\t<div class=\"teft-card__secondary\">\n\t\t\t\t\t\n\t\t\t\t\t\t\t\t<div class=\"teft-card__meta\">\n\t\t\t\t\t\t\t\t\t<span class=\"post-date\">11. jan 2026<\/span>\n\n\t\t\t\t\t\t\t\t\t<span class=\"post-category\">Valg 2026<\/span>\t\t\t\t\t\t\t\t<\/div>\n\t\t\t\t\t\t\t\t\t\t\t<\/div>\n\n\t\t\t\t<div class=\"teft-card__primary\">\n\t\t\t\t\t<h2 class=\"teft-card__title\">\u00c5rsm\u00f8te i Innlandet H\u00f8yre 10 januar 2026&nbsp;<span class=\"teft-card__primary-title-append\"><\/span><\/h2>\t\t\t\t<\/div>\n\t\t\t<\/div>\n\t\t<\/a>\n\t<\/div>\n\n\t<\/div><\/div>\t<\/div>\n<\/div>\n","protected":false},"excerpt":{"rendered":"","protected":false},"author":0,"featured_media":0,"comment_status":"closed","ping_status":"closed","sticky":false,"template":"","format":"standard","meta":{"teft_cards_image_url":"https:\/\/hoyre.no\/content\/uploads\/sites\/83\/2020\/11\/yngve-foran-radhuset-2.png","teft_cards_custom_pretitle":"","teft_cards_image_id":97,"teft_cards_image_focal_point_x":0,"teft_cards_image_focal_point_y":0,"teft_cards_title":"","teft_cards_excerpt":"","teft_show_chapters":false,"author_display_name":"Yngve S\u00e6tre, Gruppeleder Elverum H\u00f8yre","footnotes":""},"category":[1],"post_tag":[],"hoyre-visibility":[],"article-type":[],"politician":[],"class_list":["post-98","post","type-post","status-publish","format-standard","hentry","category-ukategorisert"],"yoast_head":"<!-- This site is optimized with the Yoast SEO plugin v26.6 - https:\/\/yoast.com\/wordpress\/plugins\/seo\/ -->\n<title>Vekstkraft for Elverum - Elverum H\u00f8yre<\/title>\n<meta name=\"robots\" content=\"index, follow, max-snippet:-1, max-image-preview:large, max-video-preview:-1\" \/>\n<link rel=\"canonical\" href=\"https:\/\/hoyre.no\/elverum\/aktuelt\/vekstkraft-for-elverum\/\" \/>\n<meta property=\"og:locale\" content=\"nb_NO\" \/>\n<meta property=\"og:type\" content=\"article\" \/>\n<meta property=\"og:title\" content=\"Vekstkraft for Elverum - Elverum H\u00f8yre\" \/>\n<meta property=\"og:url\" content=\"https:\/\/hoyre.no\/elverum\/aktuelt\/vekstkraft-for-elverum\/\" \/>\n<meta property=\"og:site_name\" content=\"Elverum H\u00f8yre\" \/>\n<meta property=\"article:published_time\" content=\"2016-01-15T12:47:52+00:00\" \/>\n<meta property=\"og:image\" content=\"https:\/\/hoyre.no\/content\/uploads\/sites\/83\/2025\/06\/Yngve-arsmotet-2025-1-jpg-1024x683.jpg\" \/>\n<meta name=\"twitter:card\" content=\"summary_large_image\" \/>\n<meta name=\"twitter:label1\" content=\"Ansl. lesetid\" \/>\n\t<meta name=\"twitter:data1\" content=\"3 minutter\" \/>\n<script type=\"application\/ld+json\" class=\"yoast-schema-graph\">{\"@context\":\"https:\/\/schema.org\",\"@graph\":[{\"@type\":\"NewsArticle\",\"@id\":\"https:\/\/hoyre.no\/elverum\/aktuelt\/vekstkraft-for-elverum\/\",\"url\":\"https:\/\/hoyre.no\/elverum\/aktuelt\/vekstkraft-for-elverum\/\",\"name\":\"Vekstkraft for Elverum - Elverum H\u00f8yre\",\"isPartOf\":{\"@id\":\"https:\/\/hoyre.no\/elverum\/#website\"},\"datePublished\":\"2016-01-15T12:47:52+00:00\",\"author\":{\"@id\":\"\"},\"breadcrumb\":{\"@id\":\"https:\/\/hoyre.no\/elverum\/aktuelt\/vekstkraft-for-elverum\/#breadcrumb\"},\"inLanguage\":\"nb-NO\",\"potentialAction\":[{\"@type\":\"ReadAction\",\"target\":[\"https:\/\/hoyre.no\/elverum\/aktuelt\/vekstkraft-for-elverum\/\"]}]},{\"@type\":\"BreadcrumbList\",\"@id\":\"https:\/\/hoyre.no\/elverum\/aktuelt\/vekstkraft-for-elverum\/#breadcrumb\",\"itemListElement\":[{\"@type\":\"ListItem\",\"position\":1,\"name\":\"Til hoyre.no\",\"item\":\"https:\/\/hoyre.no\"},{\"@type\":\"ListItem\",\"position\":2,\"name\":\"Hjem\",\"item\":\"https:\/\/hoyre.no\/elverum\/\"},{\"@type\":\"ListItem\",\"position\":3,\"name\":\"Vekstkraft for Elverum\"}]},{\"@type\":\"WebSite\",\"@id\":\"https:\/\/hoyre.no\/elverum\/#website\",\"url\":\"https:\/\/hoyre.no\/elverum\/\",\"name\":\"Elverum H\u00f8yre\",\"description\":\"Bare enda et H\u00f8yres nettsteder-nettsted\",\"inLanguage\":\"nb-NO\"}]}<\/script>\n<!-- \/ Yoast SEO plugin. -->","yoast_head_json":{"title":"Vekstkraft for Elverum - Elverum H\u00f8yre","robots":{"index":"index","follow":"follow","max-snippet":"max-snippet:-1","max-image-preview":"max-image-preview:large","max-video-preview":"max-video-preview:-1"},"canonical":"https:\/\/hoyre.no\/elverum\/aktuelt\/vekstkraft-for-elverum\/","og_locale":"nb_NO","og_type":"article","og_title":"Vekstkraft for Elverum - Elverum H\u00f8yre","og_url":"https:\/\/hoyre.no\/elverum\/aktuelt\/vekstkraft-for-elverum\/","og_site_name":"Elverum H\u00f8yre","article_published_time":"2016-01-15T12:47:52+00:00","og_image":[{"url":"https:\/\/hoyre.no\/content\/uploads\/sites\/83\/2025\/06\/Yngve-arsmotet-2025-1-jpg-1024x683.jpg","width":"","height":"","type":""}],"twitter_card":"summary_large_image","twitter_misc":{"Ansl. lesetid":"3 minutter"},"schema":{"@context":"https:\/\/schema.org","@graph":[{"@type":"NewsArticle","@id":"https:\/\/hoyre.no\/elverum\/aktuelt\/vekstkraft-for-elverum\/","url":"https:\/\/hoyre.no\/elverum\/aktuelt\/vekstkraft-for-elverum\/","name":"Vekstkraft for Elverum - Elverum H\u00f8yre","isPartOf":{"@id":"https:\/\/hoyre.no\/elverum\/#website"},"datePublished":"2016-01-15T12:47:52+00:00","author":{"@id":""},"breadcrumb":{"@id":"https:\/\/hoyre.no\/elverum\/aktuelt\/vekstkraft-for-elverum\/#breadcrumb"},"inLanguage":"nb-NO","potentialAction":[{"@type":"ReadAction","target":["https:\/\/hoyre.no\/elverum\/aktuelt\/vekstkraft-for-elverum\/"]}]},{"@type":"BreadcrumbList","@id":"https:\/\/hoyre.no\/elverum\/aktuelt\/vekstkraft-for-elverum\/#breadcrumb","itemListElement":[{"@type":"ListItem","position":1,"name":"Til hoyre.no","item":"https:\/\/hoyre.no"},{"@type":"ListItem","position":2,"name":"Hjem","item":"https:\/\/hoyre.no\/elverum\/"},{"@type":"ListItem","position":3,"name":"Vekstkraft for Elverum"}]},{"@type":"WebSite","@id":"https:\/\/hoyre.no\/elverum\/#website","url":"https:\/\/hoyre.no\/elverum\/","name":"Elverum H\u00f8yre","description":"Bare enda et H\u00f8yres nettsteder-nettsted","inLanguage":"nb-NO"}]}},"distributor_meta":false,"distributor_terms":false,"distributor_media":false,"distributor_original_site_name":"Elverum H\u00f8yre","distributor_original_site_url":"https:\/\/hoyre.no\/elverum","push-errors":false,"_links":{"self":[{"href":"https:\/\/hoyre.no\/elverum\/wp-json\/wp\/v2\/posts\/98","targetHints":{"allow":["GET"]}}],"collection":[{"href":"https:\/\/hoyre.no\/elverum\/wp-json\/wp\/v2\/posts"}],"about":[{"href":"https:\/\/hoyre.no\/elverum\/wp-json\/wp\/v2\/types\/post"}],"replies":[{"embeddable":true,"href":"https:\/\/hoyre.no\/elverum\/wp-json\/wp\/v2\/comments?post=98"}],"version-history":[{"count":0,"href":"https:\/\/hoyre.no\/elverum\/wp-json\/wp\/v2\/posts\/98\/revisions"}],"wp:attachment":[{"href":"https:\/\/hoyre.no\/elverum\/wp-json\/wp\/v2\/media?parent=98"}],"wp:term":[{"taxonomy":"category","embeddable":true,"href":"https:\/\/hoyre.no\/elverum\/wp-json\/wp\/v2\/category?post=98"},{"taxonomy":"post_tag","embeddable":true,"href":"https:\/\/hoyre.no\/elverum\/wp-json\/wp\/v2\/post_tag?post=98"},{"taxonomy":"hoyre-visibility","embeddable":true,"href":"https:\/\/hoyre.no\/elverum\/wp-json\/wp\/v2\/hoyre-visibility?post=98"},{"taxonomy":"article-type","embeddable":true,"href":"https:\/\/hoyre.no\/elverum\/wp-json\/wp\/v2\/article-type?post=98"},{"taxonomy":"politician","embeddable":true,"href":"https:\/\/hoyre.no\/elverum\/wp-json\/wp\/v2\/politician?post=98"}],"curies":[{"name":"wp","href":"https:\/\/api.w.org\/{rel}","templated":true}]}}