{"id":242,"date":"2025-09-12T13:26:03","date_gmt":"2025-09-12T11:26:03","guid":{"rendered":"https:\/\/hoyre.no\/etne\/?p=242"},"modified":"2025-09-12T13:26:03","modified_gmt":"2025-09-12T11:26:03","slug":"ikke-bare-erna-sin-skyld","status":"publish","type":"post","link":"https:\/\/hoyre.no\/etne\/aktuelt\/ikke-bare-erna-sin-skyld\/","title":{"rendered":"Ikke bare Erna sin skyld"},"content":{"rendered":"\n<p class=\"preamble\">I etterp\u00e5klokskapens tegn er det mange som vil forklare hvorfor det gikk d\u00e5rlig med H\u00f8yre i dette valget.<\/p>\n\n\n\n\n<p>Det er lett \u00e5 v\u00e6re enig med dem som sier at H\u00f8yre satt altfor stille i b\u00e5ten og tilfreds s\u00e5 p\u00e5 at AP\/SP-regjeringen gjorde seg stadig mer upopul\u00e6r. S\u00e5, da SP gikk ut av regjeringen og ting begynte \u00e5 skje, var vi bakp\u00e5 fra f\u00f8rste stund, og klarte aldri \u00e5 bli noe mer enn den bleke kopien av FrP. APs strategiske grep med \u00e5 utnevne FrP til hovedmotstander ble uten tvil gjort for \u00e5 skremme folk fra \u00e5 stemme borgerlig. Det knepet fant borgerlig side aldri noe godt mottiltak mot, og her m\u00e5 vi alle ta v\u00e5r del av skylden.<\/p>\n\n\n\n<p>Erna gjorde en formidabel innsats i valgkampen. Hun stilte opp og gjorde en s\u00e6rdeles god figur: kom stadig ut som vinneren av debatter, if\u00f8lge de fleste aviser. S\u00e5 gikk det som det gikk, og Erna tar ansvar for resultatet.<\/p>\n\n\n\n<p>Men alt er ikke Erna sin skyld. Vi skal ikke glemme at utenforst\u00e5ende faktorer har spilt en stor og kanskje avgj\u00f8rende rolle i dette valget.<\/p>\n\n\n\n<p>Den f\u00f8rste faktoren er Trump-effekten. Ikke lenge etter at Trump hadde kommet til makten og satt igang med \u00e5 sjokkere venner og uvenner med trusler om straffetoll og andre provoserende tiltak, var det valg i Canada. Det liberale partiet hadde inntil da mistet st\u00f8tte, og alt l\u00e5 an til en klar seier for de konservative. Trumps hardkj\u00f8r skremte velgerne i Canada bort fra det partiet som hadde tettest kontakt med Trump-leiren, og over til det liberale partiet, som i st\u00f8rre grad hadde markert avstand. Dermed kunne den liberale statsministeren fortsette etter den st\u00f8rste snuoperasjonen i Canadas historie.<\/p>\n\n\n\n<p>Noen f\u00e5 dager senere skjedde det samme i Australia. Trumps uforutsigbare utspill f\u00f8rte til at de konservatives ledelse forsvant og arbeiderpartiets statsminister ble gjenvalgt.<\/p>\n\n\n\n<p>Vi snakket ikke s\u00e5 mye om Trump-effekten her hos oss; det var ikke i v\u00e5r interesse \u00e5 spre negative sp\u00e5dommer, men det er godt mulig at Trumps utspill har skremt folk her i landet ogs\u00e5, og at Trump-effekten har hatt en virkning ogs\u00e5 hos oss. <\/p>\n\n\n\n<p>Den andre faktoren som m\u00e5 trekkes frem, er verdenssituasjonen. Det er krig i Europa. I en krisesituasjon \u00f8ker tradisjonelt oppslutningen om lederen. Det kunne vi se under Corona-krisen, der Erna opplevde \u00e5 f\u00e5 stor st\u00f8tte. N\u00e5 er det St\u00f8re som er leder, og han nyter godt av den samme effekten. Mange f\u00f8ler at de n\u00e5 m\u00e5 samle seg om lederen for \u00e5 gi ham styrke til \u00e5 f\u00f8re landet trygt gjennom krisen. Ikke bare det, til alt overm\u00e5l hentet St\u00f8re inn Stoltenberg  &#8211; NATO personlig, med gode kontakter til alle europeiske ledere og i tillegg et slags greit forhold til Trump. <\/p>\n\n\n\n<p>Dette er ikke noe fors\u00f8k p\u00e5 en bortforklaring, det er ikke engang en mager tr\u00f8st, men disse aspektene kan v\u00e6re en del av forklaringen. Det m\u00e5 vi ikke glemme n\u00e5r vi n\u00e5 skal analysere situasjonen.<\/p>\n\n\n\n<p> <\/p>\n\n\n<div class=\"tags\">\n\t<\/div>\n<div class=\"post-footer alignfull has-background block-editor-block-list__block\" data-align=full>\n\t<div class=\"post-footer-inner\">\n\t\t<h3>Relaterte artikler<\/h3>\n\t\t\t<\/div>\n<\/div>\n","protected":false},"excerpt":{"rendered":"","protected":false},"author":24079,"featured_media":0,"comment_status":"closed","ping_status":"closed","sticky":false,"template":"","format":"standard","meta":{"teft_cards_image_url":"","teft_cards_custom_pretitle":"","teft_cards_image_id":0,"teft_cards_image_focal_point_x":0,"teft_cards_image_focal_point_y":0,"teft_cards_title":"","teft_cards_excerpt":"","teft_show_chapters":false,"author_display_name":"","footnotes":""},"category":[1],"post_tag":[],"hoyre-visibility":[],"article-type":[],"politician":[],"class_list":["post-242","post","type-post","status-publish","format-standard","hentry","category-nyheiter"],"yoast_head":"<!-- This site is optimized with the Yoast SEO Premium plugin v26.5 (Yoast SEO v26.6) - https:\/\/yoast.com\/wordpress\/plugins\/seo\/ -->\n<title>Ikke bare Erna sin skyld - Etne H\u00f8gre<\/title>\n<meta name=\"robots\" content=\"index, follow, max-snippet:-1, max-image-preview:large, max-video-preview:-1\" \/>\n<link rel=\"canonical\" href=\"https:\/\/hoyre.no\/etne\/aktuelt\/ikke-bare-erna-sin-skyld\/\" \/>\n<meta property=\"og:locale\" content=\"nn_NO\" \/>\n<meta property=\"og:type\" content=\"article\" \/>\n<meta property=\"og:title\" content=\"Ikke bare Erna sin skyld\" \/>\n<meta property=\"og:url\" content=\"https:\/\/hoyre.no\/etne\/aktuelt\/ikke-bare-erna-sin-skyld\/\" \/>\n<meta property=\"og:site_name\" content=\"Etne H\u00f8gre\" \/>\n<meta property=\"article:published_time\" content=\"2025-09-12T11:26:03+00:00\" \/>\n<meta property=\"og:image\" content=\"https:\/\/hoyre.no\/content\/uploads\/sites\/339\/2022\/11\/Hoyres-logo.png\" \/>\n\t<meta property=\"og:image:width\" content=\"1000\" \/>\n\t<meta property=\"og:image:height\" content=\"1000\" \/>\n\t<meta property=\"og:image:type\" content=\"image\/png\" \/>\n<meta name=\"author\" content=\"Arild Stenberg\" \/>\n<meta name=\"twitter:card\" content=\"summary_large_image\" \/>\n<meta name=\"twitter:label1\" content=\"Written by\" \/>\n\t<meta name=\"twitter:data1\" content=\"Arild Stenberg\" \/>\n\t<meta name=\"twitter:label2\" content=\"Est. reading time\" \/>\n\t<meta name=\"twitter:data2\" content=\"3 minutt\" \/>\n<script type=\"application\/ld+json\" class=\"yoast-schema-graph\">{\"@context\":\"https:\/\/schema.org\",\"@graph\":[{\"@type\":\"NewsArticle\",\"@id\":\"https:\/\/hoyre.no\/etne\/aktuelt\/ikke-bare-erna-sin-skyld\/\",\"url\":\"https:\/\/hoyre.no\/etne\/aktuelt\/ikke-bare-erna-sin-skyld\/\",\"name\":\"Ikke bare Erna sin skyld - Etne H\u00f8gre\",\"isPartOf\":{\"@id\":\"https:\/\/hoyre.no\/etne\/#website\"},\"datePublished\":\"2025-09-12T11:26:03+00:00\",\"author\":{\"@id\":\"https:\/\/hoyre.no\/etne\/#\/schema\/person\/6afa424e68175734186128f1fd5b5085\"},\"breadcrumb\":{\"@id\":\"https:\/\/hoyre.no\/etne\/aktuelt\/ikke-bare-erna-sin-skyld\/#breadcrumb\"},\"inLanguage\":\"nn-NO\",\"potentialAction\":[{\"@type\":\"ReadAction\",\"target\":[\"https:\/\/hoyre.no\/etne\/aktuelt\/ikke-bare-erna-sin-skyld\/\"]}]},{\"@type\":\"BreadcrumbList\",\"@id\":\"https:\/\/hoyre.no\/etne\/aktuelt\/ikke-bare-erna-sin-skyld\/#breadcrumb\",\"itemListElement\":[{\"@type\":\"ListItem\",\"position\":1,\"name\":\"Til hoyre.no\",\"item\":\"https:\/\/hoyre.no\"},{\"@type\":\"ListItem\",\"position\":2,\"name\":\"Hjem\",\"item\":\"https:\/\/hoyre.no\/etne\/\"},{\"@type\":\"ListItem\",\"position\":3,\"name\":\"Ikke bare Erna sin skyld\"}]},{\"@type\":\"WebSite\",\"@id\":\"https:\/\/hoyre.no\/etne\/#website\",\"url\":\"https:\/\/hoyre.no\/etne\/\",\"name\":\"Etne H\u00f8gre\",\"description\":\"Bare enda et H\u00f8yres nettsteder-nettsted\",\"inLanguage\":\"nn-NO\"},{\"@type\":\"Person\",\"@id\":\"https:\/\/hoyre.no\/etne\/#\/schema\/person\/6afa424e68175734186128f1fd5b5085\",\"name\":\"Arild Stenberg\",\"image\":{\"@type\":\"ImageObject\",\"inLanguage\":\"nn-NO\",\"@id\":\"https:\/\/hoyre.no\/etne\/#\/schema\/person\/image\/\",\"url\":\"https:\/\/secure.gravatar.com\/avatar\/5069d20336671850827a7adc47945c10bd8b18d9fdbd86c58ed2bb5846fd57cf?s=96&d=mm&r=g\",\"contentUrl\":\"https:\/\/secure.gravatar.com\/avatar\/5069d20336671850827a7adc47945c10bd8b18d9fdbd86c58ed2bb5846fd57cf?s=96&d=mm&r=g\",\"caption\":\"Arild Stenberg\"},\"url\":\"https:\/\/hoyre.no\/etne\/aktuelt\/author\/m6867873\/\"}]}<\/script>\n<!-- \/ Yoast SEO Premium plugin. -->","yoast_head_json":{"title":"Ikke bare Erna sin skyld - Etne H\u00f8gre","robots":{"index":"index","follow":"follow","max-snippet":"max-snippet:-1","max-image-preview":"max-image-preview:large","max-video-preview":"max-video-preview:-1"},"canonical":"https:\/\/hoyre.no\/etne\/aktuelt\/ikke-bare-erna-sin-skyld\/","og_locale":"nn_NO","og_type":"article","og_title":"Ikke bare Erna sin skyld","og_url":"https:\/\/hoyre.no\/etne\/aktuelt\/ikke-bare-erna-sin-skyld\/","og_site_name":"Etne H\u00f8gre","article_published_time":"2025-09-12T11:26:03+00:00","og_image":[{"width":1000,"height":1000,"url":"https:\/\/hoyre.no\/content\/uploads\/sites\/339\/2022\/11\/Hoyres-logo.png","type":"image\/png"}],"author":"Arild Stenberg","twitter_card":"summary_large_image","twitter_misc":{"Written by":"Arild Stenberg","Est. reading time":"3 minutt"},"schema":{"@context":"https:\/\/schema.org","@graph":[{"@type":"NewsArticle","@id":"https:\/\/hoyre.no\/etne\/aktuelt\/ikke-bare-erna-sin-skyld\/","url":"https:\/\/hoyre.no\/etne\/aktuelt\/ikke-bare-erna-sin-skyld\/","name":"Ikke bare Erna sin skyld - Etne H\u00f8gre","isPartOf":{"@id":"https:\/\/hoyre.no\/etne\/#website"},"datePublished":"2025-09-12T11:26:03+00:00","author":{"@id":"https:\/\/hoyre.no\/etne\/#\/schema\/person\/6afa424e68175734186128f1fd5b5085"},"breadcrumb":{"@id":"https:\/\/hoyre.no\/etne\/aktuelt\/ikke-bare-erna-sin-skyld\/#breadcrumb"},"inLanguage":"nn-NO","potentialAction":[{"@type":"ReadAction","target":["https:\/\/hoyre.no\/etne\/aktuelt\/ikke-bare-erna-sin-skyld\/"]}]},{"@type":"BreadcrumbList","@id":"https:\/\/hoyre.no\/etne\/aktuelt\/ikke-bare-erna-sin-skyld\/#breadcrumb","itemListElement":[{"@type":"ListItem","position":1,"name":"Til hoyre.no","item":"https:\/\/hoyre.no"},{"@type":"ListItem","position":2,"name":"Hjem","item":"https:\/\/hoyre.no\/etne\/"},{"@type":"ListItem","position":3,"name":"Ikke bare Erna sin skyld"}]},{"@type":"WebSite","@id":"https:\/\/hoyre.no\/etne\/#website","url":"https:\/\/hoyre.no\/etne\/","name":"Etne H\u00f8gre","description":"Bare enda et H\u00f8yres nettsteder-nettsted","inLanguage":"nn-NO"},{"@type":"Person","@id":"https:\/\/hoyre.no\/etne\/#\/schema\/person\/6afa424e68175734186128f1fd5b5085","name":"Arild Stenberg","image":{"@type":"ImageObject","inLanguage":"nn-NO","@id":"https:\/\/hoyre.no\/etne\/#\/schema\/person\/image\/","url":"https:\/\/secure.gravatar.com\/avatar\/5069d20336671850827a7adc47945c10bd8b18d9fdbd86c58ed2bb5846fd57cf?s=96&d=mm&r=g","contentUrl":"https:\/\/secure.gravatar.com\/avatar\/5069d20336671850827a7adc47945c10bd8b18d9fdbd86c58ed2bb5846fd57cf?s=96&d=mm&r=g","caption":"Arild Stenberg"},"url":"https:\/\/hoyre.no\/etne\/aktuelt\/author\/m6867873\/"}]}},"distributor_meta":false,"distributor_terms":false,"distributor_media":false,"distributor_original_site_name":"Etne H\u00f8gre","distributor_original_site_url":"https:\/\/hoyre.no\/etne","push-errors":false,"_links":{"self":[{"href":"https:\/\/hoyre.no\/etne\/wp-json\/wp\/v2\/posts\/242","targetHints":{"allow":["GET"]}}],"collection":[{"href":"https:\/\/hoyre.no\/etne\/wp-json\/wp\/v2\/posts"}],"about":[{"href":"https:\/\/hoyre.no\/etne\/wp-json\/wp\/v2\/types\/post"}],"author":[{"embeddable":true,"href":"https:\/\/hoyre.no\/etne\/wp-json\/wp\/v2\/users\/24079"}],"replies":[{"embeddable":true,"href":"https:\/\/hoyre.no\/etne\/wp-json\/wp\/v2\/comments?post=242"}],"version-history":[{"count":1,"href":"https:\/\/hoyre.no\/etne\/wp-json\/wp\/v2\/posts\/242\/revisions"}],"predecessor-version":[{"id":243,"href":"https:\/\/hoyre.no\/etne\/wp-json\/wp\/v2\/posts\/242\/revisions\/243"}],"wp:attachment":[{"href":"https:\/\/hoyre.no\/etne\/wp-json\/wp\/v2\/media?parent=242"}],"wp:term":[{"taxonomy":"category","embeddable":true,"href":"https:\/\/hoyre.no\/etne\/wp-json\/wp\/v2\/category?post=242"},{"taxonomy":"post_tag","embeddable":true,"href":"https:\/\/hoyre.no\/etne\/wp-json\/wp\/v2\/post_tag?post=242"},{"taxonomy":"hoyre-visibility","embeddable":true,"href":"https:\/\/hoyre.no\/etne\/wp-json\/wp\/v2\/hoyre-visibility?post=242"},{"taxonomy":"article-type","embeddable":true,"href":"https:\/\/hoyre.no\/etne\/wp-json\/wp\/v2\/article-type?post=242"},{"taxonomy":"politician","embeddable":true,"href":"https:\/\/hoyre.no\/etne\/wp-json\/wp\/v2\/politician?post=242"}],"curies":[{"name":"wp","href":"https:\/\/api.w.org\/{rel}","templated":true}]}}