{"id":27,"date":"2021-06-01T20:12:50","date_gmt":"2021-06-01T18:12:50","guid":{"rendered":"https:\/\/hoyre.no\/farsund\/?p=27"},"modified":"2021-06-01T20:32:43","modified_gmt":"2021-06-01T18:32:43","slug":"lista-fyr-et-sted-hvor-kultur-og-natur-moter-mennesker","status":"publish","type":"post","link":"https:\/\/hoyre.no\/farsund\/aktuelt\/lista-fyr-et-sted-hvor-kultur-og-natur-moter-mennesker\/","title":{"rendered":"Lista fyr \u2013 et sted hvor kultur og natur m\u00f8ter mennesker"},"content":{"rendered":"\n<p class=\"preamble\">Farsund H\u00f8yres innspill til Mulighetsstudie for Lista fyr<\/p>\t\t\t<div class=\"post-meta wp-block teft-byline-wrapper\">\n\t\t\t\t<div class=\"top\">\n\t\t\t\t\t<div class=\"signature\">\n\t\t\t\t\t\t<div class=\"teft-byline\">\n\t\t\t\t\t\t\t\t\t\t\t\t\t\t<div>\n\t\t\t\t\t\t\t\t<h3>H\u00f8yres redaksjon<\/h3>\t\t\t\t\t\t\t\t\n\t\t\t\t\t\t\t\t\t\t\t\t\t\t\t\t\t<span class=\"date\">Sist oppdatert: 1. juni 2021<\/span>\n\t\t\t\t\t\t\t\t\t\t\t\t\t\t\t\t\t\t\t\t\t\t\t\t\t<span class=\"reading-time\" itemprop=\"timeRequired\" content=\"PT1M\"><em>Ca. 1 minutter lesetid<\/em><\/span>\n\t\t\t\t\t\t\t\t\t\t\t\t\t\t\t<\/div>\n\t\t\t\t\t\t<\/div>\n\t\t\t\t\t<\/div>\n\t\t\t\t\t\t<div class=\"sharing\">\n\t\t<a class=\"share-button share-link copy-link\" data-copy=\"https:\/\/hoyre.no\/farsund\/aktuelt\/lista-fyr-et-sted-hvor-kultur-og-natur-moter-mennesker\/\" target=\"_blank\"><span class=\"screen-reader-text\">Del link<\/span><\/a>\n\t\t<a class=\"share-button share-twitter\" href=\"http:\/\/twitter.com\/share?text=Lista fyr \u2013 et sted hvor kultur og natur m\u00f8ter mennesker&#038;url=https:\/\/hoyre.no\/farsund\/aktuelt\/lista-fyr-et-sted-hvor-kultur-og-natur-moter-mennesker\/&#038;hashtags=Hoyre\" target=\"_blank\"><span class=\"screen-reader-text\">Del p\u00e5 twitter<\/span><\/a>\n\t\t<a class=\"share-button share-facebook\" href=\"https:\/\/www.facebook.com\/sharer\/sharer.php?u=https:\/\/hoyre.no\/farsund\/aktuelt\/lista-fyr-et-sted-hvor-kultur-og-natur-moter-mennesker\/\" target=\"_blank\"><span class=\"screen-reader-text\">Del p\u00e5 facebook<\/span><\/a>\n\t<\/div>\n\t\t\t\t\t<\/div>\n\t\t\t<\/div>\n\n\t\t\t<figure class=\"hoyre-image-wrapper\"><div class=\"hoyre-image\"><img loading=\"lazy\" decoding=\"async\" width=\"1200\" height=\"800\" src=\"https:\/\/hoyre.no\/content\/uploads\/sites\/37\/2021\/06\/Lista-fyr.jpg\" class=\"attachment-scaled size-scaled\" alt=\"\" style=\"object-position: 50% 50%\" srcset=\"https:\/\/hoyre.no\/content\/uploads\/sites\/37\/2021\/06\/Lista-fyr.jpg 1200w, https:\/\/hoyre.no\/content\/uploads\/sites\/37\/2021\/06\/Lista-fyr-300x200.jpg 300w, https:\/\/hoyre.no\/content\/uploads\/sites\/37\/2021\/06\/Lista-fyr-1024x683.jpg 1024w, https:\/\/hoyre.no\/content\/uploads\/sites\/37\/2021\/06\/Lista-fyr-768x512.jpg 768w\" sizes=\"auto, (max-width: 1200px) 100vw, 1200px\" \/><\/div><figcaption class=\"caption\">Foto: Lista fyr<\/figcaption><\/figure>\n\n\n\n\n<p><strong>Farsund H\u00f8yre har spilt inn en resolusjon (vedlagt) til H\u00f8yres Fylkes\u00e5rsm\u00f8te 17.04.vedr mulighetsstudie for Lista fyr som da ble vedtatt skal behandles videre i H\u00f8yres Fylkestingsgruppe. <\/strong><\/p>\n\n\n\n<p>Farsund H\u00f8yre ser den unike turistdestinasjonen og den lokale kunnskaps &#8211; og opplevelsesressursen Lista fyr vest i Agder er, og som ligger som en ubehandlet perle. En utbygging av dette meget spesielle omr\u00e5det ved \u00e5 inkorporere spennende historie, arkeologi, kulturlandskap, kunst og naturopplevelser vil kreve arkitektonisk topp kompetanse hvor man ser for seg et meget dyktig tverrfaglig samarbeidsteam.&nbsp;<\/p>\n\n\n\n<p>Farsund H\u00f8yre mener at Agder H\u00f8yre i samarbeid med de andre politiske partiene i fylket b\u00f8r jobbe for at Lista fyr blir en nasjonal attraksjon og turistdestinasjon som Norge b\u00f8r satse p\u00e5 i S\u00f8r-Norge.&nbsp;<\/p>\n\n\n\n<p>Et godt arkitektonisk eksempel p\u00e5 en slik utbygging finner man p\u00e5 Alnes fyr p\u00e5 God\u00f8ya hvor billedkunstner \u00d8rnulf Opdahl og sivilarkitekt Kjell Oscar Pettersen har skapt et opplevelsessenter som kan v\u00e6re en god modell for det videre arbeidet med Mulighetsstudie for Lista fyr.<\/p>\n\n\n\n<div class=\"wp-block-teft-file icon-link-block\"><a href=\"https:\/\/hoyre.no\/content\/uploads\/sites\/37\/2021\/06\/Resolusjon-Lista-Fyr.pdf\" download><span class=\"file-title\">Resolusjon-Lista-Fyr<\/span><span class=\"file-name\"><\/span><\/a><\/div>\n\n\n<div class=\"tags\">\n\t<\/div>\n<div class=\"post-footer alignfull has-background block-editor-block-list__block\" data-align=full>\n\t<div class=\"post-footer-inner\">\n\t\t<h3>Relaterte artikler<\/h3>\n\t\t<div class=\"related-content\"><div class=\"is-card-hoyre\">\n\t<div class=\"teft-card hoyre-teft-card post-teft-card\">\n\t\t<a href=\"https:\/\/hoyre.no\/farsund\/aktuelt\/valgresultatet-for-farsund-hoyre-i-2021\/\" class=\"teft-card__primary-action\">\n\n\t\t\t\t\t<div class=\"teft-card__media teft-card__media--16-9\">\n\t\t\t\t\t\t<img loading=\"lazy\" decoding=\"async\" width=\"524\" height=\"592\" src=\"https:\/\/hoyre.no\/content\/uploads\/sites\/37\/2021\/09\/Resized_Screenshot_20210904-153424_Messages.jpg\" class=\"attachment-medium_large size-medium_large\" alt=\"\" srcset=\"https:\/\/hoyre.no\/content\/uploads\/sites\/37\/2021\/09\/Resized_Screenshot_20210904-153424_Messages.jpg 524w, https:\/\/hoyre.no\/content\/uploads\/sites\/37\/2021\/09\/Resized_Screenshot_20210904-153424_Messages-266x300.jpg 266w\" sizes=\"auto, (max-width: 524px) 100vw, 524px\" \/>\t\t<\/div>\n\t\t\n\t\t\t<div class=\"teft-card__content-wrapper\">\n\t\t\t\t<div class=\"teft-card__secondary\">\n\t\t\t\t\t\n\t\t\t\t\t\t\t\t<div class=\"teft-card__meta\">\n\t\t\t\t\t\t\t\t\t<span class=\"post-date\">18. sep 2021<\/span>\n\n\t\t\t\t\t\t\t\t\t\t\t\t\t\t\t\t\t<\/div>\n\t\t\t\t\t\t\t\t\t\t\t<\/div>\n\n\t\t\t\t<div class=\"teft-card__primary\">\n\t\t\t\t\t<h2 class=\"teft-card__title\">Valgresultatet for Farsund H\u00f8yre i 2021&nbsp;<span class=\"teft-card__primary-title-append\"><\/span><\/h2>\t\t\t\t<\/div>\n\t\t\t<\/div>\n\t\t<\/a>\n\t<\/div>\n\n\t<\/div><div class=\"is-card-hoyre\">\n\t<div class=\"teft-card hoyre-teft-card post-teft-card\">\n\t\t<a href=\"https:\/\/hoyre.no\/farsund\/aktuelt\/julehilsen-2020\/\" class=\"teft-card__primary-action\">\n\n\t\t\t\t\t<div class=\"teft-card__media teft-card__media--16-9\">\n\t\t\t\t\t\t<img loading=\"lazy\" decoding=\"async\" width=\"768\" height=\"401\" src=\"https:\/\/hoyre.no\/content\/uploads\/sites\/37\/2020\/12\/Jul2020-768x401.png\" class=\"attachment-medium_large size-medium_large\" alt=\"\" srcset=\"https:\/\/hoyre.no\/content\/uploads\/sites\/37\/2020\/12\/Jul2020-768x401.png 768w, https:\/\/hoyre.no\/content\/uploads\/sites\/37\/2020\/12\/Jul2020-300x157.png 300w, https:\/\/hoyre.no\/content\/uploads\/sites\/37\/2020\/12\/Jul2020.png 800w\" sizes=\"auto, (max-width: 768px) 100vw, 768px\" \/>\t\t<\/div>\n\t\t\n\t\t\t<div class=\"teft-card__content-wrapper\">\n\t\t\t\t<div class=\"teft-card__secondary\">\n\t\t\t\t\t\n\t\t\t\t\t\t\t\t<div class=\"teft-card__meta\">\n\t\t\t\t\t\t\t\t\t<span class=\"post-date\">22. des 2020<\/span>\n\n\t\t\t\t\t\t\t\t\t\t\t\t\t\t\t\t\t<\/div>\n\t\t\t\t\t\t\t\t\t\t\t<\/div>\n\n\t\t\t\t<div class=\"teft-card__primary\">\n\t\t\t\t\t<h2 class=\"teft-card__title\">Julehilsen 2020&nbsp;<span class=\"teft-card__primary-title-append\"><\/span><\/h2>\t\t\t\t<\/div>\n\t\t\t<\/div>\n\t\t<\/a>\n\t<\/div>\n\n\t<\/div><\/div>\t<\/div>\n<\/div>\n","protected":false},"excerpt":{"rendered":"","protected":false},"author":15528,"featured_media":0,"comment_status":"closed","ping_status":"closed","sticky":false,"template":"","format":"standard","meta":{"teft_cards_image_url":"","teft_cards_custom_pretitle":"","teft_cards_image_id":28,"teft_cards_image_focal_point_x":0.5,"teft_cards_image_focal_point_y":0.5,"teft_cards_title":"","teft_cards_excerpt":"","teft_show_chapters":false,"author_display_name":"","footnotes":""},"category":[1],"post_tag":[],"hoyre-visibility":[],"article-type":[],"politician":[],"class_list":["post-27","post","type-post","status-publish","format-standard","hentry","category-ukategorisert"],"yoast_head":"<!-- This site is optimized with the Yoast SEO plugin v26.6 - https:\/\/yoast.com\/wordpress\/plugins\/seo\/ -->\n<title>Lista fyr \u2013 et sted hvor kultur og natur m\u00f8ter mennesker - Farsund H\u00f8yre<\/title>\n<meta name=\"robots\" content=\"index, follow, max-snippet:-1, max-image-preview:large, max-video-preview:-1\" \/>\n<link rel=\"canonical\" href=\"https:\/\/hoyre.no\/farsund\/aktuelt\/lista-fyr-et-sted-hvor-kultur-og-natur-moter-mennesker\/\" \/>\n<meta property=\"og:locale\" content=\"nb_NO\" \/>\n<meta property=\"og:type\" content=\"article\" \/>\n<meta property=\"og:title\" content=\"Lista fyr \u2013 et sted hvor kultur og natur m\u00f8ter mennesker - Farsund H\u00f8yre\" \/>\n<meta property=\"og:url\" content=\"https:\/\/hoyre.no\/farsund\/aktuelt\/lista-fyr-et-sted-hvor-kultur-og-natur-moter-mennesker\/\" \/>\n<meta property=\"og:site_name\" content=\"Farsund H\u00f8yre\" \/>\n<meta property=\"article:published_time\" content=\"2021-06-01T18:12:50+00:00\" \/>\n<meta property=\"article:modified_time\" content=\"2021-06-01T18:32:43+00:00\" \/>\n<meta property=\"og:image\" content=\"https:\/\/hoyre.no\/content\/uploads\/sites\/37\/2020\/12\/Jul2020.png\" \/>\n<meta name=\"twitter:card\" content=\"summary_large_image\" \/>\n<meta name=\"twitter:label1\" content=\"Skrevet av\" \/>\n\t<meta name=\"twitter:data1\" content=\"\" \/>\n\t<meta name=\"twitter:label2\" content=\"Ansl. lesetid\" \/>\n\t<meta name=\"twitter:data2\" content=\"1 minutt\" \/>\n<script type=\"application\/ld+json\" class=\"yoast-schema-graph\">{\"@context\":\"https:\/\/schema.org\",\"@graph\":[{\"@type\":\"NewsArticle\",\"@id\":\"https:\/\/hoyre.no\/farsund\/aktuelt\/lista-fyr-et-sted-hvor-kultur-og-natur-moter-mennesker\/\",\"url\":\"https:\/\/hoyre.no\/farsund\/aktuelt\/lista-fyr-et-sted-hvor-kultur-og-natur-moter-mennesker\/\",\"name\":\"Lista fyr \u2013 et sted hvor kultur og natur m\u00f8ter mennesker - Farsund H\u00f8yre\",\"isPartOf\":{\"@id\":\"https:\/\/hoyre.no\/farsund\/#website\"},\"datePublished\":\"2021-06-01T18:12:50+00:00\",\"dateModified\":\"2021-06-01T18:32:43+00:00\",\"author\":{\"@id\":\"\"},\"breadcrumb\":{\"@id\":\"https:\/\/hoyre.no\/farsund\/aktuelt\/lista-fyr-et-sted-hvor-kultur-og-natur-moter-mennesker\/#breadcrumb\"},\"inLanguage\":\"nb-NO\",\"potentialAction\":[{\"@type\":\"ReadAction\",\"target\":[\"https:\/\/hoyre.no\/farsund\/aktuelt\/lista-fyr-et-sted-hvor-kultur-og-natur-moter-mennesker\/\"]}]},{\"@type\":\"BreadcrumbList\",\"@id\":\"https:\/\/hoyre.no\/farsund\/aktuelt\/lista-fyr-et-sted-hvor-kultur-og-natur-moter-mennesker\/#breadcrumb\",\"itemListElement\":[{\"@type\":\"ListItem\",\"position\":1,\"name\":\"Til hoyre.no\",\"item\":\"https:\/\/hoyre.no\"},{\"@type\":\"ListItem\",\"position\":2,\"name\":\"Hjem\",\"item\":\"https:\/\/hoyre.no\/farsund\/\"},{\"@type\":\"ListItem\",\"position\":3,\"name\":\"Lista fyr \u2013 et sted hvor kultur og natur m\u00f8ter mennesker\"}]},{\"@type\":\"WebSite\",\"@id\":\"https:\/\/hoyre.no\/farsund\/#website\",\"url\":\"https:\/\/hoyre.no\/farsund\/\",\"name\":\"Farsund H\u00f8yre\",\"description\":\"Bare enda et H\u00f8yres nettsteder-nettsted\",\"inLanguage\":\"nb-NO\"},{\"@type\":\"Person\",\"@id\":\"\",\"url\":\"https:\/\/hoyre.no\/farsund\/aktuelt\/author\/\"}]}<\/script>\n<!-- \/ Yoast SEO plugin. -->","yoast_head_json":{"title":"Lista fyr \u2013 et sted hvor kultur og natur m\u00f8ter mennesker - Farsund H\u00f8yre","robots":{"index":"index","follow":"follow","max-snippet":"max-snippet:-1","max-image-preview":"max-image-preview:large","max-video-preview":"max-video-preview:-1"},"canonical":"https:\/\/hoyre.no\/farsund\/aktuelt\/lista-fyr-et-sted-hvor-kultur-og-natur-moter-mennesker\/","og_locale":"nb_NO","og_type":"article","og_title":"Lista fyr \u2013 et sted hvor kultur og natur m\u00f8ter mennesker - Farsund H\u00f8yre","og_url":"https:\/\/hoyre.no\/farsund\/aktuelt\/lista-fyr-et-sted-hvor-kultur-og-natur-moter-mennesker\/","og_site_name":"Farsund H\u00f8yre","article_published_time":"2021-06-01T18:12:50+00:00","article_modified_time":"2021-06-01T18:32:43+00:00","og_image":[{"url":"https:\/\/hoyre.no\/content\/uploads\/sites\/37\/2020\/12\/Jul2020.png","width":"","height":"","type":""}],"twitter_card":"summary_large_image","twitter_misc":{"Skrevet av":"","Ansl. lesetid":"1 minutt"},"schema":{"@context":"https:\/\/schema.org","@graph":[{"@type":"NewsArticle","@id":"https:\/\/hoyre.no\/farsund\/aktuelt\/lista-fyr-et-sted-hvor-kultur-og-natur-moter-mennesker\/","url":"https:\/\/hoyre.no\/farsund\/aktuelt\/lista-fyr-et-sted-hvor-kultur-og-natur-moter-mennesker\/","name":"Lista fyr \u2013 et sted hvor kultur og natur m\u00f8ter mennesker - Farsund H\u00f8yre","isPartOf":{"@id":"https:\/\/hoyre.no\/farsund\/#website"},"datePublished":"2021-06-01T18:12:50+00:00","dateModified":"2021-06-01T18:32:43+00:00","author":{"@id":""},"breadcrumb":{"@id":"https:\/\/hoyre.no\/farsund\/aktuelt\/lista-fyr-et-sted-hvor-kultur-og-natur-moter-mennesker\/#breadcrumb"},"inLanguage":"nb-NO","potentialAction":[{"@type":"ReadAction","target":["https:\/\/hoyre.no\/farsund\/aktuelt\/lista-fyr-et-sted-hvor-kultur-og-natur-moter-mennesker\/"]}]},{"@type":"BreadcrumbList","@id":"https:\/\/hoyre.no\/farsund\/aktuelt\/lista-fyr-et-sted-hvor-kultur-og-natur-moter-mennesker\/#breadcrumb","itemListElement":[{"@type":"ListItem","position":1,"name":"Til hoyre.no","item":"https:\/\/hoyre.no"},{"@type":"ListItem","position":2,"name":"Hjem","item":"https:\/\/hoyre.no\/farsund\/"},{"@type":"ListItem","position":3,"name":"Lista fyr \u2013 et sted hvor kultur og natur m\u00f8ter mennesker"}]},{"@type":"WebSite","@id":"https:\/\/hoyre.no\/farsund\/#website","url":"https:\/\/hoyre.no\/farsund\/","name":"Farsund H\u00f8yre","description":"Bare enda et H\u00f8yres nettsteder-nettsted","inLanguage":"nb-NO"},{"@type":"Person","@id":"","url":"https:\/\/hoyre.no\/farsund\/aktuelt\/author\/"}]}},"distributor_meta":false,"distributor_terms":false,"distributor_media":false,"distributor_original_site_name":"Farsund H\u00f8yre","distributor_original_site_url":"https:\/\/hoyre.no\/farsund","push-errors":false,"_links":{"self":[{"href":"https:\/\/hoyre.no\/farsund\/wp-json\/wp\/v2\/posts\/27","targetHints":{"allow":["GET"]}}],"collection":[{"href":"https:\/\/hoyre.no\/farsund\/wp-json\/wp\/v2\/posts"}],"about":[{"href":"https:\/\/hoyre.no\/farsund\/wp-json\/wp\/v2\/types\/post"}],"author":[{"embeddable":true,"href":"https:\/\/hoyre.no\/farsund\/wp-json\/wp\/v2\/users\/15528"}],"replies":[{"embeddable":true,"href":"https:\/\/hoyre.no\/farsund\/wp-json\/wp\/v2\/comments?post=27"}],"version-history":[{"count":5,"href":"https:\/\/hoyre.no\/farsund\/wp-json\/wp\/v2\/posts\/27\/revisions"}],"predecessor-version":[{"id":37,"href":"https:\/\/hoyre.no\/farsund\/wp-json\/wp\/v2\/posts\/27\/revisions\/37"}],"wp:attachment":[{"href":"https:\/\/hoyre.no\/farsund\/wp-json\/wp\/v2\/media?parent=27"}],"wp:term":[{"taxonomy":"category","embeddable":true,"href":"https:\/\/hoyre.no\/farsund\/wp-json\/wp\/v2\/category?post=27"},{"taxonomy":"post_tag","embeddable":true,"href":"https:\/\/hoyre.no\/farsund\/wp-json\/wp\/v2\/post_tag?post=27"},{"taxonomy":"hoyre-visibility","embeddable":true,"href":"https:\/\/hoyre.no\/farsund\/wp-json\/wp\/v2\/hoyre-visibility?post=27"},{"taxonomy":"article-type","embeddable":true,"href":"https:\/\/hoyre.no\/farsund\/wp-json\/wp\/v2\/article-type?post=27"},{"taxonomy":"politician","embeddable":true,"href":"https:\/\/hoyre.no\/farsund\/wp-json\/wp\/v2\/politician?post=27"}],"curies":[{"name":"wp","href":"https:\/\/api.w.org\/{rel}","templated":true}]}}