{"id":488,"date":"2026-04-27T12:06:01","date_gmt":"2026-04-27T10:06:01","guid":{"rendered":"https:\/\/hoyre.no\/finnmark\/?p=488"},"modified":"2026-04-27T12:43:49","modified_gmt":"2026-04-27T10:43:49","slug":"partiledelsen-besoker-finnmark","status":"publish","type":"post","link":"https:\/\/hoyre.no\/finnmark\/aktuelt\/partiledelsen-besoker-finnmark\/","title":{"rendered":"Partiledelsen bes\u00f8ker Finnmark"},"content":{"rendered":"\n<p class=\"preamble\">Ine, Henrik og Ola kommer til Kirkenes. <\/p>\t\t\t<div class=\"post-meta wp-block teft-byline-wrapper\">\n\t\t\t\t<div class=\"top\">\n\t\t\t\t\t<div class=\"signature\">\n\t\t\t\t\t\t<div class=\"teft-byline\">\n\t\t\t\t\t\t\t\t\t\t\t\t\t\t<div>\n\t\t\t\t\t\t\t\t<h3>H\u00f8yres redaksjon<\/h3>\t\t\t\t\t\t\t\t\n\t\t\t\t\t\t\t\t\t\t\t\t\t\t\t\t\t<span class=\"date\">Sist oppdatert: 27. april 2026<\/span>\n\t\t\t\t\t\t\t\t\t\t\t\t\t\t\t\t\t\t\t\t\t\t\t\t\t<span class=\"reading-time\" itemprop=\"timeRequired\" content=\"PT1M\"><em>Ca. 1 minutter lesetid<\/em><\/span>\n\t\t\t\t\t\t\t\t\t\t\t\t\t\t\t<\/div>\n\t\t\t\t\t\t<\/div>\n\t\t\t\t\t<\/div>\n\t\t\t\t\t\t<div class=\"sharing\">\n\t\t<a class=\"share-button share-link copy-link\" data-copy=\"https:\/\/hoyre.no\/finnmark\/aktuelt\/partiledelsen-besoker-finnmark\/\" target=\"_blank\"><span class=\"screen-reader-text\">Del link<\/span><\/a>\n\t\t<a class=\"share-button share-twitter\" href=\"http:\/\/twitter.com\/share?text=Partiledelsen bes\u00f8ker Finnmark&#038;url=https:\/\/hoyre.no\/finnmark\/aktuelt\/partiledelsen-besoker-finnmark\/&#038;hashtags=Hoyre\" target=\"_blank\"><span class=\"screen-reader-text\">Del p\u00e5 twitter<\/span><\/a>\n\t\t<a class=\"share-button share-facebook\" href=\"https:\/\/www.facebook.com\/sharer\/sharer.php?u=https:\/\/hoyre.no\/finnmark\/aktuelt\/partiledelsen-besoker-finnmark\/\" target=\"_blank\"><span class=\"screen-reader-text\">Del p\u00e5 facebook<\/span><\/a>\n\t<\/div>\n\t\t\t\t\t<\/div>\n\t\t\t<\/div>\n\n\t\t\t<figure class=\"hoyre-image-wrapper\"><div class=\"hoyre-image\"><img loading=\"lazy\" decoding=\"async\" width=\"1200\" height=\"700\" src=\"https:\/\/hoyre.no\/content\/uploads\/sites\/431\/2026\/04\/Lytteturne-nyhetsbrev_438329d9016.jpg\" class=\"attachment-scaled size-scaled\" alt=\"\" style=\"object-position: 50% 50%\" srcset=\"https:\/\/hoyre.no\/content\/uploads\/sites\/431\/2026\/04\/Lytteturne-nyhetsbrev_438329d9016.jpg 1200w, https:\/\/hoyre.no\/content\/uploads\/sites\/431\/2026\/04\/Lytteturne-nyhetsbrev_438329d9016-300x175.jpg 300w, https:\/\/hoyre.no\/content\/uploads\/sites\/431\/2026\/04\/Lytteturne-nyhetsbrev_438329d9016-1024x597.jpg 1024w, https:\/\/hoyre.no\/content\/uploads\/sites\/431\/2026\/04\/Lytteturne-nyhetsbrev_438329d9016-768x448.jpg 768w\" sizes=\"auto, (max-width: 1200px) 100vw, 1200px\" \/><\/div><\/figure>\n\n\n\n\n<p>H\u00f8yres nye partiledelse Ine Marie Eriksen S\u00f8reide, Henrik Aasheim og Ola Svenneby bes\u00f8ker Kirkenes onsdag 20.mai. I den forbindelse avholdes det \u00e5pent medlemsm\u00f8te for alle medlemmer og sympatis\u00f8rer av H\u00f8yre i Finnmark p\u00e5 Ofelas Arena. D\u00f8rene \u00e5pner klokken 17.00, m\u00f8tet starter klokken 17.30 og varer til ca. 19.30.&nbsp;<\/p>\n\n\n\n<p>Det blir enkel pizza servering og mulighet til \u00e5 kj\u00f8pe noe \u00e5 drikke.&nbsp;<\/p>\n\n\n\n<p><strong>Hva er viktig for deg?<\/strong><\/p>\n\n\n\n<p>H\u00f8yre vil skape muligheter for alle \u2013 derfor m\u00e5 vi lytte til alle. Partiledelsen kommer til Finnmark for \u00e5 f\u00e5 dine innspill.<\/p>\n\n\n\n<p>De er f\u00f8rst og fremst p\u00e5 turn\u00e9 for \u00e5 bli bedre kjent med medlemmene og lokallagene. Derfor er det satt av god tid til at partiledelsen kan f\u00e5 innspill. M\u00f8t opp, si hei og del dine tanker og hjertesaker.<\/p>\n\n\n\n<p>Kvelden avsluttes med en quiz.&nbsp;<\/p>\n\n\n\n<p>Ta gjerne med deg noen som er nysgjerrige p\u00e5 H\u00f8yre og H\u00f8yres politikk.&nbsp;<\/p>\n\n\n\n<p><a href=\"https:\/\/hoyre.no\/innspill\/\">Dersom du ikke har anledning til \u00e5 delta kan du gi dine innspill via denne lenken.<\/a><\/p>\n\n\n\n<p><\/p>\n\n\n<div class=\"tags\">\n\t<\/div>\n<div class=\"post-footer alignfull has-background block-editor-block-list__block\" data-align=full>\n\t<div class=\"post-footer-inner\">\n\t\t<h3>Relaterte artikler<\/h3>\n\t\t<div class=\"related-content\"><div class=\"is-card-hoyre\">\n\t<div class=\"teft-card hoyre-teft-card post-teft-card\">\n\t\t<a href=\"https:\/\/hoyre.no\/finnmark\/aktuelt\/ny-fylkesledelse-i-finnmark-hoyre\/\" class=\"teft-card__primary-action\">\n\n\t\t\t<div class=\"teft-card__media teft-card__media--16-9 no-image\"><\/div>\n\t\t\t<div class=\"teft-card__content-wrapper\">\n\t\t\t\t<div class=\"teft-card__secondary\">\n\t\t\t\t\t\n\t\t\t\t\t\t\t\t<div class=\"teft-card__meta\">\n\t\t\t\t\t\t\t\t\t<span class=\"post-date\">28. jan 2026<\/span>\n\n\t\t\t\t\t\t\t\t\t\t\t\t\t\t\t\t\t<\/div>\n\t\t\t\t\t\t\t\t\t\t\t<\/div>\n\n\t\t\t\t<div class=\"teft-card__primary\">\n\t\t\t\t\t<h2 class=\"teft-card__title\">Ny fylkesledelse i Finnmark H\u00f8yre&nbsp;<span class=\"teft-card__primary-title-append\"><\/span><\/h2>\t\t\t\t<\/div>\n\t\t\t<\/div>\n\t\t<\/a>\n\t<\/div>\n\n\t<\/div><div class=\"is-card-hoyre\">\n\t<div class=\"teft-card hoyre-teft-card post-teft-card\">\n\t\t<a href=\"https:\/\/hoyre.no\/finnmark\/aktuelt\/ja-til-eu-er-ja-til-var-sikkerhet\/\" class=\"teft-card__primary-action\">\n\n\t\t\t<div class=\"teft-card__media teft-card__media--16-9 no-image\"><\/div>\n\t\t\t<div class=\"teft-card__content-wrapper\">\n\t\t\t\t<div class=\"teft-card__secondary\">\n\t\t\t\t\t\n\t\t\t\t\t\t\t\t<div class=\"teft-card__meta\">\n\t\t\t\t\t\t\t\t\t<span class=\"post-date\">28. jan 2026<\/span>\n\n\t\t\t\t\t\t\t\t\t\t\t\t\t\t\t\t\t<\/div>\n\t\t\t\t\t\t\t\t\t\t\t<\/div>\n\n\t\t\t\t<div class=\"teft-card__primary\">\n\t\t\t\t\t<h2 class=\"teft-card__title\">Ja til EU, er ja til v\u00e5r sikkerhet.&nbsp;<span class=\"teft-card__primary-title-append\"><\/span><\/h2>\t\t\t\t<\/div>\n\t\t\t<\/div>\n\t\t<\/a>\n\t<\/div>\n\n\t<\/div><div class=\"is-card-hoyre\">\n\t<div class=\"teft-card hoyre-teft-card post-teft-card\">\n\t\t<a href=\"https:\/\/hoyre.no\/finnmark\/aktuelt\/den-gode-kvinnehelsen-skal-skapes-i-finnmark\/\" class=\"teft-card__primary-action\">\n\n\t\t\t<div class=\"teft-card__media teft-card__media--16-9 no-image\"><\/div>\n\t\t\t<div class=\"teft-card__content-wrapper\">\n\t\t\t\t<div class=\"teft-card__secondary\">\n\t\t\t\t\t\n\t\t\t\t\t\t\t\t<div class=\"teft-card__meta\">\n\t\t\t\t\t\t\t\t\t<span class=\"post-date\">28. jan 2026<\/span>\n\n\t\t\t\t\t\t\t\t\t\t\t\t\t\t\t\t\t<\/div>\n\t\t\t\t\t\t\t\t\t\t\t<\/div>\n\n\t\t\t\t<div class=\"teft-card__primary\">\n\t\t\t\t\t<h2 class=\"teft-card__title\">Den gode kvinnehelsen skal skapes i Finnmark&nbsp;<span class=\"teft-card__primary-title-append\"><\/span><\/h2>\t\t\t\t<\/div>\n\t\t\t<\/div>\n\t\t<\/a>\n\t<\/div>\n\n\t<\/div><\/div>\t<\/div>\n<\/div>\n","protected":false},"excerpt":{"rendered":"","protected":false},"author":41407,"featured_media":0,"comment_status":"closed","ping_status":"closed","sticky":false,"template":"","format":"standard","meta":{"teft_cards_image_url":"","teft_cards_custom_pretitle":"","teft_cards_image_id":489,"teft_cards_image_focal_point_x":0.5,"teft_cards_image_focal_point_y":0.5,"teft_cards_title":"","teft_cards_excerpt":"","teft_show_chapters":false,"author_display_name":"","footnotes":""},"category":[1],"post_tag":[],"hoyre-visibility":[],"article-type":[],"politician":[],"class_list":["post-488","post","type-post","status-publish","format-standard","hentry","category-nyheter"],"yoast_head":"<!-- This site is optimized with the Yoast SEO plugin v26.6 - https:\/\/yoast.com\/wordpress\/plugins\/seo\/ -->\n<title>Partiledelsen bes\u00f8ker Finnmark - Finnmark H\u00f8yre<\/title>\n<meta name=\"robots\" content=\"index, follow, max-snippet:-1, max-image-preview:large, max-video-preview:-1\" \/>\n<link rel=\"canonical\" href=\"https:\/\/hoyre.no\/finnmark\/aktuelt\/partiledelsen-besoker-finnmark\/\" \/>\n<meta property=\"og:locale\" content=\"nb_NO\" \/>\n<meta property=\"og:type\" content=\"article\" \/>\n<meta property=\"og:title\" content=\"Partiledelsen bes\u00f8ker Finnmark - Finnmark H\u00f8yre\" \/>\n<meta property=\"og:url\" content=\"https:\/\/hoyre.no\/finnmark\/aktuelt\/partiledelsen-besoker-finnmark\/\" \/>\n<meta property=\"og:site_name\" content=\"Finnmark H\u00f8yre\" \/>\n<meta property=\"article:published_time\" content=\"2026-04-27T10:06:01+00:00\" \/>\n<meta property=\"article:modified_time\" content=\"2026-04-27T10:43:49+00:00\" \/>\n<meta name=\"author\" content=\"Daniel S\u00f8rdahl\" \/>\n<meta name=\"twitter:card\" content=\"summary_large_image\" \/>\n<meta name=\"twitter:label1\" content=\"Skrevet av\" \/>\n\t<meta name=\"twitter:data1\" content=\"Daniel S\u00f8rdahl\" \/>\n\t<meta name=\"twitter:label2\" content=\"Ansl. lesetid\" \/>\n\t<meta name=\"twitter:data2\" content=\"1 minutt\" \/>\n<script type=\"application\/ld+json\" class=\"yoast-schema-graph\">{\"@context\":\"https:\/\/schema.org\",\"@graph\":[{\"@type\":\"NewsArticle\",\"@id\":\"https:\/\/hoyre.no\/finnmark\/aktuelt\/partiledelsen-besoker-finnmark\/\",\"url\":\"https:\/\/hoyre.no\/finnmark\/aktuelt\/partiledelsen-besoker-finnmark\/\",\"name\":\"Partiledelsen bes\u00f8ker Finnmark - Finnmark H\u00f8yre\",\"isPartOf\":{\"@id\":\"https:\/\/hoyre.no\/finnmark\/#website\"},\"datePublished\":\"2026-04-27T10:06:01+00:00\",\"dateModified\":\"2026-04-27T10:43:49+00:00\",\"author\":{\"@id\":\"https:\/\/hoyre.no\/finnmark\/#\/schema\/person\/42eb2bf0681a143c828096214a9254f4\"},\"breadcrumb\":{\"@id\":\"https:\/\/hoyre.no\/finnmark\/aktuelt\/partiledelsen-besoker-finnmark\/#breadcrumb\"},\"inLanguage\":\"nb-NO\",\"potentialAction\":[{\"@type\":\"ReadAction\",\"target\":[\"https:\/\/hoyre.no\/finnmark\/aktuelt\/partiledelsen-besoker-finnmark\/\"]}]},{\"@type\":\"BreadcrumbList\",\"@id\":\"https:\/\/hoyre.no\/finnmark\/aktuelt\/partiledelsen-besoker-finnmark\/#breadcrumb\",\"itemListElement\":[{\"@type\":\"ListItem\",\"position\":1,\"name\":\"Til hoyre.no\",\"item\":\"https:\/\/hoyre.no\"},{\"@type\":\"ListItem\",\"position\":2,\"name\":\"Hjem\",\"item\":\"https:\/\/hoyre.no\/finnmark\/\"},{\"@type\":\"ListItem\",\"position\":3,\"name\":\"Partiledelsen bes\u00f8ker Finnmark\"}]},{\"@type\":\"WebSite\",\"@id\":\"https:\/\/hoyre.no\/finnmark\/#website\",\"url\":\"https:\/\/hoyre.no\/finnmark\/\",\"name\":\"Finnmark H\u00f8yre\",\"description\":\"Bare enda et H\u00f8yres nettsteder-nettsted\",\"inLanguage\":\"nb-NO\"},{\"@type\":\"Person\",\"@id\":\"https:\/\/hoyre.no\/finnmark\/#\/schema\/person\/42eb2bf0681a143c828096214a9254f4\",\"name\":\"Daniel S\u00f8rdahl\",\"image\":{\"@type\":\"ImageObject\",\"inLanguage\":\"nb-NO\",\"@id\":\"https:\/\/hoyre.no\/finnmark\/#\/schema\/person\/image\/\",\"url\":\"https:\/\/secure.gravatar.com\/avatar\/c4de24a3d17d8eee3c5109cc55da515970fff2319f823413aa0fe98481710015?s=96&d=mm&r=g\",\"contentUrl\":\"https:\/\/secure.gravatar.com\/avatar\/c4de24a3d17d8eee3c5109cc55da515970fff2319f823413aa0fe98481710015?s=96&d=mm&r=g\",\"caption\":\"Daniel S\u00f8rdahl\"},\"url\":\"https:\/\/hoyre.no\/finnmark\/aktuelt\/author\/m50293224\/\"}]}<\/script>\n<!-- \/ Yoast SEO plugin. -->","yoast_head_json":{"title":"Partiledelsen bes\u00f8ker Finnmark - Finnmark H\u00f8yre","robots":{"index":"index","follow":"follow","max-snippet":"max-snippet:-1","max-image-preview":"max-image-preview:large","max-video-preview":"max-video-preview:-1"},"canonical":"https:\/\/hoyre.no\/finnmark\/aktuelt\/partiledelsen-besoker-finnmark\/","og_locale":"nb_NO","og_type":"article","og_title":"Partiledelsen bes\u00f8ker Finnmark - Finnmark H\u00f8yre","og_url":"https:\/\/hoyre.no\/finnmark\/aktuelt\/partiledelsen-besoker-finnmark\/","og_site_name":"Finnmark H\u00f8yre","article_published_time":"2026-04-27T10:06:01+00:00","article_modified_time":"2026-04-27T10:43:49+00:00","author":"Daniel S\u00f8rdahl","twitter_card":"summary_large_image","twitter_misc":{"Skrevet av":"Daniel S\u00f8rdahl","Ansl. lesetid":"1 minutt"},"schema":{"@context":"https:\/\/schema.org","@graph":[{"@type":"NewsArticle","@id":"https:\/\/hoyre.no\/finnmark\/aktuelt\/partiledelsen-besoker-finnmark\/","url":"https:\/\/hoyre.no\/finnmark\/aktuelt\/partiledelsen-besoker-finnmark\/","name":"Partiledelsen bes\u00f8ker Finnmark - Finnmark H\u00f8yre","isPartOf":{"@id":"https:\/\/hoyre.no\/finnmark\/#website"},"datePublished":"2026-04-27T10:06:01+00:00","dateModified":"2026-04-27T10:43:49+00:00","author":{"@id":"https:\/\/hoyre.no\/finnmark\/#\/schema\/person\/42eb2bf0681a143c828096214a9254f4"},"breadcrumb":{"@id":"https:\/\/hoyre.no\/finnmark\/aktuelt\/partiledelsen-besoker-finnmark\/#breadcrumb"},"inLanguage":"nb-NO","potentialAction":[{"@type":"ReadAction","target":["https:\/\/hoyre.no\/finnmark\/aktuelt\/partiledelsen-besoker-finnmark\/"]}]},{"@type":"BreadcrumbList","@id":"https:\/\/hoyre.no\/finnmark\/aktuelt\/partiledelsen-besoker-finnmark\/#breadcrumb","itemListElement":[{"@type":"ListItem","position":1,"name":"Til hoyre.no","item":"https:\/\/hoyre.no"},{"@type":"ListItem","position":2,"name":"Hjem","item":"https:\/\/hoyre.no\/finnmark\/"},{"@type":"ListItem","position":3,"name":"Partiledelsen bes\u00f8ker Finnmark"}]},{"@type":"WebSite","@id":"https:\/\/hoyre.no\/finnmark\/#website","url":"https:\/\/hoyre.no\/finnmark\/","name":"Finnmark H\u00f8yre","description":"Bare enda et H\u00f8yres nettsteder-nettsted","inLanguage":"nb-NO"},{"@type":"Person","@id":"https:\/\/hoyre.no\/finnmark\/#\/schema\/person\/42eb2bf0681a143c828096214a9254f4","name":"Daniel S\u00f8rdahl","image":{"@type":"ImageObject","inLanguage":"nb-NO","@id":"https:\/\/hoyre.no\/finnmark\/#\/schema\/person\/image\/","url":"https:\/\/secure.gravatar.com\/avatar\/c4de24a3d17d8eee3c5109cc55da515970fff2319f823413aa0fe98481710015?s=96&d=mm&r=g","contentUrl":"https:\/\/secure.gravatar.com\/avatar\/c4de24a3d17d8eee3c5109cc55da515970fff2319f823413aa0fe98481710015?s=96&d=mm&r=g","caption":"Daniel S\u00f8rdahl"},"url":"https:\/\/hoyre.no\/finnmark\/aktuelt\/author\/m50293224\/"}]}},"distributor_meta":false,"distributor_terms":false,"distributor_media":false,"distributor_original_site_name":"Finnmark H\u00f8yre","distributor_original_site_url":"https:\/\/hoyre.no\/finnmark","push-errors":false,"_links":{"self":[{"href":"https:\/\/hoyre.no\/finnmark\/wp-json\/wp\/v2\/posts\/488","targetHints":{"allow":["GET"]}}],"collection":[{"href":"https:\/\/hoyre.no\/finnmark\/wp-json\/wp\/v2\/posts"}],"about":[{"href":"https:\/\/hoyre.no\/finnmark\/wp-json\/wp\/v2\/types\/post"}],"author":[{"embeddable":true,"href":"https:\/\/hoyre.no\/finnmark\/wp-json\/wp\/v2\/users\/41407"}],"replies":[{"embeddable":true,"href":"https:\/\/hoyre.no\/finnmark\/wp-json\/wp\/v2\/comments?post=488"}],"version-history":[{"count":2,"href":"https:\/\/hoyre.no\/finnmark\/wp-json\/wp\/v2\/posts\/488\/revisions"}],"predecessor-version":[{"id":491,"href":"https:\/\/hoyre.no\/finnmark\/wp-json\/wp\/v2\/posts\/488\/revisions\/491"}],"wp:attachment":[{"href":"https:\/\/hoyre.no\/finnmark\/wp-json\/wp\/v2\/media?parent=488"}],"wp:term":[{"taxonomy":"category","embeddable":true,"href":"https:\/\/hoyre.no\/finnmark\/wp-json\/wp\/v2\/category?post=488"},{"taxonomy":"post_tag","embeddable":true,"href":"https:\/\/hoyre.no\/finnmark\/wp-json\/wp\/v2\/post_tag?post=488"},{"taxonomy":"hoyre-visibility","embeddable":true,"href":"https:\/\/hoyre.no\/finnmark\/wp-json\/wp\/v2\/hoyre-visibility?post=488"},{"taxonomy":"article-type","embeddable":true,"href":"https:\/\/hoyre.no\/finnmark\/wp-json\/wp\/v2\/article-type?post=488"},{"taxonomy":"politician","embeddable":true,"href":"https:\/\/hoyre.no\/finnmark\/wp-json\/wp\/v2\/politician?post=488"}],"curies":[{"name":"wp","href":"https:\/\/api.w.org\/{rel}","templated":true}]}}