{"id":1350,"date":"2023-09-21T01:09:17","date_gmt":"2023-09-20T23:09:17","guid":{"rendered":"https:\/\/hoyre.no\/fredrikstad\/?p=1350"},"modified":"2023-09-21T01:15:46","modified_gmt":"2023-09-20T23:15:46","slug":"felles-politisk-plattform-for-fredrikstad","status":"publish","type":"post","link":"https:\/\/hoyre.no\/fredrikstad\/aktuelt\/felles-politisk-plattform-for-fredrikstad\/","title":{"rendered":"Felles politisk plattform for Fredrikstad"},"content":{"rendered":"\n<p class=\"preamble\">H\u00f8yre, Frp, Krf og Venstre har inng\u00e5tt en felles avtale for arbeidet i bystyret i Fredrikstad for perioden 2023-2027.<br>Det er ogs\u00e5 inng\u00e5tt et valgteknisk samarbeide med Pensjonist Partiet.<\/p>\t\t\t<div class=\"post-meta wp-block teft-byline-wrapper\">\n\t\t\t\t<div class=\"top\">\n\t\t\t\t\t<div class=\"signature\">\n\t\t\t\t\t\t<div class=\"teft-byline\">\n\t\t\t\t\t\t\t\t\t\t\t\t\t\t<div>\n\t\t\t\t\t\t\t\t<h3>H\u00f8yres redaksjon<\/h3>\t\t\t\t\t\t\t\t\n\t\t\t\t\t\t\t\t\t\t\t\t\t\t\t\t\t<span class=\"date\">Sist oppdatert: 21. september 2023<\/span>\n\t\t\t\t\t\t\t\t\t\t\t\t\t\t\t\t\t\t\t\t\t\t\t\t\t<span class=\"reading-time\" itemprop=\"timeRequired\" content=\"PT7M\"><em>Ca. 7 minutter lesetid<\/em><\/span>\n\t\t\t\t\t\t\t\t\t\t\t\t\t\t\t<\/div>\n\t\t\t\t\t\t<\/div>\n\t\t\t\t\t<\/div>\n\t\t\t\t\t\t<div class=\"sharing\">\n\t\t<a class=\"share-button share-link copy-link\" data-copy=\"https:\/\/hoyre.no\/fredrikstad\/aktuelt\/felles-politisk-plattform-for-fredrikstad\/\" target=\"_blank\"><span class=\"screen-reader-text\">Del link<\/span><\/a>\n\t\t<a class=\"share-button share-twitter\" href=\"http:\/\/twitter.com\/share?text=Felles politisk plattform for Fredrikstad&#038;url=https:\/\/hoyre.no\/fredrikstad\/aktuelt\/felles-politisk-plattform-for-fredrikstad\/&#038;hashtags=Hoyre\" target=\"_blank\"><span class=\"screen-reader-text\">Del p\u00e5 twitter<\/span><\/a>\n\t\t<a class=\"share-button share-facebook\" href=\"https:\/\/www.facebook.com\/sharer\/sharer.php?u=https:\/\/hoyre.no\/fredrikstad\/aktuelt\/felles-politisk-plattform-for-fredrikstad\/\" target=\"_blank\"><span class=\"screen-reader-text\">Del p\u00e5 facebook<\/span><\/a>\n\t<\/div>\n\t\t\t\t\t<\/div>\n\t\t\t<\/div>\n\n\t\t\t<figure class=\"hoyre-image-wrapper\"><div class=\"hoyre-image\"><img loading=\"lazy\" decoding=\"async\" width=\"2500\" height=\"1875\" src=\"https:\/\/hoyre.no\/content\/uploads\/sites\/194\/2023\/05\/IMG_7380-scaled.jpg\" class=\"attachment-scaled size-scaled\" alt=\"\" style=\"object-position: 53% 26%\" srcset=\"https:\/\/hoyre.no\/content\/uploads\/sites\/194\/2023\/05\/IMG_7380-scaled.jpg 2500w, https:\/\/hoyre.no\/content\/uploads\/sites\/194\/2023\/05\/IMG_7380-300x225.jpg 300w, https:\/\/hoyre.no\/content\/uploads\/sites\/194\/2023\/05\/IMG_7380-1024x768.jpg 1024w, https:\/\/hoyre.no\/content\/uploads\/sites\/194\/2023\/05\/IMG_7380-768x576.jpg 768w, https:\/\/hoyre.no\/content\/uploads\/sites\/194\/2023\/05\/IMG_7380-1536x1152.jpg 1536w, https:\/\/hoyre.no\/content\/uploads\/sites\/194\/2023\/05\/IMG_7380-2048x1536.jpg 2048w\" sizes=\"auto, (max-width: 2500px) 100vw, 2500px\" \/><\/div><\/figure>\n\n\n\n\n<p>V\u00e5re partier fremla i desember 2022 et felles <strong>forslag til \u00f8konomiplan og budsjett for \u00e5rene 2023-26<\/strong>. Partiene er enige om at denne planen fortsatt gjelder som fundamentet for arbeidet i den kommende valgperioden, og er forpliktende for alle fire partier. Avvik fra det som der er beskrevet skal avtales mellom de fire partiene.<\/p>\n\n\n\n<p>M\u00e5let for et samarbeid utg\u00e5tt av H\u00f8yre, Fremskrittspartiet, Venstre og Kristelig Folkeparti er at folk kan f\u00e5 leve frie og selvstendige liv. Vi har en sterk tro p\u00e5 at mennesker som blir vist tillit ogs\u00e5 tar ansvar. V\u00e5rt m\u00e5l er at flere skal klare seg gjennom egen inntekt, og at kommunen skal levere bedre tjenester enn i dag, s\u00e6rlig rettet mot barn, unge og eldre.<\/p>\n\n\n\n<p>Som et <em>supplement<\/em> og et tillegg til \u00f8konomiplan og budsjett, er v\u00e5re fire partier enige om f\u00f8lgende:<\/p>\n\n\n\n<ol class=\"wp-block-list\">\n<li>Vi \u00f8nsker en ny politisk kultur i Fredrikstad. Vi vil ha en kultur som er mer dynamisk, rausere, mer \u00e5pen, og mer lyttende til b\u00e5de innbyggere og andre politiske partier i Fredrikstad. Det er viktig for oss \u00e5 ha en ansvarlig budsjettkontroll og en fornuftig \u00f8konomisk styring.<\/li>\n\n\n\n<li>I n\u00e6rt samarbeid med de ansatte og deres organisasjoner vil vi utforske mulighetene til \u00e5 skape en enda bedre arbeidsplass for de ansatte med best mulig tjenester til innbyggerne i kommunen.<\/li>\n\n\n\n<li>Partene anerkjenner at klima, milj\u00f8 og natur er noe vi m\u00e5 ha et sterkt fokus p\u00e5 i \u00e5rene som kommer. Vi skal arbeide for at det gr\u00f8nne skiftet skaper forretningsmuligheter for n\u00e6ringslivet og arbeidsplasser for befolkningen.<\/li>\n\n\n\n<li>I v\u00e5rt budsjett har vi pekt p\u00e5 flere omr\u00e5der hvor Fredrikstad vil ha nytte av \u00e5 \u00f8ke samarbeidet med omkringliggende kommuner. Vi mener det vil v\u00e6re et sv\u00e6rt viktig perspektiv, og vil be kommuneorganisasjonen aktivt s\u00f8ke samarbeidsl\u00f8sninger for \u00e5 gi bedre tjenester og rasjonell organisering.<\/li>\n<\/ol>\n\n\n\n<p>Vi vil ta kontakt med Sarpsborg kommune for \u00e5 vurdere om de to renseanleggene kan drives som ett, felles selskap. En vil ogs\u00e5 vurdere om det kan v\u00e6re hensiktsmessig \u00e5 samarbeide om felles ledelse, administrasjon, teknisk utvikling og ikke minst langsiktig kapasitetsutnyttelse og oppfyllelse av fremtidige rensekrav.<\/p>\n\n\n\n<ol class=\"wp-block-list\" start=\"5\">\n<li>Bystyret skal i desember vedta budsjett for 2024, og \u00f8konomiplan for 24-27. I dette budsjettet vil v\u00e5re partier \u00f8nske \u00e5 synliggj\u00f8re noen tydelige prioriteringer:<\/li>\n<\/ol>\n\n\n\n<p>a. Tiltak for styrket vedlikehold av skolebygningene<br>b. Tiltak for en bedre eldreomsorg<br>c. Tiltak innen demensomsorg<br>d. Velferdsteknologiske l\u00f8sninger tas i bruk for bedre logistikk innen hjemmebaserte tjenester.<br>e. \u00c5pne for n\u00f8dvendig og fortsatt sykehjemsdrift ved Borge sykehjem.<br>f. Ikke endre sykehjemsstruktur f\u00f8r annet sykehjem med en bedre kvalitet i n\u00e6rheten (lokalmilj\u00f8et) er \u00e5pnet og klar for innflytting.<br>g. Tilby sykehjemsplass til personer med vedtak om langtidsplass og korttidsplass.<br>h. Stans i \u00f8kningen i eiendomsskatt, og en plan for gradvis nedtrapping av eiendomsskatten<br>i. En plan for salg av kommunale eiendeler og selskaper.<br>j. En omfattende plan for kostnadsreduksjoner. Et hovedelement i dette vil v\u00e6re initiativ for samarbeid med andre kommuner, blant annet om administrative funksjoner.<br>k. Tiltak for \u00e5 motvirke utenforskap og inkludere flere i arbeidslivet.<br>l. Det etableres strakstiltak mot mobbing, vold- og trusler i skolen<br>m. Nylende, \u00c5rum og Borge skoler opprettholdes<br>n. Det gjennomf\u00f8res et pr\u00f8veprosjekt der alle plan- og byggesaker som f\u00e5r nei, skal til politisk behandling.<br>o. Vaktmestertjenesten og l\u00f8pende vedlikehold styrkes.<br>p. Tiltak for \u00e5 motvirke klimaendringene<\/p>\n\n\n\n<ol class=\"wp-block-list\" start=\"6\">\n<li>Det utvikles et fors\u00f8ksprosjekt med fritidskort for barn og unge.<\/li>\n\n\n\n<li>Gjennom de siste \u00e5rene har bystyrets flertall gjort en rekke vedtak om prosjekter og investeringer som v\u00e5re partier har stemt imot. Vi vil n\u00e5 snarest mulig gjennomg\u00e5 status i disse prosjektene for \u00e5 vurdere hvilke det kan v\u00e6re aktuelt \u00e5 stanse. Vi vil ha en kritisk gjennomgang av investeringsplanen med hensyn til n\u00f8dvendige vurderingskriterier.<\/li>\n<\/ol>\n\n\n\n<p>Det vil v\u00e6re lite aktuelt \u00e5 reversere prosjekter hvor det er p\u00e5l\u00f8pt vesentlige kostnader, eller inng\u00e5tt irreversible kontraktsforpliktelser. V\u00e5rt hovedprinsipp vil v\u00e6re at vi \u00f8nsker \u00e5 stanse prosjekter vi ikke har v\u00e6rt enige i, men ikke \u00e5 reversere. Blant annet f\u00f8lgende prosjekter vil bli vurdert:<\/p>\n\n\n\n<p>\u2022 Ridesenteret<br>\u2022 Furutun<br>\u2022 R\u00e5kollen\/Gudeberg<\/p>\n\n\n\n<ol class=\"wp-block-list\" start=\"8\">\n<li>V\u00e5re partier vil arbeide med en arealpolitikk som i st\u00f8rre grad fokuserer p\u00e5 hele kommunen og lokalsentra i kommunen. S\u00e6rlig boligbyggingen har hatt et for ensidig fokus p\u00e5 sentrumskjernen. Dette har ogs\u00e5 bidratt til en for ensidig utvikling av blokkbebyggelse som ikke er tilpasset bredden i innbyggernes behov og muligheter til \u00e5 anskaffe en bolig. V\u00e5re partier vil f\u00f8re en politikk som kan gi mere varierte boligtyper, inkludert mer sosial boligbygging. Arealpolitikken skal fortsatt v\u00e6re tydelig p\u00e5 jordvern og vern av markaomr\u00e5dene og natur.<\/li>\n\n\n\n<li>Barnehager er en sv\u00e6rt viktig del av det kommunale tilbudet. V\u00e5re partier \u00f8nsker \u00e5 kunne styrke dette. Tilbudet av barnehager i Fredrikstad er en kombinasjon av private og kommunale. Det forrige flertallet \u00f8nsket en \u00f8kt andel av kommunale barnehager. V\u00e5re partier har ingen slik preferanse for kommunal drift, og vi vil oppheve bystyrets vedtak om \u00e5 gi prioritet til kommunale barnehager.<\/li>\n\n\n\n<li>Generelt \u00f8nsker v\u00e5re partier et mest mulig tillitsfullt og fruktbart samarbeid mellom privat og offentlig virksomhet. L\u00f8sningen p\u00e5 v\u00e5re samfunnsutfordringer er ikke et sp\u00f8rsm\u00e5l om enten det offentlige eller det private, men b\u00e5de det offentlige og det private. Vi \u00f8nsker aktivt \u00e5 legge til rette for gode private tilbud, ikke bare innenfor barnehagesektoren, men innenfor alle omr\u00e5der. Private tilbydere i denne sammenhengen kan v\u00e6re b\u00e5de frivillige og ideelle organisasjoner, og kommersielle bedrifter.<\/li>\n\n\n\n<li>Vi \u00f8nsker et \u00f8kt samvirke med sivilsamfunnet.<\/li>\n\n\n\n<li>Ved nye byggeprosjekter vil det v\u00e6re aktuelt \u00e5 vurdere alternative modeller, samt leie i stedet for eie. Dette kan for eksempel gjelde helseinstitusjoner, ungdomsskoler, kontorlokaler og lagerbygninger.<\/li>\n\n\n\n<li>Alle kommunale kontorarealer skal gjennomg\u00e5s med sikte p\u00e5 mer effektiv arealutnyttelse.<\/li>\n\n\n\n<li>V\u00e5re partier \u00f8nsker en mer samlet og m\u00e5lrettet n\u00e6ringspolitikk. Det opprettes et eget n\u00e6ringsutvalg med ni representanter. Dette utvalget overtar oppgavene fra prim\u00e6rn\u00e6ringsutvalget og innstiller til formannskapet.<\/li>\n\n\n\n<li>Partene skal arbeide aktivt for \u00e5 gjenskape et godt naturmilj\u00f8 i Oslofjorden og f\u00f8lge opp det arbeidet som forrige regjering allerede er startet med \u00abHelhetlig tiltaksplan for en ren og rik Oslofjord med et aktivt friluftsliv\u00bb.<\/li>\n\n\n\n<li>For v\u00e5re partier er det viktig \u00e5 gj\u00f8re det vi kan for \u00e5 legge til rette for at H\u00f8gskolen i \u00d8stfold forblir og utvider i Fredrikstad. For \u00e5 oppn\u00e5 dette vil vi jobbe for at det finnes mest mulig aktiviteter i byen slik at studentene vil trives og forbli i Fredrikstad<\/li>\n\n\n\n<li>FV 109 utbygges strekningsvis. Strekningen \u00d8stfoldhallen-Rolvs\u00f8ysund bygges f\u00f8rst, og bygges ut med fire felt.<\/li>\n\n\n\n<li>Prosjektering og bygging av ny bro Omberg-Torp fremskyndes.<\/li>\n\n\n\n<li>Sluttf\u00f8ring av FV nord for Rolvs\u00f8ysund utsettes hvis dette er n\u00f8dvendig for \u00e5 sikre fremdrift for ny bro Omberg-Torp.<\/li>\n\n\n\n<li>Partiene \u00f8nsker at Arena Fredrikstad etableres og oppf\u00f8res som et offentlig-privat samarbeid slik som beskrevet i budsjettdokumentet. Dersom det ikke lar seg gj\u00f8re, st\u00e5r partene fritt til \u00e5 stemme etter egen overbevisning.<\/li>\n<\/ol>\n\n\n\n<p>Disse punktene er ment som en gjennomgang av noen viktige saker som v\u00e5re partier vil prioritere. Dette er ikke noen utt\u00f8mmende oversikt, men fremhever noen av de viktige sakene vi vil arbeide med som utgangspunkt for den kommende bystyreperioden.<\/p>\n\n\n\n<p>Vi vil ogs\u00e5 \u00f8nske \u00e5 lytte til hva de \u00f8vrige partiene i bystyret mener, og arbeide for \u00e5 im\u00f8tekomme deres \u00f8nsker og prioriteringer.<\/p>\n\n\n\n<h4 class=\"wp-block-heading\">Signert 18.September 2023<\/h4>\n\n\n\n<p>Fredrikstad H\u00f8yre\/Arne Sekkelsten<\/p>\n\n\n\n<p>Fredrikstad FrP\/Leif Eriksen<\/p>\n\n\n\n<p>Fredrikstad KrF\/Kolbj\u00f8rn Westberg\u00a0 \u00a0\u00a0\u00a0\u00a0\u00a0\u00a0\u00a0\u00a0\u00a0<\/p>\n\n\n\n<p>Fredrikstad Venstre\/Trond Svandal\u00a0<\/p>\n\n\n<div class=\"tags\">\n\t<\/div>\n<div class=\"post-footer alignfull has-background block-editor-block-list__block\" data-align=full>\n\t<div class=\"post-footer-inner\">\n\t\t<h3>Relaterte artikler<\/h3>\n\t\t<div class=\"related-content\"><div class=\"is-card-hoyre\">\n\t<div class=\"teft-card hoyre-teft-card post-teft-card\">\n\t\t<a href=\"https:\/\/hoyre.no\/fredrikstad\/aktuelt\/arne-sekkelsten-er-var-ordforerkandidat\/\" class=\"teft-card__primary-action\">\n\n\t\t\t\t\t<div class=\"teft-card__media teft-card__media--16-9\">\n\t\t\t\t\t\t<img loading=\"lazy\" decoding=\"async\" width=\"768\" height=\"770\" src=\"https:\/\/hoyre.no\/content\/uploads\/sites\/194\/2026\/04\/IMG_0144-768x770.jpg\" class=\"attachment-medium_large size-medium_large\" alt=\"\" srcset=\"https:\/\/hoyre.no\/content\/uploads\/sites\/194\/2026\/04\/IMG_0144-768x770.jpg 768w, https:\/\/hoyre.no\/content\/uploads\/sites\/194\/2026\/04\/IMG_0144-300x300.jpg 300w, https:\/\/hoyre.no\/content\/uploads\/sites\/194\/2026\/04\/IMG_0144-1021x1024.jpg 1021w, https:\/\/hoyre.no\/content\/uploads\/sites\/194\/2026\/04\/IMG_0144-150x150.jpg 150w, https:\/\/hoyre.no\/content\/uploads\/sites\/194\/2026\/04\/IMG_0144.jpg 1197w\" sizes=\"auto, (max-width: 768px) 100vw, 768px\" \/>\t\t<\/div>\n\t\t\n\t\t\t<div class=\"teft-card__content-wrapper\">\n\t\t\t\t<div class=\"teft-card__secondary\">\n\t\t\t\t\t\n\t\t\t\t\t\t\t\t<div class=\"teft-card__meta\">\n\t\t\t\t\t\t\t\t\t<span class=\"post-date\">24. apr 2026<\/span>\n\n\t\t\t\t\t\t\t\t\t<span class=\"post-category\">Bl\u00e5 mandag<\/span>\t\t\t\t\t\t\t\t<\/div>\n\t\t\t\t\t\t\t\t\t\t\t<\/div>\n\n\t\t\t\t<div class=\"teft-card__primary\">\n\t\t\t\t\t<h2 class=\"teft-card__title\">Arne Sekkelsten er v\u00e5r ordf\u00f8rerkandidat&nbsp;<span class=\"teft-card__primary-title-append\"><\/span><\/h2>\t\t\t\t<\/div>\n\t\t\t<\/div>\n\t\t<\/a>\n\t<\/div>\n\n\t<\/div><div class=\"is-card-hoyre\">\n\t<div class=\"teft-card hoyre-teft-card post-teft-card\">\n\t\t<a href=\"https:\/\/hoyre.no\/fredrikstad\/aktuelt\/setter-skolen-forst-38-millioner-til-vedlikehold-sentrumsskole-utsettes\/\" class=\"teft-card__primary-action\">\n\n\t\t\t\t\t<div class=\"teft-card__media teft-card__media--16-9\">\n\t\t\t\t\t\t<img loading=\"lazy\" decoding=\"async\" width=\"768\" height=\"544\" src=\"https:\/\/hoyre.no\/content\/uploads\/sites\/194\/2026\/04\/skole1-768x544.jpeg\" class=\"attachment-medium_large size-medium_large\" alt=\"\" srcset=\"https:\/\/hoyre.no\/content\/uploads\/sites\/194\/2026\/04\/skole1-768x544.jpeg 768w, https:\/\/hoyre.no\/content\/uploads\/sites\/194\/2026\/04\/skole1-300x213.jpeg 300w, https:\/\/hoyre.no\/content\/uploads\/sites\/194\/2026\/04\/skole1-1024x725.jpeg 1024w, https:\/\/hoyre.no\/content\/uploads\/sites\/194\/2026\/04\/skole1.jpeg 1200w\" sizes=\"auto, (max-width: 768px) 100vw, 768px\" \/>\t\t<\/div>\n\t\t\n\t\t\t<div class=\"teft-card__content-wrapper\">\n\t\t\t\t<div class=\"teft-card__secondary\">\n\t\t\t\t\t\n\t\t\t\t\t\t\t\t<div class=\"teft-card__meta\">\n\t\t\t\t\t\t\t\t\t<span class=\"post-date\">24. apr 2026<\/span>\n\n\t\t\t\t\t\t\t\t\t<span class=\"post-category\">Ukategorisert<\/span>\t\t\t\t\t\t\t\t<\/div>\n\t\t\t\t\t\t\t\t\t\t\t<\/div>\n\n\t\t\t\t<div class=\"teft-card__primary\">\n\t\t\t\t\t<h2 class=\"teft-card__title\">Setter skolen f\u00f8rst: 38 millioner til vedlikehold \u2013 sentrumsskole utsettes&nbsp;<span class=\"teft-card__primary-title-append\"><\/span><\/h2>\t\t\t\t<\/div>\n\t\t\t<\/div>\n\t\t<\/a>\n\t<\/div>\n\n\t<\/div><div class=\"is-card-hoyre\">\n\t<div class=\"teft-card hoyre-teft-card post-teft-card\">\n\t\t<a href=\"https:\/\/hoyre.no\/fredrikstad\/aktuelt\/ny-kulturlov-gir-tydeligere-ansvar-og-storre-avstand\/\" class=\"teft-card__primary-action\">\n\n\t\t\t\t\t<div class=\"teft-card__media teft-card__media--16-9\">\n\t\t\t\t\t\t<img loading=\"lazy\" decoding=\"async\" width=\"768\" height=\"960\" src=\"https:\/\/hoyre.no\/content\/uploads\/sites\/194\/2026\/04\/att.XiFg1q1Qugi0c8G-yCUH2SBeNTi2reWpAV3x4kUDOA8-768x960.jpg\" class=\"attachment-medium_large size-medium_large\" alt=\"\" srcset=\"https:\/\/hoyre.no\/content\/uploads\/sites\/194\/2026\/04\/att.XiFg1q1Qugi0c8G-yCUH2SBeNTi2reWpAV3x4kUDOA8-768x960.jpg 768w, https:\/\/hoyre.no\/content\/uploads\/sites\/194\/2026\/04\/att.XiFg1q1Qugi0c8G-yCUH2SBeNTi2reWpAV3x4kUDOA8-240x300.jpg 240w, https:\/\/hoyre.no\/content\/uploads\/sites\/194\/2026\/04\/att.XiFg1q1Qugi0c8G-yCUH2SBeNTi2reWpAV3x4kUDOA8-819x1024.jpg 819w, https:\/\/hoyre.no\/content\/uploads\/sites\/194\/2026\/04\/att.XiFg1q1Qugi0c8G-yCUH2SBeNTi2reWpAV3x4kUDOA8-1229x1536.jpg 1229w, https:\/\/hoyre.no\/content\/uploads\/sites\/194\/2026\/04\/att.XiFg1q1Qugi0c8G-yCUH2SBeNTi2reWpAV3x4kUDOA8.jpg 1638w\" sizes=\"auto, (max-width: 768px) 100vw, 768px\" \/>\t\t<\/div>\n\t\t\n\t\t\t<div class=\"teft-card__content-wrapper\">\n\t\t\t\t<div class=\"teft-card__secondary\">\n\t\t\t\t\t\n\t\t\t\t\t\t\t\t<div class=\"teft-card__meta\">\n\t\t\t\t\t\t\t\t\t<span class=\"post-date\">24. apr 2026<\/span>\n\n\t\t\t\t\t\t\t\t\t\t\t\t\t\t\t\t\t<\/div>\n\t\t\t\t\t\t\t\t\t\t\t<\/div>\n\n\t\t\t\t<div class=\"teft-card__primary\">\n\t\t\t\t\t<h2 class=\"teft-card__title\">Ny kulturlov gir tydeligere ansvar \u2013 og st\u00f8rre avstand&nbsp;<span class=\"teft-card__primary-title-append\"><\/span><\/h2>\t\t\t\t<\/div>\n\t\t\t<\/div>\n\t\t<\/a>\n\t<\/div>\n\n\t<\/div><\/div>\t<\/div>\n<\/div>\n","protected":false},"excerpt":{"rendered":"","protected":false},"author":15700,"featured_media":0,"comment_status":"closed","ping_status":"closed","sticky":false,"template":"","format":"standard","meta":{"teft_cards_image_url":"","teft_cards_custom_pretitle":"","teft_cards_image_id":1057,"teft_cards_image_focal_point_x":0.52,"teft_cards_image_focal_point_y":0.26,"teft_cards_title":"","teft_cards_excerpt":"","teft_show_chapters":false,"author_display_name":"","footnotes":""},"category":[1],"post_tag":[],"hoyre-visibility":[],"article-type":[],"politician":[],"class_list":["post-1350","post","type-post","status-publish","format-standard","hentry","category-ukategorisert"],"yoast_head":"<!-- This site is optimized with the Yoast SEO plugin v26.6 - https:\/\/yoast.com\/wordpress\/plugins\/seo\/ -->\n<title>Felles politisk plattform for Fredrikstad - Fredrikstad H\u00f8yre<\/title>\n<meta name=\"robots\" content=\"index, follow, max-snippet:-1, max-image-preview:large, max-video-preview:-1\" \/>\n<link rel=\"canonical\" href=\"https:\/\/hoyre.no\/fredrikstad\/aktuelt\/felles-politisk-plattform-for-fredrikstad\/\" \/>\n<meta property=\"og:locale\" content=\"nb_NO\" \/>\n<meta property=\"og:type\" content=\"article\" \/>\n<meta property=\"og:title\" content=\"Felles politisk plattform for Fredrikstad - Fredrikstad H\u00f8yre\" \/>\n<meta property=\"og:url\" content=\"https:\/\/hoyre.no\/fredrikstad\/aktuelt\/felles-politisk-plattform-for-fredrikstad\/\" \/>\n<meta property=\"og:site_name\" content=\"Fredrikstad H\u00f8yre\" \/>\n<meta property=\"article:published_time\" content=\"2023-09-20T23:09:17+00:00\" \/>\n<meta property=\"article:modified_time\" content=\"2023-09-20T23:15:46+00:00\" \/>\n<meta property=\"og:image\" content=\"https:\/\/hoyre.no\/content\/uploads\/sites\/194\/2026\/04\/att.XiFg1q1Qugi0c8G-yCUH2SBeNTi2reWpAV3x4kUDOA8-819x1024.jpg\" \/>\n<meta name=\"author\" content=\"Erlend \u00d8verby\" \/>\n<meta name=\"twitter:card\" content=\"summary_large_image\" \/>\n<meta name=\"twitter:label1\" content=\"Skrevet av\" \/>\n\t<meta name=\"twitter:data1\" content=\"Erlend \u00d8verby\" \/>\n\t<meta name=\"twitter:label2\" content=\"Ansl. lesetid\" \/>\n\t<meta name=\"twitter:data2\" content=\"7 minutter\" \/>\n<script type=\"application\/ld+json\" class=\"yoast-schema-graph\">{\"@context\":\"https:\/\/schema.org\",\"@graph\":[{\"@type\":\"NewsArticle\",\"@id\":\"https:\/\/hoyre.no\/fredrikstad\/aktuelt\/felles-politisk-plattform-for-fredrikstad\/\",\"url\":\"https:\/\/hoyre.no\/fredrikstad\/aktuelt\/felles-politisk-plattform-for-fredrikstad\/\",\"name\":\"Felles politisk plattform for Fredrikstad - Fredrikstad H\u00f8yre\",\"isPartOf\":{\"@id\":\"https:\/\/hoyre.no\/fredrikstad\/#website\"},\"datePublished\":\"2023-09-20T23:09:17+00:00\",\"dateModified\":\"2023-09-20T23:15:46+00:00\",\"author\":{\"@id\":\"https:\/\/hoyre.no\/fredrikstad\/#\/schema\/person\/ba2bc30d6a1dfe4d4c8c6f96fc0ac759\"},\"breadcrumb\":{\"@id\":\"https:\/\/hoyre.no\/fredrikstad\/aktuelt\/felles-politisk-plattform-for-fredrikstad\/#breadcrumb\"},\"inLanguage\":\"nb-NO\",\"potentialAction\":[{\"@type\":\"ReadAction\",\"target\":[\"https:\/\/hoyre.no\/fredrikstad\/aktuelt\/felles-politisk-plattform-for-fredrikstad\/\"]}]},{\"@type\":\"BreadcrumbList\",\"@id\":\"https:\/\/hoyre.no\/fredrikstad\/aktuelt\/felles-politisk-plattform-for-fredrikstad\/#breadcrumb\",\"itemListElement\":[{\"@type\":\"ListItem\",\"position\":1,\"name\":\"Til hoyre.no\",\"item\":\"https:\/\/hoyre.no\"},{\"@type\":\"ListItem\",\"position\":2,\"name\":\"Hjem\",\"item\":\"https:\/\/hoyre.no\/fredrikstad\/\"},{\"@type\":\"ListItem\",\"position\":3,\"name\":\"Felles politisk plattform for Fredrikstad\"}]},{\"@type\":\"WebSite\",\"@id\":\"https:\/\/hoyre.no\/fredrikstad\/#website\",\"url\":\"https:\/\/hoyre.no\/fredrikstad\/\",\"name\":\"Fredrikstad H\u00f8yre\",\"description\":\"Bare enda et H\u00f8yres nettsteder-nettsted\",\"inLanguage\":\"nb-NO\"},{\"@type\":\"Person\",\"@id\":\"https:\/\/hoyre.no\/fredrikstad\/#\/schema\/person\/ba2bc30d6a1dfe4d4c8c6f96fc0ac759\",\"name\":\"Erlend \u00d8verby\",\"image\":{\"@type\":\"ImageObject\",\"inLanguage\":\"nb-NO\",\"@id\":\"https:\/\/hoyre.no\/fredrikstad\/#\/schema\/person\/image\/\",\"url\":\"https:\/\/secure.gravatar.com\/avatar\/164c6288e2fdd830c68e8645f62dcbb1c94b7e4dbb80eacf56bc5aaa5f85b803?s=96&d=mm&r=g\",\"contentUrl\":\"https:\/\/secure.gravatar.com\/avatar\/164c6288e2fdd830c68e8645f62dcbb1c94b7e4dbb80eacf56bc5aaa5f85b803?s=96&d=mm&r=g\",\"caption\":\"Erlend \u00d8verby\"},\"url\":\"https:\/\/hoyre.no\/fredrikstad\/aktuelt\/author\/m50305598\/\"}]}<\/script>\n<!-- \/ Yoast SEO plugin. -->","yoast_head_json":{"title":"Felles politisk plattform for Fredrikstad - Fredrikstad H\u00f8yre","robots":{"index":"index","follow":"follow","max-snippet":"max-snippet:-1","max-image-preview":"max-image-preview:large","max-video-preview":"max-video-preview:-1"},"canonical":"https:\/\/hoyre.no\/fredrikstad\/aktuelt\/felles-politisk-plattform-for-fredrikstad\/","og_locale":"nb_NO","og_type":"article","og_title":"Felles politisk plattform for Fredrikstad - Fredrikstad H\u00f8yre","og_url":"https:\/\/hoyre.no\/fredrikstad\/aktuelt\/felles-politisk-plattform-for-fredrikstad\/","og_site_name":"Fredrikstad H\u00f8yre","article_published_time":"2023-09-20T23:09:17+00:00","article_modified_time":"2023-09-20T23:15:46+00:00","og_image":[{"url":"https:\/\/hoyre.no\/content\/uploads\/sites\/194\/2026\/04\/att.XiFg1q1Qugi0c8G-yCUH2SBeNTi2reWpAV3x4kUDOA8-819x1024.jpg","width":"","height":"","type":""}],"author":"Erlend \u00d8verby","twitter_card":"summary_large_image","twitter_misc":{"Skrevet av":"Erlend \u00d8verby","Ansl. lesetid":"7 minutter"},"schema":{"@context":"https:\/\/schema.org","@graph":[{"@type":"NewsArticle","@id":"https:\/\/hoyre.no\/fredrikstad\/aktuelt\/felles-politisk-plattform-for-fredrikstad\/","url":"https:\/\/hoyre.no\/fredrikstad\/aktuelt\/felles-politisk-plattform-for-fredrikstad\/","name":"Felles politisk plattform for Fredrikstad - Fredrikstad H\u00f8yre","isPartOf":{"@id":"https:\/\/hoyre.no\/fredrikstad\/#website"},"datePublished":"2023-09-20T23:09:17+00:00","dateModified":"2023-09-20T23:15:46+00:00","author":{"@id":"https:\/\/hoyre.no\/fredrikstad\/#\/schema\/person\/ba2bc30d6a1dfe4d4c8c6f96fc0ac759"},"breadcrumb":{"@id":"https:\/\/hoyre.no\/fredrikstad\/aktuelt\/felles-politisk-plattform-for-fredrikstad\/#breadcrumb"},"inLanguage":"nb-NO","potentialAction":[{"@type":"ReadAction","target":["https:\/\/hoyre.no\/fredrikstad\/aktuelt\/felles-politisk-plattform-for-fredrikstad\/"]}]},{"@type":"BreadcrumbList","@id":"https:\/\/hoyre.no\/fredrikstad\/aktuelt\/felles-politisk-plattform-for-fredrikstad\/#breadcrumb","itemListElement":[{"@type":"ListItem","position":1,"name":"Til hoyre.no","item":"https:\/\/hoyre.no"},{"@type":"ListItem","position":2,"name":"Hjem","item":"https:\/\/hoyre.no\/fredrikstad\/"},{"@type":"ListItem","position":3,"name":"Felles politisk plattform for Fredrikstad"}]},{"@type":"WebSite","@id":"https:\/\/hoyre.no\/fredrikstad\/#website","url":"https:\/\/hoyre.no\/fredrikstad\/","name":"Fredrikstad H\u00f8yre","description":"Bare enda et H\u00f8yres nettsteder-nettsted","inLanguage":"nb-NO"},{"@type":"Person","@id":"https:\/\/hoyre.no\/fredrikstad\/#\/schema\/person\/ba2bc30d6a1dfe4d4c8c6f96fc0ac759","name":"Erlend \u00d8verby","image":{"@type":"ImageObject","inLanguage":"nb-NO","@id":"https:\/\/hoyre.no\/fredrikstad\/#\/schema\/person\/image\/","url":"https:\/\/secure.gravatar.com\/avatar\/164c6288e2fdd830c68e8645f62dcbb1c94b7e4dbb80eacf56bc5aaa5f85b803?s=96&d=mm&r=g","contentUrl":"https:\/\/secure.gravatar.com\/avatar\/164c6288e2fdd830c68e8645f62dcbb1c94b7e4dbb80eacf56bc5aaa5f85b803?s=96&d=mm&r=g","caption":"Erlend \u00d8verby"},"url":"https:\/\/hoyre.no\/fredrikstad\/aktuelt\/author\/m50305598\/"}]}},"distributor_meta":false,"distributor_terms":false,"distributor_media":false,"distributor_original_site_name":"Fredrikstad H\u00f8yre","distributor_original_site_url":"https:\/\/hoyre.no\/fredrikstad","push-errors":false,"_links":{"self":[{"href":"https:\/\/hoyre.no\/fredrikstad\/wp-json\/wp\/v2\/posts\/1350","targetHints":{"allow":["GET"]}}],"collection":[{"href":"https:\/\/hoyre.no\/fredrikstad\/wp-json\/wp\/v2\/posts"}],"about":[{"href":"https:\/\/hoyre.no\/fredrikstad\/wp-json\/wp\/v2\/types\/post"}],"author":[{"embeddable":true,"href":"https:\/\/hoyre.no\/fredrikstad\/wp-json\/wp\/v2\/users\/15700"}],"replies":[{"embeddable":true,"href":"https:\/\/hoyre.no\/fredrikstad\/wp-json\/wp\/v2\/comments?post=1350"}],"version-history":[{"count":2,"href":"https:\/\/hoyre.no\/fredrikstad\/wp-json\/wp\/v2\/posts\/1350\/revisions"}],"predecessor-version":[{"id":1353,"href":"https:\/\/hoyre.no\/fredrikstad\/wp-json\/wp\/v2\/posts\/1350\/revisions\/1353"}],"wp:attachment":[{"href":"https:\/\/hoyre.no\/fredrikstad\/wp-json\/wp\/v2\/media?parent=1350"}],"wp:term":[{"taxonomy":"category","embeddable":true,"href":"https:\/\/hoyre.no\/fredrikstad\/wp-json\/wp\/v2\/category?post=1350"},{"taxonomy":"post_tag","embeddable":true,"href":"https:\/\/hoyre.no\/fredrikstad\/wp-json\/wp\/v2\/post_tag?post=1350"},{"taxonomy":"hoyre-visibility","embeddable":true,"href":"https:\/\/hoyre.no\/fredrikstad\/wp-json\/wp\/v2\/hoyre-visibility?post=1350"},{"taxonomy":"article-type","embeddable":true,"href":"https:\/\/hoyre.no\/fredrikstad\/wp-json\/wp\/v2\/article-type?post=1350"},{"taxonomy":"politician","embeddable":true,"href":"https:\/\/hoyre.no\/fredrikstad\/wp-json\/wp\/v2\/politician?post=1350"}],"curies":[{"name":"wp","href":"https:\/\/api.w.org\/{rel}","templated":true}]}}