{"id":1729,"date":"2026-03-12T18:04:57","date_gmt":"2026-03-12T17:04:57","guid":{"rendered":"https:\/\/hoyre.no\/fredrikstad\/?p=1729"},"modified":"2026-03-12T18:04:58","modified_gmt":"2026-03-12T17:04:58","slug":"veumbekken-derfor-sier-fredrikstad-hoyre-ja-na","status":"publish","type":"post","link":"https:\/\/hoyre.no\/fredrikstad\/aktuelt\/veumbekken-derfor-sier-fredrikstad-hoyre-ja-na\/","title":{"rendered":"Veumbekken: Derfor sier Fredrikstad H\u00f8yre ja n\u00e5!"},"content":{"rendered":"\n<p class=\"preamble\"><strong>Saken om \u00e5pning av Veumbekken p\u00e5 Holmen har v\u00e6rt en av de lengste og mest krevende planprosessene i Fredrikstad de siste ti\u00e5rene. Fredrikstad H\u00f8yre har siden 2014 v\u00e6rt opptatt av \u00e5 beskytte den historiske trehusbebyggelsen og sikre en forsvarlig trafikkavvikling i omr\u00e5det.<\/strong><\/p>\t\t\t<div class=\"post-meta wp-block teft-byline-wrapper\">\n\t\t\t\t<div class=\"top\">\n\t\t\t\t\t<div class=\"signature\">\n\t\t\t\t\t\t<div class=\"teft-byline\">\n\t\t\t\t\t\t\t\t\t\t\t\t\t\t<div>\n\t\t\t\t\t\t\t\t<h3>H\u00f8yres redaksjon<\/h3>\t\t\t\t\t\t\t\t\n\t\t\t\t\t\t\t\t\t\t\t\t\t\t\t\t\t<span class=\"date\">Sist oppdatert: 12. mars 2026<\/span>\n\t\t\t\t\t\t\t\t\t\t\t\t\t\t\t\t\t\t\t\t\t\t\t\t\t<span class=\"reading-time\" itemprop=\"timeRequired\" content=\"PT2M\"><em>Ca. 2 minutter lesetid<\/em><\/span>\n\t\t\t\t\t\t\t\t\t\t\t\t\t\t\t<\/div>\n\t\t\t\t\t\t<\/div>\n\t\t\t\t\t<\/div>\n\t\t\t\t\t\t<div class=\"sharing\">\n\t\t<a class=\"share-button share-link copy-link\" data-copy=\"https:\/\/hoyre.no\/fredrikstad\/aktuelt\/veumbekken-derfor-sier-fredrikstad-hoyre-ja-na\/\" target=\"_blank\"><span class=\"screen-reader-text\">Del link<\/span><\/a>\n\t\t<a class=\"share-button share-twitter\" href=\"http:\/\/twitter.com\/share?text=Veumbekken: Derfor sier Fredrikstad H\u00f8yre ja n\u00e5!&#038;url=https:\/\/hoyre.no\/fredrikstad\/aktuelt\/veumbekken-derfor-sier-fredrikstad-hoyre-ja-na\/&#038;hashtags=Hoyre\" target=\"_blank\"><span class=\"screen-reader-text\">Del p\u00e5 twitter<\/span><\/a>\n\t\t<a class=\"share-button share-facebook\" href=\"https:\/\/www.facebook.com\/sharer\/sharer.php?u=https:\/\/hoyre.no\/fredrikstad\/aktuelt\/veumbekken-derfor-sier-fredrikstad-hoyre-ja-na\/\" target=\"_blank\"><span class=\"screen-reader-text\">Del p\u00e5 facebook<\/span><\/a>\n\t<\/div>\n\t\t\t\t\t<\/div>\n\t\t\t<\/div>\n\n\t\t\t<figure class=\"hoyre-image-wrapper\"><div class=\"hoyre-image\"><img loading=\"lazy\" decoding=\"async\" width=\"1080\" height=\"636\" src=\"https:\/\/hoyre.no\/content\/uploads\/sites\/194\/2026\/03\/Veumbekken-Bykvartalene.jpg\" class=\"attachment-scaled size-scaled\" alt=\"\" style=\"object-position: 50% 50%\" srcset=\"https:\/\/hoyre.no\/content\/uploads\/sites\/194\/2026\/03\/Veumbekken-Bykvartalene.jpg 1080w, https:\/\/hoyre.no\/content\/uploads\/sites\/194\/2026\/03\/Veumbekken-Bykvartalene-300x177.jpg 300w, https:\/\/hoyre.no\/content\/uploads\/sites\/194\/2026\/03\/Veumbekken-Bykvartalene-1024x603.jpg 1024w, https:\/\/hoyre.no\/content\/uploads\/sites\/194\/2026\/03\/Veumbekken-Bykvartalene-768x452.jpg 768w\" sizes=\"auto, (max-width: 1080px) 100vw, 1080px\" \/><\/div><\/figure>\n\n\n\n\n<p>N\u00e5r vi n\u00e5 i siste planutvalgsm\u00f8te velger \u00e5 st\u00f8tte innstillingen som kommer til bystyret 19. mars, er det fordi vi mener vi har oppn\u00e5dd betydelige gjennomslag.<\/p>\n\n\n\n<p>Dette handler ikke om \u00e5 skifte standpunkt, men om \u00e5 ta ansvar for byens utvikling n\u00e5r prosjektet endelig har blitt godt nok.<\/p>\n\n\n\n<p><strong>Hvorfor sier vi ja n\u00e5?<\/strong><\/p>\n\n\n\n<ul class=\"wp-block-list\">\n<li><strong>Vi har reddet kulturminner:<\/strong>\u00a0V\u00e5r konsekvente motstand mot riving har f\u00f8rt til at prosjektet er nedskalert. Ved \u00e5 kreve DIVE-analyser (Riksantikvarens stedsanalyse) og ekstra runder i planutvalget, har vi tvunget frem l\u00f8sninger som i langt st\u00f8rre grad ivaretar det bevaringsverdige bymilj\u00f8et p\u00e5 Holmen. Bevaring av eksisterende bebyggelse er konkretisert, og tilpasningen til historien er forbedret. Holmengata 20 skal bevares og flyttes i omr\u00e5det.<\/li>\n<\/ul>\n\n\n\n<ul class=\"wp-block-list\">\n<li><strong>Kunnskap trumfer usikkerhet i trafikken:<\/strong>\u00a0Trafikkavvikling og beredskap har v\u00e6rt en stor bekymring for oss. En fersk trafikkanalyse vise n\u00e5 at trafikkmengden i omr\u00e5det har holdt seg stabil de siste 15 \u00e5rene. Dette gir oss den tryggheten vi trengte for \u00e5 si at prosjektet er forsvarlig.<\/li>\n<\/ul>\n\n\n\n<ul class=\"wp-block-list\">\n<li><strong>N\u00f8dvendig oppgradering av vann og avl\u00f8p:<\/strong>\u00a0Vi kan ikke lenger sitte stille og se p\u00e5 at kritiske VA-prosjekter i Holmen- og Seierstensomr\u00e5det st\u00e5r p\u00e5 vent. Ved \u00e5 vedta planen n\u00e5, f\u00e5r vi endelig satt i gang en s\u00e5rt tiltrengt modernisering av ledningsnettet. Dette er god og ansvarlig forvaltning av byens infrastruktur.<\/li>\n\n\n\n<li><strong>\u00d8konomisk styring:<\/strong>\u00a0Vi har v\u00e6rt en p\u00e5driver for at kostnadene m\u00e5 belyses. Ytterligere utsettelser n\u00e5 vil bare f\u00f8re til at regningen for b\u00e5de bekke\u00e5pningen og VA-arbeidene vokser. Ved \u00e5 g\u00e5 for saken n\u00e5 viser vi at Fredrikstad H\u00f8yre tar ansvar for lokal\u00f8konomien.<\/li>\n<\/ul>\n\n\n\n<p><strong>V\u00e5r utholdenhet har gitt resultater<\/strong>&nbsp;<\/p>\n\n\n\n<p>Det har tatt tolv \u00e5r, men de ekstraomgangene vi har tvunget frem har v\u00e6rt helt n\u00f8dvendige. Prosjektet slik det foreligger i dag er bedre for beboerne, bedre for bymilj\u00f8et og n\u00f8dvendig for byens infrastruktur.<\/p>\n\n\n\n<p>Vi i har tatt hensyn b\u00e5de til vern og utvikling. Ved \u00e5 stemme for dette prosjektet n\u00e5, sikrer vi at Holmen f\u00e5r et etterlengtet l\u00f8ft, samtidig som vi har ivaretatt de verdiene vi har kjempet for siden 2014.<\/p>\n\n\n<div class=\"tags\">\n\t\t<div class=\"wp-block-tag-cloud\">\n\t\t\t\t\t<a href=\"https:\/\/hoyre.no\/fredrikstad\/aktuelt\/tag\/lene-jorgensen\/\" class=\"tag-cloud-link\">Lene J\u00f8rgensen<\/a>\n\t\t\t<\/div>\n\t<\/div>\n<div class=\"post-footer alignfull has-background block-editor-block-list__block\" data-align=full>\n\t<div class=\"post-footer-inner\">\n\t\t<h3>Relaterte artikler<\/h3>\n\t\t<div class=\"related-content\"><div class=\"is-card-hoyre\">\n\t<div class=\"teft-card hoyre-teft-card post-teft-card\">\n\t\t<a href=\"https:\/\/hoyre.no\/fredrikstad\/aktuelt\/arne-sekkelsten-er-var-ordforerkandidat\/\" class=\"teft-card__primary-action\">\n\n\t\t\t\t\t<div class=\"teft-card__media teft-card__media--16-9\">\n\t\t\t\t\t\t<img loading=\"lazy\" decoding=\"async\" width=\"768\" height=\"770\" src=\"https:\/\/hoyre.no\/content\/uploads\/sites\/194\/2026\/04\/IMG_0144-768x770.jpg\" class=\"attachment-medium_large size-medium_large\" alt=\"\" srcset=\"https:\/\/hoyre.no\/content\/uploads\/sites\/194\/2026\/04\/IMG_0144-768x770.jpg 768w, https:\/\/hoyre.no\/content\/uploads\/sites\/194\/2026\/04\/IMG_0144-300x300.jpg 300w, https:\/\/hoyre.no\/content\/uploads\/sites\/194\/2026\/04\/IMG_0144-1021x1024.jpg 1021w, https:\/\/hoyre.no\/content\/uploads\/sites\/194\/2026\/04\/IMG_0144-150x150.jpg 150w, https:\/\/hoyre.no\/content\/uploads\/sites\/194\/2026\/04\/IMG_0144.jpg 1197w\" sizes=\"auto, (max-width: 768px) 100vw, 768px\" \/>\t\t<\/div>\n\t\t\n\t\t\t<div class=\"teft-card__content-wrapper\">\n\t\t\t\t<div class=\"teft-card__secondary\">\n\t\t\t\t\t\n\t\t\t\t\t\t\t\t<div class=\"teft-card__meta\">\n\t\t\t\t\t\t\t\t\t<span class=\"post-date\">24. apr 2026<\/span>\n\n\t\t\t\t\t\t\t\t\t<span class=\"post-category\">Bl\u00e5 mandag<\/span>\t\t\t\t\t\t\t\t<\/div>\n\t\t\t\t\t\t\t\t\t\t\t<\/div>\n\n\t\t\t\t<div class=\"teft-card__primary\">\n\t\t\t\t\t<h2 class=\"teft-card__title\">Arne Sekkelsten er v\u00e5r ordf\u00f8rerkandidat&nbsp;<span class=\"teft-card__primary-title-append\"><\/span><\/h2>\t\t\t\t<\/div>\n\t\t\t<\/div>\n\t\t<\/a>\n\t<\/div>\n\n\t<\/div><div class=\"is-card-hoyre\">\n\t<div class=\"teft-card hoyre-teft-card post-teft-card\">\n\t\t<a href=\"https:\/\/hoyre.no\/fredrikstad\/aktuelt\/setter-skolen-forst-38-millioner-til-vedlikehold-sentrumsskole-utsettes\/\" class=\"teft-card__primary-action\">\n\n\t\t\t\t\t<div class=\"teft-card__media teft-card__media--16-9\">\n\t\t\t\t\t\t<img loading=\"lazy\" decoding=\"async\" width=\"768\" height=\"544\" src=\"https:\/\/hoyre.no\/content\/uploads\/sites\/194\/2026\/04\/skole1-768x544.jpeg\" class=\"attachment-medium_large size-medium_large\" alt=\"\" srcset=\"https:\/\/hoyre.no\/content\/uploads\/sites\/194\/2026\/04\/skole1-768x544.jpeg 768w, https:\/\/hoyre.no\/content\/uploads\/sites\/194\/2026\/04\/skole1-300x213.jpeg 300w, https:\/\/hoyre.no\/content\/uploads\/sites\/194\/2026\/04\/skole1-1024x725.jpeg 1024w, https:\/\/hoyre.no\/content\/uploads\/sites\/194\/2026\/04\/skole1.jpeg 1200w\" sizes=\"auto, (max-width: 768px) 100vw, 768px\" \/>\t\t<\/div>\n\t\t\n\t\t\t<div class=\"teft-card__content-wrapper\">\n\t\t\t\t<div class=\"teft-card__secondary\">\n\t\t\t\t\t\n\t\t\t\t\t\t\t\t<div class=\"teft-card__meta\">\n\t\t\t\t\t\t\t\t\t<span class=\"post-date\">24. apr 2026<\/span>\n\n\t\t\t\t\t\t\t\t\t<span class=\"post-category\">Ukategorisert<\/span>\t\t\t\t\t\t\t\t<\/div>\n\t\t\t\t\t\t\t\t\t\t\t<\/div>\n\n\t\t\t\t<div class=\"teft-card__primary\">\n\t\t\t\t\t<h2 class=\"teft-card__title\">Setter skolen f\u00f8rst: 38 millioner til vedlikehold \u2013 sentrumsskole utsettes&nbsp;<span class=\"teft-card__primary-title-append\"><\/span><\/h2>\t\t\t\t<\/div>\n\t\t\t<\/div>\n\t\t<\/a>\n\t<\/div>\n\n\t<\/div><div class=\"is-card-hoyre\">\n\t<div class=\"teft-card hoyre-teft-card post-teft-card\">\n\t\t<a href=\"https:\/\/hoyre.no\/fredrikstad\/aktuelt\/ny-kulturlov-gir-tydeligere-ansvar-og-storre-avstand\/\" class=\"teft-card__primary-action\">\n\n\t\t\t\t\t<div class=\"teft-card__media teft-card__media--16-9\">\n\t\t\t\t\t\t<img loading=\"lazy\" decoding=\"async\" width=\"768\" height=\"960\" src=\"https:\/\/hoyre.no\/content\/uploads\/sites\/194\/2026\/04\/att.XiFg1q1Qugi0c8G-yCUH2SBeNTi2reWpAV3x4kUDOA8-768x960.jpg\" class=\"attachment-medium_large size-medium_large\" alt=\"\" srcset=\"https:\/\/hoyre.no\/content\/uploads\/sites\/194\/2026\/04\/att.XiFg1q1Qugi0c8G-yCUH2SBeNTi2reWpAV3x4kUDOA8-768x960.jpg 768w, https:\/\/hoyre.no\/content\/uploads\/sites\/194\/2026\/04\/att.XiFg1q1Qugi0c8G-yCUH2SBeNTi2reWpAV3x4kUDOA8-240x300.jpg 240w, https:\/\/hoyre.no\/content\/uploads\/sites\/194\/2026\/04\/att.XiFg1q1Qugi0c8G-yCUH2SBeNTi2reWpAV3x4kUDOA8-819x1024.jpg 819w, https:\/\/hoyre.no\/content\/uploads\/sites\/194\/2026\/04\/att.XiFg1q1Qugi0c8G-yCUH2SBeNTi2reWpAV3x4kUDOA8-1229x1536.jpg 1229w, https:\/\/hoyre.no\/content\/uploads\/sites\/194\/2026\/04\/att.XiFg1q1Qugi0c8G-yCUH2SBeNTi2reWpAV3x4kUDOA8.jpg 1638w\" sizes=\"auto, (max-width: 768px) 100vw, 768px\" \/>\t\t<\/div>\n\t\t\n\t\t\t<div class=\"teft-card__content-wrapper\">\n\t\t\t\t<div class=\"teft-card__secondary\">\n\t\t\t\t\t\n\t\t\t\t\t\t\t\t<div class=\"teft-card__meta\">\n\t\t\t\t\t\t\t\t\t<span class=\"post-date\">24. apr 2026<\/span>\n\n\t\t\t\t\t\t\t\t\t\t\t\t\t\t\t\t\t<\/div>\n\t\t\t\t\t\t\t\t\t\t\t<\/div>\n\n\t\t\t\t<div class=\"teft-card__primary\">\n\t\t\t\t\t<h2 class=\"teft-card__title\">Ny kulturlov gir tydeligere ansvar \u2013 og st\u00f8rre avstand&nbsp;<span class=\"teft-card__primary-title-append\"><\/span><\/h2>\t\t\t\t<\/div>\n\t\t\t<\/div>\n\t\t<\/a>\n\t<\/div>\n\n\t<\/div><\/div>\t<\/div>\n<\/div>\n","protected":false},"excerpt":{"rendered":"","protected":false},"author":15700,"featured_media":0,"comment_status":"closed","ping_status":"closed","sticky":false,"template":"","format":"standard","meta":{"teft_cards_image_url":"","teft_cards_custom_pretitle":"","teft_cards_image_id":1721,"teft_cards_image_focal_point_x":0.29,"teft_cards_image_focal_point_y":0.6,"teft_cards_title":"","teft_cards_excerpt":"","teft_show_chapters":false,"author_display_name":"Lene J\u00f8rgensen, medlem i Planutvalget og bystyret","footnotes":""},"category":[62,29],"post_tag":[67],"hoyre-visibility":[],"article-type":[],"politician":[],"class_list":["post-1729","post","type-post","status-publish","format-standard","hentry","category-bla-mandag","category-fredrikstad-kommune","tag-lene-jorgensen"],"yoast_head":"<!-- This site is optimized with the Yoast SEO plugin v26.6 - https:\/\/yoast.com\/wordpress\/plugins\/seo\/ -->\n<title>Veumbekken: Derfor sier Fredrikstad H\u00f8yre ja n\u00e5! - Fredrikstad H\u00f8yre<\/title>\n<meta name=\"robots\" content=\"index, follow, max-snippet:-1, max-image-preview:large, max-video-preview:-1\" \/>\n<link rel=\"canonical\" href=\"https:\/\/hoyre.no\/fredrikstad\/aktuelt\/veumbekken-derfor-sier-fredrikstad-hoyre-ja-na\/\" \/>\n<meta property=\"og:locale\" content=\"nb_NO\" \/>\n<meta property=\"og:type\" content=\"article\" \/>\n<meta property=\"og:title\" content=\"Veumbekken: Derfor sier Fredrikstad H\u00f8yre ja n\u00e5! - Fredrikstad H\u00f8yre\" \/>\n<meta property=\"og:url\" content=\"https:\/\/hoyre.no\/fredrikstad\/aktuelt\/veumbekken-derfor-sier-fredrikstad-hoyre-ja-na\/\" \/>\n<meta property=\"og:site_name\" content=\"Fredrikstad H\u00f8yre\" \/>\n<meta property=\"article:published_time\" content=\"2026-03-12T17:04:57+00:00\" \/>\n<meta property=\"article:modified_time\" content=\"2026-03-12T17:04:58+00:00\" \/>\n<meta property=\"og:image\" content=\"https:\/\/hoyre.no\/content\/uploads\/sites\/194\/2026\/04\/att.XiFg1q1Qugi0c8G-yCUH2SBeNTi2reWpAV3x4kUDOA8-819x1024.jpg\" \/>\n<meta name=\"author\" content=\"Erlend \u00d8verby\" \/>\n<meta name=\"twitter:card\" content=\"summary_large_image\" \/>\n<meta name=\"twitter:label1\" content=\"Skrevet av\" \/>\n\t<meta name=\"twitter:data1\" content=\"Erlend \u00d8verby\" \/>\n\t<meta name=\"twitter:label2\" content=\"Ansl. lesetid\" \/>\n\t<meta name=\"twitter:data2\" content=\"3 minutter\" \/>\n<script type=\"application\/ld+json\" class=\"yoast-schema-graph\">{\"@context\":\"https:\/\/schema.org\",\"@graph\":[{\"@type\":\"NewsArticle\",\"@id\":\"https:\/\/hoyre.no\/fredrikstad\/aktuelt\/veumbekken-derfor-sier-fredrikstad-hoyre-ja-na\/\",\"url\":\"https:\/\/hoyre.no\/fredrikstad\/aktuelt\/veumbekken-derfor-sier-fredrikstad-hoyre-ja-na\/\",\"name\":\"Veumbekken: Derfor sier Fredrikstad H\u00f8yre ja n\u00e5! - Fredrikstad H\u00f8yre\",\"isPartOf\":{\"@id\":\"https:\/\/hoyre.no\/fredrikstad\/#website\"},\"datePublished\":\"2026-03-12T17:04:57+00:00\",\"dateModified\":\"2026-03-12T17:04:58+00:00\",\"author\":{\"@id\":\"https:\/\/hoyre.no\/fredrikstad\/#\/schema\/person\/ba2bc30d6a1dfe4d4c8c6f96fc0ac759\"},\"breadcrumb\":{\"@id\":\"https:\/\/hoyre.no\/fredrikstad\/aktuelt\/veumbekken-derfor-sier-fredrikstad-hoyre-ja-na\/#breadcrumb\"},\"inLanguage\":\"nb-NO\",\"potentialAction\":[{\"@type\":\"ReadAction\",\"target\":[\"https:\/\/hoyre.no\/fredrikstad\/aktuelt\/veumbekken-derfor-sier-fredrikstad-hoyre-ja-na\/\"]}]},{\"@type\":\"BreadcrumbList\",\"@id\":\"https:\/\/hoyre.no\/fredrikstad\/aktuelt\/veumbekken-derfor-sier-fredrikstad-hoyre-ja-na\/#breadcrumb\",\"itemListElement\":[{\"@type\":\"ListItem\",\"position\":1,\"name\":\"Til hoyre.no\",\"item\":\"https:\/\/hoyre.no\"},{\"@type\":\"ListItem\",\"position\":2,\"name\":\"Hjem\",\"item\":\"https:\/\/hoyre.no\/fredrikstad\/\"},{\"@type\":\"ListItem\",\"position\":3,\"name\":\"Veumbekken: Derfor sier Fredrikstad H\u00f8yre ja n\u00e5!\"}]},{\"@type\":\"WebSite\",\"@id\":\"https:\/\/hoyre.no\/fredrikstad\/#website\",\"url\":\"https:\/\/hoyre.no\/fredrikstad\/\",\"name\":\"Fredrikstad H\u00f8yre\",\"description\":\"Bare enda et H\u00f8yres nettsteder-nettsted\",\"inLanguage\":\"nb-NO\"},{\"@type\":\"Person\",\"@id\":\"https:\/\/hoyre.no\/fredrikstad\/#\/schema\/person\/ba2bc30d6a1dfe4d4c8c6f96fc0ac759\",\"name\":\"Erlend \u00d8verby\",\"image\":{\"@type\":\"ImageObject\",\"inLanguage\":\"nb-NO\",\"@id\":\"https:\/\/hoyre.no\/fredrikstad\/#\/schema\/person\/image\/\",\"url\":\"https:\/\/secure.gravatar.com\/avatar\/164c6288e2fdd830c68e8645f62dcbb1c94b7e4dbb80eacf56bc5aaa5f85b803?s=96&d=mm&r=g\",\"contentUrl\":\"https:\/\/secure.gravatar.com\/avatar\/164c6288e2fdd830c68e8645f62dcbb1c94b7e4dbb80eacf56bc5aaa5f85b803?s=96&d=mm&r=g\",\"caption\":\"Erlend \u00d8verby\"},\"url\":\"https:\/\/hoyre.no\/fredrikstad\/aktuelt\/author\/m50305598\/\"}]}<\/script>\n<!-- \/ Yoast SEO plugin. -->","yoast_head_json":{"title":"Veumbekken: Derfor sier Fredrikstad H\u00f8yre ja n\u00e5! - Fredrikstad H\u00f8yre","robots":{"index":"index","follow":"follow","max-snippet":"max-snippet:-1","max-image-preview":"max-image-preview:large","max-video-preview":"max-video-preview:-1"},"canonical":"https:\/\/hoyre.no\/fredrikstad\/aktuelt\/veumbekken-derfor-sier-fredrikstad-hoyre-ja-na\/","og_locale":"nb_NO","og_type":"article","og_title":"Veumbekken: Derfor sier Fredrikstad H\u00f8yre ja n\u00e5! - Fredrikstad H\u00f8yre","og_url":"https:\/\/hoyre.no\/fredrikstad\/aktuelt\/veumbekken-derfor-sier-fredrikstad-hoyre-ja-na\/","og_site_name":"Fredrikstad H\u00f8yre","article_published_time":"2026-03-12T17:04:57+00:00","article_modified_time":"2026-03-12T17:04:58+00:00","og_image":[{"url":"https:\/\/hoyre.no\/content\/uploads\/sites\/194\/2026\/04\/att.XiFg1q1Qugi0c8G-yCUH2SBeNTi2reWpAV3x4kUDOA8-819x1024.jpg","width":"","height":"","type":""}],"author":"Erlend \u00d8verby","twitter_card":"summary_large_image","twitter_misc":{"Skrevet av":"Erlend \u00d8verby","Ansl. lesetid":"3 minutter"},"schema":{"@context":"https:\/\/schema.org","@graph":[{"@type":"NewsArticle","@id":"https:\/\/hoyre.no\/fredrikstad\/aktuelt\/veumbekken-derfor-sier-fredrikstad-hoyre-ja-na\/","url":"https:\/\/hoyre.no\/fredrikstad\/aktuelt\/veumbekken-derfor-sier-fredrikstad-hoyre-ja-na\/","name":"Veumbekken: Derfor sier Fredrikstad H\u00f8yre ja n\u00e5! - Fredrikstad H\u00f8yre","isPartOf":{"@id":"https:\/\/hoyre.no\/fredrikstad\/#website"},"datePublished":"2026-03-12T17:04:57+00:00","dateModified":"2026-03-12T17:04:58+00:00","author":{"@id":"https:\/\/hoyre.no\/fredrikstad\/#\/schema\/person\/ba2bc30d6a1dfe4d4c8c6f96fc0ac759"},"breadcrumb":{"@id":"https:\/\/hoyre.no\/fredrikstad\/aktuelt\/veumbekken-derfor-sier-fredrikstad-hoyre-ja-na\/#breadcrumb"},"inLanguage":"nb-NO","potentialAction":[{"@type":"ReadAction","target":["https:\/\/hoyre.no\/fredrikstad\/aktuelt\/veumbekken-derfor-sier-fredrikstad-hoyre-ja-na\/"]}]},{"@type":"BreadcrumbList","@id":"https:\/\/hoyre.no\/fredrikstad\/aktuelt\/veumbekken-derfor-sier-fredrikstad-hoyre-ja-na\/#breadcrumb","itemListElement":[{"@type":"ListItem","position":1,"name":"Til hoyre.no","item":"https:\/\/hoyre.no"},{"@type":"ListItem","position":2,"name":"Hjem","item":"https:\/\/hoyre.no\/fredrikstad\/"},{"@type":"ListItem","position":3,"name":"Veumbekken: Derfor sier Fredrikstad H\u00f8yre ja n\u00e5!"}]},{"@type":"WebSite","@id":"https:\/\/hoyre.no\/fredrikstad\/#website","url":"https:\/\/hoyre.no\/fredrikstad\/","name":"Fredrikstad H\u00f8yre","description":"Bare enda et H\u00f8yres nettsteder-nettsted","inLanguage":"nb-NO"},{"@type":"Person","@id":"https:\/\/hoyre.no\/fredrikstad\/#\/schema\/person\/ba2bc30d6a1dfe4d4c8c6f96fc0ac759","name":"Erlend \u00d8verby","image":{"@type":"ImageObject","inLanguage":"nb-NO","@id":"https:\/\/hoyre.no\/fredrikstad\/#\/schema\/person\/image\/","url":"https:\/\/secure.gravatar.com\/avatar\/164c6288e2fdd830c68e8645f62dcbb1c94b7e4dbb80eacf56bc5aaa5f85b803?s=96&d=mm&r=g","contentUrl":"https:\/\/secure.gravatar.com\/avatar\/164c6288e2fdd830c68e8645f62dcbb1c94b7e4dbb80eacf56bc5aaa5f85b803?s=96&d=mm&r=g","caption":"Erlend \u00d8verby"},"url":"https:\/\/hoyre.no\/fredrikstad\/aktuelt\/author\/m50305598\/"}]}},"distributor_meta":false,"distributor_terms":false,"distributor_media":false,"distributor_original_site_name":"Fredrikstad H\u00f8yre","distributor_original_site_url":"https:\/\/hoyre.no\/fredrikstad","push-errors":false,"_links":{"self":[{"href":"https:\/\/hoyre.no\/fredrikstad\/wp-json\/wp\/v2\/posts\/1729","targetHints":{"allow":["GET"]}}],"collection":[{"href":"https:\/\/hoyre.no\/fredrikstad\/wp-json\/wp\/v2\/posts"}],"about":[{"href":"https:\/\/hoyre.no\/fredrikstad\/wp-json\/wp\/v2\/types\/post"}],"author":[{"embeddable":true,"href":"https:\/\/hoyre.no\/fredrikstad\/wp-json\/wp\/v2\/users\/15700"}],"replies":[{"embeddable":true,"href":"https:\/\/hoyre.no\/fredrikstad\/wp-json\/wp\/v2\/comments?post=1729"}],"version-history":[{"count":1,"href":"https:\/\/hoyre.no\/fredrikstad\/wp-json\/wp\/v2\/posts\/1729\/revisions"}],"predecessor-version":[{"id":1730,"href":"https:\/\/hoyre.no\/fredrikstad\/wp-json\/wp\/v2\/posts\/1729\/revisions\/1730"}],"wp:attachment":[{"href":"https:\/\/hoyre.no\/fredrikstad\/wp-json\/wp\/v2\/media?parent=1729"}],"wp:term":[{"taxonomy":"category","embeddable":true,"href":"https:\/\/hoyre.no\/fredrikstad\/wp-json\/wp\/v2\/category?post=1729"},{"taxonomy":"post_tag","embeddable":true,"href":"https:\/\/hoyre.no\/fredrikstad\/wp-json\/wp\/v2\/post_tag?post=1729"},{"taxonomy":"hoyre-visibility","embeddable":true,"href":"https:\/\/hoyre.no\/fredrikstad\/wp-json\/wp\/v2\/hoyre-visibility?post=1729"},{"taxonomy":"article-type","embeddable":true,"href":"https:\/\/hoyre.no\/fredrikstad\/wp-json\/wp\/v2\/article-type?post=1729"},{"taxonomy":"politician","embeddable":true,"href":"https:\/\/hoyre.no\/fredrikstad\/wp-json\/wp\/v2\/politician?post=1729"}],"curies":[{"name":"wp","href":"https:\/\/api.w.org\/{rel}","templated":true}]}}