{"id":1731,"date":"2026-03-12T18:08:01","date_gmt":"2026-03-12T17:08:01","guid":{"rendered":"https:\/\/hoyre.no\/fredrikstad\/?p=1731"},"modified":"2026-03-12T18:08:01","modified_gmt":"2026-03-12T17:08:01","slug":"hoyt-aktivitetsniva-og-god-stemning","status":"publish","type":"post","link":"https:\/\/hoyre.no\/fredrikstad\/aktuelt\/hoyt-aktivitetsniva-og-god-stemning\/","title":{"rendered":"H\u00f8yt aktivitetsniv\u00e5 og god stemning!"},"content":{"rendered":"\n<p class=\"preamble\"><strong>Her er en liten l\u00f8ypemelding fra foreningsstyret, og vi er glade for \u00e5 kunne melde at det meste er p\u00e5 stell!<\/strong><\/p>\t\t\t<div class=\"post-meta wp-block teft-byline-wrapper\">\n\t\t\t\t<div class=\"top\">\n\t\t\t\t\t<div class=\"signature\">\n\t\t\t\t\t\t<div class=\"teft-byline\">\n\t\t\t\t\t\t\t\t\t\t\t\t\t\t<div>\n\t\t\t\t\t\t\t\t<h3>H\u00f8yres redaksjon<\/h3>\t\t\t\t\t\t\t\t\n\t\t\t\t\t\t\t\t\t\t\t\t\t\t\t\t\t<span class=\"date\">Sist oppdatert: 12. mars 2026<\/span>\n\t\t\t\t\t\t\t\t\t\t\t\t\t\t\t\t\t\t\t\t\t\t\t\t\t<span class=\"reading-time\" itemprop=\"timeRequired\" content=\"PT2M\"><em>Ca. 2 minutter lesetid<\/em><\/span>\n\t\t\t\t\t\t\t\t\t\t\t\t\t\t\t<\/div>\n\t\t\t\t\t\t<\/div>\n\t\t\t\t\t<\/div>\n\t\t\t\t\t\t<div class=\"sharing\">\n\t\t<a class=\"share-button share-link copy-link\" data-copy=\"https:\/\/hoyre.no\/fredrikstad\/aktuelt\/hoyt-aktivitetsniva-og-god-stemning\/\" target=\"_blank\"><span class=\"screen-reader-text\">Del link<\/span><\/a>\n\t\t<a class=\"share-button share-twitter\" href=\"http:\/\/twitter.com\/share?text=H\u00f8yt aktivitetsniv\u00e5 og god stemning!&#038;url=https:\/\/hoyre.no\/fredrikstad\/aktuelt\/hoyt-aktivitetsniva-og-god-stemning\/&#038;hashtags=Hoyre\" target=\"_blank\"><span class=\"screen-reader-text\">Del p\u00e5 twitter<\/span><\/a>\n\t\t<a class=\"share-button share-facebook\" href=\"https:\/\/www.facebook.com\/sharer\/sharer.php?u=https:\/\/hoyre.no\/fredrikstad\/aktuelt\/hoyt-aktivitetsniva-og-god-stemning\/\" target=\"_blank\"><span class=\"screen-reader-text\">Del p\u00e5 facebook<\/span><\/a>\n\t<\/div>\n\t\t\t\t\t<\/div>\n\t\t\t<\/div>\n\n\t\t\t<figure class=\"hoyre-image-wrapper\"><div class=\"hoyre-image\"><img loading=\"lazy\" decoding=\"async\" width=\"2500\" height=\"2500\" src=\"https:\/\/hoyre.no\/content\/uploads\/sites\/194\/2026\/03\/Robert-scaled.jpeg\" class=\"attachment-scaled size-scaled\" alt=\"\" style=\"object-position: 50% 50%\" srcset=\"https:\/\/hoyre.no\/content\/uploads\/sites\/194\/2026\/03\/Robert-scaled.jpeg 2500w, https:\/\/hoyre.no\/content\/uploads\/sites\/194\/2026\/03\/Robert-300x300.jpeg 300w, https:\/\/hoyre.no\/content\/uploads\/sites\/194\/2026\/03\/Robert-1024x1024.jpeg 1024w, https:\/\/hoyre.no\/content\/uploads\/sites\/194\/2026\/03\/Robert-150x150.jpeg 150w, https:\/\/hoyre.no\/content\/uploads\/sites\/194\/2026\/03\/Robert-768x768.jpeg 768w, https:\/\/hoyre.no\/content\/uploads\/sites\/194\/2026\/03\/Robert-1536x1536.jpeg 1536w, https:\/\/hoyre.no\/content\/uploads\/sites\/194\/2026\/03\/Robert-2048x2048.jpeg 2048w\" sizes=\"auto, (max-width: 2500px) 100vw, 2500px\" \/><\/div><\/figure>\n\n\n\n\n<p>Det nye styret har hatt en god start. Alle registreringer og formalia er unnagjort.&nbsp; Regnskapet for 2025 er ferdig f\u00f8rt og revidert. Styret har funnet sine roller og arbeidsform, og nominasjonskomit\u00e9en er i gang med sitt arbeid.<\/p>\n\n\n\n<p>Vi har allerede hatt fire ulike medlemsm\u00f8ter; et temam\u00f8te p\u00e5 r\u00e5dhuset om kommunens organisering av bolig- og form\u00e5lsbygg, et nettm\u00f8te med Mathilde Tybring-Gjedde om skolepolitikk, et medlemsm\u00f8te i Sarpsborg med Ola Svenneby om integrering, og til sist en markering p\u00e5 Kirkens Hus i anledning kvinnedagen 8. mars.<\/p>\n\n\n\n<p>Det h\u00f8ye aktivitetsniv\u00e5et fortsetter utover v\u00e5ren.&nbsp; Den 25. mars har vi invitert bredt til et m\u00f8te p\u00e5 Hotell City om hvordan vi skal kunne f\u00e5 fortgang p\u00e5 ny Kj\u00f8k\u00f8ysund bro. Den 7. april har vi nominasjonsm\u00f8te p\u00e5 Hotell City hvor vi skal velge v\u00e5r ordf\u00f8rerkandidat til neste valg.&nbsp; Den 22. april har vi et medlemsm\u00f8te og id\u00e9verksted med tema \u00abM\u00f8t ordf\u00f8reren \u2013 og hvordan skal vi vinne neste valg?\u00bb. Dette m\u00f8tet finner sted p\u00e5 St. Harry janglebar, for litt ekstra kreative omgivelser.<\/p>\n\n\n\n<p>V\u00e5rens store begivenhet vil skje den 5. mai n\u00e5r Ine S\u00f8reide kommer til Fredrikstad.&nbsp; Da h\u00e5per vi \u00e5 fylle den st\u00f8rste salen p\u00e5 Litteraturhuset med glade H\u00f8yre-folk fra hele \u00d8stfold.&nbsp; Til sist planlegger vi en eller annen form for sommeravslutning i juni.<\/p>\n\n\n\n<p>H\u00f8sten vil preges av fortsatt h\u00f8y aktivitet, med nominasjonsprosesser til b\u00e5de kommune- og fylkesvalg. Gjennom \u00e5ret vil vi ogs\u00e5 fors\u00f8ke \u00e5 gj\u00f8re m\u00f8tene v\u00e5re til trivelige og interessante m\u00f8teplasser.<\/p>\n\n\n\n<p>Vi er n\u00e5 halvveis i perioden i bystyret, og vi er glade for \u00e5 konstatere at vi leverer p\u00e5 v\u00e5re viktigste valgl\u00f8fter om bedring av kommune\u00f8konomien og opprustning av skolene. &nbsp;Det vil gi oss drahjelp n\u00e5r vi etter hvert skal utforme et nytt program og forberede valgkampen i 2027.<\/p>\n\n\n\n<p>Det er litt naturlig utskiftning av medlemmer i foreningen etter hvert som folk flytter eller faller fra. Det er veldig hyggelig \u00e5 se at vi stadig har tilsig av nye medlemmer som gj\u00f8r at vi totalt sett opprettholder medlemstallet.&nbsp; Det tar vi som en bekreftelse p\u00e5 at mange er enige i v\u00e5re verdier og v\u00e5r politikk.&nbsp; Dette bekreftes jo ogs\u00e5 av den siste tidens meningsm\u00e5linger.<\/p>\n\n\n\n<p>Vi m\u00e5 bestrebe oss p\u00e5 \u00e5 \u00f8nske alle nye medlemmer velkommen p\u00e5 en slik m\u00e5te at de \u00f8nsker \u00e5 involvere seg i foreningen og politikken. Det er tross alt et veldig hyggelig og viktig meningsfellesskap hvor det er rom for flere!<\/p>\n\n\n\n<p>Derfor, ta gjerne med en venn eller fem p\u00e5 v\u00e5rens mange medlemsm\u00f8ter! Vi sees!<\/p>\n\n\n<div class=\"tags\">\n\t\t<div class=\"wp-block-tag-cloud\">\n\t\t\t\t\t<a href=\"https:\/\/hoyre.no\/fredrikstad\/aktuelt\/tag\/robert-sjoborg\/\" class=\"tag-cloud-link\">Robert Sj\u00f8borg<\/a>\n\t\t\t<\/div>\n\t<\/div>\n<div class=\"post-footer alignfull has-background block-editor-block-list__block\" data-align=full>\n\t<div class=\"post-footer-inner\">\n\t\t<h3>Relaterte artikler<\/h3>\n\t\t<div class=\"related-content\"><div class=\"is-card-hoyre\">\n\t<div class=\"teft-card hoyre-teft-card post-teft-card\">\n\t\t<a href=\"https:\/\/hoyre.no\/fredrikstad\/aktuelt\/arne-sekkelsten-er-var-ordforerkandidat\/\" class=\"teft-card__primary-action\">\n\n\t\t\t\t\t<div class=\"teft-card__media teft-card__media--16-9\">\n\t\t\t\t\t\t<img loading=\"lazy\" decoding=\"async\" width=\"768\" height=\"770\" src=\"https:\/\/hoyre.no\/content\/uploads\/sites\/194\/2026\/04\/IMG_0144-768x770.jpg\" class=\"attachment-medium_large size-medium_large\" alt=\"\" srcset=\"https:\/\/hoyre.no\/content\/uploads\/sites\/194\/2026\/04\/IMG_0144-768x770.jpg 768w, https:\/\/hoyre.no\/content\/uploads\/sites\/194\/2026\/04\/IMG_0144-300x300.jpg 300w, https:\/\/hoyre.no\/content\/uploads\/sites\/194\/2026\/04\/IMG_0144-1021x1024.jpg 1021w, https:\/\/hoyre.no\/content\/uploads\/sites\/194\/2026\/04\/IMG_0144-150x150.jpg 150w, https:\/\/hoyre.no\/content\/uploads\/sites\/194\/2026\/04\/IMG_0144.jpg 1197w\" sizes=\"auto, (max-width: 768px) 100vw, 768px\" \/>\t\t<\/div>\n\t\t\n\t\t\t<div class=\"teft-card__content-wrapper\">\n\t\t\t\t<div class=\"teft-card__secondary\">\n\t\t\t\t\t\n\t\t\t\t\t\t\t\t<div class=\"teft-card__meta\">\n\t\t\t\t\t\t\t\t\t<span class=\"post-date\">24. apr 2026<\/span>\n\n\t\t\t\t\t\t\t\t\t<span class=\"post-category\">Bl\u00e5 mandag<\/span>\t\t\t\t\t\t\t\t<\/div>\n\t\t\t\t\t\t\t\t\t\t\t<\/div>\n\n\t\t\t\t<div class=\"teft-card__primary\">\n\t\t\t\t\t<h2 class=\"teft-card__title\">Arne Sekkelsten er v\u00e5r ordf\u00f8rerkandidat&nbsp;<span class=\"teft-card__primary-title-append\"><\/span><\/h2>\t\t\t\t<\/div>\n\t\t\t<\/div>\n\t\t<\/a>\n\t<\/div>\n\n\t<\/div><div class=\"is-card-hoyre\">\n\t<div class=\"teft-card hoyre-teft-card post-teft-card\">\n\t\t<a href=\"https:\/\/hoyre.no\/fredrikstad\/aktuelt\/setter-skolen-forst-38-millioner-til-vedlikehold-sentrumsskole-utsettes\/\" class=\"teft-card__primary-action\">\n\n\t\t\t\t\t<div class=\"teft-card__media teft-card__media--16-9\">\n\t\t\t\t\t\t<img loading=\"lazy\" decoding=\"async\" width=\"768\" height=\"544\" src=\"https:\/\/hoyre.no\/content\/uploads\/sites\/194\/2026\/04\/skole1-768x544.jpeg\" class=\"attachment-medium_large size-medium_large\" alt=\"\" srcset=\"https:\/\/hoyre.no\/content\/uploads\/sites\/194\/2026\/04\/skole1-768x544.jpeg 768w, https:\/\/hoyre.no\/content\/uploads\/sites\/194\/2026\/04\/skole1-300x213.jpeg 300w, https:\/\/hoyre.no\/content\/uploads\/sites\/194\/2026\/04\/skole1-1024x725.jpeg 1024w, https:\/\/hoyre.no\/content\/uploads\/sites\/194\/2026\/04\/skole1.jpeg 1200w\" sizes=\"auto, (max-width: 768px) 100vw, 768px\" \/>\t\t<\/div>\n\t\t\n\t\t\t<div class=\"teft-card__content-wrapper\">\n\t\t\t\t<div class=\"teft-card__secondary\">\n\t\t\t\t\t\n\t\t\t\t\t\t\t\t<div class=\"teft-card__meta\">\n\t\t\t\t\t\t\t\t\t<span class=\"post-date\">24. apr 2026<\/span>\n\n\t\t\t\t\t\t\t\t\t<span class=\"post-category\">Ukategorisert<\/span>\t\t\t\t\t\t\t\t<\/div>\n\t\t\t\t\t\t\t\t\t\t\t<\/div>\n\n\t\t\t\t<div class=\"teft-card__primary\">\n\t\t\t\t\t<h2 class=\"teft-card__title\">Setter skolen f\u00f8rst: 38 millioner til vedlikehold \u2013 sentrumsskole utsettes&nbsp;<span class=\"teft-card__primary-title-append\"><\/span><\/h2>\t\t\t\t<\/div>\n\t\t\t<\/div>\n\t\t<\/a>\n\t<\/div>\n\n\t<\/div><div class=\"is-card-hoyre\">\n\t<div class=\"teft-card hoyre-teft-card post-teft-card\">\n\t\t<a href=\"https:\/\/hoyre.no\/fredrikstad\/aktuelt\/ny-kulturlov-gir-tydeligere-ansvar-og-storre-avstand\/\" class=\"teft-card__primary-action\">\n\n\t\t\t\t\t<div class=\"teft-card__media teft-card__media--16-9\">\n\t\t\t\t\t\t<img loading=\"lazy\" decoding=\"async\" width=\"768\" height=\"960\" src=\"https:\/\/hoyre.no\/content\/uploads\/sites\/194\/2026\/04\/att.XiFg1q1Qugi0c8G-yCUH2SBeNTi2reWpAV3x4kUDOA8-768x960.jpg\" class=\"attachment-medium_large size-medium_large\" alt=\"\" srcset=\"https:\/\/hoyre.no\/content\/uploads\/sites\/194\/2026\/04\/att.XiFg1q1Qugi0c8G-yCUH2SBeNTi2reWpAV3x4kUDOA8-768x960.jpg 768w, https:\/\/hoyre.no\/content\/uploads\/sites\/194\/2026\/04\/att.XiFg1q1Qugi0c8G-yCUH2SBeNTi2reWpAV3x4kUDOA8-240x300.jpg 240w, https:\/\/hoyre.no\/content\/uploads\/sites\/194\/2026\/04\/att.XiFg1q1Qugi0c8G-yCUH2SBeNTi2reWpAV3x4kUDOA8-819x1024.jpg 819w, https:\/\/hoyre.no\/content\/uploads\/sites\/194\/2026\/04\/att.XiFg1q1Qugi0c8G-yCUH2SBeNTi2reWpAV3x4kUDOA8-1229x1536.jpg 1229w, https:\/\/hoyre.no\/content\/uploads\/sites\/194\/2026\/04\/att.XiFg1q1Qugi0c8G-yCUH2SBeNTi2reWpAV3x4kUDOA8.jpg 1638w\" sizes=\"auto, (max-width: 768px) 100vw, 768px\" \/>\t\t<\/div>\n\t\t\n\t\t\t<div class=\"teft-card__content-wrapper\">\n\t\t\t\t<div class=\"teft-card__secondary\">\n\t\t\t\t\t\n\t\t\t\t\t\t\t\t<div class=\"teft-card__meta\">\n\t\t\t\t\t\t\t\t\t<span class=\"post-date\">24. apr 2026<\/span>\n\n\t\t\t\t\t\t\t\t\t\t\t\t\t\t\t\t\t<\/div>\n\t\t\t\t\t\t\t\t\t\t\t<\/div>\n\n\t\t\t\t<div class=\"teft-card__primary\">\n\t\t\t\t\t<h2 class=\"teft-card__title\">Ny kulturlov gir tydeligere ansvar \u2013 og st\u00f8rre avstand&nbsp;<span class=\"teft-card__primary-title-append\"><\/span><\/h2>\t\t\t\t<\/div>\n\t\t\t<\/div>\n\t\t<\/a>\n\t<\/div>\n\n\t<\/div><\/div>\t<\/div>\n<\/div>\n","protected":false},"excerpt":{"rendered":"","protected":false},"author":15700,"featured_media":0,"comment_status":"closed","ping_status":"closed","sticky":false,"template":"","format":"standard","meta":{"teft_cards_image_url":"","teft_cards_custom_pretitle":"","teft_cards_image_id":1717,"teft_cards_image_focal_point_x":0.5,"teft_cards_image_focal_point_y":0.18,"teft_cards_title":"","teft_cards_excerpt":"","teft_show_chapters":false,"author_display_name":"Robert Sj\u00f8borg, leder i Fredrikstad H\u00f8yre","footnotes":""},"category":[62,65],"post_tag":[68],"hoyre-visibility":[],"article-type":[],"politician":[],"class_list":["post-1731","post","type-post","status-publish","format-standard","hentry","category-bla-mandag","category-styret","tag-robert-sjoborg"],"yoast_head":"<!-- This site is optimized with the Yoast SEO plugin v26.6 - https:\/\/yoast.com\/wordpress\/plugins\/seo\/ -->\n<title>H\u00f8yt aktivitetsniv\u00e5 og god stemning! - Fredrikstad H\u00f8yre<\/title>\n<meta name=\"robots\" content=\"index, follow, max-snippet:-1, max-image-preview:large, max-video-preview:-1\" \/>\n<link rel=\"canonical\" href=\"https:\/\/hoyre.no\/fredrikstad\/aktuelt\/hoyt-aktivitetsniva-og-god-stemning\/\" \/>\n<meta property=\"og:locale\" content=\"nb_NO\" \/>\n<meta property=\"og:type\" content=\"article\" \/>\n<meta property=\"og:title\" content=\"H\u00f8yt aktivitetsniv\u00e5 og god stemning! - Fredrikstad H\u00f8yre\" \/>\n<meta property=\"og:url\" content=\"https:\/\/hoyre.no\/fredrikstad\/aktuelt\/hoyt-aktivitetsniva-og-god-stemning\/\" \/>\n<meta property=\"og:site_name\" content=\"Fredrikstad H\u00f8yre\" \/>\n<meta property=\"article:published_time\" content=\"2026-03-12T17:08:01+00:00\" \/>\n<meta property=\"og:image\" content=\"https:\/\/hoyre.no\/content\/uploads\/sites\/194\/2026\/04\/att.XiFg1q1Qugi0c8G-yCUH2SBeNTi2reWpAV3x4kUDOA8-819x1024.jpg\" \/>\n<meta name=\"author\" content=\"Erlend \u00d8verby\" \/>\n<meta name=\"twitter:card\" content=\"summary_large_image\" \/>\n<meta name=\"twitter:label1\" content=\"Skrevet av\" \/>\n\t<meta name=\"twitter:data1\" content=\"Erlend \u00d8verby\" \/>\n\t<meta name=\"twitter:label2\" content=\"Ansl. lesetid\" \/>\n\t<meta name=\"twitter:data2\" content=\"3 minutter\" \/>\n<script type=\"application\/ld+json\" class=\"yoast-schema-graph\">{\"@context\":\"https:\/\/schema.org\",\"@graph\":[{\"@type\":\"NewsArticle\",\"@id\":\"https:\/\/hoyre.no\/fredrikstad\/aktuelt\/hoyt-aktivitetsniva-og-god-stemning\/\",\"url\":\"https:\/\/hoyre.no\/fredrikstad\/aktuelt\/hoyt-aktivitetsniva-og-god-stemning\/\",\"name\":\"H\u00f8yt aktivitetsniv\u00e5 og god stemning! - Fredrikstad H\u00f8yre\",\"isPartOf\":{\"@id\":\"https:\/\/hoyre.no\/fredrikstad\/#website\"},\"datePublished\":\"2026-03-12T17:08:01+00:00\",\"author\":{\"@id\":\"https:\/\/hoyre.no\/fredrikstad\/#\/schema\/person\/ba2bc30d6a1dfe4d4c8c6f96fc0ac759\"},\"breadcrumb\":{\"@id\":\"https:\/\/hoyre.no\/fredrikstad\/aktuelt\/hoyt-aktivitetsniva-og-god-stemning\/#breadcrumb\"},\"inLanguage\":\"nb-NO\",\"potentialAction\":[{\"@type\":\"ReadAction\",\"target\":[\"https:\/\/hoyre.no\/fredrikstad\/aktuelt\/hoyt-aktivitetsniva-og-god-stemning\/\"]}]},{\"@type\":\"BreadcrumbList\",\"@id\":\"https:\/\/hoyre.no\/fredrikstad\/aktuelt\/hoyt-aktivitetsniva-og-god-stemning\/#breadcrumb\",\"itemListElement\":[{\"@type\":\"ListItem\",\"position\":1,\"name\":\"Til hoyre.no\",\"item\":\"https:\/\/hoyre.no\"},{\"@type\":\"ListItem\",\"position\":2,\"name\":\"Hjem\",\"item\":\"https:\/\/hoyre.no\/fredrikstad\/\"},{\"@type\":\"ListItem\",\"position\":3,\"name\":\"H\u00f8yt aktivitetsniv\u00e5 og god stemning!\"}]},{\"@type\":\"WebSite\",\"@id\":\"https:\/\/hoyre.no\/fredrikstad\/#website\",\"url\":\"https:\/\/hoyre.no\/fredrikstad\/\",\"name\":\"Fredrikstad H\u00f8yre\",\"description\":\"Bare enda et H\u00f8yres nettsteder-nettsted\",\"inLanguage\":\"nb-NO\"},{\"@type\":\"Person\",\"@id\":\"https:\/\/hoyre.no\/fredrikstad\/#\/schema\/person\/ba2bc30d6a1dfe4d4c8c6f96fc0ac759\",\"name\":\"Erlend \u00d8verby\",\"image\":{\"@type\":\"ImageObject\",\"inLanguage\":\"nb-NO\",\"@id\":\"https:\/\/hoyre.no\/fredrikstad\/#\/schema\/person\/image\/\",\"url\":\"https:\/\/secure.gravatar.com\/avatar\/164c6288e2fdd830c68e8645f62dcbb1c94b7e4dbb80eacf56bc5aaa5f85b803?s=96&d=mm&r=g\",\"contentUrl\":\"https:\/\/secure.gravatar.com\/avatar\/164c6288e2fdd830c68e8645f62dcbb1c94b7e4dbb80eacf56bc5aaa5f85b803?s=96&d=mm&r=g\",\"caption\":\"Erlend \u00d8verby\"},\"url\":\"https:\/\/hoyre.no\/fredrikstad\/aktuelt\/author\/m50305598\/\"}]}<\/script>\n<!-- \/ Yoast SEO plugin. -->","yoast_head_json":{"title":"H\u00f8yt aktivitetsniv\u00e5 og god stemning! - Fredrikstad H\u00f8yre","robots":{"index":"index","follow":"follow","max-snippet":"max-snippet:-1","max-image-preview":"max-image-preview:large","max-video-preview":"max-video-preview:-1"},"canonical":"https:\/\/hoyre.no\/fredrikstad\/aktuelt\/hoyt-aktivitetsniva-og-god-stemning\/","og_locale":"nb_NO","og_type":"article","og_title":"H\u00f8yt aktivitetsniv\u00e5 og god stemning! - Fredrikstad H\u00f8yre","og_url":"https:\/\/hoyre.no\/fredrikstad\/aktuelt\/hoyt-aktivitetsniva-og-god-stemning\/","og_site_name":"Fredrikstad H\u00f8yre","article_published_time":"2026-03-12T17:08:01+00:00","og_image":[{"url":"https:\/\/hoyre.no\/content\/uploads\/sites\/194\/2026\/04\/att.XiFg1q1Qugi0c8G-yCUH2SBeNTi2reWpAV3x4kUDOA8-819x1024.jpg","width":"","height":"","type":""}],"author":"Erlend \u00d8verby","twitter_card":"summary_large_image","twitter_misc":{"Skrevet av":"Erlend \u00d8verby","Ansl. lesetid":"3 minutter"},"schema":{"@context":"https:\/\/schema.org","@graph":[{"@type":"NewsArticle","@id":"https:\/\/hoyre.no\/fredrikstad\/aktuelt\/hoyt-aktivitetsniva-og-god-stemning\/","url":"https:\/\/hoyre.no\/fredrikstad\/aktuelt\/hoyt-aktivitetsniva-og-god-stemning\/","name":"H\u00f8yt aktivitetsniv\u00e5 og god stemning! - Fredrikstad H\u00f8yre","isPartOf":{"@id":"https:\/\/hoyre.no\/fredrikstad\/#website"},"datePublished":"2026-03-12T17:08:01+00:00","author":{"@id":"https:\/\/hoyre.no\/fredrikstad\/#\/schema\/person\/ba2bc30d6a1dfe4d4c8c6f96fc0ac759"},"breadcrumb":{"@id":"https:\/\/hoyre.no\/fredrikstad\/aktuelt\/hoyt-aktivitetsniva-og-god-stemning\/#breadcrumb"},"inLanguage":"nb-NO","potentialAction":[{"@type":"ReadAction","target":["https:\/\/hoyre.no\/fredrikstad\/aktuelt\/hoyt-aktivitetsniva-og-god-stemning\/"]}]},{"@type":"BreadcrumbList","@id":"https:\/\/hoyre.no\/fredrikstad\/aktuelt\/hoyt-aktivitetsniva-og-god-stemning\/#breadcrumb","itemListElement":[{"@type":"ListItem","position":1,"name":"Til hoyre.no","item":"https:\/\/hoyre.no"},{"@type":"ListItem","position":2,"name":"Hjem","item":"https:\/\/hoyre.no\/fredrikstad\/"},{"@type":"ListItem","position":3,"name":"H\u00f8yt aktivitetsniv\u00e5 og god stemning!"}]},{"@type":"WebSite","@id":"https:\/\/hoyre.no\/fredrikstad\/#website","url":"https:\/\/hoyre.no\/fredrikstad\/","name":"Fredrikstad H\u00f8yre","description":"Bare enda et H\u00f8yres nettsteder-nettsted","inLanguage":"nb-NO"},{"@type":"Person","@id":"https:\/\/hoyre.no\/fredrikstad\/#\/schema\/person\/ba2bc30d6a1dfe4d4c8c6f96fc0ac759","name":"Erlend \u00d8verby","image":{"@type":"ImageObject","inLanguage":"nb-NO","@id":"https:\/\/hoyre.no\/fredrikstad\/#\/schema\/person\/image\/","url":"https:\/\/secure.gravatar.com\/avatar\/164c6288e2fdd830c68e8645f62dcbb1c94b7e4dbb80eacf56bc5aaa5f85b803?s=96&d=mm&r=g","contentUrl":"https:\/\/secure.gravatar.com\/avatar\/164c6288e2fdd830c68e8645f62dcbb1c94b7e4dbb80eacf56bc5aaa5f85b803?s=96&d=mm&r=g","caption":"Erlend \u00d8verby"},"url":"https:\/\/hoyre.no\/fredrikstad\/aktuelt\/author\/m50305598\/"}]}},"distributor_meta":false,"distributor_terms":false,"distributor_media":false,"distributor_original_site_name":"Fredrikstad H\u00f8yre","distributor_original_site_url":"https:\/\/hoyre.no\/fredrikstad","push-errors":false,"_links":{"self":[{"href":"https:\/\/hoyre.no\/fredrikstad\/wp-json\/wp\/v2\/posts\/1731","targetHints":{"allow":["GET"]}}],"collection":[{"href":"https:\/\/hoyre.no\/fredrikstad\/wp-json\/wp\/v2\/posts"}],"about":[{"href":"https:\/\/hoyre.no\/fredrikstad\/wp-json\/wp\/v2\/types\/post"}],"author":[{"embeddable":true,"href":"https:\/\/hoyre.no\/fredrikstad\/wp-json\/wp\/v2\/users\/15700"}],"replies":[{"embeddable":true,"href":"https:\/\/hoyre.no\/fredrikstad\/wp-json\/wp\/v2\/comments?post=1731"}],"version-history":[{"count":1,"href":"https:\/\/hoyre.no\/fredrikstad\/wp-json\/wp\/v2\/posts\/1731\/revisions"}],"predecessor-version":[{"id":1732,"href":"https:\/\/hoyre.no\/fredrikstad\/wp-json\/wp\/v2\/posts\/1731\/revisions\/1732"}],"wp:attachment":[{"href":"https:\/\/hoyre.no\/fredrikstad\/wp-json\/wp\/v2\/media?parent=1731"}],"wp:term":[{"taxonomy":"category","embeddable":true,"href":"https:\/\/hoyre.no\/fredrikstad\/wp-json\/wp\/v2\/category?post=1731"},{"taxonomy":"post_tag","embeddable":true,"href":"https:\/\/hoyre.no\/fredrikstad\/wp-json\/wp\/v2\/post_tag?post=1731"},{"taxonomy":"hoyre-visibility","embeddable":true,"href":"https:\/\/hoyre.no\/fredrikstad\/wp-json\/wp\/v2\/hoyre-visibility?post=1731"},{"taxonomy":"article-type","embeddable":true,"href":"https:\/\/hoyre.no\/fredrikstad\/wp-json\/wp\/v2\/article-type?post=1731"},{"taxonomy":"politician","embeddable":true,"href":"https:\/\/hoyre.no\/fredrikstad\/wp-json\/wp\/v2\/politician?post=1731"}],"curies":[{"name":"wp","href":"https:\/\/api.w.org\/{rel}","templated":true}]}}