{"id":32,"date":"2019-07-12T22:00:00","date_gmt":"2019-07-12T20:00:00","guid":{"rendered":"https:\/\/hoyre.no\/fredrikstad\/aktuelt\/bli_kjent_med_ordforerkandidat_truls_velgaard\/"},"modified":"2019-07-12T22:00:00","modified_gmt":"2019-07-12T20:00:00","slug":"bli_kjent_med_ordforerkandidat_truls_velgaard","status":"publish","type":"post","link":"https:\/\/hoyre.no\/fredrikstad\/aktuelt\/bli_kjent_med_ordforerkandidat_truls_velgaard\/","title":{"rendered":"Bli kjent med ordf\u00f8rerkandidat Truls Velgaard"},"content":{"rendered":"<p class=\"preamble\">Fredrikstad H\u00f8yre har denne uken lansert podcasten &laquo;Truls og Arne&raquo;<\/p>\t\t\t<div class=\"post-meta wp-block teft-byline-wrapper\">\n\t\t\t\t<div class=\"top\">\n\t\t\t\t\t<div class=\"signature\">\n\t\t\t\t\t\t<div class=\"teft-byline\">\n\t\t\t\t\t\t\t\t\t\t\t\t\t\t<div>\n\t\t\t\t\t\t\t\t<h3>H\u00f8yres redaksjon<\/h3>\t\t\t\t\t\t\t\t\n\t\t\t\t\t\t\t\t\t\t\t\t\t\t\t\t\t<span class=\"date\">Sist oppdatert: 12. juli 2019<\/span>\n\t\t\t\t\t\t\t\t\t\t\t\t\t\t\t\t\t\t\t\t\t\t\t\t\t<span class=\"reading-time\" itemprop=\"timeRequired\" content=\"PT1M\"><em>Ca. 1 minutter lesetid<\/em><\/span>\n\t\t\t\t\t\t\t\t\t\t\t\t\t\t\t<\/div>\n\t\t\t\t\t\t<\/div>\n\t\t\t\t\t<\/div>\n\t\t\t\t\t\t<div class=\"sharing\">\n\t\t<a class=\"share-button share-link copy-link\" data-copy=\"https:\/\/hoyre.no\/fredrikstad\/aktuelt\/bli_kjent_med_ordforerkandidat_truls_velgaard\/\" target=\"_blank\"><span class=\"screen-reader-text\">Del link<\/span><\/a>\n\t\t<a class=\"share-button share-twitter\" href=\"http:\/\/twitter.com\/share?text=Bli kjent med ordf\u00f8rerkandidat Truls Velgaard&#038;url=https:\/\/hoyre.no\/fredrikstad\/aktuelt\/bli_kjent_med_ordforerkandidat_truls_velgaard\/&#038;hashtags=Hoyre\" target=\"_blank\"><span class=\"screen-reader-text\">Del p\u00e5 twitter<\/span><\/a>\n\t\t<a class=\"share-button share-facebook\" href=\"https:\/\/www.facebook.com\/sharer\/sharer.php?u=https:\/\/hoyre.no\/fredrikstad\/aktuelt\/bli_kjent_med_ordforerkandidat_truls_velgaard\/\" target=\"_blank\"><span class=\"screen-reader-text\">Del p\u00e5 facebook<\/span><\/a>\n\t<\/div>\n\t\t\t\t\t<\/div>\n\t\t\t<\/div>\n\n\t\t\t<figure class=\"hoyre-image-wrapper\"><div class=\"hoyre-image\"><img loading=\"lazy\" decoding=\"async\" width=\"1242\" height=\"1435\" src=\"https:\/\/hoyre.no\/content\/uploads\/sites\/194\/2020\/11\/img_7918.jpg\" class=\"attachment-scaled size-scaled\" alt=\"\" style=\"object-position: 50% 50%\" srcset=\"https:\/\/hoyre.no\/content\/uploads\/sites\/194\/2020\/11\/img_7918.jpg 1242w, https:\/\/hoyre.no\/content\/uploads\/sites\/194\/2020\/11\/img_7918-260x300.jpg 260w, https:\/\/hoyre.no\/content\/uploads\/sites\/194\/2020\/11\/img_7918-886x1024.jpg 886w, https:\/\/hoyre.no\/content\/uploads\/sites\/194\/2020\/11\/img_7918-768x887.jpg 768w\" sizes=\"auto, (max-width: 1242px) 100vw, 1242px\" \/><\/div><\/figure><div id=\"hoyre-old-article-content-wrapper\"><p>Fredrikstad H\u00f8yre vil skape innbyggernes kommune. Mange er nysgjerrige p\u00e5 hva vi vil prioritere og hvem de sentrale personene i Fredrikstad H\u00f8yre er. V\u00e5r styreleder og v\u00e5r ordf\u00f8rerkandidat har derfor tatt steget ut i &laquo;podcast-verdenen&raquo; og lanserte denne uken v\u00e5r egen podcast.<\/p><p>I f\u00f8rste episode blir du bedre kjent med v\u00e5r ordf\u00f8rerkandidat Truls Velgaard og hans planer for innbyggernes kommune.<\/p><p><a href=\"https:\/\/soundcloud.com\/user-495508792\/forste-episode?fbclid=IwAR2ILx7FzQm-fIgakOO3AI8RDkxyHcwAObdV5XrJp6magF9tJyW6cZ6sNlw\">Truls og Arne<\/a><\/p><p><br \/><\/p><\/div>\n<div class=\"tags\">\n\t<\/div>\n<div class=\"post-footer alignfull has-background block-editor-block-list__block\" data-align=full>\n\t<div class=\"post-footer-inner\">\n\t\t<h3>Relaterte artikler<\/h3>\n\t\t<div class=\"related-content\"><div class=\"is-card-hoyre\">\n\t<div class=\"teft-card hoyre-teft-card post-teft-card\">\n\t\t<a href=\"https:\/\/hoyre.no\/fredrikstad\/aktuelt\/arne-sekkelsten-er-var-ordforerkandidat\/\" class=\"teft-card__primary-action\">\n\n\t\t\t\t\t<div class=\"teft-card__media teft-card__media--16-9\">\n\t\t\t\t\t\t<img loading=\"lazy\" decoding=\"async\" width=\"768\" height=\"770\" src=\"https:\/\/hoyre.no\/content\/uploads\/sites\/194\/2026\/04\/IMG_0144-768x770.jpg\" class=\"attachment-medium_large size-medium_large\" alt=\"\" srcset=\"https:\/\/hoyre.no\/content\/uploads\/sites\/194\/2026\/04\/IMG_0144-768x770.jpg 768w, https:\/\/hoyre.no\/content\/uploads\/sites\/194\/2026\/04\/IMG_0144-300x300.jpg 300w, https:\/\/hoyre.no\/content\/uploads\/sites\/194\/2026\/04\/IMG_0144-1021x1024.jpg 1021w, https:\/\/hoyre.no\/content\/uploads\/sites\/194\/2026\/04\/IMG_0144-150x150.jpg 150w, https:\/\/hoyre.no\/content\/uploads\/sites\/194\/2026\/04\/IMG_0144.jpg 1197w\" sizes=\"auto, (max-width: 768px) 100vw, 768px\" \/>\t\t<\/div>\n\t\t\n\t\t\t<div class=\"teft-card__content-wrapper\">\n\t\t\t\t<div class=\"teft-card__secondary\">\n\t\t\t\t\t\n\t\t\t\t\t\t\t\t<div class=\"teft-card__meta\">\n\t\t\t\t\t\t\t\t\t<span class=\"post-date\">24. apr 2026<\/span>\n\n\t\t\t\t\t\t\t\t\t<span class=\"post-category\">Bl\u00e5 mandag<\/span>\t\t\t\t\t\t\t\t<\/div>\n\t\t\t\t\t\t\t\t\t\t\t<\/div>\n\n\t\t\t\t<div class=\"teft-card__primary\">\n\t\t\t\t\t<h2 class=\"teft-card__title\">Arne Sekkelsten er v\u00e5r ordf\u00f8rerkandidat&nbsp;<span class=\"teft-card__primary-title-append\"><\/span><\/h2>\t\t\t\t<\/div>\n\t\t\t<\/div>\n\t\t<\/a>\n\t<\/div>\n\n\t<\/div><div class=\"is-card-hoyre\">\n\t<div class=\"teft-card hoyre-teft-card post-teft-card\">\n\t\t<a href=\"https:\/\/hoyre.no\/fredrikstad\/aktuelt\/setter-skolen-forst-38-millioner-til-vedlikehold-sentrumsskole-utsettes\/\" class=\"teft-card__primary-action\">\n\n\t\t\t\t\t<div class=\"teft-card__media teft-card__media--16-9\">\n\t\t\t\t\t\t<img loading=\"lazy\" decoding=\"async\" width=\"768\" height=\"544\" src=\"https:\/\/hoyre.no\/content\/uploads\/sites\/194\/2026\/04\/skole1-768x544.jpeg\" class=\"attachment-medium_large size-medium_large\" alt=\"\" srcset=\"https:\/\/hoyre.no\/content\/uploads\/sites\/194\/2026\/04\/skole1-768x544.jpeg 768w, https:\/\/hoyre.no\/content\/uploads\/sites\/194\/2026\/04\/skole1-300x213.jpeg 300w, https:\/\/hoyre.no\/content\/uploads\/sites\/194\/2026\/04\/skole1-1024x725.jpeg 1024w, https:\/\/hoyre.no\/content\/uploads\/sites\/194\/2026\/04\/skole1.jpeg 1200w\" sizes=\"auto, (max-width: 768px) 100vw, 768px\" \/>\t\t<\/div>\n\t\t\n\t\t\t<div class=\"teft-card__content-wrapper\">\n\t\t\t\t<div class=\"teft-card__secondary\">\n\t\t\t\t\t\n\t\t\t\t\t\t\t\t<div class=\"teft-card__meta\">\n\t\t\t\t\t\t\t\t\t<span class=\"post-date\">24. apr 2026<\/span>\n\n\t\t\t\t\t\t\t\t\t<span class=\"post-category\">Ukategorisert<\/span>\t\t\t\t\t\t\t\t<\/div>\n\t\t\t\t\t\t\t\t\t\t\t<\/div>\n\n\t\t\t\t<div class=\"teft-card__primary\">\n\t\t\t\t\t<h2 class=\"teft-card__title\">Setter skolen f\u00f8rst: 38 millioner til vedlikehold \u2013 sentrumsskole utsettes&nbsp;<span class=\"teft-card__primary-title-append\"><\/span><\/h2>\t\t\t\t<\/div>\n\t\t\t<\/div>\n\t\t<\/a>\n\t<\/div>\n\n\t<\/div><div class=\"is-card-hoyre\">\n\t<div class=\"teft-card hoyre-teft-card post-teft-card\">\n\t\t<a href=\"https:\/\/hoyre.no\/fredrikstad\/aktuelt\/ny-kulturlov-gir-tydeligere-ansvar-og-storre-avstand\/\" class=\"teft-card__primary-action\">\n\n\t\t\t\t\t<div class=\"teft-card__media teft-card__media--16-9\">\n\t\t\t\t\t\t<img loading=\"lazy\" decoding=\"async\" width=\"768\" height=\"960\" src=\"https:\/\/hoyre.no\/content\/uploads\/sites\/194\/2026\/04\/att.XiFg1q1Qugi0c8G-yCUH2SBeNTi2reWpAV3x4kUDOA8-768x960.jpg\" class=\"attachment-medium_large size-medium_large\" alt=\"\" srcset=\"https:\/\/hoyre.no\/content\/uploads\/sites\/194\/2026\/04\/att.XiFg1q1Qugi0c8G-yCUH2SBeNTi2reWpAV3x4kUDOA8-768x960.jpg 768w, https:\/\/hoyre.no\/content\/uploads\/sites\/194\/2026\/04\/att.XiFg1q1Qugi0c8G-yCUH2SBeNTi2reWpAV3x4kUDOA8-240x300.jpg 240w, https:\/\/hoyre.no\/content\/uploads\/sites\/194\/2026\/04\/att.XiFg1q1Qugi0c8G-yCUH2SBeNTi2reWpAV3x4kUDOA8-819x1024.jpg 819w, https:\/\/hoyre.no\/content\/uploads\/sites\/194\/2026\/04\/att.XiFg1q1Qugi0c8G-yCUH2SBeNTi2reWpAV3x4kUDOA8-1229x1536.jpg 1229w, https:\/\/hoyre.no\/content\/uploads\/sites\/194\/2026\/04\/att.XiFg1q1Qugi0c8G-yCUH2SBeNTi2reWpAV3x4kUDOA8.jpg 1638w\" sizes=\"auto, (max-width: 768px) 100vw, 768px\" \/>\t\t<\/div>\n\t\t\n\t\t\t<div class=\"teft-card__content-wrapper\">\n\t\t\t\t<div class=\"teft-card__secondary\">\n\t\t\t\t\t\n\t\t\t\t\t\t\t\t<div class=\"teft-card__meta\">\n\t\t\t\t\t\t\t\t\t<span class=\"post-date\">24. apr 2026<\/span>\n\n\t\t\t\t\t\t\t\t\t\t\t\t\t\t\t\t\t<\/div>\n\t\t\t\t\t\t\t\t\t\t\t<\/div>\n\n\t\t\t\t<div class=\"teft-card__primary\">\n\t\t\t\t\t<h2 class=\"teft-card__title\">Ny kulturlov gir tydeligere ansvar \u2013 og st\u00f8rre avstand&nbsp;<span class=\"teft-card__primary-title-append\"><\/span><\/h2>\t\t\t\t<\/div>\n\t\t\t<\/div>\n\t\t<\/a>\n\t<\/div>\n\n\t<\/div><\/div>\t<\/div>\n<\/div>\n","protected":false},"excerpt":{"rendered":"","protected":false},"author":0,"featured_media":0,"comment_status":"closed","ping_status":"closed","sticky":false,"template":"","format":"standard","meta":{"teft_cards_image_url":"https:\/\/hoyre.no\/content\/uploads\/sites\/194\/2020\/11\/img_7918.jpg","teft_cards_custom_pretitle":"","teft_cards_image_id":31,"teft_cards_image_focal_point_x":0,"teft_cards_image_focal_point_y":0,"teft_cards_title":"","teft_cards_excerpt":"","teft_show_chapters":false,"author_display_name":"Marianne Klever N\u00e6ss, sekret\u00e6r Fredrikstad H\u00f8yre","footnotes":""},"category":[1],"post_tag":[],"hoyre-visibility":[],"article-type":[],"politician":[],"class_list":["post-32","post","type-post","status-publish","format-standard","hentry","category-ukategorisert"],"yoast_head":"<!-- This site is optimized with the Yoast SEO plugin v26.6 - https:\/\/yoast.com\/wordpress\/plugins\/seo\/ -->\n<title>Bli kjent med ordf\u00f8rerkandidat Truls Velgaard - Fredrikstad H\u00f8yre<\/title>\n<meta name=\"robots\" content=\"index, follow, max-snippet:-1, max-image-preview:large, max-video-preview:-1\" \/>\n<link rel=\"canonical\" href=\"https:\/\/hoyre.no\/fredrikstad\/aktuelt\/bli_kjent_med_ordforerkandidat_truls_velgaard\/\" \/>\n<meta property=\"og:locale\" content=\"nb_NO\" \/>\n<meta property=\"og:type\" content=\"article\" \/>\n<meta property=\"og:title\" content=\"Bli kjent med ordf\u00f8rerkandidat Truls Velgaard - Fredrikstad H\u00f8yre\" \/>\n<meta property=\"og:url\" content=\"https:\/\/hoyre.no\/fredrikstad\/aktuelt\/bli_kjent_med_ordforerkandidat_truls_velgaard\/\" \/>\n<meta property=\"og:site_name\" content=\"Fredrikstad H\u00f8yre\" \/>\n<meta property=\"article:published_time\" content=\"2019-07-12T20:00:00+00:00\" \/>\n<meta property=\"og:image\" content=\"https:\/\/hoyre.no\/content\/uploads\/sites\/194\/2026\/04\/att.XiFg1q1Qugi0c8G-yCUH2SBeNTi2reWpAV3x4kUDOA8-819x1024.jpg\" \/>\n<meta name=\"twitter:card\" content=\"summary_large_image\" \/>\n<script type=\"application\/ld+json\" class=\"yoast-schema-graph\">{\"@context\":\"https:\/\/schema.org\",\"@graph\":[{\"@type\":\"NewsArticle\",\"@id\":\"https:\/\/hoyre.no\/fredrikstad\/aktuelt\/bli_kjent_med_ordforerkandidat_truls_velgaard\/\",\"url\":\"https:\/\/hoyre.no\/fredrikstad\/aktuelt\/bli_kjent_med_ordforerkandidat_truls_velgaard\/\",\"name\":\"Bli kjent med ordf\u00f8rerkandidat Truls Velgaard - Fredrikstad H\u00f8yre\",\"isPartOf\":{\"@id\":\"https:\/\/hoyre.no\/fredrikstad\/#website\"},\"datePublished\":\"2019-07-12T20:00:00+00:00\",\"author\":{\"@id\":\"\"},\"breadcrumb\":{\"@id\":\"https:\/\/hoyre.no\/fredrikstad\/aktuelt\/bli_kjent_med_ordforerkandidat_truls_velgaard\/#breadcrumb\"},\"inLanguage\":\"nb-NO\",\"potentialAction\":[{\"@type\":\"ReadAction\",\"target\":[\"https:\/\/hoyre.no\/fredrikstad\/aktuelt\/bli_kjent_med_ordforerkandidat_truls_velgaard\/\"]}]},{\"@type\":\"BreadcrumbList\",\"@id\":\"https:\/\/hoyre.no\/fredrikstad\/aktuelt\/bli_kjent_med_ordforerkandidat_truls_velgaard\/#breadcrumb\",\"itemListElement\":[{\"@type\":\"ListItem\",\"position\":1,\"name\":\"Til hoyre.no\",\"item\":\"https:\/\/hoyre.no\"},{\"@type\":\"ListItem\",\"position\":2,\"name\":\"Hjem\",\"item\":\"https:\/\/hoyre.no\/fredrikstad\/\"},{\"@type\":\"ListItem\",\"position\":3,\"name\":\"Bli kjent med ordf\u00f8rerkandidat Truls Velgaard\"}]},{\"@type\":\"WebSite\",\"@id\":\"https:\/\/hoyre.no\/fredrikstad\/#website\",\"url\":\"https:\/\/hoyre.no\/fredrikstad\/\",\"name\":\"Fredrikstad H\u00f8yre\",\"description\":\"Bare enda et H\u00f8yres nettsteder-nettsted\",\"inLanguage\":\"nb-NO\"}]}<\/script>\n<!-- \/ Yoast SEO plugin. -->","yoast_head_json":{"title":"Bli kjent med ordf\u00f8rerkandidat Truls Velgaard - Fredrikstad H\u00f8yre","robots":{"index":"index","follow":"follow","max-snippet":"max-snippet:-1","max-image-preview":"max-image-preview:large","max-video-preview":"max-video-preview:-1"},"canonical":"https:\/\/hoyre.no\/fredrikstad\/aktuelt\/bli_kjent_med_ordforerkandidat_truls_velgaard\/","og_locale":"nb_NO","og_type":"article","og_title":"Bli kjent med ordf\u00f8rerkandidat Truls Velgaard - Fredrikstad H\u00f8yre","og_url":"https:\/\/hoyre.no\/fredrikstad\/aktuelt\/bli_kjent_med_ordforerkandidat_truls_velgaard\/","og_site_name":"Fredrikstad H\u00f8yre","article_published_time":"2019-07-12T20:00:00+00:00","og_image":[{"url":"https:\/\/hoyre.no\/content\/uploads\/sites\/194\/2026\/04\/att.XiFg1q1Qugi0c8G-yCUH2SBeNTi2reWpAV3x4kUDOA8-819x1024.jpg","width":"","height":"","type":""}],"twitter_card":"summary_large_image","schema":{"@context":"https:\/\/schema.org","@graph":[{"@type":"NewsArticle","@id":"https:\/\/hoyre.no\/fredrikstad\/aktuelt\/bli_kjent_med_ordforerkandidat_truls_velgaard\/","url":"https:\/\/hoyre.no\/fredrikstad\/aktuelt\/bli_kjent_med_ordforerkandidat_truls_velgaard\/","name":"Bli kjent med ordf\u00f8rerkandidat Truls Velgaard - Fredrikstad H\u00f8yre","isPartOf":{"@id":"https:\/\/hoyre.no\/fredrikstad\/#website"},"datePublished":"2019-07-12T20:00:00+00:00","author":{"@id":""},"breadcrumb":{"@id":"https:\/\/hoyre.no\/fredrikstad\/aktuelt\/bli_kjent_med_ordforerkandidat_truls_velgaard\/#breadcrumb"},"inLanguage":"nb-NO","potentialAction":[{"@type":"ReadAction","target":["https:\/\/hoyre.no\/fredrikstad\/aktuelt\/bli_kjent_med_ordforerkandidat_truls_velgaard\/"]}]},{"@type":"BreadcrumbList","@id":"https:\/\/hoyre.no\/fredrikstad\/aktuelt\/bli_kjent_med_ordforerkandidat_truls_velgaard\/#breadcrumb","itemListElement":[{"@type":"ListItem","position":1,"name":"Til hoyre.no","item":"https:\/\/hoyre.no"},{"@type":"ListItem","position":2,"name":"Hjem","item":"https:\/\/hoyre.no\/fredrikstad\/"},{"@type":"ListItem","position":3,"name":"Bli kjent med ordf\u00f8rerkandidat Truls Velgaard"}]},{"@type":"WebSite","@id":"https:\/\/hoyre.no\/fredrikstad\/#website","url":"https:\/\/hoyre.no\/fredrikstad\/","name":"Fredrikstad H\u00f8yre","description":"Bare enda et H\u00f8yres nettsteder-nettsted","inLanguage":"nb-NO"}]}},"distributor_meta":false,"distributor_terms":false,"distributor_media":false,"distributor_original_site_name":"Fredrikstad H\u00f8yre","distributor_original_site_url":"https:\/\/hoyre.no\/fredrikstad","push-errors":false,"_links":{"self":[{"href":"https:\/\/hoyre.no\/fredrikstad\/wp-json\/wp\/v2\/posts\/32","targetHints":{"allow":["GET"]}}],"collection":[{"href":"https:\/\/hoyre.no\/fredrikstad\/wp-json\/wp\/v2\/posts"}],"about":[{"href":"https:\/\/hoyre.no\/fredrikstad\/wp-json\/wp\/v2\/types\/post"}],"replies":[{"embeddable":true,"href":"https:\/\/hoyre.no\/fredrikstad\/wp-json\/wp\/v2\/comments?post=32"}],"version-history":[{"count":0,"href":"https:\/\/hoyre.no\/fredrikstad\/wp-json\/wp\/v2\/posts\/32\/revisions"}],"wp:attachment":[{"href":"https:\/\/hoyre.no\/fredrikstad\/wp-json\/wp\/v2\/media?parent=32"}],"wp:term":[{"taxonomy":"category","embeddable":true,"href":"https:\/\/hoyre.no\/fredrikstad\/wp-json\/wp\/v2\/category?post=32"},{"taxonomy":"post_tag","embeddable":true,"href":"https:\/\/hoyre.no\/fredrikstad\/wp-json\/wp\/v2\/post_tag?post=32"},{"taxonomy":"hoyre-visibility","embeddable":true,"href":"https:\/\/hoyre.no\/fredrikstad\/wp-json\/wp\/v2\/hoyre-visibility?post=32"},{"taxonomy":"article-type","embeddable":true,"href":"https:\/\/hoyre.no\/fredrikstad\/wp-json\/wp\/v2\/article-type?post=32"},{"taxonomy":"politician","embeddable":true,"href":"https:\/\/hoyre.no\/fredrikstad\/wp-json\/wp\/v2\/politician?post=32"}],"curies":[{"name":"wp","href":"https:\/\/api.w.org\/{rel}","templated":true}]}}