{"id":438,"date":"2021-03-29T10:35:02","date_gmt":"2021-03-29T08:35:02","guid":{"rendered":"https:\/\/hoyre.no\/fredrikstad\/?p=438"},"modified":"2021-03-29T10:35:39","modified_gmt":"2021-03-29T08:35:39","slug":"fredrikstad-hoyre-er-skuffet-over-ntp","status":"publish","type":"post","link":"https:\/\/hoyre.no\/fredrikstad\/aktuelt\/fredrikstad-hoyre-er-skuffet-over-ntp\/","title":{"rendered":"Fredrikstad H\u00f8yre er skuffet over NTP"},"content":{"rendered":"\n<p class=\"preamble\">Fredrikstad H\u00f8yre vil fortsette \u00e5 arbeide for at utbyggingen av jernbane blir prioritert i den f\u00f8rste perioden av NTP og s\u00f8ke st\u00f8tte der vi kan f\u00e5 gjennomslag for dette.<\/p>\t\t\t<div class=\"post-meta wp-block teft-byline-wrapper\">\n\t\t\t\t<div class=\"top\">\n\t\t\t\t\t<div class=\"signature\">\n\t\t\t\t\t\t<div class=\"teft-byline\">\n\t\t\t\t\t\t\t\t\t\t\t\t\t\t<div>\n\t\t\t\t\t\t\t\t<h3>H\u00f8yres redaksjon<\/h3>\t\t\t\t\t\t\t\t\n\t\t\t\t\t\t\t\t\t\t\t\t\t\t\t\t\t<span class=\"date\">Sist oppdatert: 29. mars 2021<\/span>\n\t\t\t\t\t\t\t\t\t\t\t\t\t\t\t\t\t\t\t\t\t\t\t\t\t<span class=\"reading-time\" itemprop=\"timeRequired\" content=\"PT1M\"><em>Ca. 1 minutter lesetid<\/em><\/span>\n\t\t\t\t\t\t\t\t\t\t\t\t\t\t\t<\/div>\n\t\t\t\t\t\t<\/div>\n\t\t\t\t\t<\/div>\n\t\t\t\t\t\t<div class=\"sharing\">\n\t\t<a class=\"share-button share-link copy-link\" data-copy=\"https:\/\/hoyre.no\/fredrikstad\/aktuelt\/fredrikstad-hoyre-er-skuffet-over-ntp\/\" target=\"_blank\"><span class=\"screen-reader-text\">Del link<\/span><\/a>\n\t\t<a class=\"share-button share-twitter\" href=\"http:\/\/twitter.com\/share?text=Fredrikstad H\u00f8yre er skuffet over NTP&#038;url=https:\/\/hoyre.no\/fredrikstad\/aktuelt\/fredrikstad-hoyre-er-skuffet-over-ntp\/&#038;hashtags=Hoyre\" target=\"_blank\"><span class=\"screen-reader-text\">Del p\u00e5 twitter<\/span><\/a>\n\t\t<a class=\"share-button share-facebook\" href=\"https:\/\/www.facebook.com\/sharer\/sharer.php?u=https:\/\/hoyre.no\/fredrikstad\/aktuelt\/fredrikstad-hoyre-er-skuffet-over-ntp\/\" target=\"_blank\"><span class=\"screen-reader-text\">Del p\u00e5 facebook<\/span><\/a>\n\t<\/div>\n\t\t\t\t\t<\/div>\n\t\t\t<\/div>\n\n\t\t\t<figure class=\"hoyre-image-wrapper\"><div class=\"hoyre-image\"><img loading=\"lazy\" decoding=\"async\" width=\"552\" height=\"542\" src=\"https:\/\/hoyre.no\/content\/uploads\/sites\/194\/2020\/10\/Eivind-redigert-kopi-2.jpg\" class=\"attachment-scaled size-scaled\" alt=\"\" style=\"object-position: 50% 50%\" srcset=\"https:\/\/hoyre.no\/content\/uploads\/sites\/194\/2020\/10\/Eivind-redigert-kopi-2.jpg 552w, https:\/\/hoyre.no\/content\/uploads\/sites\/194\/2020\/10\/Eivind-redigert-kopi-2-300x295.jpg 300w\" sizes=\"auto, (max-width: 552px) 100vw, 552px\" \/><\/div><\/figure>\n\n\n\n\n<p>Utkastet som n\u00e5 foreligger er ikke i samsvar med v\u00e5re innspill og forventinger til fremdrift av utbygging av jernbane og vei. Finansiering av det omfattende mudringsprosjektet i Borg Havn er sv\u00e6rt viktig for Fredrikstad og Sarpsborg, og vi vil fortsette \u00e5 jobbe for finansiering ogs\u00e5 av den planlagte farledsutbedringen.<\/p>\n\n\n\n<p>V\u00e5re forventninger til at Nedre Glomma-regionen f\u00e5r utbygd n\u00f8dvendig infrastruktur, som st\u00e5r i samsvar med befolkningstettheten og verdiskapningen i dette omr\u00e5det og som ogs\u00e5 vil bidra til det gr\u00f8nne skiftet, er f\u00f8lgelig uendret.<\/p>\n\n\n\n<p>NTP skal n\u00e5 til behandling i Stortinget som ogs\u00e5 vedtar den. Fredrikstad H\u00f8yre vil fortsette \u00e5 arbeide for at utbyggingen av jernbane blir prioritert i den f\u00f8rste perioden av NTP og s\u00f8ke st\u00f8tte der vi kan f\u00e5 gjennomslag for dette. N\u00e5 er det viktig at det jobbes konstruktiv p\u00e5 tvers av partigrenser for \u00e5 sikre fremtidens samferdsel i Fredrikstad.<\/p>\n\n\n<div class=\"tags\">\n\t<\/div>\n<div class=\"post-footer alignfull has-background block-editor-block-list__block\" data-align=full>\n\t<div class=\"post-footer-inner\">\n\t\t<h3>Relaterte artikler<\/h3>\n\t\t<div class=\"related-content\"><div class=\"is-card-hoyre\">\n\t<div class=\"teft-card hoyre-teft-card post-teft-card\">\n\t\t<a href=\"https:\/\/hoyre.no\/fredrikstad\/aktuelt\/arne-sekkelsten-er-var-ordforerkandidat\/\" class=\"teft-card__primary-action\">\n\n\t\t\t\t\t<div class=\"teft-card__media teft-card__media--16-9\">\n\t\t\t\t\t\t<img loading=\"lazy\" decoding=\"async\" width=\"768\" height=\"770\" src=\"https:\/\/hoyre.no\/content\/uploads\/sites\/194\/2026\/04\/IMG_0144-768x770.jpg\" class=\"attachment-medium_large size-medium_large\" alt=\"\" srcset=\"https:\/\/hoyre.no\/content\/uploads\/sites\/194\/2026\/04\/IMG_0144-768x770.jpg 768w, https:\/\/hoyre.no\/content\/uploads\/sites\/194\/2026\/04\/IMG_0144-300x300.jpg 300w, https:\/\/hoyre.no\/content\/uploads\/sites\/194\/2026\/04\/IMG_0144-1021x1024.jpg 1021w, https:\/\/hoyre.no\/content\/uploads\/sites\/194\/2026\/04\/IMG_0144-150x150.jpg 150w, https:\/\/hoyre.no\/content\/uploads\/sites\/194\/2026\/04\/IMG_0144.jpg 1197w\" sizes=\"auto, (max-width: 768px) 100vw, 768px\" \/>\t\t<\/div>\n\t\t\n\t\t\t<div class=\"teft-card__content-wrapper\">\n\t\t\t\t<div class=\"teft-card__secondary\">\n\t\t\t\t\t\n\t\t\t\t\t\t\t\t<div class=\"teft-card__meta\">\n\t\t\t\t\t\t\t\t\t<span class=\"post-date\">24. apr 2026<\/span>\n\n\t\t\t\t\t\t\t\t\t<span class=\"post-category\">Bl\u00e5 mandag<\/span>\t\t\t\t\t\t\t\t<\/div>\n\t\t\t\t\t\t\t\t\t\t\t<\/div>\n\n\t\t\t\t<div class=\"teft-card__primary\">\n\t\t\t\t\t<h2 class=\"teft-card__title\">Arne Sekkelsten er v\u00e5r ordf\u00f8rerkandidat&nbsp;<span class=\"teft-card__primary-title-append\"><\/span><\/h2>\t\t\t\t<\/div>\n\t\t\t<\/div>\n\t\t<\/a>\n\t<\/div>\n\n\t<\/div><div class=\"is-card-hoyre\">\n\t<div class=\"teft-card hoyre-teft-card post-teft-card\">\n\t\t<a href=\"https:\/\/hoyre.no\/fredrikstad\/aktuelt\/setter-skolen-forst-38-millioner-til-vedlikehold-sentrumsskole-utsettes\/\" class=\"teft-card__primary-action\">\n\n\t\t\t\t\t<div class=\"teft-card__media teft-card__media--16-9\">\n\t\t\t\t\t\t<img loading=\"lazy\" decoding=\"async\" width=\"768\" height=\"544\" src=\"https:\/\/hoyre.no\/content\/uploads\/sites\/194\/2026\/04\/skole1-768x544.jpeg\" class=\"attachment-medium_large size-medium_large\" alt=\"\" srcset=\"https:\/\/hoyre.no\/content\/uploads\/sites\/194\/2026\/04\/skole1-768x544.jpeg 768w, https:\/\/hoyre.no\/content\/uploads\/sites\/194\/2026\/04\/skole1-300x213.jpeg 300w, https:\/\/hoyre.no\/content\/uploads\/sites\/194\/2026\/04\/skole1-1024x725.jpeg 1024w, https:\/\/hoyre.no\/content\/uploads\/sites\/194\/2026\/04\/skole1.jpeg 1200w\" sizes=\"auto, (max-width: 768px) 100vw, 768px\" \/>\t\t<\/div>\n\t\t\n\t\t\t<div class=\"teft-card__content-wrapper\">\n\t\t\t\t<div class=\"teft-card__secondary\">\n\t\t\t\t\t\n\t\t\t\t\t\t\t\t<div class=\"teft-card__meta\">\n\t\t\t\t\t\t\t\t\t<span class=\"post-date\">24. apr 2026<\/span>\n\n\t\t\t\t\t\t\t\t\t<span class=\"post-category\">Ukategorisert<\/span>\t\t\t\t\t\t\t\t<\/div>\n\t\t\t\t\t\t\t\t\t\t\t<\/div>\n\n\t\t\t\t<div class=\"teft-card__primary\">\n\t\t\t\t\t<h2 class=\"teft-card__title\">Setter skolen f\u00f8rst: 38 millioner til vedlikehold \u2013 sentrumsskole utsettes&nbsp;<span class=\"teft-card__primary-title-append\"><\/span><\/h2>\t\t\t\t<\/div>\n\t\t\t<\/div>\n\t\t<\/a>\n\t<\/div>\n\n\t<\/div><div class=\"is-card-hoyre\">\n\t<div class=\"teft-card hoyre-teft-card post-teft-card\">\n\t\t<a href=\"https:\/\/hoyre.no\/fredrikstad\/aktuelt\/ny-kulturlov-gir-tydeligere-ansvar-og-storre-avstand\/\" class=\"teft-card__primary-action\">\n\n\t\t\t\t\t<div class=\"teft-card__media teft-card__media--16-9\">\n\t\t\t\t\t\t<img loading=\"lazy\" decoding=\"async\" width=\"768\" height=\"960\" src=\"https:\/\/hoyre.no\/content\/uploads\/sites\/194\/2026\/04\/att.XiFg1q1Qugi0c8G-yCUH2SBeNTi2reWpAV3x4kUDOA8-768x960.jpg\" class=\"attachment-medium_large size-medium_large\" alt=\"\" srcset=\"https:\/\/hoyre.no\/content\/uploads\/sites\/194\/2026\/04\/att.XiFg1q1Qugi0c8G-yCUH2SBeNTi2reWpAV3x4kUDOA8-768x960.jpg 768w, https:\/\/hoyre.no\/content\/uploads\/sites\/194\/2026\/04\/att.XiFg1q1Qugi0c8G-yCUH2SBeNTi2reWpAV3x4kUDOA8-240x300.jpg 240w, https:\/\/hoyre.no\/content\/uploads\/sites\/194\/2026\/04\/att.XiFg1q1Qugi0c8G-yCUH2SBeNTi2reWpAV3x4kUDOA8-819x1024.jpg 819w, https:\/\/hoyre.no\/content\/uploads\/sites\/194\/2026\/04\/att.XiFg1q1Qugi0c8G-yCUH2SBeNTi2reWpAV3x4kUDOA8-1229x1536.jpg 1229w, https:\/\/hoyre.no\/content\/uploads\/sites\/194\/2026\/04\/att.XiFg1q1Qugi0c8G-yCUH2SBeNTi2reWpAV3x4kUDOA8.jpg 1638w\" sizes=\"auto, (max-width: 768px) 100vw, 768px\" \/>\t\t<\/div>\n\t\t\n\t\t\t<div class=\"teft-card__content-wrapper\">\n\t\t\t\t<div class=\"teft-card__secondary\">\n\t\t\t\t\t\n\t\t\t\t\t\t\t\t<div class=\"teft-card__meta\">\n\t\t\t\t\t\t\t\t\t<span class=\"post-date\">24. apr 2026<\/span>\n\n\t\t\t\t\t\t\t\t\t\t\t\t\t\t\t\t\t<\/div>\n\t\t\t\t\t\t\t\t\t\t\t<\/div>\n\n\t\t\t\t<div class=\"teft-card__primary\">\n\t\t\t\t\t<h2 class=\"teft-card__title\">Ny kulturlov gir tydeligere ansvar \u2013 og st\u00f8rre avstand&nbsp;<span class=\"teft-card__primary-title-append\"><\/span><\/h2>\t\t\t\t<\/div>\n\t\t\t<\/div>\n\t\t<\/a>\n\t<\/div>\n\n\t<\/div><\/div>\t<\/div>\n<\/div>\n","protected":false},"excerpt":{"rendered":"","protected":false},"author":19578,"featured_media":0,"comment_status":"closed","ping_status":"closed","sticky":false,"template":"","format":"standard","meta":{"teft_cards_image_url":"","teft_cards_custom_pretitle":"","teft_cards_image_id":303,"teft_cards_image_focal_point_x":0.5,"teft_cards_image_focal_point_y":0.5,"teft_cards_title":"","teft_cards_excerpt":"","teft_show_chapters":false,"author_display_name":"Eivind Leister, leder av Fredrikstad H\u00f8yre og bystyrerepresentant. ","footnotes":""},"category":[26],"post_tag":[],"hoyre-visibility":[],"article-type":[],"politician":[],"class_list":["post-438","post","type-post","status-publish","format-standard","hentry","category-samferdsel"],"yoast_head":"<!-- This site is optimized with the Yoast SEO plugin v26.6 - https:\/\/yoast.com\/wordpress\/plugins\/seo\/ -->\n<title>Fredrikstad H\u00f8yre er skuffet over NTP - Fredrikstad H\u00f8yre<\/title>\n<meta name=\"robots\" content=\"index, follow, max-snippet:-1, max-image-preview:large, max-video-preview:-1\" \/>\n<link rel=\"canonical\" href=\"https:\/\/hoyre.no\/fredrikstad\/aktuelt\/fredrikstad-hoyre-er-skuffet-over-ntp\/\" \/>\n<meta property=\"og:locale\" content=\"nb_NO\" \/>\n<meta property=\"og:type\" content=\"article\" \/>\n<meta property=\"og:title\" content=\"Fredrikstad H\u00f8yre er skuffet over NTP - Fredrikstad H\u00f8yre\" \/>\n<meta property=\"og:url\" content=\"https:\/\/hoyre.no\/fredrikstad\/aktuelt\/fredrikstad-hoyre-er-skuffet-over-ntp\/\" \/>\n<meta property=\"og:site_name\" content=\"Fredrikstad H\u00f8yre\" \/>\n<meta property=\"article:published_time\" content=\"2021-03-29T08:35:02+00:00\" \/>\n<meta property=\"article:modified_time\" content=\"2021-03-29T08:35:39+00:00\" \/>\n<meta property=\"og:image\" content=\"https:\/\/hoyre.no\/content\/uploads\/sites\/194\/2026\/04\/att.XiFg1q1Qugi0c8G-yCUH2SBeNTi2reWpAV3x4kUDOA8-819x1024.jpg\" \/>\n<meta name=\"author\" content=\"Marianne Klever N\u00e6ss\" \/>\n<meta name=\"twitter:card\" content=\"summary_large_image\" \/>\n<meta name=\"twitter:label1\" content=\"Skrevet av\" \/>\n\t<meta name=\"twitter:data1\" content=\"Marianne Klever N\u00e6ss\" \/>\n\t<meta name=\"twitter:label2\" content=\"Ansl. lesetid\" \/>\n\t<meta name=\"twitter:data2\" content=\"1 minutt\" \/>\n<script type=\"application\/ld+json\" class=\"yoast-schema-graph\">{\"@context\":\"https:\/\/schema.org\",\"@graph\":[{\"@type\":\"NewsArticle\",\"@id\":\"https:\/\/hoyre.no\/fredrikstad\/aktuelt\/fredrikstad-hoyre-er-skuffet-over-ntp\/\",\"url\":\"https:\/\/hoyre.no\/fredrikstad\/aktuelt\/fredrikstad-hoyre-er-skuffet-over-ntp\/\",\"name\":\"Fredrikstad H\u00f8yre er skuffet over NTP - Fredrikstad H\u00f8yre\",\"isPartOf\":{\"@id\":\"https:\/\/hoyre.no\/fredrikstad\/#website\"},\"datePublished\":\"2021-03-29T08:35:02+00:00\",\"dateModified\":\"2021-03-29T08:35:39+00:00\",\"author\":{\"@id\":\"https:\/\/hoyre.no\/fredrikstad\/#\/schema\/person\/a41511d2f54e5077184b8e1f24e5e168\"},\"breadcrumb\":{\"@id\":\"https:\/\/hoyre.no\/fredrikstad\/aktuelt\/fredrikstad-hoyre-er-skuffet-over-ntp\/#breadcrumb\"},\"inLanguage\":\"nb-NO\",\"potentialAction\":[{\"@type\":\"ReadAction\",\"target\":[\"https:\/\/hoyre.no\/fredrikstad\/aktuelt\/fredrikstad-hoyre-er-skuffet-over-ntp\/\"]}]},{\"@type\":\"BreadcrumbList\",\"@id\":\"https:\/\/hoyre.no\/fredrikstad\/aktuelt\/fredrikstad-hoyre-er-skuffet-over-ntp\/#breadcrumb\",\"itemListElement\":[{\"@type\":\"ListItem\",\"position\":1,\"name\":\"Til hoyre.no\",\"item\":\"https:\/\/hoyre.no\"},{\"@type\":\"ListItem\",\"position\":2,\"name\":\"Hjem\",\"item\":\"https:\/\/hoyre.no\/fredrikstad\/\"},{\"@type\":\"ListItem\",\"position\":3,\"name\":\"Fredrikstad H\u00f8yre er skuffet over NTP\"}]},{\"@type\":\"WebSite\",\"@id\":\"https:\/\/hoyre.no\/fredrikstad\/#website\",\"url\":\"https:\/\/hoyre.no\/fredrikstad\/\",\"name\":\"Fredrikstad H\u00f8yre\",\"description\":\"Bare enda et H\u00f8yres nettsteder-nettsted\",\"inLanguage\":\"nb-NO\"},{\"@type\":\"Person\",\"@id\":\"https:\/\/hoyre.no\/fredrikstad\/#\/schema\/person\/a41511d2f54e5077184b8e1f24e5e168\",\"name\":\"Marianne Klever N\u00e6ss\",\"image\":{\"@type\":\"ImageObject\",\"inLanguage\":\"nb-NO\",\"@id\":\"https:\/\/hoyre.no\/fredrikstad\/#\/schema\/person\/image\/\",\"url\":\"https:\/\/secure.gravatar.com\/avatar\/8056ab3e4896dadffb1e5dec6c530bc5c5548f4c70125b89abb402d0ae7fd32c?s=96&d=mm&r=g\",\"contentUrl\":\"https:\/\/secure.gravatar.com\/avatar\/8056ab3e4896dadffb1e5dec6c530bc5c5548f4c70125b89abb402d0ae7fd32c?s=96&d=mm&r=g\",\"caption\":\"Marianne Klever N\u00e6ss\"},\"url\":\"https:\/\/hoyre.no\/fredrikstad\/aktuelt\/author\/m50543396\/\"}]}<\/script>\n<!-- \/ Yoast SEO plugin. -->","yoast_head_json":{"title":"Fredrikstad H\u00f8yre er skuffet over NTP - Fredrikstad H\u00f8yre","robots":{"index":"index","follow":"follow","max-snippet":"max-snippet:-1","max-image-preview":"max-image-preview:large","max-video-preview":"max-video-preview:-1"},"canonical":"https:\/\/hoyre.no\/fredrikstad\/aktuelt\/fredrikstad-hoyre-er-skuffet-over-ntp\/","og_locale":"nb_NO","og_type":"article","og_title":"Fredrikstad H\u00f8yre er skuffet over NTP - Fredrikstad H\u00f8yre","og_url":"https:\/\/hoyre.no\/fredrikstad\/aktuelt\/fredrikstad-hoyre-er-skuffet-over-ntp\/","og_site_name":"Fredrikstad H\u00f8yre","article_published_time":"2021-03-29T08:35:02+00:00","article_modified_time":"2021-03-29T08:35:39+00:00","og_image":[{"url":"https:\/\/hoyre.no\/content\/uploads\/sites\/194\/2026\/04\/att.XiFg1q1Qugi0c8G-yCUH2SBeNTi2reWpAV3x4kUDOA8-819x1024.jpg","width":"","height":"","type":""}],"author":"Marianne Klever N\u00e6ss","twitter_card":"summary_large_image","twitter_misc":{"Skrevet av":"Marianne Klever N\u00e6ss","Ansl. lesetid":"1 minutt"},"schema":{"@context":"https:\/\/schema.org","@graph":[{"@type":"NewsArticle","@id":"https:\/\/hoyre.no\/fredrikstad\/aktuelt\/fredrikstad-hoyre-er-skuffet-over-ntp\/","url":"https:\/\/hoyre.no\/fredrikstad\/aktuelt\/fredrikstad-hoyre-er-skuffet-over-ntp\/","name":"Fredrikstad H\u00f8yre er skuffet over NTP - Fredrikstad H\u00f8yre","isPartOf":{"@id":"https:\/\/hoyre.no\/fredrikstad\/#website"},"datePublished":"2021-03-29T08:35:02+00:00","dateModified":"2021-03-29T08:35:39+00:00","author":{"@id":"https:\/\/hoyre.no\/fredrikstad\/#\/schema\/person\/a41511d2f54e5077184b8e1f24e5e168"},"breadcrumb":{"@id":"https:\/\/hoyre.no\/fredrikstad\/aktuelt\/fredrikstad-hoyre-er-skuffet-over-ntp\/#breadcrumb"},"inLanguage":"nb-NO","potentialAction":[{"@type":"ReadAction","target":["https:\/\/hoyre.no\/fredrikstad\/aktuelt\/fredrikstad-hoyre-er-skuffet-over-ntp\/"]}]},{"@type":"BreadcrumbList","@id":"https:\/\/hoyre.no\/fredrikstad\/aktuelt\/fredrikstad-hoyre-er-skuffet-over-ntp\/#breadcrumb","itemListElement":[{"@type":"ListItem","position":1,"name":"Til hoyre.no","item":"https:\/\/hoyre.no"},{"@type":"ListItem","position":2,"name":"Hjem","item":"https:\/\/hoyre.no\/fredrikstad\/"},{"@type":"ListItem","position":3,"name":"Fredrikstad H\u00f8yre er skuffet over NTP"}]},{"@type":"WebSite","@id":"https:\/\/hoyre.no\/fredrikstad\/#website","url":"https:\/\/hoyre.no\/fredrikstad\/","name":"Fredrikstad H\u00f8yre","description":"Bare enda et H\u00f8yres nettsteder-nettsted","inLanguage":"nb-NO"},{"@type":"Person","@id":"https:\/\/hoyre.no\/fredrikstad\/#\/schema\/person\/a41511d2f54e5077184b8e1f24e5e168","name":"Marianne Klever N\u00e6ss","image":{"@type":"ImageObject","inLanguage":"nb-NO","@id":"https:\/\/hoyre.no\/fredrikstad\/#\/schema\/person\/image\/","url":"https:\/\/secure.gravatar.com\/avatar\/8056ab3e4896dadffb1e5dec6c530bc5c5548f4c70125b89abb402d0ae7fd32c?s=96&d=mm&r=g","contentUrl":"https:\/\/secure.gravatar.com\/avatar\/8056ab3e4896dadffb1e5dec6c530bc5c5548f4c70125b89abb402d0ae7fd32c?s=96&d=mm&r=g","caption":"Marianne Klever N\u00e6ss"},"url":"https:\/\/hoyre.no\/fredrikstad\/aktuelt\/author\/m50543396\/"}]}},"distributor_meta":false,"distributor_terms":false,"distributor_media":false,"distributor_original_site_name":"Fredrikstad H\u00f8yre","distributor_original_site_url":"https:\/\/hoyre.no\/fredrikstad","push-errors":false,"_links":{"self":[{"href":"https:\/\/hoyre.no\/fredrikstad\/wp-json\/wp\/v2\/posts\/438","targetHints":{"allow":["GET"]}}],"collection":[{"href":"https:\/\/hoyre.no\/fredrikstad\/wp-json\/wp\/v2\/posts"}],"about":[{"href":"https:\/\/hoyre.no\/fredrikstad\/wp-json\/wp\/v2\/types\/post"}],"author":[{"embeddable":true,"href":"https:\/\/hoyre.no\/fredrikstad\/wp-json\/wp\/v2\/users\/19578"}],"replies":[{"embeddable":true,"href":"https:\/\/hoyre.no\/fredrikstad\/wp-json\/wp\/v2\/comments?post=438"}],"version-history":[{"count":1,"href":"https:\/\/hoyre.no\/fredrikstad\/wp-json\/wp\/v2\/posts\/438\/revisions"}],"predecessor-version":[{"id":439,"href":"https:\/\/hoyre.no\/fredrikstad\/wp-json\/wp\/v2\/posts\/438\/revisions\/439"}],"wp:attachment":[{"href":"https:\/\/hoyre.no\/fredrikstad\/wp-json\/wp\/v2\/media?parent=438"}],"wp:term":[{"taxonomy":"category","embeddable":true,"href":"https:\/\/hoyre.no\/fredrikstad\/wp-json\/wp\/v2\/category?post=438"},{"taxonomy":"post_tag","embeddable":true,"href":"https:\/\/hoyre.no\/fredrikstad\/wp-json\/wp\/v2\/post_tag?post=438"},{"taxonomy":"hoyre-visibility","embeddable":true,"href":"https:\/\/hoyre.no\/fredrikstad\/wp-json\/wp\/v2\/hoyre-visibility?post=438"},{"taxonomy":"article-type","embeddable":true,"href":"https:\/\/hoyre.no\/fredrikstad\/wp-json\/wp\/v2\/article-type?post=438"},{"taxonomy":"politician","embeddable":true,"href":"https:\/\/hoyre.no\/fredrikstad\/wp-json\/wp\/v2\/politician?post=438"}],"curies":[{"name":"wp","href":"https:\/\/api.w.org\/{rel}","templated":true}]}}