{"id":103,"date":"2023-03-13T21:00:37","date_gmt":"2023-03-13T20:00:37","guid":{"rendered":"https:\/\/hoyre.no\/giske\/?p=103"},"modified":"2023-03-13T23:11:37","modified_gmt":"2023-03-13T22:11:37","slug":"ny-topptrio-til-komande-kommuneval","status":"publish","type":"post","link":"https:\/\/hoyre.no\/giske\/aktuelt\/ny-topptrio-til-komande-kommuneval\/","title":{"rendered":"Ny topptrio til komande kommuneval"},"content":{"rendered":"\n<p class=\"preamble\">Nominasjonsm\u00f8tet i Giske H\u00f8gre har talt &#8211; Tre kandidatar vert kumulert til partiet si valliste for kommunevalet 2023<\/p>\t\t\t<div class=\"post-meta wp-block teft-byline-wrapper\">\n\t\t\t\t<div class=\"top\">\n\t\t\t\t\t<div class=\"signature\">\n\t\t\t\t\t\t<div class=\"teft-byline\">\n\t\t\t\t\t\t\t\t\t\t\t\t\t\t<div>\n\t\t\t\t\t\t\t\t<h3>H\u00f8yres redaksjon<\/h3>\t\t\t\t\t\t\t\t\n\t\t\t\t\t\t\t\t\t\t\t\t\t\t\t\t\t<span class=\"date\">Sist oppdatert: 13. mars 2023<\/span>\n\t\t\t\t\t\t\t\t\t\t\t\t\t\t\t\t\t\t\t\t\t\t\t\t\t<span class=\"reading-time\" itemprop=\"timeRequired\" content=\"PT1M\"><em>Ca. 1 minutter lesetid<\/em><\/span>\n\t\t\t\t\t\t\t\t\t\t\t\t\t\t\t<\/div>\n\t\t\t\t\t\t<\/div>\n\t\t\t\t\t<\/div>\n\t\t\t\t\t\t<div class=\"sharing\">\n\t\t<a class=\"share-button share-link copy-link\" data-copy=\"https:\/\/hoyre.no\/giske\/aktuelt\/ny-topptrio-til-komande-kommuneval\/\" target=\"_blank\"><span class=\"screen-reader-text\">Del link<\/span><\/a>\n\t\t<a class=\"share-button share-twitter\" href=\"http:\/\/twitter.com\/share?text=Ny topptrio til komande kommuneval&#038;url=https:\/\/hoyre.no\/giske\/aktuelt\/ny-topptrio-til-komande-kommuneval\/&#038;hashtags=Hoyre\" target=\"_blank\"><span class=\"screen-reader-text\">Del p\u00e5 twitter<\/span><\/a>\n\t\t<a class=\"share-button share-facebook\" href=\"https:\/\/www.facebook.com\/sharer\/sharer.php?u=https:\/\/hoyre.no\/giske\/aktuelt\/ny-topptrio-til-komande-kommuneval\/\" target=\"_blank\"><span class=\"screen-reader-text\">Del p\u00e5 facebook<\/span><\/a>\n\t<\/div>\n\t\t\t\t\t<\/div>\n\t\t\t<\/div>\n\n\t\t\t<figure class=\"hoyre-image-wrapper\"><div class=\"hoyre-image\"><img loading=\"lazy\" decoding=\"async\" width=\"2415\" height=\"2171\" src=\"https:\/\/hoyre.no\/content\/uploads\/sites\/107\/2023\/03\/Trio.jpg\" class=\"attachment-scaled size-scaled\" alt=\"\" style=\"object-position: 50% 50%\" srcset=\"https:\/\/hoyre.no\/content\/uploads\/sites\/107\/2023\/03\/Trio.jpg 2415w, https:\/\/hoyre.no\/content\/uploads\/sites\/107\/2023\/03\/Trio-300x270.jpg 300w, https:\/\/hoyre.no\/content\/uploads\/sites\/107\/2023\/03\/Trio-1024x921.jpg 1024w, https:\/\/hoyre.no\/content\/uploads\/sites\/107\/2023\/03\/Trio-768x690.jpg 768w, https:\/\/hoyre.no\/content\/uploads\/sites\/107\/2023\/03\/Trio-1536x1381.jpg 1536w, https:\/\/hoyre.no\/content\/uploads\/sites\/107\/2023\/03\/Trio-2048x1841.jpg 2048w\" sizes=\"auto, (max-width: 2415px) 100vw, 2415px\" \/><\/div><figcaption class=\"caption\">F.v. Kenneth Langvatn, Kjersti Valderhaug Bakke og Louise Haahjem<\/figcaption><\/figure>\n\n\n\n\n<p>Nominasjonsm\u00f8tet i Giske H\u00f8gre gjorde f\u00e5 endringar p\u00e5 nominasjonskomiteen sitt framlegg. Toppkandidaten var samr\u00f8ystes valgt til partiet sin ordf\u00f8rarkandidat til komande kommuneval. I tillegg vart lista sin andre og tredjekandidat kumulert.  <\/p>\n\n\n\n<p>Dei tre p\u00e5 topp er:<br>1. Kenneth Langvatn &#8211; ordf\u00f8rarkandidat<br>2. Kjersti Valderhaug Bakke<br>3. Louise Haahjem<\/p>\n\n\n\n<p>Resten av lista f\u00e5r lokallagsstyret fullmakt til \u00e5 supplere, med frist innan 24. mars.<\/p>\n\n\n<div class=\"tags\">\n\t<\/div>\n<div class=\"post-footer alignfull has-background block-editor-block-list__block\" data-align=full>\n\t<div class=\"post-footer-inner\">\n\t\t<h3>Relaterte artikler<\/h3>\n\t\t<div class=\"related-content\"><div class=\"is-card-hoyre\">\n\t<div class=\"teft-card hoyre-teft-card post-teft-card\">\n\t\t<a href=\"https:\/\/hoyre.no\/giske\/aktuelt\/program-for-perioden-2023-2027\/\" class=\"teft-card__primary-action\">\n\n\t\t\t\t\t<div class=\"teft-card__media teft-card__media--16-9\">\n\t\t\t\t\t\t<img loading=\"lazy\" decoding=\"async\" width=\"768\" height=\"489\" src=\"https:\/\/hoyre.no\/content\/uploads\/sites\/107\/2023\/08\/giske-768x489.jpg\" class=\"attachment-medium_large size-medium_large\" alt=\"\" srcset=\"https:\/\/hoyre.no\/content\/uploads\/sites\/107\/2023\/08\/giske-768x489.jpg 768w, https:\/\/hoyre.no\/content\/uploads\/sites\/107\/2023\/08\/giske-300x191.jpg 300w, https:\/\/hoyre.no\/content\/uploads\/sites\/107\/2023\/08\/giske-1024x653.jpg 1024w, https:\/\/hoyre.no\/content\/uploads\/sites\/107\/2023\/08\/giske.jpg 1315w\" sizes=\"auto, (max-width: 768px) 100vw, 768px\" \/>\t\t<\/div>\n\t\t\n\t\t\t<div class=\"teft-card__content-wrapper\">\n\t\t\t\t<div class=\"teft-card__secondary\">\n\t\t\t\t\t\n\t\t\t\t\t\t\t\t<div class=\"teft-card__meta\">\n\t\t\t\t\t\t\t\t\t<span class=\"post-date\">3. aug 2023<\/span>\n\n\t\t\t\t\t\t\t\t\t<span class=\"post-category\">Nyheiter<\/span>\t\t\t\t\t\t\t\t<\/div>\n\t\t\t\t\t\t\t\t\t\t\t<\/div>\n\n\t\t\t\t<div class=\"teft-card__primary\">\n\t\t\t\t\t<h2 class=\"teft-card__title\">Program for perioden 2023-2027&nbsp;<span class=\"teft-card__primary-title-append\"><\/span><\/h2>\t\t\t\t<\/div>\n\t\t\t<\/div>\n\t\t<\/a>\n\t<\/div>\n\n\t<\/div><div class=\"is-card-hoyre\">\n\t<div class=\"teft-card hoyre-teft-card post-teft-card\">\n\t\t<a href=\"https:\/\/hoyre.no\/giske\/aktuelt\/riksvegen-som-deler-lokalsamfunnet\/\" class=\"teft-card__primary-action\">\n\n\t\t\t\t\t<div class=\"teft-card__media teft-card__media--16-9\">\n\t\t\t\t\t\t<img loading=\"lazy\" decoding=\"async\" width=\"768\" height=\"576\" src=\"https:\/\/hoyre.no\/content\/uploads\/sites\/107\/2023\/06\/IMG-1390-768x576.jpg\" class=\"attachment-medium_large size-medium_large\" alt=\"\" srcset=\"https:\/\/hoyre.no\/content\/uploads\/sites\/107\/2023\/06\/IMG-1390-768x576.jpg 768w, https:\/\/hoyre.no\/content\/uploads\/sites\/107\/2023\/06\/IMG-1390-300x225.jpg 300w, https:\/\/hoyre.no\/content\/uploads\/sites\/107\/2023\/06\/IMG-1390-1024x768.jpg 1024w, https:\/\/hoyre.no\/content\/uploads\/sites\/107\/2023\/06\/IMG-1390-1536x1152.jpg 1536w, https:\/\/hoyre.no\/content\/uploads\/sites\/107\/2023\/06\/IMG-1390-2048x1536.jpg 2048w\" sizes=\"auto, (max-width: 768px) 100vw, 768px\" \/>\t\t<\/div>\n\t\t\n\t\t\t<div class=\"teft-card__content-wrapper\">\n\t\t\t\t<div class=\"teft-card__secondary\">\n\t\t\t\t\t\n\t\t\t\t\t\t\t\t<div class=\"teft-card__meta\">\n\t\t\t\t\t\t\t\t\t<span class=\"post-date\">28. jun 2023<\/span>\n\n\t\t\t\t\t\t\t\t\t\t\t\t\t\t\t\t\t<\/div>\n\t\t\t\t\t\t\t\t\t\t\t<\/div>\n\n\t\t\t\t<div class=\"teft-card__primary\">\n\t\t\t\t\t<h2 class=\"teft-card__title\">Riksvegen som deler opp lokalsamfunnet&nbsp;<span class=\"teft-card__primary-title-append\"><\/span><\/h2>\t\t\t\t<\/div>\n\t\t\t<\/div>\n\t\t<\/a>\n\t<\/div>\n\n\t<\/div><div class=\"is-card-hoyre\">\n\t<div class=\"teft-card hoyre-teft-card post-teft-card\">\n\t\t<a href=\"https:\/\/hoyre.no\/giske\/aktuelt\/arsrapport-for-giske-kommune-2022\/\" class=\"teft-card__primary-action\">\n\n\t\t\t\t\t<div class=\"teft-card__media teft-card__media--16-9\">\n\t\t\t\t\t\t<img loading=\"lazy\" decoding=\"async\" width=\"768\" height=\"521\" src=\"https:\/\/hoyre.no\/content\/uploads\/sites\/107\/2023\/06\/Skjermbilde-2023-06-15-095258-768x521.jpg\" class=\"attachment-medium_large size-medium_large\" alt=\"\" srcset=\"https:\/\/hoyre.no\/content\/uploads\/sites\/107\/2023\/06\/Skjermbilde-2023-06-15-095258-768x521.jpg 768w, https:\/\/hoyre.no\/content\/uploads\/sites\/107\/2023\/06\/Skjermbilde-2023-06-15-095258-300x203.jpg 300w, https:\/\/hoyre.no\/content\/uploads\/sites\/107\/2023\/06\/Skjermbilde-2023-06-15-095258-1024x694.jpg 1024w, https:\/\/hoyre.no\/content\/uploads\/sites\/107\/2023\/06\/Skjermbilde-2023-06-15-095258-1536x1042.jpg 1536w, https:\/\/hoyre.no\/content\/uploads\/sites\/107\/2023\/06\/Skjermbilde-2023-06-15-095258.jpg 1566w\" sizes=\"auto, (max-width: 768px) 100vw, 768px\" \/>\t\t<\/div>\n\t\t\n\t\t\t<div class=\"teft-card__content-wrapper\">\n\t\t\t\t<div class=\"teft-card__secondary\">\n\t\t\t\t\t\n\t\t\t\t\t\t\t\t<div class=\"teft-card__meta\">\n\t\t\t\t\t\t\t\t\t<span class=\"post-date\">15. jun 2023<\/span>\n\n\t\t\t\t\t\t\t\t\t<span class=\"post-category\">Nyheiter<\/span>\t\t\t\t\t\t\t\t<\/div>\n\t\t\t\t\t\t\t\t\t\t\t<\/div>\n\n\t\t\t\t<div class=\"teft-card__primary\">\n\t\t\t\t\t<h2 class=\"teft-card__title\">\u00c5rsrapport for Giske kommune 2022&nbsp;<span class=\"teft-card__primary-title-append\"><\/span><\/h2>\t\t\t\t<\/div>\n\t\t\t<\/div>\n\t\t<\/a>\n\t<\/div>\n\n\t<\/div><\/div>\t<\/div>\n<\/div>\n","protected":false},"excerpt":{"rendered":"","protected":false},"author":4510,"featured_media":0,"comment_status":"closed","ping_status":"closed","sticky":false,"template":"","format":"standard","meta":{"teft_cards_image_url":"","teft_cards_custom_pretitle":"","teft_cards_image_id":104,"teft_cards_image_focal_point_x":0.5,"teft_cards_image_focal_point_y":0.5,"teft_cards_title":"","teft_cards_excerpt":"","teft_show_chapters":false,"author_display_name":"","footnotes":""},"category":[1],"post_tag":[],"hoyre-visibility":[],"article-type":[],"politician":[],"class_list":["post-103","post","type-post","status-publish","format-standard","hentry","category-nyheiter"],"yoast_head":"<!-- This site is optimized with the Yoast SEO plugin v26.6 - https:\/\/yoast.com\/wordpress\/plugins\/seo\/ -->\n<title>Ny topptrio til komande kommuneval - Giske H\u00f8gre<\/title>\n<meta name=\"robots\" content=\"index, follow, max-snippet:-1, max-image-preview:large, max-video-preview:-1\" \/>\n<link rel=\"canonical\" href=\"https:\/\/hoyre.no\/giske\/aktuelt\/ny-topptrio-til-komande-kommuneval\/\" \/>\n<meta property=\"og:locale\" content=\"nn_NO\" \/>\n<meta property=\"og:type\" content=\"article\" \/>\n<meta property=\"og:title\" content=\"Ny topptrio til komande kommuneval - Giske H\u00f8gre\" \/>\n<meta property=\"og:url\" content=\"https:\/\/hoyre.no\/giske\/aktuelt\/ny-topptrio-til-komande-kommuneval\/\" \/>\n<meta property=\"og:site_name\" content=\"Giske H\u00f8gre\" \/>\n<meta property=\"article:published_time\" content=\"2023-03-13T20:00:37+00:00\" \/>\n<meta property=\"article:modified_time\" content=\"2023-03-13T22:11:37+00:00\" \/>\n<meta property=\"og:image\" content=\"https:\/\/hoyre.no\/content\/uploads\/sites\/107\/2023\/06\/Skjermbilde-2023-06-15-095258-1024x694.jpg\" \/>\n<meta name=\"author\" content=\"Kenneth Langvatn\" \/>\n<meta name=\"twitter:card\" content=\"summary_large_image\" \/>\n<meta name=\"twitter:label1\" content=\"Written by\" \/>\n\t<meta name=\"twitter:data1\" content=\"Kenneth Langvatn\" \/>\n\t<meta name=\"twitter:label2\" content=\"Est. reading time\" \/>\n\t<meta name=\"twitter:data2\" content=\"1 minutt\" \/>\n<script type=\"application\/ld+json\" class=\"yoast-schema-graph\">{\"@context\":\"https:\/\/schema.org\",\"@graph\":[{\"@type\":\"Article\",\"@id\":\"https:\/\/hoyre.no\/giske\/aktuelt\/ny-topptrio-til-komande-kommuneval\/#article\",\"isPartOf\":{\"@id\":\"https:\/\/hoyre.no\/giske\/aktuelt\/ny-topptrio-til-komande-kommuneval\/\"},\"author\":{\"name\":\"Kenneth Langvatn\",\"@id\":\"https:\/\/hoyre.no\/giske\/#\/schema\/person\/a7df7bb55d948b2d4fa20d4b6e431334\"},\"headline\":\"Ny topptrio til komande kommuneval\",\"datePublished\":\"2023-03-13T20:00:37+00:00\",\"dateModified\":\"2023-03-13T22:11:37+00:00\",\"mainEntityOfPage\":{\"@id\":\"https:\/\/hoyre.no\/giske\/aktuelt\/ny-topptrio-til-komande-kommuneval\/\"},\"wordCount\":111,\"publisher\":{\"@id\":\"https:\/\/hoyre.no\/giske\/#organization\"},\"articleSection\":[\"Nyheiter\"],\"inLanguage\":\"nn-NO\"},{\"@type\":\"NewsArticle\",\"@id\":\"https:\/\/hoyre.no\/giske\/aktuelt\/ny-topptrio-til-komande-kommuneval\/\",\"url\":\"https:\/\/hoyre.no\/giske\/aktuelt\/ny-topptrio-til-komande-kommuneval\/\",\"name\":\"Ny topptrio til komande kommuneval - Giske H\u00f8gre\",\"isPartOf\":{\"@id\":\"https:\/\/hoyre.no\/giske\/#website\"},\"datePublished\":\"2023-03-13T20:00:37+00:00\",\"dateModified\":\"2023-03-13T22:11:37+00:00\",\"breadcrumb\":{\"@id\":\"https:\/\/hoyre.no\/giske\/aktuelt\/ny-topptrio-til-komande-kommuneval\/#breadcrumb\"},\"inLanguage\":\"nn-NO\",\"potentialAction\":[{\"@type\":\"ReadAction\",\"target\":[\"https:\/\/hoyre.no\/giske\/aktuelt\/ny-topptrio-til-komande-kommuneval\/\"]}]},{\"@type\":\"BreadcrumbList\",\"@id\":\"https:\/\/hoyre.no\/giske\/aktuelt\/ny-topptrio-til-komande-kommuneval\/#breadcrumb\",\"itemListElement\":[{\"@type\":\"ListItem\",\"position\":1,\"name\":\"Til hoyre.no\",\"item\":\"https:\/\/hoyre.no\"},{\"@type\":\"ListItem\",\"position\":2,\"name\":\"Hjem\",\"item\":\"https:\/\/hoyre.no\/giske\/\"},{\"@type\":\"ListItem\",\"position\":3,\"name\":\"Ny topptrio til komande kommuneval\"}]},{\"@type\":\"WebSite\",\"@id\":\"https:\/\/hoyre.no\/giske\/#website\",\"url\":\"https:\/\/hoyre.no\/giske\/\",\"name\":\"Giske H\u00f8gre\",\"description\":\"Bare enda et H\u00f8yres nettsteder-nettsted\",\"publisher\":{\"@id\":\"https:\/\/hoyre.no\/giske\/#organization\"},\"inLanguage\":\"nn-NO\"},{\"@type\":\"Organization\",\"@id\":\"https:\/\/hoyre.no\/giske\/#organization\",\"name\":\"Giske H\u00f8gre\",\"url\":\"https:\/\/hoyre.no\/giske\/\",\"logo\":{\"@type\":\"ImageObject\",\"inLanguage\":\"nn-NO\",\"@id\":\"https:\/\/hoyre.no\/giske\/#\/schema\/logo\/image\/\",\"url\":\"https:\/\/hoyre.no\/content\/uploads\/sites\/107\/2022\/11\/Hoyres-logo.png\",\"contentUrl\":\"https:\/\/hoyre.no\/content\/uploads\/sites\/107\/2022\/11\/Hoyres-logo.png\",\"width\":1000,\"height\":1000,\"caption\":\"Giske H\u00f8gre\"},\"image\":{\"@id\":\"https:\/\/hoyre.no\/giske\/#\/schema\/logo\/image\/\"}},{\"@type\":\"Person\",\"@id\":\"https:\/\/hoyre.no\/giske\/#\/schema\/person\/a7df7bb55d948b2d4fa20d4b6e431334\",\"name\":\"Kenneth Langvatn\",\"image\":{\"@type\":\"ImageObject\",\"inLanguage\":\"nn-NO\",\"@id\":\"https:\/\/hoyre.no\/giske\/#\/schema\/person\/image\/\",\"url\":\"https:\/\/secure.gravatar.com\/avatar\/e4c391a5eacf0655452894795ded48055f9a89141d89c370d44f6f4ee2bfc6fc?s=96&d=mm&r=g\",\"contentUrl\":\"https:\/\/secure.gravatar.com\/avatar\/e4c391a5eacf0655452894795ded48055f9a89141d89c370d44f6f4ee2bfc6fc?s=96&d=mm&r=g\",\"caption\":\"Kenneth Langvatn\"},\"url\":\"https:\/\/hoyre.no\/giske\/aktuelt\/author\/m51867398\/\"}]}<\/script>\n<!-- \/ Yoast SEO plugin. -->","yoast_head_json":{"title":"Ny topptrio til komande kommuneval - Giske H\u00f8gre","robots":{"index":"index","follow":"follow","max-snippet":"max-snippet:-1","max-image-preview":"max-image-preview:large","max-video-preview":"max-video-preview:-1"},"canonical":"https:\/\/hoyre.no\/giske\/aktuelt\/ny-topptrio-til-komande-kommuneval\/","og_locale":"nn_NO","og_type":"article","og_title":"Ny topptrio til komande kommuneval - Giske H\u00f8gre","og_url":"https:\/\/hoyre.no\/giske\/aktuelt\/ny-topptrio-til-komande-kommuneval\/","og_site_name":"Giske H\u00f8gre","article_published_time":"2023-03-13T20:00:37+00:00","article_modified_time":"2023-03-13T22:11:37+00:00","og_image":[{"url":"https:\/\/hoyre.no\/content\/uploads\/sites\/107\/2023\/06\/Skjermbilde-2023-06-15-095258-1024x694.jpg","width":"","height":"","type":""}],"author":"Kenneth Langvatn","twitter_card":"summary_large_image","twitter_misc":{"Written by":"Kenneth Langvatn","Est. reading time":"1 minutt"},"schema":{"@context":"https:\/\/schema.org","@graph":[{"@type":"Article","@id":"https:\/\/hoyre.no\/giske\/aktuelt\/ny-topptrio-til-komande-kommuneval\/#article","isPartOf":{"@id":"https:\/\/hoyre.no\/giske\/aktuelt\/ny-topptrio-til-komande-kommuneval\/"},"author":{"name":"Kenneth Langvatn","@id":"https:\/\/hoyre.no\/giske\/#\/schema\/person\/a7df7bb55d948b2d4fa20d4b6e431334"},"headline":"Ny topptrio til komande kommuneval","datePublished":"2023-03-13T20:00:37+00:00","dateModified":"2023-03-13T22:11:37+00:00","mainEntityOfPage":{"@id":"https:\/\/hoyre.no\/giske\/aktuelt\/ny-topptrio-til-komande-kommuneval\/"},"wordCount":111,"publisher":{"@id":"https:\/\/hoyre.no\/giske\/#organization"},"articleSection":["Nyheiter"],"inLanguage":"nn-NO"},{"@type":"NewsArticle","@id":"https:\/\/hoyre.no\/giske\/aktuelt\/ny-topptrio-til-komande-kommuneval\/","url":"https:\/\/hoyre.no\/giske\/aktuelt\/ny-topptrio-til-komande-kommuneval\/","name":"Ny topptrio til komande kommuneval - Giske H\u00f8gre","isPartOf":{"@id":"https:\/\/hoyre.no\/giske\/#website"},"datePublished":"2023-03-13T20:00:37+00:00","dateModified":"2023-03-13T22:11:37+00:00","breadcrumb":{"@id":"https:\/\/hoyre.no\/giske\/aktuelt\/ny-topptrio-til-komande-kommuneval\/#breadcrumb"},"inLanguage":"nn-NO","potentialAction":[{"@type":"ReadAction","target":["https:\/\/hoyre.no\/giske\/aktuelt\/ny-topptrio-til-komande-kommuneval\/"]}]},{"@type":"BreadcrumbList","@id":"https:\/\/hoyre.no\/giske\/aktuelt\/ny-topptrio-til-komande-kommuneval\/#breadcrumb","itemListElement":[{"@type":"ListItem","position":1,"name":"Til hoyre.no","item":"https:\/\/hoyre.no"},{"@type":"ListItem","position":2,"name":"Hjem","item":"https:\/\/hoyre.no\/giske\/"},{"@type":"ListItem","position":3,"name":"Ny topptrio til komande kommuneval"}]},{"@type":"WebSite","@id":"https:\/\/hoyre.no\/giske\/#website","url":"https:\/\/hoyre.no\/giske\/","name":"Giske H\u00f8gre","description":"Bare enda et H\u00f8yres nettsteder-nettsted","publisher":{"@id":"https:\/\/hoyre.no\/giske\/#organization"},"inLanguage":"nn-NO"},{"@type":"Organization","@id":"https:\/\/hoyre.no\/giske\/#organization","name":"Giske H\u00f8gre","url":"https:\/\/hoyre.no\/giske\/","logo":{"@type":"ImageObject","inLanguage":"nn-NO","@id":"https:\/\/hoyre.no\/giske\/#\/schema\/logo\/image\/","url":"https:\/\/hoyre.no\/content\/uploads\/sites\/107\/2022\/11\/Hoyres-logo.png","contentUrl":"https:\/\/hoyre.no\/content\/uploads\/sites\/107\/2022\/11\/Hoyres-logo.png","width":1000,"height":1000,"caption":"Giske H\u00f8gre"},"image":{"@id":"https:\/\/hoyre.no\/giske\/#\/schema\/logo\/image\/"}},{"@type":"Person","@id":"https:\/\/hoyre.no\/giske\/#\/schema\/person\/a7df7bb55d948b2d4fa20d4b6e431334","name":"Kenneth Langvatn","image":{"@type":"ImageObject","inLanguage":"nn-NO","@id":"https:\/\/hoyre.no\/giske\/#\/schema\/person\/image\/","url":"https:\/\/secure.gravatar.com\/avatar\/e4c391a5eacf0655452894795ded48055f9a89141d89c370d44f6f4ee2bfc6fc?s=96&d=mm&r=g","contentUrl":"https:\/\/secure.gravatar.com\/avatar\/e4c391a5eacf0655452894795ded48055f9a89141d89c370d44f6f4ee2bfc6fc?s=96&d=mm&r=g","caption":"Kenneth Langvatn"},"url":"https:\/\/hoyre.no\/giske\/aktuelt\/author\/m51867398\/"}]}},"distributor_meta":false,"distributor_terms":false,"distributor_media":false,"distributor_original_site_name":"Giske H\u00f8gre","distributor_original_site_url":"https:\/\/hoyre.no\/giske","push-errors":false,"_links":{"self":[{"href":"https:\/\/hoyre.no\/giske\/wp-json\/wp\/v2\/posts\/103","targetHints":{"allow":["GET"]}}],"collection":[{"href":"https:\/\/hoyre.no\/giske\/wp-json\/wp\/v2\/posts"}],"about":[{"href":"https:\/\/hoyre.no\/giske\/wp-json\/wp\/v2\/types\/post"}],"author":[{"embeddable":true,"href":"https:\/\/hoyre.no\/giske\/wp-json\/wp\/v2\/users\/4510"}],"replies":[{"embeddable":true,"href":"https:\/\/hoyre.no\/giske\/wp-json\/wp\/v2\/comments?post=103"}],"version-history":[{"count":2,"href":"https:\/\/hoyre.no\/giske\/wp-json\/wp\/v2\/posts\/103\/revisions"}],"predecessor-version":[{"id":106,"href":"https:\/\/hoyre.no\/giske\/wp-json\/wp\/v2\/posts\/103\/revisions\/106"}],"wp:attachment":[{"href":"https:\/\/hoyre.no\/giske\/wp-json\/wp\/v2\/media?parent=103"}],"wp:term":[{"taxonomy":"category","embeddable":true,"href":"https:\/\/hoyre.no\/giske\/wp-json\/wp\/v2\/category?post=103"},{"taxonomy":"post_tag","embeddable":true,"href":"https:\/\/hoyre.no\/giske\/wp-json\/wp\/v2\/post_tag?post=103"},{"taxonomy":"hoyre-visibility","embeddable":true,"href":"https:\/\/hoyre.no\/giske\/wp-json\/wp\/v2\/hoyre-visibility?post=103"},{"taxonomy":"article-type","embeddable":true,"href":"https:\/\/hoyre.no\/giske\/wp-json\/wp\/v2\/article-type?post=103"},{"taxonomy":"politician","embeddable":true,"href":"https:\/\/hoyre.no\/giske\/wp-json\/wp\/v2\/politician?post=103"}],"curies":[{"name":"wp","href":"https:\/\/api.w.org\/{rel}","templated":true}]}}